{"id":36931,"date":"2025-06-12T09:14:18","date_gmt":"2025-06-12T13:14:18","guid":{"rendered":"https:\/\/blogdalucianaoliveira.com.br\/blog\/?p=36931"},"modified":"2025-06-12T09:16:03","modified_gmt":"2025-06-12T13:16:03","slug":"apos-nove-anos-ebc-reabre-instancias-de-participacao-social","status":"publish","type":"post","link":"http:\/\/blogdalucianaoliveira.com.br\/blog\/2025\/06\/12\/apos-nove-anos-ebc-reabre-instancias-de-participacao-social\/","title":{"rendered":"Ap\u00f3s nove anos, EBC reabre inst\u00e2ncias de participa\u00e7\u00e3o social"},"content":{"rendered":"<p><img data-recalc-dims=\"1\" loading=\"lazy\" decoding=\"async\" data-attachment-id=\"36932\" data-permalink=\"http:\/\/blogdalucianaoliveira.com.br\/blog\/2025\/06\/12\/apos-nove-anos-ebc-reabre-instancias-de-participacao-social\/img_2937\/\" data-orig-file=\"https:\/\/i0.wp.com\/blogdalucianaoliveira.com.br\/blog\/wp-content\/uploads\/2025\/06\/IMG_2937.webp?fit=1170%2C700\" data-orig-size=\"1170,700\" data-comments-opened=\"0\" data-image-meta=\"{&quot;aperture&quot;:&quot;0&quot;,&quot;credit&quot;:&quot;&quot;,&quot;camera&quot;:&quot;&quot;,&quot;caption&quot;:&quot;&quot;,&quot;created_timestamp&quot;:&quot;0&quot;,&quot;copyright&quot;:&quot;&quot;,&quot;focal_length&quot;:&quot;0&quot;,&quot;iso&quot;:&quot;0&quot;,&quot;shutter_speed&quot;:&quot;0&quot;,&quot;title&quot;:&quot;&quot;,&quot;orientation&quot;:&quot;0&quot;}\" data-image-title=\"IMG_2937\" data-image-description=\"\" data-image-caption=\"\" data-medium-file=\"https:\/\/i0.wp.com\/blogdalucianaoliveira.com.br\/blog\/wp-content\/uploads\/2025\/06\/IMG_2937.webp?fit=300%2C179\" data-large-file=\"https:\/\/i0.wp.com\/blogdalucianaoliveira.com.br\/blog\/wp-content\/uploads\/2025\/06\/IMG_2937.webp?fit=600%2C359\" class=\"alignnone size-medium wp-image-36932\" src=\"https:\/\/i0.wp.com\/blogdalucianaoliveira.com.br\/blog\/wp-content\/uploads\/2025\/06\/IMG_2937.webp?resize=300%2C179\" alt=\"\" width=\"300\" height=\"179\" srcset=\"https:\/\/i0.wp.com\/blogdalucianaoliveira.com.br\/blog\/wp-content\/uploads\/2025\/06\/IMG_2937.webp?resize=300%2C179 300w, https:\/\/i0.wp.com\/blogdalucianaoliveira.com.br\/blog\/wp-content\/uploads\/2025\/06\/IMG_2937.webp?resize=1024%2C613 1024w, https:\/\/i0.wp.com\/blogdalucianaoliveira.com.br\/blog\/wp-content\/uploads\/2025\/06\/IMG_2937.webp?resize=768%2C459 768w, https:\/\/i0.wp.com\/blogdalucianaoliveira.com.br\/blog\/wp-content\/uploads\/2025\/06\/IMG_2937.webp?resize=501%2C300 501w, https:\/\/i0.wp.com\/blogdalucianaoliveira.com.br\/blog\/wp-content\/uploads\/2025\/06\/IMG_2937.webp?w=1170 1170w\" sizes=\"auto, (max-width: 300px) 100vw, 300px\" \/><br \/>\nObjetivo \u00e9 fortalecer a comunica\u00e7\u00e3o p\u00fablica no pa\u00eds<!--more--><\/p>\n<p>A <strong>Empresa Brasil de Comunica\u00e7\u00e3o<\/strong> (<strong>EBC<\/strong>) instalou, nesta quarta-feira (11), os dois comit\u00eas que comp\u00f5em o Sistema Nacional de Participa\u00e7\u00e3o Social na Comunica\u00e7\u00e3o P\u00fablica (Sinpas): Comit\u00ea Editorial e de Programa\u00e7\u00e3o (Comep) e Comit\u00ea de Participa\u00e7\u00e3o Social, Diversidade e Inclus\u00e3o (CPADI). <strong>Essas inst\u00e2ncias t\u00eam como objetivo fortalecer a comunica\u00e7\u00e3o p\u00fablica no pa\u00eds, garantindo maior di\u00e1logo entre a sociedade civil e a gest\u00e3o da EBC.<\/strong><img data-recalc-dims=\"1\" decoding=\"async\" src=\"https:\/\/i0.wp.com\/agenciabrasil.ebc.com.br\/ebc.png?w=600&#038;ssl=1\" \/><img data-recalc-dims=\"1\" decoding=\"async\" src=\"https:\/\/i0.wp.com\/agenciabrasil.ebc.com.br\/ebc.gif?w=600&#038;ssl=1\" \/><\/p>\n<p>&#8220;J\u00e1 s\u00e3o quase nove anos do rompimento da participa\u00e7\u00e3o social aqui na <strong>EBC<\/strong>. Agora, ap\u00f3s grande mobiliza\u00e7\u00e3o da sociedade civil, retomamos esses f\u00f3runs de discuss\u00e3o que s\u00e3o uma premissa da comunica\u00e7\u00e3o p\u00fablica&#8221;, afirmou o diretor-presidente da <strong>EBC<\/strong>, Jean Lima, aos membros dos comit\u00eas, durante reuni\u00e3o nesta quarta. &#8220;A gente recebe com muito afeto e carinho todos os membros, para que possamos trabalhar juntos no fortalecimento da comunica\u00e7\u00e3o p\u00fablica, da <strong>EBC<\/strong>. Vai ser uma troca de experi\u00eancias e de demandas que vai nos ajudar a crescer. Coloco toda a dire\u00e7\u00e3o da<strong> EBC<\/strong> \u00e0 disposi\u00e7\u00e3o de voc\u00eas&#8221;, disse.<\/p>\n<p><strong>O momento representa um marco hist\u00f3rico para a EBC, que em 2016 teve extinto seu Conselho Curador,<\/strong> com representantes do governo e da sociedade civil e que visava dialogar com a pluralidade dos diversos atores sociais. Os comit\u00eas foram instalados\u00a0ap\u00f3s ent\u00e3o presidente da Rep\u00fablica em exerc\u00edcio, Geraldo Alckmin, publicar, na \u00faltima quinta-feira (5), <a href=\"https:\/\/www.in.gov.br\/web\/dou\/-\/decreto-de-5-de-junho-de-2025-634680334\" target=\"_blank\" rel=\"noopener\">decreto designando membros para o Comep<\/a>. Os representantes do CPADI foram nomeados em 2024, com a <a href=\"https:\/\/www.ebc.com.br\/sites\/_institucional\/files\/atoms\/files\/portaria_-_presidente_no_634_sei_no_0019960_-_composicao_do_comite_de_participacao_social_diversidade_e_inclusao_-_cpadi.pdf\" target=\"_blank\" rel=\"noopener\">Portaria-Presidente n\u00ba 634\/2024<\/a>.<\/p>\n<p><strong>Os membros dos dois comit\u00eas foram escolhidos em processo eleitoral ocorrido no ano passado e aberto para toda a sociedade civil.<\/strong><\/p>\n<blockquote><p>&#8220;Temos uma grande diversidade de pessoas e representa\u00e7\u00f5es, inclusive territorial. Acho que esse foi um grande avan\u00e7o que fizemos no processo de participa\u00e7\u00e3o social aqui na <strong>EBC<\/strong>. Agrade\u00e7o a todos pela disponibilidade e pelo comprometimento&#8221;, afirmou Jean Lima.<\/p><\/blockquote>\n<p>Com a instala\u00e7\u00e3o dos comit\u00eas, a<strong> EBC<\/strong> reafirma seu compromisso com a o fortalecimento e a democratiza\u00e7\u00e3o da comunica\u00e7\u00e3o p\u00fablica, promovendo a participa\u00e7\u00e3o ativa da sociedade na constru\u00e7\u00e3o de conte\u00fados que reflitam a diversidade e pluralidade do pa\u00eds. <strong>Os comit\u00eas se reunir\u00e3o para eleger presidentes e aprovar o regimento nos dias 8 e 9 de julho. <\/strong>Depois, as reuni\u00f5es ser\u00e3o realizadas mensalmente, no caso do Comep, e trimestralmente, no caso do CPADI.<\/p>\n<div class=\"dnd-widget-wrapper context-cheio_8colunas type-image\">\n<div class=\"dnd-atom-rendered\"><img data-recalc-dims=\"1\" loading=\"lazy\" decoding=\"async\" data-attachment-id=\"36934\" data-permalink=\"http:\/\/blogdalucianaoliveira.com.br\/blog\/2025\/06\/12\/apos-nove-anos-ebc-reabre-instancias-de-participacao-social\/img_2938\/\" data-orig-file=\"https:\/\/i0.wp.com\/blogdalucianaoliveira.com.br\/blog\/wp-content\/uploads\/2025\/06\/IMG_2938.webp?fit=754%2C503\" data-orig-size=\"754,503\" data-comments-opened=\"0\" data-image-meta=\"{&quot;aperture&quot;:&quot;0&quot;,&quot;credit&quot;:&quot;&quot;,&quot;camera&quot;:&quot;&quot;,&quot;caption&quot;:&quot;&quot;,&quot;created_timestamp&quot;:&quot;0&quot;,&quot;copyright&quot;:&quot;&quot;,&quot;focal_length&quot;:&quot;0&quot;,&quot;iso&quot;:&quot;0&quot;,&quot;shutter_speed&quot;:&quot;0&quot;,&quot;title&quot;:&quot;&quot;,&quot;orientation&quot;:&quot;0&quot;}\" data-image-title=\"IMG_2938\" data-image-description=\"\" data-image-caption=\"\" data-medium-file=\"https:\/\/i0.wp.com\/blogdalucianaoliveira.com.br\/blog\/wp-content\/uploads\/2025\/06\/IMG_2938.webp?fit=300%2C200\" data-large-file=\"https:\/\/i0.wp.com\/blogdalucianaoliveira.com.br\/blog\/wp-content\/uploads\/2025\/06\/IMG_2938.webp?fit=600%2C400\" class=\"alignnone size-medium wp-image-36934\" src=\"https:\/\/i0.wp.com\/blogdalucianaoliveira.com.br\/blog\/wp-content\/uploads\/2025\/06\/IMG_2938.webp?resize=300%2C200\" alt=\"\" width=\"300\" height=\"200\" srcset=\"https:\/\/i0.wp.com\/blogdalucianaoliveira.com.br\/blog\/wp-content\/uploads\/2025\/06\/IMG_2938.webp?resize=300%2C200 300w, https:\/\/i0.wp.com\/blogdalucianaoliveira.com.br\/blog\/wp-content\/uploads\/2025\/06\/IMG_2938.webp?resize=450%2C300 450w, https:\/\/i0.wp.com\/blogdalucianaoliveira.com.br\/blog\/wp-content\/uploads\/2025\/06\/IMG_2938.webp?w=754 754w\" sizes=\"auto, (max-width: 300px) 100vw, 300px\" \/><br \/>\nA <strong>EBC<\/strong> instala o Comit\u00ea Editorial e de Programa\u00e7\u00e3o (Comep) e o\u00a0Comit\u00ea de Participa\u00e7\u00e3o Social, Diversidade e Inclus\u00e3o (CPADI) &#8211;<strong> Foto:\u00a0Jos\u00e9 Cruz\/Ag\u00eancia Brasil<\/strong><\/div>\n<\/div>\n<h2>Finalidade<\/h2>\n<p><strong>O Comep\u00a0tem como objetivo promover a participa\u00e7\u00e3o da sociedade civil no acompanhamento da aplica\u00e7\u00e3o dos princ\u00edpios do sistema p\u00fablico de radiodifus\u00e3o, observando a pluralidade da sociedade brasileira.<\/strong><\/p>\n<p><strong>J\u00e1 o CPADI \u00e9 respons\u00e1vel por acompanhar as diretrizes da programa\u00e7\u00e3o veiculada pelas emissoras de comunica\u00e7\u00e3o p\u00fablica operadas pela EBC, com foco na promo\u00e7\u00e3o da participa\u00e7\u00e3o social, diversidade social, cultural, regional e \u00e9tnica.<\/strong> Al\u00e9m disso, o comit\u00ea visa assegurar a pluralidade de ideias na abordagem dos fatos, estimulando a produ\u00e7\u00e3o regional e independente\u00a0e promovendo conte\u00fados educativos, art\u00edsticos, culturais, cient\u00edficos e informativos.<\/p>\n<p>Os comit\u00eas contam com representantes de emissoras p\u00fablicas de r\u00e1dio e televis\u00e3o; do setor audiovisual independente; dos ve\u00edculos legislativos de comunica\u00e7\u00e3o; da comunidade cient\u00edfica e tecnol\u00f3gica; de entidades de defesa dos direitos de crian\u00e7as e adolescentes; de entidades da sociedade civil de defesa do direito \u00e0 comunica\u00e7\u00e3o; dos cursos superiores de educa\u00e7\u00e3o; de organiza\u00e7\u00f5es gerais da sociedade civil; de emissoras p\u00fablicas integrantes da Rede Nacional de Comunica\u00e7\u00e3o P\u00fablica (RNCP); e dos empregados da <strong>EBC<\/strong>.<\/p>\n<p><strong>&gt;&gt; Clique para ver todos os membros do <a href=\"https:\/\/www.in.gov.br\/web\/dou\/-\/decreto-de-5-de-junho-de-2025-634680334\" target=\"_blank\" rel=\"noopener\">Comep<\/a> e do <a href=\"https:\/\/www.ebc.com.br\/sites\/_institucional\/files\/atoms\/files\/portaria_-_presidente_no_634_sei_no_0019960_-_composicao_do_comite_de_participacao_social_diversidade_e_inclusao_-_cpadi.pdf\" target=\"_blank\" rel=\"noopener\">CPADI<\/a>.<\/strong><\/p>\n<p>Al\u00e9m dos dois comit\u00eas,\u00a0integram o Sinpas a Ouvidoria e a Assessoria Especial de Participa\u00e7\u00e3o Social da <strong>EBC<\/strong>.<\/p>\n","protected":false},"excerpt":{"rendered":"<p>Objetivo \u00e9 fortalecer a comunica\u00e7\u00e3o p\u00fablica no pa\u00eds<\/p>\n","protected":false},"author":1,"featured_media":0,"comment_status":"closed","ping_status":"open","sticky":false,"template":"","format":"standard","meta":{"_exactmetrics_skip_tracking":false,"_exactmetrics_sitenote_active":false,"_exactmetrics_sitenote_note":"","_exactmetrics_sitenote_category":0,"jetpack_post_was_ever_published":false,"_jetpack_newsletter_access":"","_jetpack_dont_email_post_to_subs":false,"_jetpack_newsletter_tier_id":0,"_jetpack_memberships_contains_paywalled_content":false,"_jetpack_memberships_contains_paid_content":false,"footnotes":"","jetpack_publicize_message":"","jetpack_publicize_feature_enabled":true,"jetpack_social_post_already_shared":true,"jetpack_social_options":{"image_generator_settings":{"template":"highway","enabled":false},"version":2}},"categories":[1],"tags":[1206,1332,331],"class_list":["post-36931","post","type-post","status-publish","format-standard","hentry","category-notas","tag-comites","tag-comunicacao-publica","tag-ebc"],"jetpack_publicize_connections":[],"jetpack_sharing_enabled":true,"jetpack_featured_media_url":"","jetpack_shortlink":"https:\/\/wp.me\/p7wKYW-9BF","jetpack-related-posts":[],"_links":{"self":[{"href":"http:\/\/blogdalucianaoliveira.com.br\/blog\/wp-json\/wp\/v2\/posts\/36931","targetHints":{"allow":["GET"]}}],"collection":[{"href":"http:\/\/blogdalucianaoliveira.com.br\/blog\/wp-json\/wp\/v2\/posts"}],"about":[{"href":"http:\/\/blogdalucianaoliveira.com.br\/blog\/wp-json\/wp\/v2\/types\/post"}],"author":[{"embeddable":true,"href":"http:\/\/blogdalucianaoliveira.com.br\/blog\/wp-json\/wp\/v2\/users\/1"}],"replies":[{"embeddable":true,"href":"http:\/\/blogdalucianaoliveira.com.br\/blog\/wp-json\/wp\/v2\/comments?post=36931"}],"version-history":[{"count":3,"href":"http:\/\/blogdalucianaoliveira.com.br\/blog\/wp-json\/wp\/v2\/posts\/36931\/revisions"}],"predecessor-version":[{"id":36936,"href":"http:\/\/blogdalucianaoliveira.com.br\/blog\/wp-json\/wp\/v2\/posts\/36931\/revisions\/36936"}],"wp:attachment":[{"href":"http:\/\/blogdalucianaoliveira.com.br\/blog\/wp-json\/wp\/v2\/media?parent=36931"}],"wp:term":[{"taxonomy":"category","embeddable":true,"href":"http:\/\/blogdalucianaoliveira.com.br\/blog\/wp-json\/wp\/v2\/categories?post=36931"},{"taxonomy":"post_tag","embeddable":true,"href":"http:\/\/blogdalucianaoliveira.com.br\/blog\/wp-json\/wp\/v2\/tags?post=36931"}],"curies":[{"name":"wp","href":"https:\/\/api.w.org\/{rel}","templated":true}]}}