{"id":36941,"date":"2025-06-18T16:17:25","date_gmt":"2025-06-18T20:17:25","guid":{"rendered":"https:\/\/blogdalucianaoliveira.com.br\/blog\/?p=36941"},"modified":"2025-06-18T16:17:25","modified_gmt":"2025-06-18T20:17:25","slug":"dados-sobre-as-religioes-no-mundo-e-no-brasil-artigo-de-faustino-teixeira","status":"publish","type":"post","link":"http:\/\/blogdalucianaoliveira.com.br\/blog\/2025\/06\/18\/dados-sobre-as-religioes-no-mundo-e-no-brasil-artigo-de-faustino-teixeira\/","title":{"rendered":"Dados sobre as religi\u00f5es no mundo e no Brasil. Artigo de Faustino Teixeira"},"content":{"rendered":"<p><img data-recalc-dims=\"1\" loading=\"lazy\" decoding=\"async\" data-attachment-id=\"36942\" data-permalink=\"http:\/\/blogdalucianaoliveira.com.br\/blog\/2025\/06\/18\/dados-sobre-as-religioes-no-mundo-e-no-brasil-artigo-de-faustino-teixeira\/img_3295\/\" data-orig-file=\"https:\/\/i0.wp.com\/blogdalucianaoliveira.com.br\/blog\/wp-content\/uploads\/2025\/06\/IMG_3295.png?fit=1200%2C400\" data-orig-size=\"1200,400\" data-comments-opened=\"0\" data-image-meta=\"{&quot;aperture&quot;:&quot;0&quot;,&quot;credit&quot;:&quot;&quot;,&quot;camera&quot;:&quot;&quot;,&quot;caption&quot;:&quot;&quot;,&quot;created_timestamp&quot;:&quot;0&quot;,&quot;copyright&quot;:&quot;&quot;,&quot;focal_length&quot;:&quot;0&quot;,&quot;iso&quot;:&quot;0&quot;,&quot;shutter_speed&quot;:&quot;0&quot;,&quot;title&quot;:&quot;&quot;,&quot;orientation&quot;:&quot;0&quot;}\" data-image-title=\"IMG_3295\" data-image-description=\"\" data-image-caption=\"\" data-medium-file=\"https:\/\/i0.wp.com\/blogdalucianaoliveira.com.br\/blog\/wp-content\/uploads\/2025\/06\/IMG_3295.png?fit=300%2C100\" data-large-file=\"https:\/\/i0.wp.com\/blogdalucianaoliveira.com.br\/blog\/wp-content\/uploads\/2025\/06\/IMG_3295.png?fit=600%2C200\" class=\"alignnone size-medium wp-image-36942\" src=\"https:\/\/i0.wp.com\/blogdalucianaoliveira.com.br\/blog\/wp-content\/uploads\/2025\/06\/IMG_3295.png?resize=300%2C100\" alt=\"\" width=\"300\" height=\"100\" srcset=\"https:\/\/i0.wp.com\/blogdalucianaoliveira.com.br\/blog\/wp-content\/uploads\/2025\/06\/IMG_3295.png?resize=300%2C100 300w, https:\/\/i0.wp.com\/blogdalucianaoliveira.com.br\/blog\/wp-content\/uploads\/2025\/06\/IMG_3295.png?resize=1024%2C341 1024w, https:\/\/i0.wp.com\/blogdalucianaoliveira.com.br\/blog\/wp-content\/uploads\/2025\/06\/IMG_3295.png?resize=768%2C256 768w, https:\/\/i0.wp.com\/blogdalucianaoliveira.com.br\/blog\/wp-content\/uploads\/2025\/06\/IMG_3295.png?resize=800%2C267 800w, https:\/\/i0.wp.com\/blogdalucianaoliveira.com.br\/blog\/wp-content\/uploads\/2025\/06\/IMG_3295.png?w=1200 1200w\" sizes=\"auto, (max-width: 300px) 100vw, 300px\" \/><\/p>\n<p class=\"added-to-list1\" data-pf_style_display=\"block\" data-pf_style_visibility=\"visible\"><span class=\"text-node\">Humanitas Unisinos &#8211; &#8220;Para a compreens\u00e3o do <\/span><strong data-pf_style_display=\"inline\" data-pf_style_visibility=\"visible\"><span class=\"text-node\">campo religioso brasileiro<\/span><\/strong><span class=\"text-node\">, os dados s\u00e3o fundamentais, mas devem ser complementados por pesquisas qualitativas, como disserta\u00e7\u00f5es e teses, bem como trabalhos de campo espec\u00edficos, que possam enriquecer os dados com uma vis\u00e3o mais ajustada da realidade em an\u00e1lise&#8221;.<\/span><!--more--><\/p>\n<p class=\"added-to-list1\" data-pf_style_display=\"block\" data-pf_style_visibility=\"visible\"><span class=\"text-node\">O artigo \u00e9 de\u00a0<\/span><a href=\"https:\/\/ihu.unisinos.br\/649553\" target=\"_blank\" rel=\"noopener noreferrer\" data-pf_style_display=\"inline\" data-pf_style_visibility=\"visible\"><span class=\"text-node\">Faustino Teixeira<\/span><\/a><span class=\"text-node\">, te\u00f3logo e colaborador do\u00a0<\/span><strong data-pf_style_display=\"inline\" data-pf_style_visibility=\"visible\"><span class=\"text-node\">IHU<\/span><\/strong><span class=\"text-node\">\u00a0e do<\/span><strong data-pf_style_display=\"inline\" data-pf_style_visibility=\"visible\"><span class=\"text-node\">\u00a0Canal Paz e Bem<\/span><\/strong><span class=\"text-node\">.\u00a0\u00a0<\/span><\/p>\n<h2 data-pf_style_display=\"block\" data-pf_style_visibility=\"visible\"><span class=\"text-node\">Eis o artigo.<\/span><\/h2>\n<p class=\"added-to-list1\" data-pf_style_display=\"block\" data-pf_style_visibility=\"visible\"><span class=\"text-node\">Nesse m\u00eas de junho foram publicados dados importantes sobre a presen\u00e7a das religi\u00f5es no mundo e tamb\u00e9m no Brasil. No dia 09 sa\u00edram os dados publicados pelo <\/span><strong data-pf_style_display=\"inline\" data-pf_style_visibility=\"visible\"><span class=\"text-node\">Pew Research Center&#8217;s Forum<\/span><\/strong><span class=\"text-node\"> de <\/span><strong data-pf_style_display=\"inline\" data-pf_style_visibility=\"visible\"><span class=\"text-node\">Washington D.C<\/span><\/strong><span class=\"text-node\"> sobre as <\/span><strong data-pf_style_display=\"inline\" data-pf_style_visibility=\"visible\"><span class=\"text-node\">religi\u00f5es mundiais<\/span><\/strong><span class=\"text-node\">. Trata-se de um centro de estudos ou \u201claborat\u00f3rio de ideias\u201d voltado para transmitir informa\u00e7\u00f5es e dados que traduzem a realidade do mundo. E no dia 12, aqui no Brasil, sa\u00edram os dados preliminares do <\/span><a href=\"https:\/\/www.ihu.unisinos.br\/653165-censo-2022-crescimento-de-sem-religiao-favorece-a-laicidade-nacional\" target=\"_blank\" rel=\"noopener noreferrer\" data-pf_style_display=\"inline\" data-pf_style_visibility=\"visible\"><span class=\"text-node\">Censo do IBGE<\/span><\/a><span class=\"text-node\"> sobre o campo religioso brasileiro. Temos, assim, um panorama interessante sobre a presen\u00e7a das religi\u00f5es no mundo.<\/span><\/p>\n<p class=\"added-to-list1\" data-pf_style_display=\"block\" data-pf_style_visibility=\"visible\"><span class=\"text-node\">Gostaria de come\u00e7ar falando sobre os <\/span><a href=\"https:\/\/ihu.unisinos.br\/653298-muculmanos-e-sem-religiao-sao-os-grupos-que-mais-crescem-no-mundo\" target=\"_blank\" rel=\"noopener noreferrer\" data-pf_style_display=\"inline\" data-pf_style_visibility=\"visible\"><span class=\"text-node\">dados mundiais<\/span><\/a><span class=\"text-node\">. Segundo os dados transmitidos pelo <\/span><strong data-pf_style_display=\"inline\" data-pf_style_visibility=\"visible\"><span class=\"text-node\">Pew Forum<\/span><\/strong><span class=\"text-node\">, relativos \u00e0 presen\u00e7a religiosa no mundo em 2020, o cristianismo cont\u00ednua sendo o grupo mais numeroso do mundo, com 2.3 bilh\u00f5es de adeptos, seguido pelos mu\u00e7ulmanos, com 2 bilh\u00f5es. Na sequ\u00eancia aparecem os n\u00e3o-afiliados (1,9 bilh\u00e3o), os hindus (1,2 bilh\u00e3o) e os budistas (0,3 bilh\u00e3o). Os judeus aparecem com percentagem bem menor, com 0,01 bilh\u00e3o.<\/span><\/p>\n<p class=\"added-to-list1\" data-pf_style_display=\"block\" data-pf_style_visibility=\"visible\"><span class=\"text-node\">Se comparamos os dados divulgados pelo mesmo <\/span><strong data-pf_style_display=\"inline\" data-pf_style_visibility=\"visible\"><span class=\"text-node\">Pew Forum<\/span><\/strong><span class=\"text-node\"> em 2010, percebemos que o maior crescimento na d\u00e9cada se deu com os <\/span><strong data-pf_style_display=\"inline\" data-pf_style_visibility=\"visible\"><span class=\"text-node\">mu\u00e7ulmanos<\/span><\/strong><span class=\"text-node\">, que ganharam 346,8 milh\u00f5es de adeptos no dec\u00eanio. Em seguida vieram os n\u00e3o-afiliados, com crescimento de 270,1 milh\u00f5es, os hindus, com 126,3 milh\u00f5es e os crist\u00e3os, com 121,6 milh\u00f5es.<\/span><\/p>\n<p class=\"added-to-list1\" data-pf_style_display=\"block\" data-pf_style_visibility=\"visible\"><span class=\"text-node\">O que se nota \u00e9 que os <\/span><a href=\"https:\/\/www.ihu.unisinos.br\/653523-o-mundo-esta-cada-vez-mais-rezando-voltado-para-meca-o-numero-de-muculmanos-esta-aumentando-o-numero-de-cristaos-esta-estagnado\" target=\"_blank\" rel=\"noopener noreferrer\" data-pf_style_display=\"inline\" data-pf_style_visibility=\"visible\"><span class=\"text-node\">mu\u00e7ulmanos constituem o grupo religioso mundial em maior expans\u00e3o<\/span><\/a><span class=\"text-node\">. J\u00e1 ultrapassaram os <\/span><strong data-pf_style_display=\"inline\" data-pf_style_visibility=\"visible\"><span class=\"text-node\">cat\u00f3licos<\/span><\/strong><span class=\"text-node\">, e agora v\u00e3o se aproximando dos crist\u00e3os. Os mu\u00e7ulmanos somam hoje 25,6% da popula\u00e7\u00e3o mundial, enquanto os crist\u00e3os somam 28,8%. Em 2010, a diferen\u00e7a era maior: os crist\u00e3os com 30,6% e os mu\u00e7ulmanos com 23,29%. A aproxima\u00e7\u00e3o agora \u00e9 bem evidente. Chama tamb\u00e9m a aten\u00e7\u00e3o a presen\u00e7a crescente dos n\u00e3o-afiliados, que poder\u00edamos identificar com os \u201csem religi\u00e3o\u201d. Eles traduzem hoje uma presen\u00e7a singular de 24,2% da popula\u00e7\u00e3o mundial.<\/span><\/p>\n<p class=\"added-to-list1\" data-pf_style_display=\"block\" data-pf_style_visibility=\"visible\"><span class=\"text-node\">Os crist\u00e3os tem sua presen\u00e7a mais viva na <\/span><strong data-pf_style_display=\"inline\" data-pf_style_visibility=\"visible\"><span class=\"text-node\">Am\u00e9rica Latina<\/span><\/strong><span class=\"text-node\"> e no <\/span><strong data-pf_style_display=\"inline\" data-pf_style_visibility=\"visible\"><span class=\"text-node\">Caribe<\/span><\/strong><span class=\"text-node\">, seguido de perto pela <\/span><strong data-pf_style_display=\"inline\" data-pf_style_visibility=\"visible\"><span class=\"text-node\">Europa<\/span><\/strong><span class=\"text-node\">. Por sua vez, os mu\u00e7ulmanos tem maior presen\u00e7a na <\/span><strong data-pf_style_display=\"inline\" data-pf_style_visibility=\"visible\"><span class=\"text-node\">\u00c1sia-Pac\u00edfico<\/span><\/strong><span class=\"text-node\">, vindo em seguida o <\/span><strong data-pf_style_display=\"inline\" data-pf_style_visibility=\"visible\"><span class=\"text-node\">M\u00e9dio Oriente<\/span><\/strong><span class=\"text-node\"> e <\/span><strong data-pf_style_display=\"inline\" data-pf_style_visibility=\"visible\"><span class=\"text-node\">Norte da \u00c1frica<\/span><\/strong><span class=\"text-node\">, bem como a <\/span><strong data-pf_style_display=\"inline\" data-pf_style_visibility=\"visible\"><span class=\"text-node\">\u00c1frica Subsaariana<\/span><\/strong><span class=\"text-node\">. Os n\u00e3o afiliados tem sua maior incid\u00eancia na \u00c1sia-Pac\u00edfico, onde est\u00e3o congregados em n\u00famero bem superior ao presente na Europa, <\/span><strong data-pf_style_display=\"inline\" data-pf_style_visibility=\"visible\"><span class=\"text-node\">Am\u00e9rica do Norte<\/span><\/strong><span class=\"text-node\"> e <\/span><strong data-pf_style_display=\"inline\" data-pf_style_visibility=\"visible\"><span class=\"text-node\">Am\u00e9rica Latina<\/span><\/strong><span class=\"text-node\"> e <\/span><strong data-pf_style_display=\"inline\" data-pf_style_visibility=\"visible\"><span class=\"text-node\">Caribe<\/span><\/strong><span class=\"text-node\">, que aparecem na sequ\u00eancia.<\/span><\/p>\n<p class=\"added-to-list1\" data-pf_style_display=\"block\" data-pf_style_visibility=\"visible\"><span class=\"text-node\">Os pa\u00edses com maior <\/span><a href=\"https:\/\/www.ihu.unisinos.br\/649028\" target=\"_blank\" rel=\"noopener noreferrer\" data-pf_style_display=\"inline\" data-pf_style_visibility=\"visible\"><span class=\"text-node\">n\u00famero de mu\u00e7ulmanos<\/span><\/a><span class=\"text-node\"> s\u00e3o a <\/span><strong data-pf_style_display=\"inline\" data-pf_style_visibility=\"visible\"><span class=\"text-node\">Indon\u00e9sia<\/span><\/strong><span class=\"text-node\">, <\/span><strong data-pf_style_display=\"inline\" data-pf_style_visibility=\"visible\"><span class=\"text-node\">Paquist\u00e3o<\/span><\/strong><span class=\"text-node\">, <\/span><strong data-pf_style_display=\"inline\" data-pf_style_visibility=\"visible\"><span class=\"text-node\">\u00cdndia<\/span><\/strong><span class=\"text-node\">, <\/span><strong data-pf_style_display=\"inline\" data-pf_style_visibility=\"visible\"><span class=\"text-node\">Bangladesh<\/span><\/strong><span class=\"text-node\"> e <\/span><strong data-pf_style_display=\"inline\" data-pf_style_visibility=\"visible\"><span class=\"text-node\">Nig\u00e9ria<\/span><\/strong><span class=\"text-node\">. Quanto aos crist\u00e3os, os pa\u00edses com maior incid\u00eancia s\u00e3o <\/span><strong data-pf_style_display=\"inline\" data-pf_style_visibility=\"visible\"><span class=\"text-node\">Estados Unidos<\/span><\/strong><span class=\"text-node\">, <\/span><strong data-pf_style_display=\"inline\" data-pf_style_visibility=\"visible\"><span class=\"text-node\">Brasil<\/span><\/strong><span class=\"text-node\">, <\/span><strong data-pf_style_display=\"inline\" data-pf_style_visibility=\"visible\"><span class=\"text-node\">M\u00e9xico<\/span><\/strong><span class=\"text-node\">, <\/span><strong data-pf_style_display=\"inline\" data-pf_style_visibility=\"visible\"><span class=\"text-node\">Filipinas<\/span><\/strong><span class=\"text-node\"> e <\/span><strong data-pf_style_display=\"inline\" data-pf_style_visibility=\"visible\"><span class=\"text-node\">R\u00fassia<\/span><\/strong><span class=\"text-node\">, progressivamente. Os<\/span><strong data-pf_style_display=\"inline\" data-pf_style_visibility=\"visible\"><span class=\"text-node\"> n\u00e3o-afiliados<\/span><\/strong><span class=\"text-node\"> est\u00e3o mais presentes na <\/span><strong data-pf_style_display=\"inline\" data-pf_style_visibility=\"visible\"><span class=\"text-node\">China<\/span><\/strong><span class=\"text-node\">, com n\u00famero bem expressivo, vindo na sequ\u00eancia os <\/span><strong data-pf_style_display=\"inline\" data-pf_style_visibility=\"visible\"><span class=\"text-node\">Estados Unidos<\/span><\/strong><span class=\"text-node\">, <\/span><strong data-pf_style_display=\"inline\" data-pf_style_visibility=\"visible\"><span class=\"text-node\">Jap\u00e3o<\/span><\/strong><span class=\"text-node\">, <\/span><strong data-pf_style_display=\"inline\" data-pf_style_visibility=\"visible\"><span class=\"text-node\">Vietn\u00e3<\/span><\/strong><span class=\"text-node\">, <\/span><strong data-pf_style_display=\"inline\" data-pf_style_visibility=\"visible\"><span class=\"text-node\">Alemanha<\/span><\/strong><span class=\"text-node\">, <\/span><strong data-pf_style_display=\"inline\" data-pf_style_visibility=\"visible\"><span class=\"text-node\">R\u00fassia<\/span><\/strong><span class=\"text-node\">, <\/span><strong data-pf_style_display=\"inline\" data-pf_style_visibility=\"visible\"><span class=\"text-node\">Brasil<\/span><\/strong><span class=\"text-node\"> e <\/span><strong data-pf_style_display=\"inline\" data-pf_style_visibility=\"visible\"><span class=\"text-node\">Fran\u00e7a<\/span><\/strong><span class=\"text-node\">. Os hindus est\u00e3o mais presentes na \u00cdndia, com presen\u00e7a mais moderada no <\/span><strong data-pf_style_display=\"inline\" data-pf_style_visibility=\"visible\"><span class=\"text-node\">Nepal<\/span><\/strong><span class=\"text-node\">, <\/span><strong data-pf_style_display=\"inline\" data-pf_style_visibility=\"visible\"><span class=\"text-node\">Bangladesh<\/span><\/strong><span class=\"text-node\">, <\/span><strong data-pf_style_display=\"inline\" data-pf_style_visibility=\"visible\"><span class=\"text-node\">Paquist\u00e3o<\/span><\/strong><span class=\"text-node\"> e <\/span><strong data-pf_style_display=\"inline\" data-pf_style_visibility=\"visible\"><span class=\"text-node\">Indon\u00e9sia<\/span><\/strong><span class=\"text-node\">. Por sua vez, os budistas marcam maior presen\u00e7a na <\/span><strong data-pf_style_display=\"inline\" data-pf_style_visibility=\"visible\"><span class=\"text-node\">Tail\u00e2ndia<\/span><\/strong><span class=\"text-node\">, <\/span><strong data-pf_style_display=\"inline\" data-pf_style_visibility=\"visible\"><span class=\"text-node\">China<\/span><\/strong><span class=\"text-node\">, <\/span><strong data-pf_style_display=\"inline\" data-pf_style_visibility=\"visible\"><span class=\"text-node\">Mianmar<\/span><\/strong><span class=\"text-node\">, <\/span><strong data-pf_style_display=\"inline\" data-pf_style_visibility=\"visible\"><span class=\"text-node\">Jap\u00e3o<\/span><\/strong><span class=\"text-node\"> e <\/span><strong data-pf_style_display=\"inline\" data-pf_style_visibility=\"visible\"><span class=\"text-node\">Vietn\u00e3<\/span><\/strong><span class=\"text-node\">. Os <\/span><strong data-pf_style_display=\"inline\" data-pf_style_visibility=\"visible\"><span class=\"text-node\">judeus<\/span><\/strong><span class=\"text-node\"> t\u00eam uma presen\u00e7a bem menor em \u00e2mbito mundial, estando mais presentes em <\/span><strong data-pf_style_display=\"inline\" data-pf_style_visibility=\"visible\"><span class=\"text-node\">Israel<\/span><\/strong><span class=\"text-node\">, <\/span><strong data-pf_style_display=\"inline\" data-pf_style_visibility=\"visible\"><span class=\"text-node\">Estados Unidos<\/span><\/strong><span class=\"text-node\">, <\/span><strong data-pf_style_display=\"inline\" data-pf_style_visibility=\"visible\"><span class=\"text-node\">Fran\u00e7a<\/span><\/strong><span class=\"text-node\"> e <\/span><strong data-pf_style_display=\"inline\" data-pf_style_visibility=\"visible\"><span class=\"text-node\">Canad\u00e1<\/span><\/strong><span class=\"text-node\">.<\/span><\/p>\n<p class=\"added-to-list1\" data-pf_style_display=\"block\" data-pf_style_visibility=\"visible\"><span class=\"text-node\">Em obra cl\u00e1ssica de 2001, o soci\u00f3logo <\/span><a href=\"https:\/\/ihu.unisinos.br\/categorias\/186-noticias-2017\/569380-peter-berger-e-a-religiao\" target=\"_blank\" rel=\"noopener noreferrer\" data-pf_style_display=\"inline\" data-pf_style_visibility=\"visible\"><span class=\"text-node\">Peter Berger<\/span><\/a><span class=\"text-node\">j\u00e1 havia sublinhado a pung\u00eancia do dado religioso no mundo, n\u00e3o havendo ind\u00edcios de um futuro menos marcado por essa presen\u00e7a. Acentuava na ocasi\u00e3o a for\u00e7a substantiva dos mu\u00e7ulmanos e a emerg\u00eancia singular do evangelismo pentecostal [1]. Por sua vez, a soci\u00f3loga francesa, <\/span><a href=\"https:\/\/www.ihu.unisinos.br\/categorias\/621978-a-igreja-rumo-a-implosao-entrevista-com-daniele-hervieu-leger\" target=\"_blank\" rel=\"noopener noreferrer\" data-pf_style_display=\"inline\" data-pf_style_visibility=\"visible\"><span class=\"text-node\">Dani\u00e8le Hervieu-L\u00e9ger<\/span><\/a><span class=\"text-node\">, em livro onde abordou o fen\u00f4meno da <\/span><strong data-pf_style_display=\"inline\" data-pf_style_visibility=\"visible\"><span class=\"text-node\">religi\u00e3o em movimento<\/span><\/strong><span class=\"text-node\">, sublinhou a presen\u00e7a crescente dos religiosos \u201cperegrinos\u201d, que se contrap\u00f5em aos praticantes. Sublinhava que essa figura do peregrino era a que melhor expressava a mobilidade que permeava \u201ca modernidade religiosa constru\u00edda a partir de experi\u00eancias pessoais\u201d [2].<\/span><\/p>\n<p class=\"added-to-list1\" data-pf_style_display=\"block\" data-pf_style_visibility=\"visible\"><span class=\"text-node\">Nos <\/span><a href=\"https:\/\/www.ihu.unisinos.br\/categorias\/653070-a-nova-fotografia-da-religiao-no-brasil-segundo-o-censo-de-2022-artigo-de-jeferson-batista\" target=\"_blank\" rel=\"noopener noreferrer\" data-pf_style_display=\"inline\" data-pf_style_visibility=\"visible\"><span class=\"text-node\">dados preliminares apresentados pelo IBGE no Censo de 2022<\/span><\/a><span class=\"text-node\"> [3], podemos constatar essa importante presen\u00e7a dos n\u00e3o-afiliados ou \u201csem religi\u00e3o\u201d aqui no Brasil. Na verdade, esse segmento de pessoas n\u00e3o \u00e9 necessariamente composto por ateus ou agn\u00f3sticos. Como mostrou com clareza o <\/span><strong data-pf_style_display=\"inline\" data-pf_style_visibility=\"visible\"><span class=\"text-node\">Censo de 2010<\/span><\/strong><span class=\"text-node\">, os <\/span><strong data-pf_style_display=\"inline\" data-pf_style_visibility=\"visible\"><span class=\"text-node\">ateus<\/span><\/strong><span class=\"text-node\"> e <\/span><strong data-pf_style_display=\"inline\" data-pf_style_visibility=\"visible\"><span class=\"text-node\">agn\u00f3sticos<\/span><\/strong><span class=\"text-node\">constitu\u00edam uma fatia bem pouco expressiva entre os sem religi\u00e3o, que em sua maioria s\u00e3o pessoas que se desencaixaram de seus antigos la\u00e7os e encontram-se em processo de \u201credefini\u00e7\u00e3o de identidade\u201d. Encaixam-se, assim, perfeitamente na categoria de \u201cperegrinos\u201d, como indicou <\/span><strong data-pf_style_display=\"inline\" data-pf_style_visibility=\"visible\"><span class=\"text-node\">Berger<\/span><\/strong><span class=\"text-node\">. Entre os <\/span><strong data-pf_style_display=\"inline\" data-pf_style_visibility=\"visible\"><span class=\"text-node\">sem religi\u00e3o<\/span><\/strong><span class=\"text-node\"> est\u00e3o aqueles que se desvincularam de uma religi\u00e3o tradicional e afirmam sua cren\u00e7a com base em arranjos pessoais [4]. S\u00e3o \u201cperegrinos\u201d na medida em que circulam por v\u00e1rias inst\u00e2ncias definidoras de sentido, vivendo em tr\u00e2nsito religioso. N\u00e3o s\u00e3o necessariamente ateus ou agn\u00f3sticos, mas pessoas que partilham de uma \u201cespiritualidade\u201d peculiar, sem vincula\u00e7\u00e3o espec\u00edfica.<\/span><\/p>\n<p class=\"added-to-list1\" data-pf_style_display=\"block\" data-pf_style_visibility=\"visible\"><span class=\"text-node\">Uma primeira leitura dos dados preliminares do <\/span><strong data-pf_style_display=\"inline\" data-pf_style_visibility=\"visible\"><span class=\"text-node\">Censo<\/span><\/strong><span class=\"text-node\"> foi apresentado pelo <\/span><strong data-pf_style_display=\"inline\" data-pf_style_visibility=\"visible\"><span class=\"text-node\">Instituto de Estudos da Religi\u00e3o<\/span><\/strong><span class=\"text-node\"> (<\/span><strong data-pf_style_display=\"inline\" data-pf_style_visibility=\"visible\"><span class=\"text-node\">ISER<\/span><\/strong><span class=\"text-node\">), em junho de 2025 [5]. Reagindo ao t\u00edtulo do documento do <\/span><strong data-pf_style_display=\"inline\" data-pf_style_visibility=\"visible\"><span class=\"text-node\">ISER<\/span><\/strong><span class=\"text-node\">, penso que seria equivocado imaginar um <\/span><strong data-pf_style_display=\"inline\" data-pf_style_visibility=\"visible\"><span class=\"text-node\">Brasil<\/span><\/strong><span class=\"text-node\"> mais plural, a partir dos dados preliminares coletados pelo <\/span><strong data-pf_style_display=\"inline\" data-pf_style_visibility=\"visible\"><span class=\"text-node\">IBGE<\/span><\/strong><span class=\"text-node\"> no <\/span><strong data-pf_style_display=\"inline\" data-pf_style_visibility=\"visible\"><span class=\"text-node\">Censo de 2022<\/span><\/strong><span class=\"text-node\">. Acho mais correto falar em <\/span><strong data-pf_style_display=\"inline\" data-pf_style_visibility=\"visible\"><span class=\"text-node\">processo de pluraliza\u00e7\u00e3o<\/span><\/strong><span class=\"text-node\">, pois ainda temos um Brasil profundamente crist\u00e3o, com 83,6% de declarantes, sendo 56,7% de cat\u00f3licos e 26,9% de evang\u00e9licos no pa\u00eds. N\u00e3o h\u00e1, assim um pluralismo propriamente dito. Continua ainda v\u00e1lida a provoca\u00e7\u00e3o feita por <\/span><strong data-pf_style_display=\"inline\" data-pf_style_visibility=\"visible\"><span class=\"text-node\">Antonio Fl\u00e1vio Pierucci<\/span><\/strong><span class=\"text-node\"> em artigo de 2010, quando j\u00e1 levantava essa quest\u00e3o [6]. E temos ainda uma presen\u00e7a substantiva de sem religi\u00e3o, que ocupam o terceiro lugar dentre os declarantes, na sequ\u00eancia dos <\/span><strong data-pf_style_display=\"inline\" data-pf_style_visibility=\"visible\"><span class=\"text-node\">cat\u00f3licos<\/span><\/strong><span class=\"text-node\"> e <\/span><strong data-pf_style_display=\"inline\" data-pf_style_visibility=\"visible\"><span class=\"text-node\">evang\u00e9licos<\/span><\/strong><span class=\"text-node\">. As outras tradi\u00e7\u00f5es religiosas continuam encolhidas em 4% de declara\u00e7\u00e3o de cren\u00e7a, o que \u00e9 um n\u00famero bem reduzido.<\/span><\/p>\n<p class=\"added-to-list1\" data-pf_style_display=\"block\" data-pf_style_visibility=\"visible\"><span class=\"text-node\">Como novidades trazidas pelo <\/span><strong data-pf_style_display=\"inline\" data-pf_style_visibility=\"visible\"><span class=\"text-node\">Censo de 2022<\/span><\/strong><span class=\"text-node\">, podemos apontar uma queda menos acentuada do <\/span><a href=\"https:\/\/www.ihu.unisinos.br\/650353-analise-sobre-o-catolicismo-no-brasil-artigo-de-robson-ribeiro\" target=\"_blank\" rel=\"noopener noreferrer\" data-pf_style_display=\"inline\" data-pf_style_visibility=\"visible\"><span class=\"text-node\">catolicismo<\/span><\/a><span class=\"text-node\">, se compararmos com o decr\u00e9scimo ocorrido em d\u00e9cadas anteriores. O catolicismo continua em queda, agora de 7,9 pontos percentuais com rela\u00e7\u00e3o ao Censo anterior. Os cat\u00f3licos eram 73,8% de declarantes em 2000 e 64,6% em 2010. Agora s\u00e3o 56,7%.<\/span><\/p>\n<p class=\"added-to-list1\" data-pf_style_display=\"block\" data-pf_style_visibility=\"visible\"><span class=\"text-node\">N\u00e3o \u00e9 simples a explica\u00e7\u00e3o para essa situa\u00e7\u00e3o do <\/span><strong data-pf_style_display=\"inline\" data-pf_style_visibility=\"visible\"><span class=\"text-node\">catolicismo<\/span><\/strong><span class=\"text-node\">, que, de alguma forma freou um pouco a queda progressiva das \u00faltimas quedas. O ritmo de decrescimento \u00e9 agora um pouco menor. Pode ser que fatores como a presen\u00e7a de <\/span><strong data-pf_style_display=\"inline\" data-pf_style_visibility=\"visible\"><span class=\"text-node\">papa Francisco<\/span><\/strong><span class=\"text-node\">nessa \u00faltima d\u00e9cada, com todo o simbolismo que carregou, sua simpatia e abertura, tenha ajudado nessa conten\u00e7\u00e3o, assim como sua visita ao <\/span><strong data-pf_style_display=\"inline\" data-pf_style_visibility=\"visible\"><span class=\"text-node\">Brasil<\/span><\/strong><span class=\"text-node\">, em julho de 2013, coincidindo com a <\/span><strong data-pf_style_display=\"inline\" data-pf_style_visibility=\"visible\"><span class=\"text-node\">XXVIII Jornada Mundial da Juventude<\/span><\/strong><span class=\"text-node\">. \u00c9 algo que se pode aventar. Em \u00e2mbito nacional, o que sempre barrou o avan\u00e7o pentecostal foi a \u201cpersist\u00eancia da teia de s\u00edmbolos e valores cat\u00f3licos tradicionais na cultura do campesinato local\u201d, com lembrou <\/span><a href=\"https:\/\/ihu.unisinos.br\/630449-carlos-rodrigues-brandao-e-o-sonho-da-educacao-popular\" target=\"_blank\" rel=\"noopener noreferrer\" data-pf_style_display=\"inline\" data-pf_style_visibility=\"visible\"><span class=\"text-node\">Carlos Rodrigues Brand\u00e3o<\/span><\/a><span class=\"text-node\"> em trabalho sobre cren\u00e7a e identidade no campo religioso [7]. Da\u00ed a forte presen\u00e7a do catolicismo no Nordeste brasileiro.<\/span><\/p>\n<p class=\"added-to-list1\" data-pf_style_display=\"block\" data-pf_style_visibility=\"visible\"><span class=\"text-node\">De acordo com o <\/span><strong data-pf_style_display=\"inline\" data-pf_style_visibility=\"visible\"><span class=\"text-node\">Censo de 2022<\/span><\/strong><span class=\"text-node\">, o <\/span><strong data-pf_style_display=\"inline\" data-pf_style_visibility=\"visible\"><span class=\"text-node\">catolicismo<\/span><\/strong><span class=\"text-node\">liderou em todas as grandes regi\u00f5es do Brasil, com presen\u00e7a destacada no <\/span><strong data-pf_style_display=\"inline\" data-pf_style_visibility=\"visible\"><span class=\"text-node\">Nordeste<\/span><\/strong><span class=\"text-node\"> (63,9%) e no <\/span><strong data-pf_style_display=\"inline\" data-pf_style_visibility=\"visible\"><span class=\"text-node\">Sul<\/span><\/strong><span class=\"text-node\">(62,4%). A maior presen\u00e7a de cat\u00f3licos ocorreu no estado do <\/span><strong data-pf_style_display=\"inline\" data-pf_style_visibility=\"visible\"><span class=\"text-node\">Piau\u00ed<\/span><\/strong><span class=\"text-node\">, com 77,4% de declarantes. Foram tamb\u00e9m maioria em todos os grupos de idade, mas os dados revelaram que h\u00e1 um aumento de cat\u00f3licos entre os n\u00facleos com mais de 80 anos, chegando a 72% na faixa et\u00e1ria de 80 anos ou mais. Na faixa de 10 a 14 anos o \u00edndice de cat\u00f3licos diminui, com 52% de declarantes. Isso significa que a presen\u00e7a de cat\u00f3licos na adolesc\u00eancia e in\u00edcio da idade adulta \u00e9 bem menor da que aparece entre os evang\u00e9licos, que dominam nessa faixa et\u00e1ria. Os dados indicam, assim, que h\u00e1 uma tend\u00eancia de enfraquecimento da socializa\u00e7\u00e3o prim\u00e1ria do catolicismo, indicando a possibilidade de uma crise maior mais \u00e0 frente.<\/span><\/p>\n<p class=\"added-to-list1\" data-pf_style_display=\"block\" data-pf_style_visibility=\"visible\"><span class=\"text-node\">Com respeito aos <\/span><strong data-pf_style_display=\"inline\" data-pf_style_visibility=\"visible\"><span class=\"text-node\">evang\u00e9licos<\/span><\/strong><span class=\"text-node\">, o <\/span><a href=\"https:\/\/ihu.unisinos.br\/653172-o-panorama-religioso-no-brasil-perspectivas-para-as-proximas-decadas-com-base-no-censo-2022-artigo-de-robson-ribeiro\" target=\"_blank\" rel=\"noopener noreferrer\" data-pf_style_display=\"inline\" data-pf_style_visibility=\"visible\"><span class=\"text-node\">Censo de 2022<\/span><\/a><span class=\"text-node\">indicou que um em cada quatro brasileiros definem-se como evang\u00e9licos, sobretudo pentecostais. Nos dados preliminares apresentados pelo Censo atual n\u00e3o consta ainda a diferen\u00e7a de proporcionalidade entre <\/span><strong data-pf_style_display=\"inline\" data-pf_style_visibility=\"visible\"><span class=\"text-node\">evang\u00e9licos de miss\u00e3o<\/span><\/strong><span class=\"text-node\"> e <\/span><strong data-pf_style_display=\"inline\" data-pf_style_visibility=\"visible\"><span class=\"text-node\">pentecostais<\/span><\/strong><span class=\"text-node\">. O Censo de 2010 indicava que os evang\u00e9licos de miss\u00e3o tinham presen\u00e7a mais t\u00edmida, na faixa de 4%, enquanto os pentecostais angariavam 13,3%. Imagino que no Censo de 2022 os \u00edndices permane\u00e7am semelhantes, com um pequeno aumento dos pentecostais. H\u00e1 que aguardar os dados mais detalhados, previstos para poss\u00edvel divulga\u00e7\u00e3o no segundo semestre de 2025. Isto vale igualmente para uma melhor determina\u00e7\u00e3o da presen\u00e7a das outras tradi\u00e7\u00f5es religiosas no Brasil, como o <\/span><strong data-pf_style_display=\"inline\" data-pf_style_visibility=\"visible\"><span class=\"text-node\">islamismo<\/span><\/strong><span class=\"text-node\">, o <\/span><strong data-pf_style_display=\"inline\" data-pf_style_visibility=\"visible\"><span class=\"text-node\">budismo<\/span><\/strong><span class=\"text-node\">, o <\/span><strong data-pf_style_display=\"inline\" data-pf_style_visibility=\"visible\"><span class=\"text-node\">hindu\u00edsmo<\/span><\/strong><span class=\"text-node\"> etc.<\/span><\/p>\n<p class=\"added-to-list1\" data-pf_style_display=\"block\" data-pf_style_visibility=\"visible\"><span class=\"text-node\">O crescimento dos evang\u00e9licos foi menor do que estava sendo anunciado por pesquisadores ou meios de comunica\u00e7\u00e3o, que chegavam a prever a <\/span><a href=\"https:\/\/www.ihu.unisinos.br\/categorias\/622998-a-aceleracao-da-transicao-religiosa-no-brasil-1872-2032-artigo-de-jose-eustaquio-diniz-alves\" target=\"_blank\" rel=\"noopener noreferrer\" data-pf_style_display=\"inline\" data-pf_style_visibility=\"visible\"><span class=\"text-node\">supera\u00e7\u00e3o dos cat\u00f3licos em meados de 2030<\/span><\/a><span class=\"text-node\">. Foi o caso do pesquisador <\/span><a href=\"https:\/\/www.ihu.unisinos.br\/653398-transicao-religiosa-em-japeri-rj-e-no-brasil-artigo-de-jose-eustaquio-diniz-alves\" target=\"_blank\" rel=\"noopener noreferrer\" data-pf_style_display=\"inline\" data-pf_style_visibility=\"visible\"><span class=\"text-node\">Jos\u00e9 Eust\u00e1quio Alves<\/span><\/a><span class=\"text-node\">, que agora ajeitou esta previs\u00e3o para 2050.<\/span><\/p>\n<p class=\"added-to-list1\" data-pf_style_display=\"block\" data-pf_style_visibility=\"visible\"><span class=\"text-node\">Os <\/span><strong data-pf_style_display=\"inline\" data-pf_style_visibility=\"visible\"><span class=\"text-node\">evang\u00e9licos<\/span><\/strong><span class=\"text-node\"> t\u00eam sua maior presen\u00e7a no <\/span><strong data-pf_style_display=\"inline\" data-pf_style_visibility=\"visible\"><span class=\"text-node\">Norte<\/span><\/strong><span class=\"text-node\">(36,8%) e <\/span><strong data-pf_style_display=\"inline\" data-pf_style_visibility=\"visible\"><span class=\"text-node\">Centro-Oeste<\/span><\/strong><span class=\"text-node\"> (31,4%), com concentra\u00e7\u00e3o na fronteira agr\u00edcola e mineral do pa\u00eds, bem como nas favelas e munic\u00edpios de regi\u00f5es metropolitanas. A maior propor\u00e7\u00e3o de evang\u00e9licos foi detectada no <\/span><strong data-pf_style_display=\"inline\" data-pf_style_visibility=\"visible\"><span class=\"text-node\">Acre<\/span><\/strong><span class=\"text-node\"> (44,4%), e a menor no <\/span><strong data-pf_style_display=\"inline\" data-pf_style_visibility=\"visible\"><span class=\"text-node\">Piau\u00ed<\/span><\/strong><span class=\"text-node\"> (15,6%). Em algumas cidades, os evang\u00e9licos j\u00e1 ultrapassaram os cat\u00f3licos, como em <\/span><strong data-pf_style_display=\"inline\" data-pf_style_visibility=\"visible\"><span class=\"text-node\">Rio Branco<\/span><\/strong><span class=\"text-node\"> (AC), <\/span><strong data-pf_style_display=\"inline\" data-pf_style_visibility=\"visible\"><span class=\"text-node\">Duque de Caxias<\/span><\/strong><span class=\"text-node\"> (RJ), <\/span><strong data-pf_style_display=\"inline\" data-pf_style_visibility=\"visible\"><span class=\"text-node\">Nil\u00f3polis<\/span><\/strong><span class=\"text-node\"> (RJ) e <\/span><strong data-pf_style_display=\"inline\" data-pf_style_visibility=\"visible\"><span class=\"text-node\">B\u00fazios<\/span><\/strong><span class=\"text-node\"> (RJ).<\/span><\/p>\n<p class=\"added-to-list1\" data-pf_style_display=\"block\" data-pf_style_visibility=\"visible\"><span class=\"text-node\">Embora os dados preliminares n\u00e3o tenham discriminado a divis\u00e3o interna do mundo evang\u00e9lico, j\u00e1 podemos verificar, desde o <\/span><strong data-pf_style_display=\"inline\" data-pf_style_visibility=\"visible\"><span class=\"text-node\">Censo<\/span><\/strong><span class=\"text-node\">anterior a presen\u00e7a crescente dos \u201c<\/span><strong data-pf_style_display=\"inline\" data-pf_style_visibility=\"visible\"><span class=\"text-node\">evang\u00e9licos sem v\u00ednculos<\/span><\/strong><span class=\"text-node\">\u201d. O que era comum no mundo cat\u00f3lico, envolvendo os <\/span><strong data-pf_style_display=\"inline\" data-pf_style_visibility=\"visible\"><span class=\"text-node\">cat\u00f3licos n\u00e3o praticantes<\/span><\/strong><span class=\"text-node\">, agora vislumbramos tamb\u00e9m no mundo evang\u00e9lico, como apontou a pesquisa recente do <\/span><strong data-pf_style_display=\"inline\" data-pf_style_visibility=\"visible\"><span class=\"text-node\">ISER<\/span><\/strong><span class=\"text-node\">: \u201cH\u00e1 um sem n\u00famero de formas de viver uma religiosidade evang\u00e9lica sem necessariamente estar vinculado a uma igreja denominacional\u201d. O que os pesquisadores t\u00eam evidenciado nos \u00faltimos anos, \u00e9 uma fragmenta\u00e7\u00e3o no campo evang\u00e9lico, sendo esse campo menos \u201cmonol\u00edtico\u201d, com novas gamas de participa\u00e7\u00e3o ou formas de viv\u00eancia da religiosidade evang\u00e9lica: \u201cigrejas aut\u00f4nomas, c\u00e9lulas independentes, minist\u00e9rios desigrejados, influenciadores religiosos, grupos de ora\u00e7\u00e3o no whatsap\u201d [8].<\/span><\/p>\n<p class=\"added-to-list1\" data-pf_style_display=\"block\" data-pf_style_visibility=\"visible\"><span class=\"text-node\">Outro detalhe importante, \u00e9 a presen\u00e7a dos <\/span><strong data-pf_style_display=\"inline\" data-pf_style_visibility=\"visible\"><span class=\"text-node\">evang\u00e9licos<\/span><\/strong><span class=\"text-node\"> entre os mais jovens. Enquanto os <\/span><strong data-pf_style_display=\"inline\" data-pf_style_visibility=\"visible\"><span class=\"text-node\">cat\u00f3licos<\/span><\/strong><span class=\"text-node\"> est\u00e3o mais presentes entre os mais velhos, os evang\u00e9licos t\u00eam um perfil mais jovem, sendo a maior propor\u00e7\u00e3o entre aqueles que t\u00eam de 10 a 14 anos (31,6%), diminuindo com o avan\u00e7ar da idade: 19% entre aqueles que tem 80 ou mais anos. Esse perfil jovem tamb\u00e9m se verifica entre os sem religi\u00e3o.<\/span><\/p>\n<p class=\"added-to-list1\" data-pf_style_display=\"block\" data-pf_style_visibility=\"visible\"><span class=\"text-node\">Levando em conta a distribui\u00e7\u00e3o por ra\u00e7a ou cor, os <\/span><strong data-pf_style_display=\"inline\" data-pf_style_visibility=\"visible\"><span class=\"text-node\">evang\u00e9licos<\/span><\/strong><span class=\"text-node\"> t\u00eam sua maioria de declarantes de cor ou ra\u00e7a preta ou parda. Como mostrou com pertin\u00eancia <\/span><a href=\"https:\/\/www.ihu.unisinos.br\/514100\" target=\"_blank\" rel=\"noopener noreferrer\" data-pf_style_display=\"inline\" data-pf_style_visibility=\"visible\"><span class=\"text-node\">Reginaldo Prandi<\/span><\/a><span class=\"text-node\">, as <\/span><strong data-pf_style_display=\"inline\" data-pf_style_visibility=\"visible\"><span class=\"text-node\">religi\u00f5es afro-brasileiras<\/span><\/strong><span class=\"text-node\"> \u201cv\u00e3o cada vez mais incorporando o branco em suas fileiras\u201d, enquanto \u201cos negros engrossam cada vez mais as fileiras das religi\u00f5es n\u00e3o-negras, das quais algumas mais agressivas modelam sua identidade mostrando-se numa guerra santa contra a religiosidade um dia trazida da <\/span><strong data-pf_style_display=\"inline\" data-pf_style_visibility=\"visible\"><span class=\"text-node\">\u00c1frica<\/span><\/strong><span class=\"text-node\">\u201d [9]. Outro dado interessante \u00e9 a constata\u00e7\u00e3o da forte presen\u00e7a evang\u00e9lica entre a declara\u00e7\u00e3o de cren\u00e7a feita por pessoas das tradi\u00e7\u00f5es ind\u00edgenas (32,2%).<\/span><\/p>\n<p class=\"added-to-list1\" data-pf_style_display=\"block\" data-pf_style_visibility=\"visible\"><span class=\"text-node\">Cresce tamb\u00e9m no <\/span><strong data-pf_style_display=\"inline\" data-pf_style_visibility=\"visible\"><span class=\"text-node\">Brasil<\/span><\/strong><span class=\"text-node\">, assim como indicou o <\/span><strong data-pf_style_display=\"inline\" data-pf_style_visibility=\"visible\"><span class=\"text-node\">Censo de 2010<\/span><\/strong><span class=\"text-node\">, a presen\u00e7a dos <\/span><a href=\"https:\/\/ihu.unisinos.br\/categorias\/618530-quem-sao-os-jovens-sem-religiao\" target=\"_blank\" rel=\"noopener noreferrer\" data-pf_style_display=\"inline\" data-pf_style_visibility=\"visible\"><span class=\"text-node\">sem religi\u00e3o<\/span><\/a><span class=\"text-node\">. A propor\u00e7\u00e3o de pessoas que se declaram sem religi\u00e3o aumentou em 1.3 pontos percentuais entre os anos de 2010 e 2022, passando de 7,9% para 9,3%. Ou seja, quase 10% da popula\u00e7\u00e3o brasileira define-se hoje como sem religi\u00e3o. S\u00e3o \u00edndices que se aproximam de outros pa\u00edses da <\/span><strong data-pf_style_display=\"inline\" data-pf_style_visibility=\"visible\"><span class=\"text-node\">Am\u00e9rica Latina<\/span><\/strong><span class=\"text-node\">, como <\/span><strong data-pf_style_display=\"inline\" data-pf_style_visibility=\"visible\"><span class=\"text-node\">M\u00e9xico<\/span><\/strong><span class=\"text-node\"> (10,6%), <\/span><strong data-pf_style_display=\"inline\" data-pf_style_visibility=\"visible\"><span class=\"text-node\">Argentina<\/span><\/strong><span class=\"text-node\"> (9,2%) e <\/span><strong data-pf_style_display=\"inline\" data-pf_style_visibility=\"visible\"><span class=\"text-node\">Equador<\/span><\/strong><span class=\"text-node\"> (8,4%). A propor\u00e7\u00e3o aumenta em pa\u00edses como <\/span><strong data-pf_style_display=\"inline\" data-pf_style_visibility=\"visible\"><span class=\"text-node\">Uruguai<\/span><\/strong><span class=\"text-node\"> (52,4) e <\/span><strong data-pf_style_display=\"inline\" data-pf_style_visibility=\"visible\"><span class=\"text-node\">Chile<\/span><\/strong><span class=\"text-node\"> (30,3%).<\/span><\/p>\n<p class=\"added-to-list1\" data-pf_style_display=\"block\" data-pf_style_visibility=\"visible\"><span class=\"text-node\">H\u00e1 uma maior presen\u00e7a dos sem religi\u00e3o na regi\u00e3o <\/span><strong data-pf_style_display=\"inline\" data-pf_style_visibility=\"visible\"><span class=\"text-node\">Sudeste<\/span><\/strong><span class=\"text-node\"> (10,6%), e a menor presen\u00e7a na regi\u00e3o <\/span><strong data-pf_style_display=\"inline\" data-pf_style_visibility=\"visible\"><span class=\"text-node\">Sul<\/span><\/strong><span class=\"text-node\"> (7,1%). Dentre os declarantes sem religi\u00e3o a maioria s\u00e3o homens (56,2%), e a faixa et\u00e1ria mais contemplada \u00e9 a dos jovens (na adolesc\u00eancia e in\u00edcio da idade adulta). Na avalia\u00e7\u00e3o feita por <\/span><a href=\"https:\/\/www.ihu.unisinos.br\/categorias\/159-entrevistas\/619333-nem-so-catolico-nem-so-evangelico-o-brasil-das-multiplas-religioes-e-religiosidades-revelado-pelos-jovens-entrevista-especial-com-regina-novaes\" target=\"_blank\" rel=\"noopener noreferrer\" data-pf_style_display=\"inline\" data-pf_style_visibility=\"visible\"><span class=\"text-node\">Regina Novaes<\/span><\/a><span class=\"text-node\"> em reuni\u00e3o do <\/span><strong data-pf_style_display=\"inline\" data-pf_style_visibility=\"visible\"><span class=\"text-node\">ISER<\/span><\/strong><span class=\"text-node\">, no m\u00eas de junho, dentre os sem religi\u00e3o est\u00e3o aqueles que enfatizam uma \u201creligiosidade do eu\u201d, ou seja, aqueles que buscam uma s\u00edntese pessoal recorrendo a aprendizados feitos em sua peregrina\u00e7\u00e3o espiritual. N\u00e3o h\u00e1, por\u00e9m, fixa\u00e7\u00e3o numa denomina\u00e7\u00e3o religiosa espec\u00edfica. A preocupa\u00e7\u00e3o maior \u00e9 com a experimenta\u00e7\u00e3o, evidenciando um cont\u00ednuo tr\u00e2nsito religioso. Esses \u201cperegrinos\u201d est\u00e3o sempre em busca de um \u201cporto seguro\u201d. Ainda seguindo a reflex\u00e3o de <\/span><strong data-pf_style_display=\"inline\" data-pf_style_visibility=\"visible\"><span class=\"text-node\">Regina Novaes,<\/span><\/strong><span class=\"text-node\"> ela n\u00e3o acredita que esse grupo venha a ser maioria no Brasil, uma vez que as religi\u00f5es institu\u00eddas continuam sendo um expressivo dossel sagrado, fornecedoras de significado para os tempos de intemp\u00e9rie.<\/span><\/p>\n<p class=\"added-to-list1\" data-pf_style_display=\"block\" data-pf_style_visibility=\"visible\"><span class=\"text-node\">Em livro que organizei junto com <\/span><a href=\"https:\/\/www.ihu.unisinos.br\/categorias\/159-entrevistas\/569754-gestao-crivella-e-a-experiencia-modelo-do-projeto-da-iurd-entrevista-especial-com-renata-menezes-e-livia-reis\" target=\"_blank\" rel=\"noopener noreferrer\" data-pf_style_display=\"inline\" data-pf_style_visibility=\"visible\"><span class=\"text-node\">Renata Menezes<\/span><\/a><span class=\"text-node\">, sobre o <\/span><strong data-pf_style_display=\"inline\" data-pf_style_visibility=\"visible\"><span class=\"text-node\">Censo de 2010<\/span><\/strong><span class=\"text-node\">, h\u00e1 uma reflex\u00e3o precisa do antrop\u00f3logo <\/span><strong data-pf_style_display=\"inline\" data-pf_style_visibility=\"visible\"><span class=\"text-node\">Pierre Sanchis<\/span><\/strong><span class=\"text-node\"> sobre o tempo atual. Ele dizia no pref\u00e1cio da obra que o que est\u00e1 em curso \u00e9 uma desinstitucionaliza\u00e7\u00e3o crescente das religi\u00f5es: \u201cAs estruturas s\u00f3lidas que fundavam, enquadravam, regulavam o universo das experi\u00eancias religiosas, conferindo-lhes distin\u00e7\u00e3o, identidade e conte\u00fado, n\u00e3o o fazem mais com o mesmo rigor, e at\u00e9 quando se reafirmam com renovado vigor, n\u00e3o o fazem com a mesma abrang\u00eancia\u201d. Isso inclusive complexifica a no\u00e7\u00e3o de \u201cperten\u00e7a\u201d religiosa, sendo uma quest\u00e3o para os pesquisadores do futuro. Segundo <\/span><strong data-pf_style_display=\"inline\" data-pf_style_visibility=\"visible\"><span class=\"text-node\">Sanchis<\/span><\/strong><span class=\"text-node\">, dentre os desafios a serem enfrentados proximamente pelas institui\u00e7\u00f5es religiosas est\u00e1 o \u201csignificado menos totalizante para a rela\u00e7\u00e3o identit\u00e1ria que seus fi\u00e9is manter\u00e3o com elas\u201d [10].<\/span><\/p>\n<p class=\"added-to-list1\" data-pf_style_display=\"block\" data-pf_style_visibility=\"visible\"><span class=\"text-node\">O <\/span><strong data-pf_style_display=\"inline\" data-pf_style_visibility=\"visible\"><span class=\"text-node\">Censo de 2022<\/span><\/strong><span class=\"text-node\"> apontou tamb\u00e9m para a diminui\u00e7\u00e3o da declara\u00e7\u00e3o de <\/span><strong data-pf_style_display=\"inline\" data-pf_style_visibility=\"visible\"><span class=\"text-node\">cren\u00e7a esp\u00edrita no Brasil<\/span><\/strong><span class=\"text-node\">, que decaiu 0.4 pontos percentuais. A religi\u00e3o esp\u00edrita hoje no Brasil envolve 1,8% de declarantes, estando sua maioria presente na regi\u00e3o <\/span><strong data-pf_style_display=\"inline\" data-pf_style_visibility=\"visible\"><span class=\"text-node\">Sudeste<\/span><\/strong><span class=\"text-node\">. No <\/span><strong data-pf_style_display=\"inline\" data-pf_style_visibility=\"visible\"><span class=\"text-node\">Censo de 2010<\/span><\/strong><span class=\"text-node\"> os esp\u00edritas declarantes eram 1,3%, e no <\/span><strong data-pf_style_display=\"inline\" data-pf_style_visibility=\"visible\"><span class=\"text-node\">Censo de 2000<\/span><\/strong><span class=\"text-node\"> eram 2,2%. Constituem o grupo com os melhores n\u00edveis de instru\u00e7\u00e3o, com o percentual de 48,0% de pessoas com n\u00edvel superior completo, sendo sua maioria de brancos (63,8%) e pardos (26,3%).<\/span><\/p>\n<p class=\"added-to-list1\" data-pf_style_display=\"block\" data-pf_style_visibility=\"visible\"><span class=\"text-node\">Com respeito \u00e0s <\/span><strong data-pf_style_display=\"inline\" data-pf_style_visibility=\"visible\"><span class=\"text-node\">tradi\u00e7\u00f5es afro-brasileiras<\/span><\/strong><span class=\"text-node\">(<\/span><strong data-pf_style_display=\"inline\" data-pf_style_visibility=\"visible\"><span class=\"text-node\">umbanda<\/span><\/strong><span class=\"text-node\"> e <\/span><strong data-pf_style_display=\"inline\" data-pf_style_visibility=\"visible\"><span class=\"text-node\">candombl\u00e9<\/span><\/strong><span class=\"text-node\">), houve um crescimento expressivo, com um aumento de 233% com respeito ao <\/span><strong data-pf_style_display=\"inline\" data-pf_style_visibility=\"visible\"><span class=\"text-node\">Censo de 2010<\/span><\/strong><span class=\"text-node\">. Naquela ocasi\u00e3o, a presen\u00e7a afro era de 0,3% dos declarantes, com um decr\u00e9scimo da umbanda e um pequeno aumento do candombl\u00e9, em compara\u00e7\u00e3o com o Censo de 2000. Mas no geral, o que tinha ocorrido em 2010 era um decl\u00ednio dessas tradi\u00e7\u00f5es [11]. Agora, o quadro se transforma, com o aumento da declara\u00e7\u00e3o de cren\u00e7a afro-brasileira, que alcan\u00e7a 1,0%. Pode-se atribuir tal crescimento a todo um movimento de afirma\u00e7\u00e3o e valoriza\u00e7\u00e3o do debate racial no <\/span><strong data-pf_style_display=\"inline\" data-pf_style_visibility=\"visible\"><span class=\"text-node\">Brasil<\/span><\/strong><span class=\"text-node\">.<\/span><\/p>\n<p class=\"added-to-list1\" data-pf_style_display=\"block\" data-pf_style_visibility=\"visible\"><span class=\"text-node\">Dentre os declarantes das <\/span><a href=\"https:\/\/ihu.unisinos.br\/categorias\/624018-documentario-mostra-presenca-das-religioes-afro-no-rio-grande-do-sul\" target=\"_blank\" rel=\"noopener noreferrer\" data-pf_style_display=\"inline\" data-pf_style_visibility=\"visible\"><span class=\"text-node\">religi\u00f5es afro-brasileiras<\/span><\/a><span class=\"text-node\">, h\u00e1 uma significativa presen\u00e7a de <\/span><strong data-pf_style_display=\"inline\" data-pf_style_visibility=\"visible\"><span class=\"text-node\">brancos<\/span><\/strong><span class=\"text-node\"> (42,7%) e <\/span><strong data-pf_style_display=\"inline\" data-pf_style_visibility=\"visible\"><span class=\"text-node\">pardos<\/span><\/strong><span class=\"text-node\"> (26,3%). Destacam-se tamb\u00e9m pela pequena taxa de analfabetismo, vindo logo depois dos esp\u00edritas, que s\u00e3o os mais instru\u00eddos dos declarantes religiosos no Brasil<\/span><\/p>\n<p class=\"added-to-list1\" data-pf_style_display=\"block\" data-pf_style_visibility=\"visible\"><span class=\"text-node\">Nas reflex\u00f5es apresentadas pelo grupo do <\/span><strong data-pf_style_display=\"inline\" data-pf_style_visibility=\"visible\"><span class=\"text-node\">ISER<\/span><\/strong><span class=\"text-node\">, ap\u00f3s a divulga\u00e7\u00e3o dos dados do <\/span><strong data-pf_style_display=\"inline\" data-pf_style_visibility=\"visible\"><span class=\"text-node\">Censo de 2022<\/span><\/strong><span class=\"text-node\">, h\u00e1 uma considera\u00e7\u00e3o importante a respeito da <\/span><strong data-pf_style_display=\"inline\" data-pf_style_visibility=\"visible\"><span class=\"text-node\">presen\u00e7a evang\u00e9lica<\/span><\/strong><span class=\"text-node\"> no campo cultural brasileiro. N\u00e3o se pode fixar unicamente nos dados do Censo para compreender o impacto e presen\u00e7a dos evang\u00e9licos no <\/span><strong data-pf_style_display=\"inline\" data-pf_style_visibility=\"visible\"><span class=\"text-node\">Brasil<\/span><\/strong><span class=\"text-node\">. H\u00e1 tamb\u00e9m que considerar \u201ca forte e crescente presen\u00e7a na pol\u00edtica partid\u00e1ria, na cultura, na sociabilidade e em pautas sociais com muita visibilidade midi\u00e1tica\u201d. Ou seja, h\u00e1 uma presen\u00e7a na cena p\u00fablica, que escapa \u00e0 contabilidade expressa no Censo. Isso tamb\u00e9m vale para o <\/span><strong data-pf_style_display=\"inline\" data-pf_style_visibility=\"visible\"><span class=\"text-node\">mundo afro-brasileiro<\/span><\/strong><span class=\"text-node\">, cuja presen\u00e7a na cultura \u00e9 bem expressiva, como podemos detectar nas can\u00e7\u00f5es, nas novelas, no carnaval e tantos outros eventos do mundo cultural. Como sublinhou com acerto a pesquisadora <\/span><a href=\"https:\/\/www.ihu.unisinos.br\/categorias\/159-entrevistas\/609069-fundamentalismo-religioso-galvaniza-massa-de-apoio-de-catolicos-e-evangelicos-ao-governo-bolsonaro-e-coloca-a-democracia-em-crise-entrevista-especial-com-magali-cunha\" target=\"_blank\" rel=\"noopener noreferrer\" data-pf_style_display=\"inline\" data-pf_style_visibility=\"visible\"><span class=\"text-node\">Magali Cunha<\/span><\/a><span class=\"text-node\">, em artigo publicado na <\/span><strong data-pf_style_display=\"inline\" data-pf_style_visibility=\"visible\"><span class=\"text-node\">Carta Capital<\/span><\/strong><span class=\"text-node\"> [12], \u201co resultado do <\/span><strong data-pf_style_display=\"inline\" data-pf_style_visibility=\"visible\"><span class=\"text-node\">Censo<\/span><\/strong><span class=\"text-node\"> mostra que n\u00e3o basta projetar crescimento linear com base em n\u00fameros. \u00c9 preciso considerar as constru\u00e7\u00f5es culturais, din\u00e2micas internas, divis\u00f5es e a rela\u00e7\u00e3o com a pol\u00edtica\u201d. Ela sublinhou que os n\u00fameros s\u00e3o importantes, mas eles \u201cn\u00e3o falam sozinhos\u201d. Estou plenamente de acordo. Para a compreens\u00e3o do <\/span><strong data-pf_style_display=\"inline\" data-pf_style_visibility=\"visible\"><span class=\"text-node\">campo religioso brasileiro<\/span><\/strong><span class=\"text-node\">, os dados s\u00e3o fundamentais, mas devem ser complementados por pesquisas qualitativas, como disserta\u00e7\u00f5es e teses, bem como trabalhos de campo espec\u00edficos, que possam enriquecer os dados com uma vis\u00e3o mais ajustada da realidade em an\u00e1lise.<\/span><\/p>\n","protected":false},"excerpt":{"rendered":"<p>Humanitas Unisinos &#8211; &#8220;Para a compreens\u00e3o do campo religioso brasileiro, os dados s\u00e3o fundamentais, mas devem ser complementados por pesquisas qualitativas, como disserta\u00e7\u00f5es e teses, bem como trabalhos de campo espec\u00edficos, que possam enriquecer os dados com uma vis\u00e3o mais ajustada da realidade em an\u00e1lise&#8221;.<\/p>\n","protected":false},"author":1,"featured_media":0,"comment_status":"closed","ping_status":"open","sticky":false,"template":"","format":"standard","meta":{"_exactmetrics_skip_tracking":false,"_exactmetrics_sitenote_active":false,"_exactmetrics_sitenote_note":"","_exactmetrics_sitenote_category":0,"jetpack_post_was_ever_published":false,"_jetpack_newsletter_access":"","_jetpack_dont_email_post_to_subs":false,"_jetpack_newsletter_tier_id":0,"_jetpack_memberships_contains_paywalled_content":false,"_jetpack_memberships_contains_paid_content":false,"footnotes":"","jetpack_publicize_message":"","jetpack_publicize_feature_enabled":true,"jetpack_social_post_already_shared":true,"jetpack_social_options":{"image_generator_settings":{"template":"highway","enabled":false},"version":2}},"categories":[1],"tags":[1369,1370,1360],"class_list":["post-36941","post","type-post","status-publish","format-standard","hentry","category-notas","tag-dados","tag-mundo","tag-religioes"],"jetpack_publicize_connections":[],"jetpack_sharing_enabled":true,"jetpack_featured_media_url":"","jetpack_shortlink":"https:\/\/wp.me\/p7wKYW-9BP","jetpack-related-posts":[],"_links":{"self":[{"href":"http:\/\/blogdalucianaoliveira.com.br\/blog\/wp-json\/wp\/v2\/posts\/36941","targetHints":{"allow":["GET"]}}],"collection":[{"href":"http:\/\/blogdalucianaoliveira.com.br\/blog\/wp-json\/wp\/v2\/posts"}],"about":[{"href":"http:\/\/blogdalucianaoliveira.com.br\/blog\/wp-json\/wp\/v2\/types\/post"}],"author":[{"embeddable":true,"href":"http:\/\/blogdalucianaoliveira.com.br\/blog\/wp-json\/wp\/v2\/users\/1"}],"replies":[{"embeddable":true,"href":"http:\/\/blogdalucianaoliveira.com.br\/blog\/wp-json\/wp\/v2\/comments?post=36941"}],"version-history":[{"count":1,"href":"http:\/\/blogdalucianaoliveira.com.br\/blog\/wp-json\/wp\/v2\/posts\/36941\/revisions"}],"predecessor-version":[{"id":36943,"href":"http:\/\/blogdalucianaoliveira.com.br\/blog\/wp-json\/wp\/v2\/posts\/36941\/revisions\/36943"}],"wp:attachment":[{"href":"http:\/\/blogdalucianaoliveira.com.br\/blog\/wp-json\/wp\/v2\/media?parent=36941"}],"wp:term":[{"taxonomy":"category","embeddable":true,"href":"http:\/\/blogdalucianaoliveira.com.br\/blog\/wp-json\/wp\/v2\/categories?post=36941"},{"taxonomy":"post_tag","embeddable":true,"href":"http:\/\/blogdalucianaoliveira.com.br\/blog\/wp-json\/wp\/v2\/tags?post=36941"}],"curies":[{"name":"wp","href":"https:\/\/api.w.org\/{rel}","templated":true}]}}