{"id":36944,"date":"2025-06-23T10:52:23","date_gmt":"2025-06-23T14:52:23","guid":{"rendered":"https:\/\/blogdalucianaoliveira.com.br\/blog\/?p=36944"},"modified":"2025-06-23T10:52:23","modified_gmt":"2025-06-23T14:52:23","slug":"argentina-e-o-pais-mais-seguro-da-america-do-sul-para-se-viver-veja-em-que-posicao-esta-o-brasil","status":"publish","type":"post","link":"http:\/\/blogdalucianaoliveira.com.br\/blog\/2025\/06\/23\/argentina-e-o-pais-mais-seguro-da-america-do-sul-para-se-viver-veja-em-que-posicao-esta-o-brasil\/","title":{"rendered":"Argentina \u00e9 o pa\u00eds mais seguro da Am\u00e9rica do Sul para se viver; veja em que posi\u00e7\u00e3o est\u00e1 o Brasil"},"content":{"rendered":"<p><img data-recalc-dims=\"1\" loading=\"lazy\" decoding=\"async\" data-attachment-id=\"36945\" data-permalink=\"http:\/\/blogdalucianaoliveira.com.br\/blog\/2025\/06\/23\/argentina-e-o-pais-mais-seguro-da-america-do-sul-para-se-viver-veja-em-que-posicao-esta-o-brasil\/img_3402\/\" data-orig-file=\"https:\/\/i0.wp.com\/blogdalucianaoliveira.com.br\/blog\/wp-content\/uploads\/2025\/06\/IMG_3402.jpeg?fit=888%2C592\" data-orig-size=\"888,592\" data-comments-opened=\"0\" data-image-meta=\"{&quot;aperture&quot;:&quot;0&quot;,&quot;credit&quot;:&quot;&quot;,&quot;camera&quot;:&quot;&quot;,&quot;caption&quot;:&quot;&quot;,&quot;created_timestamp&quot;:&quot;0&quot;,&quot;copyright&quot;:&quot;&quot;,&quot;focal_length&quot;:&quot;0&quot;,&quot;iso&quot;:&quot;0&quot;,&quot;shutter_speed&quot;:&quot;0&quot;,&quot;title&quot;:&quot;&quot;,&quot;orientation&quot;:&quot;1&quot;}\" data-image-title=\"IMG_3402\" data-image-description=\"\" data-image-caption=\"\" data-medium-file=\"https:\/\/i0.wp.com\/blogdalucianaoliveira.com.br\/blog\/wp-content\/uploads\/2025\/06\/IMG_3402.jpeg?fit=300%2C200\" data-large-file=\"https:\/\/i0.wp.com\/blogdalucianaoliveira.com.br\/blog\/wp-content\/uploads\/2025\/06\/IMG_3402.jpeg?fit=600%2C400\" class=\"alignnone size-medium wp-image-36945\" src=\"https:\/\/i0.wp.com\/blogdalucianaoliveira.com.br\/blog\/wp-content\/uploads\/2025\/06\/IMG_3402.jpeg?resize=300%2C200\" alt=\"\" width=\"300\" height=\"200\" srcset=\"https:\/\/i0.wp.com\/blogdalucianaoliveira.com.br\/blog\/wp-content\/uploads\/2025\/06\/IMG_3402.jpeg?resize=300%2C200 300w, https:\/\/i0.wp.com\/blogdalucianaoliveira.com.br\/blog\/wp-content\/uploads\/2025\/06\/IMG_3402.jpeg?resize=768%2C512 768w, https:\/\/i0.wp.com\/blogdalucianaoliveira.com.br\/blog\/wp-content\/uploads\/2025\/06\/IMG_3402.jpeg?resize=450%2C300 450w, https:\/\/i0.wp.com\/blogdalucianaoliveira.com.br\/blog\/wp-content\/uploads\/2025\/06\/IMG_3402.jpeg?w=888 888w\" sizes=\"auto, (max-width: 300px) 100vw, 300px\" \/><\/p>\n<div class=\"mc-column content-text active-extra-styles active-capital-letter\" data-block-type=\"unstyled\" data-block-weight=\"78\" data-pf_style_display=\"block\" data-pf_style_visibility=\"visible\">\n<p class=\"content-text__container theme-color-primary-first-letter added-to-list1\" data-track-category=\"Link no Texto\" data-track-links=\"\" data-pf_style_display=\"block\" data-pf_style_visibility=\"visible\"><span class=\"text-node\">O Globo &#8211; O \u00cdndice Global da Paz (GPI, na sigl\u00e2 em ingl\u00eas) para 2025, \u00edndice do Instituo para Economia e Paz (IEP) que mede indicadores de 163 pa\u00edses, apontou a Argentina como o lugar mais seguro para se viver em toda a Am\u00e9rica do Sul. O GPI leva em considera\u00e7\u00e3o o n\u00edvel de paz em cada na\u00e7\u00e3o por meio de 23 crit\u00e9rios quantitativos e qualitativos, agrupados em tr\u00eas grandes dimens\u00f5es: seguran\u00e7a e prote\u00e7\u00e3o social, conflitos internos e externos e militariza\u00e7\u00e3o. <\/span><\/p>\n<\/div>\n<p><!--more--><\/p>\n<div class=\"wall protected-content pf-candidate\" data-pf_style_display=\"block\" data-pf_style_visibility=\"visible\">\n<div class=\"mc-column content-text active-extra-styles\" data-block-type=\"raw\" data-block-weight=\"32\" data-pf_style_display=\"block\" data-pf_style_visibility=\"visible\">\n<div class=\"mc-column content-text active-extra-styles \" data-block-type=\"unstyled\" data-block-weight=\"49\" data-pf_style_display=\"block\" data-pf_style_visibility=\"visible\">\n<p class=\"content-text__container added-to-list1\" data-track-category=\"Link no Texto\" data-track-links=\"\" data-pf_style_display=\"block\" data-pf_style_visibility=\"visible\"><span class=\"text-node\">Entre os fatores medidos est\u00e3o a taxa de homic\u00eddios, o n\u00famero de conflitos ativos, as mortes por viol\u00eancia pol\u00edtica, os gastos militares em rela\u00e7\u00e3o ao PIB, o n\u00famero de refugiados e deslocados internos, o acesso a armas, a percep\u00e7\u00e3o da criminalidade e a participa\u00e7\u00e3o em conflitos fora do pa\u00eds. <\/span><\/p>\n<\/div>\n<div class=\"mc-column content-text active-extra-styles \" data-block-type=\"unstyled\" data-block-weight=\"76\" data-pf_style_display=\"block\" data-pf_style_visibility=\"visible\">\n<p class=\"content-text__container added-to-list1\" data-track-category=\"Link no Texto\" data-track-links=\"\" data-pf_style_display=\"block\" data-pf_style_visibility=\"visible\"><span class=\"text-node\">Na contram\u00e3o da deteriora\u00e7\u00e3o geral registrada nas outras partes do globo, a Am\u00e9rica do Sul foi a \u00fanica regi\u00e3o do mundo a registrar uma melhora em seus n\u00edveis de paz este ano, com aumento m\u00e9dio de 0,59%. Dos 11 pa\u00edses analisados, oito melhoraram suas pontua\u00e7\u00f5es. Essas melhorias foram particularmente significativas nas \u00e1reas de seguran\u00e7a e prote\u00e7\u00e3o social e militariza\u00e7\u00e3o, gra\u00e7as \u00e0 redu\u00e7\u00e3o de protestos violentos, melhorias na estabilidade pol\u00edtica e um decl\u00ednio geral nos conflitos internos. <\/span><\/p>\n<\/div>\n<section id=\"gallery-c64292a5-3c14-4126-9991-829d94335a77\" class=\"mc-column content-media galeria-fotos\" data-pf_style_display=\"flex\" data-pf_style_visibility=\"visible\">\n<h3 class=\"gallery-mosaic-title \" data-pf_style_display=\"block\" data-pf_style_visibility=\"visible\"><span class=\"text-node\">Polariza\u00e7\u00e3o pol\u00edtica na Argentina: tanto manifesta\u00e7\u00f5es contra, quanto a favor do governo Milei crescem no pa\u00eds<\/span><\/h3>\n<div class=\"gallery-mosaic-container carousel__container \" data-pf_style_display=\"block\" data-pf_style_visibility=\"visible\">\n<div class=\"gallery-mosaic-wrapper carousel__wrapper\" data-pf_style_display=\"grid\" data-pf_style_visibility=\"visible\">\n<div class=\"gallery-mosaic-item gallery-mosaic-first-item landscape\" data-pf_style_display=\"block\" data-pf_style_visibility=\"visible\"><img data-recalc-dims=\"1\" decoding=\"async\" id=\"image-id-tumb-80d03c81-f74b-4743-b956-aafb2a7fb7e8\" class=\"pf-large-image flex-width pf-size-full blockImage\" tabindex=\"0\" role=\"button\" src=\"https:\/\/i0.wp.com\/s2-oglobo.glbimg.com\/cOB3dq7ogkzG71svcwcXCMUkuis%3D\/0x0%3A1200x800\/648x248\/smart\/filters%3Astrip_icc%28%29\/i.s3.glbimg.com\/v1\/AUTH_da025474c0c44edd99332dddb09cabe8\/internal_photos\/bs\/2024\/5\/1\/kQYabsR8yxSlpXJk4JmQ\/afp-20240604-34v39la-v2-preview-argentinepauvreteenhausseetenaccelerationa50voi.jpg?w=600&#038;ssl=1\" alt=\"Membros de organiza\u00e7\u00f5es sociais e refeit\u00f3rios sociais realizam um protesto contra o governo do presidente Javier Milei em frente a um dep\u00f3sito de alimentos pertencente ao Minist\u00e9rio do Capital Humano. \u2014 Foto: JUAN MABROMATA\/AFP\"  data-posicao=\"1\" data-pf_style_display=\"inline\" data-pf_style_visibility=\"visible\" data-pf_rect_width=\"648\" data-pf_rect_height=\"93.5625\" \/><\/div>\n<div class=\"gallery-mosaic-item gallery-mosaic-seccond-item landscape\" data-pf_style_display=\"block\" data-pf_style_visibility=\"visible\"><img data-recalc-dims=\"1\" decoding=\"async\" id=\"image-id-tumb-7488158a-0118-4734-bc4f-9c9e2f60a49a\" class=\"flex-width pf-size-full blockImage\" tabindex=\"0\" role=\"button\" src=\"https:\/\/i0.wp.com\/s2-oglobo.glbimg.com\/M70GRFgI-kjNWPCrdLVGkZJLXHo%3D\/0x0%3A8256x5504\/323x182\/smart\/filters%3Astrip_icc%28%29\/i.s3.glbimg.com\/v1\/AUTH_da025474c0c44edd99332dddb09cabe8\/internal_photos\/bs\/2024\/W\/D\/W0AYKlSBeo7tpOJaLEIA\/106971376-protestors-hold-signs-and-wave-flags-during-an-anti-far-right-demonstration-on-the-eve-of.jpg?w=600&#038;ssl=1\" alt=\"Protestos na Argentina contra governo de Milei \u2014 Foto: JAVIER SORIANO \/ AFP\"  data-posicao=\"2\" data-pf_style_display=\"inline\" data-pf_style_visibility=\"visible\" data-pf_rect_width=\"323\" data-pf_rect_height=\"41.59375\" \/><\/div>\n<div class=\"gallery-mosaic-last-item-overlay landscape\" tabindex=\"0\" role=\"button\" data-pf_style_display=\"flex\" data-pf_style_visibility=\"visible\"><\/div>\n<div class=\"gallery-mosaic-item gallery-mosaic-last-item landscape\" data-pf_style_display=\"block\" data-pf_style_visibility=\"visible\"><img data-recalc-dims=\"1\" decoding=\"async\" id=\"image-id-tumb-17c1e717-7918-4a38-b7ef-64eab6e79950\" class=\"flex-width pf-size-full blockImage\" tabindex=\"0\" role=\"button\" src=\"https:\/\/i0.wp.com\/s2-oglobo.glbimg.com\/QZN2hGaGbvG5sVVf70szUZU0umo%3D\/0x0%3A7038x4692\/323x182\/smart\/filters%3Astrip_icc%28%29\/i.s3.glbimg.com\/v1\/AUTH_da025474c0c44edd99332dddb09cabe8\/internal_photos\/bs\/2024\/h\/B\/fbrXhxRJGd16kSwK6A5g\/106747021-pensioners-demonstrate-with-a-dummy-representing-argentinas-president-javier-milei-wearin.jpg?w=600&#038;ssl=1\" alt=\"Manifestantes usam boneco de Milei durante protesto em Buenos Aires \u2014 Foto: LUIS ROBAYO \/ AFP\"  data-posicao=\"3\" data-pf_style_display=\"inline\" data-pf_style_visibility=\"visible\" data-pf_rect_width=\"323\" data-pf_rect_height=\"70.171875\" \/><\/div>\n<\/div>\n<\/div>\n<p class=\"gallery-mosaic-subtitle added-to-list1\"><span class=\"text-node\">Apesar das manifesta\u00e7\u00f5es contra o governo se multiplicarem na Argentina, pesquisa divulgada em maio mostrava que a popularidade de Milei continua em alta, entre 47% e 51% tem uma vis\u00e3o positiva do presidente.<\/span><\/p>\n<\/section>\n<div class=\"mc-column content-text active-extra-styles \" data-block-type=\"unstyled\" data-block-weight=\"58\" data-pf_style_display=\"block\" data-pf_style_visibility=\"visible\">\n<p class=\"content-text__container added-to-list1\" data-track-category=\"Link no Texto\" data-track-links=\"\" data-pf_style_display=\"block\" data-pf_style_visibility=\"visible\"><span class=\"text-node\">A Argentina foi classificada como o pa\u00eds mais pac\u00edfico do continente e o 46\u00ba no mundo, com uma pontua\u00e7\u00e3o de 1.768, subindo cinco posi\u00e7\u00f5es no ranking em compara\u00e7\u00e3o ao ano anterior. Al\u00e9m disso, os argentinos melhoraram seu n\u00edvel de paz em 3,8. O \u00fanico indicador que apresentou deteriora\u00e7\u00e3o foi o financiamento para as opera\u00e7\u00f5es de paz da ONU. <\/span><\/p>\n<\/div>\n<div class=\"mc-column content-text active-extra-styles \" data-block-type=\"unstyled\" data-block-weight=\"50\" data-pf_style_display=\"block\" data-pf_style_visibility=\"visible\">\n<p class=\"content-text__container added-to-list1\" data-track-category=\"Link no Texto\" data-track-links=\"\" data-pf_style_display=\"block\" data-pf_style_visibility=\"visible\"><span class=\"text-node\">O relat\u00f3rio destaca que, apesar das medidas de ajuste implementadas pelo governo do presidente Javier Milei, n\u00e3o houve agita\u00e7\u00e3o social ou protestos em massa, o que ajudou a conter a instabilidade pol\u00edtica. O estudo tamb\u00e9m destaca uma redu\u00e7\u00e3o na percep\u00e7\u00e3o da criminalidade, nas taxas de homic\u00eddio e nas manifesta\u00e7\u00f5es violentas. <\/span><\/p>\n<\/div>\n<p class=\"content-ads content-ads--reveal added-to-list1\">\n<div class=\"mc-column content-text active-extra-styles \" data-block-type=\"unstyled\" data-block-weight=\"49\" data-pf_style_display=\"block\" data-pf_style_visibility=\"visible\">\n<p class=\"content-text__container added-to-list1\" data-track-category=\"Link no Texto\" data-track-links=\"\" data-pf_style_display=\"block\" data-pf_style_visibility=\"visible\"><span class=\"text-node\">O Uruguai ficou em segundo lugar na regi\u00e3o, na 48\u00aa posi\u00e7\u00e3o no ranking global, enquanto o Chile ficou em 62\u00ba lugar. Foi seguido por Paraguai (75), Peru (96), Guiana (106), Equador (129), Brasil (130), Venezuela (139) e Col\u00f4mbia (140). Apenas tr\u00eas pa\u00edses sul-americanos registraram quedas: Bol\u00edvia, Equador e Venezuela. <\/span><\/p>\n<\/div>\n<div class=\"mc-column content-text active-extra-styles \" data-block-type=\"unstyled\" data-block-weight=\"58\" data-pf_style_display=\"block\" data-pf_style_visibility=\"visible\">\n<p class=\"content-text__container added-to-list1\" data-track-category=\"Link no Texto\" data-track-links=\"\" data-pf_style_display=\"block\" data-pf_style_visibility=\"visible\"><span class=\"text-node\">O Peru foi o pa\u00eds que mais melhorou na Am\u00e9rica do Sul, com um aumento de 4,4% no n\u00edvel de paz e uma queda acentuada no n\u00edvel de conflitos internos. O trabalho observa que, diferentemente de 2022 e 2023, n\u00e3o houve grandes protestos pedindo a ren\u00fancia do governo, e as reformas institucionais e a recupera\u00e7\u00e3o econ\u00f4mica foram fortalecidas. <\/span><\/p>\n<\/div>\n<div data-track-category=\"multicontent\" data-track-action=\"ultimo chunk conteudo\" data-track-noninteraction=\"false\" data-track-scroll=\"view\" data-pf_style_display=\"block\" data-pf_style_visibility=\"visible\">\n<div class=\"mc-column content-text active-extra-styles \" data-block-type=\"unstyled\" data-block-weight=\"66\" data-pf_style_display=\"block\" data-pf_style_visibility=\"visible\">\n<p class=\"content-text__container added-to-list1\" data-track-category=\"Link no Texto\" data-track-links=\"\" data-pf_style_display=\"block\" data-pf_style_visibility=\"visible\"><span class=\"text-node\">No outro extremo, a Col\u00f4mbia foi o pa\u00eds menos pac\u00edfico da regi\u00e3o pelo quinto ano consecutivo, devido aos seus altos n\u00edveis de homic\u00eddios, deslocamentos for\u00e7ados e um n\u00famero crescente de mortos em conflitos internos: de 434 em 2023 para 933 em 2024. A Venezuela tamb\u00e9m se classificou entre os piores do continente e foi o pa\u00eds sul-americano que mais regrediu em todas as dimens\u00f5es do \u00edndice.<\/span><\/p>\n<\/div>\n<\/div>\n<\/div>\n<\/div>\n","protected":false},"excerpt":{"rendered":"<p>O Globo &#8211; O \u00cdndice Global da Paz (GPI, na sigl\u00e2 em ingl\u00eas) para 2025, \u00edndice do Instituo para Economia e Paz (IEP) que mede indicadores de 163 pa\u00edses, apontou a Argentina como o lugar mais seguro para se viver em toda a Am\u00e9rica do Sul. O GPI leva em considera\u00e7\u00e3o o n\u00edvel de paz&#8230;<a class=\"more-link\" href=\"http:\/\/blogdalucianaoliveira.com.br\/blog\/2025\/06\/23\/argentina-e-o-pais-mais-seguro-da-america-do-sul-para-se-viver-veja-em-que-posicao-esta-o-brasil\/\">Continue a leitura <span class=\"meta-nav\">&raquo;<\/span><\/a><\/p>\n","protected":false},"author":1,"featured_media":0,"comment_status":"closed","ping_status":"open","sticky":false,"template":"","format":"standard","meta":{"_exactmetrics_skip_tracking":false,"_exactmetrics_sitenote_active":false,"_exactmetrics_sitenote_note":"","_exactmetrics_sitenote_category":0,"jetpack_post_was_ever_published":false,"_jetpack_newsletter_access":"","_jetpack_dont_email_post_to_subs":false,"_jetpack_newsletter_tier_id":0,"_jetpack_memberships_contains_paywalled_content":false,"_jetpack_memberships_contains_paid_content":false,"footnotes":"","jetpack_publicize_message":"","jetpack_publicize_feature_enabled":true,"jetpack_social_post_already_shared":true,"jetpack_social_options":{"image_generator_settings":{"template":"highway","enabled":false},"version":2}},"categories":[1],"tags":[1278,1372,857,1371],"class_list":["post-36944","post","type-post","status-publish","format-standard","hentry","category-notas","tag-america-latina","tag-pais","tag-ranking","tag-seguranca"],"jetpack_publicize_connections":[],"jetpack_sharing_enabled":true,"jetpack_featured_media_url":"","jetpack_shortlink":"https:\/\/wp.me\/p7wKYW-9BS","jetpack-related-posts":[],"_links":{"self":[{"href":"http:\/\/blogdalucianaoliveira.com.br\/blog\/wp-json\/wp\/v2\/posts\/36944","targetHints":{"allow":["GET"]}}],"collection":[{"href":"http:\/\/blogdalucianaoliveira.com.br\/blog\/wp-json\/wp\/v2\/posts"}],"about":[{"href":"http:\/\/blogdalucianaoliveira.com.br\/blog\/wp-json\/wp\/v2\/types\/post"}],"author":[{"embeddable":true,"href":"http:\/\/blogdalucianaoliveira.com.br\/blog\/wp-json\/wp\/v2\/users\/1"}],"replies":[{"embeddable":true,"href":"http:\/\/blogdalucianaoliveira.com.br\/blog\/wp-json\/wp\/v2\/comments?post=36944"}],"version-history":[{"count":1,"href":"http:\/\/blogdalucianaoliveira.com.br\/blog\/wp-json\/wp\/v2\/posts\/36944\/revisions"}],"predecessor-version":[{"id":36946,"href":"http:\/\/blogdalucianaoliveira.com.br\/blog\/wp-json\/wp\/v2\/posts\/36944\/revisions\/36946"}],"wp:attachment":[{"href":"http:\/\/blogdalucianaoliveira.com.br\/blog\/wp-json\/wp\/v2\/media?parent=36944"}],"wp:term":[{"taxonomy":"category","embeddable":true,"href":"http:\/\/blogdalucianaoliveira.com.br\/blog\/wp-json\/wp\/v2\/categories?post=36944"},{"taxonomy":"post_tag","embeddable":true,"href":"http:\/\/blogdalucianaoliveira.com.br\/blog\/wp-json\/wp\/v2\/tags?post=36944"}],"curies":[{"name":"wp","href":"https:\/\/api.w.org\/{rel}","templated":true}]}}