{"id":36947,"date":"2025-06-23T11:21:36","date_gmt":"2025-06-23T15:21:36","guid":{"rendered":"https:\/\/blogdalucianaoliveira.com.br\/blog\/?p=36947"},"modified":"2025-06-23T11:21:36","modified_gmt":"2025-06-23T15:21:36","slug":"genocidio-em-gaza-palestino-que-perdeu-ao-menos-56-familiares-parou-de-contar-os-mortos","status":"publish","type":"post","link":"http:\/\/blogdalucianaoliveira.com.br\/blog\/2025\/06\/23\/genocidio-em-gaza-palestino-que-perdeu-ao-menos-56-familiares-parou-de-contar-os-mortos\/","title":{"rendered":"Genoc\u00eddio em Gaza: palestino que perdeu ao menos 56 familiares parou de contar os mortos"},"content":{"rendered":"<p data-pf_style_display=\"block\" data-pf_style_visibility=\"visible\"><img data-recalc-dims=\"1\" loading=\"lazy\" decoding=\"async\" data-attachment-id=\"36948\" data-permalink=\"http:\/\/blogdalucianaoliveira.com.br\/blog\/2025\/06\/23\/genocidio-em-gaza-palestino-que-perdeu-ao-menos-56-familiares-parou-de-contar-os-mortos\/capa-alt2entrevista-jornalista-comenta-sionismo-e-fala-do-presidente-lula-sobre-guerra-em-gaza\/\" data-orig-file=\"https:\/\/i0.wp.com\/blogdalucianaoliveira.com.br\/blog\/wp-content\/uploads\/2025\/06\/capa-alt2Entrevista-Jornalista-comenta-sionismo-e-fala-do-presidente-Lula-sobre-guerra-em-Gaza.webp?fit=1200%2C771\" data-orig-size=\"1200,771\" data-comments-opened=\"0\" data-image-meta=\"{&quot;aperture&quot;:&quot;0&quot;,&quot;credit&quot;:&quot;&quot;,&quot;camera&quot;:&quot;&quot;,&quot;caption&quot;:&quot;&quot;,&quot;created_timestamp&quot;:&quot;0&quot;,&quot;copyright&quot;:&quot;&quot;,&quot;focal_length&quot;:&quot;0&quot;,&quot;iso&quot;:&quot;0&quot;,&quot;shutter_speed&quot;:&quot;0&quot;,&quot;title&quot;:&quot;&quot;,&quot;orientation&quot;:&quot;0&quot;}\" data-image-title=\"capa-alt2Entrevista-Jornalista-comenta-sionismo-e-fala-do-presidente-Lula-sobre-guerra-em-Gaza\" data-image-description=\"\" data-image-caption=\"\" data-medium-file=\"https:\/\/i0.wp.com\/blogdalucianaoliveira.com.br\/blog\/wp-content\/uploads\/2025\/06\/capa-alt2Entrevista-Jornalista-comenta-sionismo-e-fala-do-presidente-Lula-sobre-guerra-em-Gaza.webp?fit=300%2C193\" data-large-file=\"https:\/\/i0.wp.com\/blogdalucianaoliveira.com.br\/blog\/wp-content\/uploads\/2025\/06\/capa-alt2Entrevista-Jornalista-comenta-sionismo-e-fala-do-presidente-Lula-sobre-guerra-em-Gaza.webp?fit=600%2C386\" class=\"alignnone  wp-image-36948\" src=\"https:\/\/i0.wp.com\/blogdalucianaoliveira.com.br\/blog\/wp-content\/uploads\/2025\/06\/capa-alt2Entrevista-Jornalista-comenta-sionismo-e-fala-do-presidente-Lula-sobre-guerra-em-Gaza.webp?resize=438%2C282\" alt=\"\" width=\"438\" height=\"282\" srcset=\"https:\/\/i0.wp.com\/blogdalucianaoliveira.com.br\/blog\/wp-content\/uploads\/2025\/06\/capa-alt2Entrevista-Jornalista-comenta-sionismo-e-fala-do-presidente-Lula-sobre-guerra-em-Gaza.webp?resize=300%2C193 300w, https:\/\/i0.wp.com\/blogdalucianaoliveira.com.br\/blog\/wp-content\/uploads\/2025\/06\/capa-alt2Entrevista-Jornalista-comenta-sionismo-e-fala-do-presidente-Lula-sobre-guerra-em-Gaza.webp?resize=1024%2C658 1024w, https:\/\/i0.wp.com\/blogdalucianaoliveira.com.br\/blog\/wp-content\/uploads\/2025\/06\/capa-alt2Entrevista-Jornalista-comenta-sionismo-e-fala-do-presidente-Lula-sobre-guerra-em-Gaza.webp?resize=768%2C493 768w, https:\/\/i0.wp.com\/blogdalucianaoliveira.com.br\/blog\/wp-content\/uploads\/2025\/06\/capa-alt2Entrevista-Jornalista-comenta-sionismo-e-fala-do-presidente-Lula-sobre-guerra-em-Gaza.webp?resize=467%2C300 467w, https:\/\/i0.wp.com\/blogdalucianaoliveira.com.br\/blog\/wp-content\/uploads\/2025\/06\/capa-alt2Entrevista-Jornalista-comenta-sionismo-e-fala-do-presidente-Lula-sobre-guerra-em-Gaza.webp?w=1200 1200w\" sizes=\"auto, (max-width: 438px) 100vw, 438px\" \/><\/p>\n<p class=\"\" data-pf_style_display=\"block\" data-pf_style_visibility=\"visible\"><span class=\"text-node\"><span><strong>A P\u00fablica, por Por Andrea DiP, Ricardo Terto, Stela Diogo, Rafaela de Oliveira<\/strong> &#8211; O Minist\u00e9rio da Sa\u00fade da Faixa de Gaza, citado pela ag\u00eancia WAFA (Ag\u00eancia de Not\u00edcias da Palestina), divulgou dados alarmantes na \u00faltima ter\u00e7a-feira, 17 de junho: mais de 55 mil mortos e 130 mil feridos desde 7 de outubro de 2023. Uma guerra que j\u00e1 ultrapassa os 600 dias, com ra\u00edzes hist\u00f3ricas profundas, e que se expande com novos ataques a outros pa\u00edses do Oriente M\u00e9dio, como os recentes bombardeios de Israel ao Ir\u00e3.<\/span><\/span><!--more--><\/p>\n<p data-pf_style_display=\"block\" data-pf_style_visibility=\"visible\"><span class=\"text-node\"><span>Para analisar os conflitos em Gaza e as consequ\u00eancias globais do genoc\u00eddio contra os palestinos, a Pauta P\u00fablica da semana recebeu o jornalista Ramzy Baroud. Descendente e refugiado palestino, Baroud viveu na pele perdas irrepar\u00e1veis. Ele relata ter parado de contabilizar seus familiares mortos ap\u00f3s a perda de 56 pessoas, incluindo sua irm\u00e3, uma m\u00e9dica assassinada por um drone israelense enquanto tentava salvar vidas. &#8220;Ela morreu em um massacre, depois de ver corpos mutilados implorando ajuda. Na \u00faltima liga\u00e7\u00e3o que fez, me disse que seu corpo estava ali, mas seu esp\u00edrito tinha morrido&#8221;.<\/span><\/span><\/p>\n<p data-pf_style_display=\"block\" data-pf_style_visibility=\"visible\"><span class=\"text-node\"><span>Ao longo da conversa, Ramzy registrou as dores e denuncia o desligamento e a miss\u00e3o global diante das\u00a0<\/span><\/span><a href=\"https:\/\/agenciabrasil.ebc.com.br\/internacional\/noticia\/2025-06\/gaza-disparos-de-tanques-de-israel-contra-multidao-faminta-matam-51\" target=\"_blank\" rel=\"noreferrer noopener\" data-pf_style_display=\"inline\" data-pf_style_visibility=\"visible\"><span class=\"text-node\"><span>mortes de civis inocentes<\/span><\/span><\/a><span class=\"text-node\"><span>\u00a0. &#8220;N\u00e3o \u00e9 poss\u00edvel dizer que n\u00e3o sab\u00edamos. Isso est\u00e1 acontecendo ao vivo, h\u00e1 mais de 600 dias. E ainda assim, fornecemos armas, apoio pol\u00edtico e legitimidade&#8221;, critica. Para ele, o que ocorre em Gaza n\u00e3o \u00e9 um conflito: \u201cEstamos lidando com psicopatas que chegaram a um ponto, em que n\u00e3o s\u00f3 deixou de ver qualquer fragmento da humanidade de suas v\u00edtimas, como tamb\u00e9m perdeu sua pr\u00f3pria humanidade.\u201d<\/span><\/span><\/p>\n<p data-pf_style_display=\"block\" data-pf_style_visibility=\"visible\"><span class=\"text-node\"><span>Leia os principais trechos da entrevista e ou\u00e7a o podcast completo para aprofundar a compreens\u00e3o sobre este tema crucial.\u00a0<a href=\"https:\/\/apublica.org\/wp-content\/uploads\/2025\/06\/Pauta-173-Palestina-Genocidio-em-Gaza-nas-palavras-de-um-palestino.mp3\">https:\/\/apublica.org\/wp-content\/uploads\/2025\/06\/Pauta-173-Palestina-Genocidio-em-Gaza-nas-palavras-de-um-palestino.mp3<\/a><br \/>\n<\/span><\/span><\/p>\n<p data-pf_style_display=\"block\" data-pf_style_visibility=\"visible\">\n<h3 class=\"wp-block-heading\" data-pf_style_display=\"block\" data-pf_style_visibility=\"visible\"><strong data-pf_style_display=\"inline\" data-pf_style_visibility=\"visible\"><span class=\"text-node\"><span>A saga de uma fam\u00edlia refugiada: v\u00edtimas de um genoc\u00eddio ativo<\/span><\/span><\/strong><\/h3>\n<p data-pf_style_display=\"block\" data-pf_style_visibility=\"visible\"><span class=\"text-node\"><span>Ramzy Baroud reflete sobre a complexidade de sua posi\u00e7\u00e3o como intelectual e jornalista ao relatar uma hist\u00f3ria que afeta diretamente sua comunidade. \u201cIsso cria n\u00e3o exatamente um dilema, mas te puxa emocionalmente pra dentro da hist\u00f3ria\u201d. Ele menciona o conceito acad\u00eamico de posicionalidade, onde se fala n\u00e3o apenas como narrador, mas como ator na hist\u00f3ria. Contudo, jamais imaginou que sua fam\u00edlia seria v\u00edtima ativa de um genoc\u00eddio\u00a0<\/span><\/span><em data-pf_style_display=\"inline\" data-pf_style_visibility=\"visible\"><span class=\"text-node\"><span>.<\/span><\/span><\/em><\/p>\n<p data-pf_style_display=\"block\" data-pf_style_visibility=\"visible\"><span class=\"text-node\"><span>O jornalista revelou ter perdido \u201ccentenas, sem exagero, 56 membros da minha fam\u00edlia direta\u201d antes de interromper a contagem. \u201cN\u00e3o vale a pena continuar\u201d, desabafa. Ele falou a ang\u00fastia de receber mensagens de familiares no sul de Gaza questionando sobre o destino de parentes no norte, a poucos quil\u00f4metros de dist\u00e2ncia, sem comunica\u00e7\u00e3o. A dificuldade de relatar as perdas enquanto tenta humanizar as v\u00edtimas, ao mesmo tempo em que precisa fornecer n\u00fameros e estat\u00edsticas para dimensionar a trag\u00e9dia, \u00e9 um desafio constante. &#8220;\u00c9 mais do que inacredit\u00e1vel e eu nem estou mais l\u00e1. Imagine estar em Gaza e viver essa experi\u00eancia, sendo jornalista e sendo alvo do ex\u00e9rcito israelense.&#8221;<\/span><\/span><\/p>\n<h3 class=\"wp-block-heading\" data-pf_style_display=\"block\" data-pf_style_visibility=\"visible\"><strong data-pf_style_display=\"inline\" data-pf_style_visibility=\"visible\"><span class=\"text-node\"><span>O sacrif\u00edcio de uma m\u00e9dica: a hist\u00f3ria da irm\u00e3 de Ramzy<\/span><\/span><\/strong><\/h3>\n<p data-pf_style_display=\"block\" data-pf_style_visibility=\"visible\"><span class=\"text-node\"><span>Questionado sobre sua irm\u00e3, Ramzy Baroud descreveu como muito mais do que uma m\u00e9dica comum. &#8220;Minha irm\u00e3 foi um exemplo de empoderamento das mulheres em Gaza. Ela era uma l\u00edder comunit\u00e1ria&#8221;, contornou. Ela mobilizou a comunidade para lidar com doen\u00e7as e angariar fundos para hospitais. Entre cinco irm\u00e3os e uma irm\u00e3, ela era a \u00fanica que apareceu em Gaza, tornando-se representante da fam\u00edlia para aqueles que tiveram que partir.<\/span><\/span><\/p>\n<p data-pf_style_display=\"block\" data-pf_style_visibility=\"visible\"><span class=\"text-node\"><span>Com o\u00a0<\/span><\/span><a href=\"https:\/\/apublica.org\/2025\/06\/guerra-israel-ira-quais-os-motivos-e-o-que-acontece\/\" target=\"_blank\" rel=\"noreferrer noopener\" data-pf_style_display=\"inline\" data-pf_style_visibility=\"visible\"><span class=\"text-node\"><span>in\u00edcio da guerra<\/span><\/span><\/a><span class=\"text-node\"><span>\u00a0, seu papel como m\u00e9dica e m\u00e3e se intensificou. Poucos meses antes de seu mart\u00edrio, seu marido, chefe do departamento de direito da Universidade Al-Azhar e intelectualmente respeitado, foi morto. Ele tinha dificuldades de locomo\u00e7\u00e3o devido a um problema nervoso e era cuidado por ela. Quando o ex\u00e9rcito israelense invadiu o sul de Gaza, ele decidiu fugir, mas cedeu \u00e0 insist\u00eancia da fam\u00edlia. Ele saiu com os filhos, mas foi atingido na cabe\u00e7a por uma bala ou proj\u00e9til de drone e morreu no local, implorando para que os filhos fugissem.<\/span><\/span><\/p>\n<p data-pf_style_display=\"block\" data-pf_style_visibility=\"visible\"><span class=\"text-node\"><span>Os filhos se recusaram a deixar a \u00e1rea, mesmo em meio a massacres, na esperan\u00e7a de recuperar o corpo do pai. Essa busca se tornou uma obsess\u00e3o para a irm\u00e3 de Ramzy nos \u00faltimos meses de sua vida, mas ela n\u00e3o conseguiu dar um enterro digno ao marido. Ela viveu o massacre de Nuseirat, um campo de refugiados atacado pelo ex\u00e9rcito israelense com apoio americano.<\/span><\/span><\/p>\n<p data-pf_style_display=\"block\" data-pf_style_visibility=\"visible\"><span class=\"text-node\"><span>Ramzy gravou a \u00faltima liga\u00e7\u00e3o com a irm\u00e3: \u201cEla me disse que tinha morrido naquele dia, que ela s\u00f3 existia no corpo, mas sua mente, seu esp\u00edrito, estavam em outro lugar.\u201d Ela falou ter visto \u201ccentenas de corpos mutilados nas ruas\u201d, implorando por ajuda. &#8220;Como eu reconstruo corpos mutilados quando n\u00e3o h\u00e1 recursos, nem assist\u00eancia m\u00e9dica, nem nada? Eu simplesmente congelei&#8221;, conta Ramzy sobre o que disse a irm\u00e3. Ela viu que as pessoas continuavam morrendo em suas m\u00e3os. \u201cEla disse que morreu naquele dia.\u201d<\/span><\/span><\/p>\n<p data-pf_style_display=\"block\" data-pf_style_visibility=\"visible\"><span class=\"text-node\"><span>Ap\u00f3s o trauma, a irm\u00e3 de Ramzy buscou ref\u00fagio nos destro\u00e7os de sua casa, onde dormiu por dias. Em uma de suas idas e vindas para o hospital Nazer, em Yunis, um drone israelense foi perseguido e morto. \u201cFoi claramente um ato de assassinato\u201d, afirma Ramzy, explicando que Israel pretendia eliminar m\u00e9dicos palestinos que trabalhavam em \u00e1reas que desejavam destruir. \u201cMataram centenas de m\u00e9dicos e profissionais de sa\u00fade, e queriam ter certeza de que ela tamb\u00e9m fosse embora, e foi assim, sabe, que ela foi embora.\u201d<\/span><\/span><\/p>\n<h3 class=\"wp-block-heading\" data-pf_style_display=\"block\" data-pf_style_visibility=\"visible\"><strong data-pf_style_display=\"inline\" data-pf_style_visibility=\"visible\"><span class=\"text-node\"><span>O papel da comunidade internacional, governos e m\u00eddia<\/span><\/span><\/strong><\/h3>\n<p data-pf_style_display=\"block\" data-pf_style_visibility=\"visible\"><span class=\"text-node\"><span>Ramzy Baroud critica a ina\u00e7\u00e3o da comunidade internacional, governos e m\u00eddia diante do genoc\u00eddio em Gaza. Ele argumenta que, embora em outras disputas a ina\u00e7\u00e3o possa ser compreens\u00edvel, no caso palestino, \u201ctodos sabiam o que estava acontecendo\u201d. O discurso genocida, segundo ele, sempre fez parte do sionismo israelense por 100 anos, culminando na fala aberta de expulsar e eliminar palestinos. A desumaniza\u00e7\u00e3o, comparando palestinos a \u201cbestas\u201d ou \u201cbaratas\u201d, \u00e9 um discurso racista familiar em outros massacres hist\u00f3ricos.<\/span><\/span><\/p>\n<p data-pf_style_display=\"block\" data-pf_style_visibility=\"visible\"><span class=\"text-node\"><span>Para Ramzy, Israel n\u00e3o \u00e9 o \u00fanico respons\u00e1vel pelo genoc\u00eddio. \u201cCada editor, cada jornal, cada autoridade, cada pol\u00edtico, cada humanit\u00e1rio, cada pessoa que conhece o discurso vindo de Israel e o marginalizou intencionalmente, sem noticiar, tamb\u00e9m \u00e9 respons\u00e1vel pelo genoc\u00eddio.\u201d<\/span><\/span><\/p>\n<p data-pf_style_display=\"block\" data-pf_style_visibility=\"visible\"><span class=\"text-node\"><span>Aqueles que encobriram os crimes israelenses no in\u00edcio do genoc\u00eddio tamb\u00e9m s\u00e3o c\u00famplices. Agora, at\u00e9 a grande m\u00eddia e l\u00edderes como Emmanuel Macron falam abertamente sobre genoc\u00eddio e crimes de guerra. Baroud sugere duas raz\u00f5es para esse \u201cs\u00fabito despertar moral\u201d do Ocidente: primeiro, uma tentativa de proteger seus legados hist\u00f3ricos de uma mancha severa; segundo, a percep\u00e7\u00e3o de que o primeiro-ministro israelense Benjamin Netanyahu n\u00e3o conseguiu \u201cconcluir o trabalho\u201d ap\u00f3s mais de 600 dias, levando-os a tentar \u201csalvar\u201d a situa\u00e7\u00e3o.<\/span><\/span><\/p>\n<h3 class=\"wp-block-heading\" data-pf_style_display=\"block\" data-pf_style_visibility=\"visible\"><strong data-pf_style_display=\"inline\" data-pf_style_visibility=\"visible\"><span class=\"text-node\"><span>Tortura ao vivo e conte\u00fado para redes sociais<\/span><\/span><\/strong><\/h3>\n<p data-pf_style_display=\"block\" data-pf_style_visibility=\"visible\"><span class=\"text-node\"><span>Um novo e perturbador componente deste genoc\u00eddio \u00e9 a transmiss\u00e3o ao vivo da tortura e assassinato de civis, aliada \u00e0 cria\u00e7\u00e3o de conte\u00fado para redes sociais, critica Ramzy Baroud. Ele descreve v\u00eddeos de soldados israelenses dan\u00e7ando entre ru\u00ednas, destruindo casas, roupas de v\u00edtimas e jovens israelenses cantando sobre queimaduras vilas. Ele questiona como isso influencia a vis\u00e3o do mundo sobre o conflito.<\/span><\/span><\/p>\n<p data-pf_style_display=\"block\" data-pf_style_visibility=\"visible\"><span class=\"text-node\"><span>Segundo ele, historicamente, a rela\u00e7\u00e3o entre palestinos e israelenses era vista como um \u201cconflito\u201d. Embora pudesse apoiar os palestinos e assumir a ocupa\u00e7\u00e3o israelense, a ideia de \u201cconflito\u201d ainda prevalece. No entanto, o que se v\u00ea agora \u201cvai al\u00e9m de qualquer contextualiza\u00e7\u00e3o racional\u201d. Ramzy descreve os perpetradores como \u201cpsicopatas\u201d que n\u00e3o s\u00f3 perderam a capacidade de ver a humanidade de suas v\u00edtimas, mas tamb\u00e9m a sua pr\u00f3pria humanidade. Ele argumenta que, se um psicopata n\u00e3o percebe sua condi\u00e7\u00e3o, e \u00e9 capacitado com armas e bombas por outros, permitindo-lhe \u201cmutilar os mortos\u201d, a situa\u00e7\u00e3o se torna ainda mais grave.<\/span><\/span><\/p>\n<p data-pf_style_display=\"block\" data-pf_style_visibility=\"visible\"><span class=\"text-node\"><span>Para ele, este genoc\u00eddio difere de outros no passado por sua natureza cont\u00ednua e pela impossibilidade de fuga para milh\u00f5es de pessoas em um local j\u00e1 cercado e desnutrido. \u201cVoc\u00ea est\u00e1 falando de um grupo de milh\u00f5es de pessoas que vivem em um local j\u00e1 cercado, j\u00e1 desnutridas, e n\u00e3o t\u00eam como escapar\u201d, enfatiza. Mesmo que \u201czonas de seguran\u00e7a\u201d se tornem locais de morte. &#8220;Estamos lidando com um tipo de genoc\u00eddio que voc\u00ea nem sabe como processar mentalmente. Isso ocorre diariamente, e qualquer pessoa pode ser morta a qualquer momento e sem motivo algum.&#8221;<\/span><\/span><\/p>\n","protected":false},"excerpt":{"rendered":"<p>A P\u00fablica, por Por Andrea DiP, Ricardo Terto, Stela Diogo, Rafaela de Oliveira &#8211; O Minist\u00e9rio da Sa\u00fade da Faixa de Gaza, citado pela ag\u00eancia WAFA (Ag\u00eancia de Not\u00edcias da Palestina), divulgou dados alarmantes na \u00faltima ter\u00e7a-feira, 17 de junho: mais de 55 mil mortos e 130 mil feridos desde 7 de outubro de 2023&#8230;.<a class=\"more-link\" href=\"http:\/\/blogdalucianaoliveira.com.br\/blog\/2025\/06\/23\/genocidio-em-gaza-palestino-que-perdeu-ao-menos-56-familiares-parou-de-contar-os-mortos\/\">Continue a leitura <span class=\"meta-nav\">&raquo;<\/span><\/a><\/p>\n","protected":false},"author":1,"featured_media":0,"comment_status":"closed","ping_status":"open","sticky":false,"template":"","format":"standard","meta":{"_exactmetrics_skip_tracking":false,"_exactmetrics_sitenote_active":false,"_exactmetrics_sitenote_note":"","_exactmetrics_sitenote_category":0,"jetpack_post_was_ever_published":false,"_jetpack_newsletter_access":"","_jetpack_dont_email_post_to_subs":false,"_jetpack_newsletter_tier_id":0,"_jetpack_memberships_contains_paywalled_content":false,"_jetpack_memberships_contains_paid_content":false,"footnotes":"","jetpack_publicize_message":"","jetpack_publicize_feature_enabled":true,"jetpack_social_post_already_shared":true,"jetpack_social_options":{"image_generator_settings":{"template":"highway","enabled":false},"version":2}},"categories":[1],"tags":[],"class_list":["post-36947","post","type-post","status-publish","format-standard","hentry","category-notas"],"jetpack_publicize_connections":[],"jetpack_sharing_enabled":true,"jetpack_featured_media_url":"","jetpack_shortlink":"https:\/\/wp.me\/p7wKYW-9BV","jetpack-related-posts":[],"_links":{"self":[{"href":"http:\/\/blogdalucianaoliveira.com.br\/blog\/wp-json\/wp\/v2\/posts\/36947","targetHints":{"allow":["GET"]}}],"collection":[{"href":"http:\/\/blogdalucianaoliveira.com.br\/blog\/wp-json\/wp\/v2\/posts"}],"about":[{"href":"http:\/\/blogdalucianaoliveira.com.br\/blog\/wp-json\/wp\/v2\/types\/post"}],"author":[{"embeddable":true,"href":"http:\/\/blogdalucianaoliveira.com.br\/blog\/wp-json\/wp\/v2\/users\/1"}],"replies":[{"embeddable":true,"href":"http:\/\/blogdalucianaoliveira.com.br\/blog\/wp-json\/wp\/v2\/comments?post=36947"}],"version-history":[{"count":1,"href":"http:\/\/blogdalucianaoliveira.com.br\/blog\/wp-json\/wp\/v2\/posts\/36947\/revisions"}],"predecessor-version":[{"id":36949,"href":"http:\/\/blogdalucianaoliveira.com.br\/blog\/wp-json\/wp\/v2\/posts\/36947\/revisions\/36949"}],"wp:attachment":[{"href":"http:\/\/blogdalucianaoliveira.com.br\/blog\/wp-json\/wp\/v2\/media?parent=36947"}],"wp:term":[{"taxonomy":"category","embeddable":true,"href":"http:\/\/blogdalucianaoliveira.com.br\/blog\/wp-json\/wp\/v2\/categories?post=36947"},{"taxonomy":"post_tag","embeddable":true,"href":"http:\/\/blogdalucianaoliveira.com.br\/blog\/wp-json\/wp\/v2\/tags?post=36947"}],"curies":[{"name":"wp","href":"https:\/\/api.w.org\/{rel}","templated":true}]}}