{"id":36954,"date":"2025-06-26T11:19:17","date_gmt":"2025-06-26T15:19:17","guid":{"rendered":"https:\/\/blogdalucianaoliveira.com.br\/blog\/?p=36954"},"modified":"2025-06-26T11:19:17","modified_gmt":"2025-06-26T15:19:17","slug":"estudo-identifica-142-empresarios-do-agronegocio-envolvidos-em-tentativa-de-golpe","status":"publish","type":"post","link":"http:\/\/blogdalucianaoliveira.com.br\/blog\/2025\/06\/26\/estudo-identifica-142-empresarios-do-agronegocio-envolvidos-em-tentativa-de-golpe\/","title":{"rendered":"Estudo identifica 142 empres\u00e1rios do agroneg\u00f3cio envolvidos em tentativa de golpe"},"content":{"rendered":"<p><img data-recalc-dims=\"1\" decoding=\"async\" src=\"https:\/\/i0.wp.com\/deolhonosruralistas.com.br\/wp-content\/uploads\/2025\/06\/capa-materia-agrogolpistas.png?w=600&#038;ssl=1\" \/><\/p>\n<p class=\"\" data-pf_style_display=\"block\" data-pf_style_visibility=\"visible\"><span data-pf_style_display=\"inline\" data-pf_style_visibility=\"visible\"><em data-pf_style_display=\"inline\" data-pf_style_visibility=\"visible\"><strong data-pf_style_display=\"inline\" data-pf_style_visibility=\"visible\"><span class=\"text-node\">Dossi\u00ea do De Olho nos Ruralistas, \u201cAgrogolpistas\u201d consolidam listas de fazendeiros e s\u00f3cios de empresas indicadas por bloqueio de rodovias, acampamentos e o 8 de janeiro; impunes, sojicultores de MT, GO e BA t\u00eam contratos com BTG Pactual e Syngenta\u00a0<\/span><\/strong><\/em><\/span><!--more--><\/p>\n<p class=\"\" data-pf_style_display=\"block\" data-pf_style_visibility=\"visible\"><span class=\"text-node\"><span>Por\u00a0<\/span><\/span><strong class=\"\" data-pf_style_display=\"inline\" data-pf_style_visibility=\"visible\"><span class=\"text-node\"><span>Alceu Lu\u00eds Castilho<\/span><\/span><\/strong><span class=\"text-node\"><span>\u00a0e\u00a0<\/span><\/span><strong class=\"\" data-pf_style_display=\"inline\" data-pf_style_visibility=\"visible\"><span class=\"text-node\"><span>Bruno Stankevicius Bassi<\/span><\/span><\/strong><\/p>\n<p data-pf_style_display=\"block\" data-pf_style_visibility=\"visible\"><span class=\"text-node\"><span>Quem \u00e9 o \u201cpessoal do agro\u201d? Quais s\u00e3o os nomes dos empres\u00e1rios do agroneg\u00f3cio que financiaram a inten\u00e7\u00e3o do golpista liderado por Jair Bolsonaro?<\/span><\/span><\/p>\n<p class=\"\" data-pf_style_display=\"block\" data-pf_style_visibility=\"visible\"><span class=\"text-node\"><span>Essas perguntas surgiram desde 21 de novembro de 2024, quando a Pol\u00edcia Federal (PF) indiciou o ex-presidente e outras 36 pessoas por tentativa de golpe de Estado. O relat\u00f3rio publicado naquele dia revelou a exist\u00eancia do plano Punhal Verde e Amarelo: uma trama de homic\u00eddio orquestrada por membros das For\u00e7as Armadas e do alto escalonamento do governo. O objetivo? Decretar um regime de exce\u00e7\u00e3o e assassinar o presidente eleito Luiz In\u00e1cio Lula da Silva, seu vice Geraldo Alckmin e o ministro Alexandre de Moraes, do Supremo Tribunal Federal (STF).<\/span><\/span><\/p>\n<p data-pf_style_display=\"block\" data-pf_style_visibility=\"visible\"><span class=\"text-node\"><span>A participa\u00e7\u00e3o do agroneg\u00f3cio no plano foi detalhada ap\u00f3s a pris\u00e3o do tenente-coronel Mauro Cid, ex-ajudante de ordens de Bolsonaro. Em depoimento \u00e0 Procuradoria-Geral da Rep\u00fablica, ele afirma ter recebido cerca de R$ 100 mil em esp\u00e9cie. Com notas entregues em uma sacola de vinho pelo general Walter Braga Netto, que contou a Cid sobre a origem do valor: \u201cO general Braga Netto entregou e comentou que era algu\u00e9m do agro que tinha dado, mas eu n\u00e3o sei o nome de quem foi que passou pra ele\u201d.<\/span><\/span><\/p>\n<p data-pf_style_display=\"block\" data-pf_style_visibility=\"visible\"><span class=\"text-node\"><span>Quem \u00e9 esse \u201cpessoal do agro\u201d sem rosto, sem nome e impune?<\/span><\/span><\/p>\n<p data-pf_style_display=\"block\" data-pf_style_visibility=\"visible\"><span class=\"text-node\"><span>Para responder a essa pergunta, De Olho nos Ruralistas lan\u00e7a nessa quarta-feira (25) o relat\u00f3rio \u201c\u00a0<\/span><\/span><span class=\"text-node\"><span>Agrogolpistas<\/span><\/span><span class=\"text-node\"><span>\u00a0\u201d, que identifica 142 empres\u00e1rios do setor que atuaram no suporte log\u00edstico ou financeiro a atos golpistas entre o segundo semestre de 2022 e o fat\u00eddico 8 de janeiro de 2023.<\/span><\/span><\/p>\n<p data-pf_style_display=\"block\" data-pf_style_visibility=\"visible\"><span class=\"text-node\"><span>Os agrogolpistas n\u00e3o s\u00e3o apenas fazendeiros caricaturais, com chapel\u00e3o e botas, nos rinc\u00f5es do pa\u00eds. Ao longo de 89 p\u00e1ginas, \u00e9 poss\u00edvel encontrar o nome de bancos e multinacionais diretamente ligados aos empres\u00e1rios que financiaram o terror. Eles recebem financiamento de institui\u00e7\u00f5es como Santander, Rabobank e John Deere. E possuem contratos de fornecimento e parcerias com gigantes como BTG Pactual e Syngenta \u2014 esta \u00faltima, parte da cadeia de financiamento da Frente Parlamentar da Agropecu\u00e1ria (FPA).<\/span><\/span><\/p>\n<p data-pf_style_display=\"block\" data-pf_style_visibility=\"visible\"><span class=\"text-node\"><span>O dado mais alarmante diz respeito \u00e0 responsabiliza\u00e7\u00e3o: salvo aqueles (poucos) que foram flagrados nos atos terroristas de 8 de janeiro, nenhum dos nomes respondeu juridicamente pelo fomento ao golpe de Estado.<\/span><\/span><\/p>\n<h3 data-pf_style_display=\"block\" data-pf_style_visibility=\"visible\"><span data-pf_style_display=\"inline\" data-pf_style_visibility=\"visible\"><span class=\"text-node\">OBSERVAT\u00d3RIO ANALISOU 1.452 NOMES PARA TRA\u00c7AR RELA\u00c7\u00c3O COM AGRONEG\u00d3CIO<\/span><\/span><\/h3>\n<p data-pf_style_display=\"block\" data-pf_style_visibility=\"visible\"><span class=\"text-node\"><span>Durante quatro meses, o n\u00facleo de pesquisas do observat\u00f3rio percorreu listas de pessoas f\u00edsicas e jur\u00eddicas investigadas para contratar a infraestrutura dos acampamentos golpistas \u2014 geradores, tendas, banheiros qu\u00edmicos, alimentos \u2014 e para viabilizar o trancamento de rodovias do norte ao sul do pa\u00eds.<\/span><\/span><\/p>\n<figure id=\"attachment_31936\" class=\"wp-caption alignleft pf-caption flex-width blockImage pf-size-full\" aria-describedby=\"caption-attachment-31936\" data-pf_style_display=\"block\" data-pf_style_visibility=\"visible\"><img data-recalc-dims=\"1\" decoding=\"async\" data-attachment-id=\"31936\" data-permalink=\"http:\/\/blogdalucianaoliveira.com.br\/blog\/2021\/05\/17\/por-que-17-de-maio-e-o-dia-internacional-contra-a-homofobia\/715fa265-3d31-4428-a5c2-0a70feef2467\/\" data-orig-file=\"https:\/\/i0.wp.com\/blogdalucianaoliveira.com.br\/blog\/wp-content\/uploads\/2021\/05\/715FA265-3D31-4428-A5C2-0A70FEEF2467.jpeg?fit=559%2C381\" data-orig-size=\"559,381\" data-comments-opened=\"0\" data-image-meta=\"{&quot;aperture&quot;:&quot;0&quot;,&quot;credit&quot;:&quot;&quot;,&quot;camera&quot;:&quot;&quot;,&quot;caption&quot;:&quot;&quot;,&quot;created_timestamp&quot;:&quot;0&quot;,&quot;copyright&quot;:&quot;&quot;,&quot;focal_length&quot;:&quot;0&quot;,&quot;iso&quot;:&quot;0&quot;,&quot;shutter_speed&quot;:&quot;0&quot;,&quot;title&quot;:&quot;&quot;,&quot;orientation&quot;:&quot;0&quot;}\" data-image-title=\"715FA265-3D31-4428-A5C2-0A70FEEF2467\" data-image-description=\"\" data-image-caption=\"\" data-medium-file=\"https:\/\/i0.wp.com\/blogdalucianaoliveira.com.br\/blog\/wp-content\/uploads\/2021\/05\/715FA265-3D31-4428-A5C2-0A70FEEF2467.jpeg?fit=300%2C204\" data-large-file=\"https:\/\/i0.wp.com\/blogdalucianaoliveira.com.br\/blog\/wp-content\/uploads\/2021\/05\/715FA265-3D31-4428-A5C2-0A70FEEF2467.jpeg?fit=559%2C381\" class=\"wp-image-31936 pf-large-image caption-img blockImage\" src=\"https:\/\/i0.wp.com\/deolhonosruralistas.com.br\/wp-content\/uploads\/2025\/06\/braganetto-agro.png?w=414&#038;ssl=1\" alt=\"\"  data-lazyloaded=\"1\" data-srcset=\"https:\/\/deolhonosruralistas.com.br\/wp-content\/uploads\/2025\/06\/braganetto-agro.png 1024w, https:\/\/deolhonosruralistas.com.br\/wp-content\/uploads\/2025\/06\/braganetto-agro-300x211.png 300w, https:\/\/deolhonosruralistas.com.br\/wp-content\/uploads\/2025\/06\/braganetto-agro-768x540.png 768w, https:\/\/deolhonosruralistas.com.br\/wp-content\/uploads\/2025\/06\/braganetto-agro-782x550.png 782w, https:\/\/deolhonosruralistas.com.br\/wp-content\/uploads\/2025\/06\/braganetto-agro-424x298.png 424w, https:\/\/deolhonosruralistas.com.br\/wp-content\/uploads\/2025\/06\/braganetto-agro-569x400.png 569w\" data-sizes=\"(max-width: 414px) 100vw, 414px\" data-pf_style_display=\"inline\" data-pf_style_visibility=\"visible\" data-pf_rect_width=\"414\" data-pf_rect_height=\"291\" \/><figcaption id=\"caption-attachment-31936\" class=\"wp-caption-text\" data-pf_style_display=\"block\" data-pf_style_visibility=\"visible\"><em data-pf_style_display=\"inline\" data-pf_style_visibility=\"visible\"><span class=\"text-node\"><span>De chap\u00e9u e botina, Braga Netto se mudou de ruralistas de Mato Grosso durante campanha. (Reprodu\u00e7\u00e3o)<\/span><\/span><\/em><\/figcaption><\/figure>\n<p data-pf_style_display=\"block\" data-pf_style_visibility=\"visible\">\n<p data-pf_style_display=\"block\" data-pf_style_visibility=\"visible\">\n<p data-pf_style_display=\"block\" data-pf_style_visibility=\"visible\">\n<p data-pf_style_display=\"block\" data-pf_style_visibility=\"visible\">\n<p data-pf_style_display=\"block\" data-pf_style_visibility=\"visible\">\n<p data-pf_style_display=\"block\" data-pf_style_visibility=\"visible\">\n<p data-pf_style_display=\"block\" data-pf_style_visibility=\"visible\">\n<p data-pf_style_display=\"block\" data-pf_style_visibility=\"visible\">\n<p data-pf_style_display=\"block\" data-pf_style_visibility=\"visible\">\n<p data-pf_style_display=\"block\" data-pf_style_visibility=\"visible\"><span class=\"text-node\"><span>Uma base de dados de financiadores de atos antidemocr\u00e1ticos \u2014 551 nomes, ao todo \u2014 foi complementada pela rela\u00e7\u00e3o dos 898 r\u00e9us responsabilizados criminalmente em inqu\u00e9ritos do STF relativos a 8 de janeiro e pela lista de indiciados da Opera\u00e7\u00e3o Lesa P\u00e1tria, da PF. Por \u00faltimo, inclu\u00edmos a an\u00e1lise dos nomes de tr\u00eas fazendeiros paraenses investigados para fornecer apoio aos terroristas George Washington de Oliveira Sousa e Alan Diego dos Santos Rodrigues, respons\u00e1veis \u200b\u200bpela tentativa de atentado \u00e0 bomba no aeroporto de Bras\u00edlia, na v\u00e9spera de Natal de 2022.<\/span><\/span><\/p>\n<p data-pf_style_display=\"block\" data-pf_style_visibility=\"visible\"><span class=\"text-node\"><span>A partir desses dados, nossa equipe descobriu rela\u00e7\u00f5es diretas com o agroneg\u00f3cio: propriedades de im\u00f3veis rurais registradas no cadastro do Instituto Nacional de Coloniza\u00e7\u00e3o e Reforma Agr\u00e1ria (Incra) ou no Cadastro Ambiental Rural (CAR); sociedade em empresas agropecu\u00e1rias registradas na Receita Federal; e o registro de benefici\u00e1rios do seguro rural pelo Minist\u00e9rio da Agricultura, Pecu\u00e1ria e Abastecimento. No caso das empresas privadas indicadas, a pesquisa foi continuada para seus s\u00f3cios.<\/span><\/span><\/p>\n<p data-pf_style_display=\"block\" data-pf_style_visibility=\"visible\"><span class=\"text-node\"><span>Ao todo, constatamos que 142 fazendeiros e empres\u00e1rios do agroneg\u00f3cio foram implicados por sua participa\u00e7\u00e3o em atos antidemocr\u00e1ticos.<\/span><\/span><\/p>\n<p data-pf_style_display=\"block\" data-pf_style_visibility=\"visible\"><span class=\"text-node\"><span>Eles encontraram 10% de todos os nomes desenvolvidos ao longo da pesquisa. Esses dados \u2014 e provavelmente est\u00e3o \u2014 subestimados, uma vez que comuns podem ser os casos de pessoas f\u00edsicas com hom\u00f4nimos e, devido \u00e0 Lei Geral de Prote\u00e7\u00e3o de Dados, tanto as bases fundi\u00e1rias do Incra quanto as da Receita Federal deixaram de exibir o n\u00famero do CPF.<\/span><\/span><\/p>\n<p data-pf_style_display=\"block\" data-pf_style_visibility=\"visible\"><span class=\"text-node\"><span>S\u00f3 foram listados neste relat\u00f3rio os casos em que houve confirma\u00e7\u00e3o absoluta de rela\u00e7\u00e3o com o agroneg\u00f3cio.<\/span><\/span><\/p>\n<h3 data-pf_style_display=\"block\" data-pf_style_visibility=\"visible\"><span data-pf_style_display=\"inline\" data-pf_style_visibility=\"visible\"><span class=\"text-node\">\u201cARCO DA SOJA\u201d CONCENTRA 71% DOS AGROGOLPISTAS<\/span><\/span><\/h3>\n<p class=\"\" data-pf_style_display=\"block\" data-pf_style_visibility=\"visible\"><span class=\"text-node\"><span>Dos 142 fazendeiros e s\u00f3cios de empresas identificados no levantamento, 74 est\u00e3o baseados em Mato Grosso, 17 em Goi\u00e1s e 13 na Bahia. Os tr\u00eas estados responderam por 71% dos nomes consolidados pelo observat\u00f3rio. A rela\u00e7\u00e3o com o agroneg\u00f3cio \u00e9 escancarada: juntos, eles comp\u00f5em o principal corredor produtivo da soja no pa\u00eds, respons\u00e1vel por 47% da safra nacional.<\/span><\/span><\/p>\n<figure id=\"attachment_31935\" class=\"wp-caption alignright pf-caption flex-width blockImage pf-size-full\" aria-describedby=\"caption-attachment-31935\" data-pf_style_display=\"block\" data-pf_style_visibility=\"visible\"><img data-recalc-dims=\"1\" decoding=\"async\" data-attachment-id=\"31935\" data-permalink=\"http:\/\/blogdalucianaoliveira.com.br\/blog\/2021\/05\/17\/por-que-17-de-maio-e-o-dia-internacional-contra-a-homofobia\/54bc0e5a-2569-473e-bfd7-a65fcaf12f28\/\" data-orig-file=\"https:\/\/i0.wp.com\/blogdalucianaoliveira.com.br\/blog\/wp-content\/uploads\/2021\/05\/54BC0E5A-2569-473E-BFD7-A65FCAF12F28.jpeg?fit=565%2C393\" data-orig-size=\"565,393\" data-comments-opened=\"0\" data-image-meta=\"{&quot;aperture&quot;:&quot;0&quot;,&quot;credit&quot;:&quot;&quot;,&quot;camera&quot;:&quot;&quot;,&quot;caption&quot;:&quot;&quot;,&quot;created_timestamp&quot;:&quot;0&quot;,&quot;copyright&quot;:&quot;&quot;,&quot;focal_length&quot;:&quot;0&quot;,&quot;iso&quot;:&quot;0&quot;,&quot;shutter_speed&quot;:&quot;0&quot;,&quot;title&quot;:&quot;&quot;,&quot;orientation&quot;:&quot;0&quot;}\" data-image-title=\"54BC0E5A-2569-473E-BFD7-A65FCAF12F28\" data-image-description=\"\" data-image-caption=\"\" data-medium-file=\"https:\/\/i0.wp.com\/blogdalucianaoliveira.com.br\/blog\/wp-content\/uploads\/2021\/05\/54BC0E5A-2569-473E-BFD7-A65FCAF12F28.jpeg?fit=300%2C209\" data-large-file=\"https:\/\/i0.wp.com\/blogdalucianaoliveira.com.br\/blog\/wp-content\/uploads\/2021\/05\/54BC0E5A-2569-473E-BFD7-A65FCAF12F28.jpeg?fit=565%2C393\" class=\"wp-image-31935 pf-large-image caption-img blockImage\" src=\"https:\/\/i0.wp.com\/deolhonosruralistas.com.br\/wp-content\/uploads\/2025\/06\/arginobedin.png?w=443&#038;ssl=1\" alt=\"\"  data-lazyloaded=\"1\" data-srcset=\"https:\/\/deolhonosruralistas.com.br\/wp-content\/uploads\/2025\/06\/arginobedin.png 1212w, https:\/\/deolhonosruralistas.com.br\/wp-content\/uploads\/2025\/06\/arginobedin-300x225.png 300w, https:\/\/deolhonosruralistas.com.br\/wp-content\/uploads\/2025\/06\/arginobedin-1024x768.png 1024w, https:\/\/deolhonosruralistas.com.br\/wp-content\/uploads\/2025\/06\/arginobedin-768x576.png 768w, https:\/\/deolhonosruralistas.com.br\/wp-content\/uploads\/2025\/06\/arginobedin-733x550.png 733w, https:\/\/deolhonosruralistas.com.br\/wp-content\/uploads\/2025\/06\/arginobedin-397x298.png 397w, https:\/\/deolhonosruralistas.com.br\/wp-content\/uploads\/2025\/06\/arginobedin-100x76.png 100w, https:\/\/deolhonosruralistas.com.br\/wp-content\/uploads\/2025\/06\/arginobedin-533x400.png 533w\" data-sizes=\"(max-width: 443px) 100vw, 443px\" data-pf_style_display=\"inline\" data-pf_style_visibility=\"visible\" data-pf_rect_width=\"443\" data-pf_rect_height=\"332\" \/><figcaption id=\"caption-attachment-31935\" class=\"wp-caption-text\" data-pf_style_display=\"block\" data-pf_style_visibility=\"visible\"><em data-pf_style_display=\"inline\" data-pf_style_visibility=\"visible\"><span class=\"text-node\"><span>Argino Bedin liderou a tripula\u00e7\u00e3o que mais contribuiu com o envio de tr\u00e1fego ao QG do Ex\u00e9rcito, em Bras\u00edlia. (Foto: Alan Santos\/PR)<\/span><\/span><\/em><\/figcaption><\/figure>\n<p data-pf_style_display=\"block\" data-pf_style_visibility=\"visible\">\n<p data-pf_style_display=\"block\" data-pf_style_visibility=\"visible\">\n<p data-pf_style_display=\"block\" data-pf_style_visibility=\"visible\">\n<p data-pf_style_display=\"block\" data-pf_style_visibility=\"visible\">\n<p data-pf_style_display=\"block\" data-pf_style_visibility=\"visible\">\n<p data-pf_style_display=\"block\" data-pf_style_visibility=\"visible\">\n<p data-pf_style_display=\"block\" data-pf_style_visibility=\"visible\">\n<p data-pf_style_display=\"block\" data-pf_style_visibility=\"visible\">\n<p data-pf_style_display=\"block\" data-pf_style_visibility=\"visible\">\n<p data-pf_style_display=\"block\" data-pf_style_visibility=\"visible\">\n<p data-pf_style_display=\"block\" data-pf_style_visibility=\"visible\"><span class=\"text-node\"><span>Foi justamente esse eixo de onde saiu a maior parte dos caminh\u00f5es identificados pela Secretaria de Seguran\u00e7a P\u00fablica do Distrito Federal (SSP-DF) entre os ve\u00edculos estacionados em frente ao Quartel General (QG) do Ex\u00e9rcito em Bras\u00edlia: 56 dos 234 ve\u00edculos enviados ao acampamento golpista tinham origem em Sorriso (MT), o maior polo produtor de soja do mundo.<\/span><\/span><\/p>\n<p data-pf_style_display=\"block\" data-pf_style_visibility=\"visible\"><span class=\"text-node\"><span>Desse total, 28 pertencem a duas fam\u00edlias que se interligaram. Com dez nomes na lista, o cl\u00e3 Bedin invejou quinze caminh\u00f5es para a capital federal. Unidos aos Bedin pelos neg\u00f3cios e pelo casamento, os Lermen enviaram treze ve\u00edculos para o QG golpista.<\/span><\/span><\/p>\n<p data-pf_style_display=\"block\" data-pf_style_visibility=\"visible\"><span class=\"text-node\"><span>O grupo \u00e9 liderado pelo pioneiro Argino Bedin, o \u201cpai da soja\u201d de Sorriso. O mesmo empres\u00e1rio que se calou perante a Comiss\u00e3o Parlamentar Mista de Inqu\u00e9rito (CPMI) de 8 de Janeiro, no Senado. Quando retornou a Sorriso, quatro dias ap\u00f3s seu depoimento, Argino foi ovacionado em um evento de gala organizado por pol\u00edticos e expoentes do agroneg\u00f3cio mato-grossense.<\/span><\/span><\/p>\n<p data-pf_style_display=\"block\" data-pf_style_visibility=\"visible\"><span class=\"text-node\"><span>O caminho que liga o Arco da Soja \u00e0s movimenta\u00e7\u00f5es golpistas passa ainda pelas organiza\u00e7\u00f5es de representa\u00e7\u00e3o do agroneg\u00f3cio: seis empres\u00e1rios investigados em processos relativos ao 8 de janeiro e aos acampamentos golpistas s\u00e3o dirigentes da Associa\u00e7\u00e3o Brasileira dos Produtores de Soja (Aprosoja), uma das organiza\u00e7\u00f5es fundadoras do Instituto Pensar Agro (IPA), o bra\u00e7o log\u00edstico da bancada ruralista no Congresso.<\/span><\/span><\/p>\n<p data-pf_style_display=\"block\" data-pf_style_visibility=\"visible\"><span class=\"text-node\"><span>Entre eles, Christiano da Silva Bortolotto, ex-presidente da Aprosoja de Mato Grosso do Sul e do Sindicato Rural de Amambai (MS), que protagoniza um conflito hist\u00f3rico contra o povo Guarani-Kaiow\u00e1 do Tekoh\u00e1 Kurusu Amb\u00e1.<\/span><\/span><\/p>\n<p data-pf_style_display=\"block\" data-pf_style_visibility=\"visible\"><span class=\"text-node\"><span>Confira abaixo o mapa com a origem dos agrogolpistas:<\/span><\/span><\/p>\n<h3 data-pf_style_display=\"block\" data-pf_style_visibility=\"visible\"><span data-pf_style_display=\"inline\" data-pf_style_visibility=\"visible\"><img data-recalc-dims=\"1\" decoding=\"async\" class=\"aligncenter size-full wp-image-31934 pf-large-image flex-width pf-size-full blockImage\" src=\"https:\/\/i0.wp.com\/deolhonosruralistas.com.br\/wp-content\/uploads\/2025\/06\/mapa-cerco2semfundo.png?w=600&#038;ssl=1\" alt=\"\"  data-lazyloaded=\"1\" data-srcset=\"https:\/\/deolhonosruralistas.com.br\/wp-content\/uploads\/2025\/06\/mapa-cerco2semfundo.png 2480w, https:\/\/deolhonosruralistas.com.br\/wp-content\/uploads\/2025\/06\/mapa-cerco2semfundo-212x300.png 212w, https:\/\/deolhonosruralistas.com.br\/wp-content\/uploads\/2025\/06\/mapa-cerco2semfundo-724x1024.png 724w, https:\/\/deolhonosruralistas.com.br\/wp-content\/uploads\/2025\/06\/mapa-cerco2semfundo-768x1086.png 768w, https:\/\/deolhonosruralistas.com.br\/wp-content\/uploads\/2025\/06\/mapa-cerco2semfundo-1086x1536.png 1086w, https:\/\/deolhonosruralistas.com.br\/wp-content\/uploads\/2025\/06\/mapa-cerco2semfundo-1448x2048.png 1448w, https:\/\/deolhonosruralistas.com.br\/wp-content\/uploads\/2025\/06\/mapa-cerco2semfundo-389x550.png 389w, https:\/\/deolhonosruralistas.com.br\/wp-content\/uploads\/2025\/06\/mapa-cerco2semfundo-211x298.png 211w, https:\/\/deolhonosruralistas.com.br\/wp-content\/uploads\/2025\/06\/mapa-cerco2semfundo-283x400.png 283w\" data-sizes=\"(max-width: 2480px) 100vw, 2480px\" data-pf_style_display=\"inline\" data-pf_style_visibility=\"visible\" data-pf_rect_width=\"2480\" data-pf_rect_height=\"3508\" \/><span class=\"text-node\">TEMAS DO RELAT\u00d3RIO SER\u00c3O EXPLORADOS EM S\u00c9RIE DE REPORTAGENS<\/span><\/span><\/h3>\n<p data-pf_style_display=\"block\" data-pf_style_visibility=\"visible\"><span class=\"text-node\"><span>Nenhum dos atos de fazendeiros suspeitos de financiar os golpistas foi preso ou condenado por esse motivo. Os indiciados em comiss\u00f5es parlamentares de inqu\u00e9rito \u2014 tanto do Senado quanto da C\u00e2mara Legislativa do Distrito Federal \u2014 n\u00e3o integraram a den\u00fancia da Procuradoria-Geral da Rep\u00fablica (PGR) que definiu os seis n\u00facleos golpistas no julgamento no STF. Tamb\u00e9m n\u00e3o foram processados \u200b\u200bos empres\u00e1rios listados na rela\u00e7\u00e3o de donos dos caminh\u00f5es flagrados no QG do Ex\u00e9rcito, divulgado pela SSP-DF.<\/span><\/span><\/p>\n<p data-pf_style_display=\"block\" data-pf_style_visibility=\"visible\"><img data-recalc-dims=\"1\" decoding=\"async\" class=\"alignleft wp-image-31938 pf-large-image flex-width pf-size-full blockImage\" src=\"https:\/\/i0.wp.com\/deolhonosruralistas.com.br\/wp-content\/uploads\/2025\/06\/lista-8janeiro.png?w=466&#038;ssl=1\" alt=\"\"  data-lazyloaded=\"1\" data-srcset=\"https:\/\/deolhonosruralistas.com.br\/wp-content\/uploads\/2025\/06\/lista-8janeiro.png 662w, https:\/\/deolhonosruralistas.com.br\/wp-content\/uploads\/2025\/06\/lista-8janeiro-211x300.png 211w, https:\/\/deolhonosruralistas.com.br\/wp-content\/uploads\/2025\/06\/lista-8janeiro-387x550.png 387w, https:\/\/deolhonosruralistas.com.br\/wp-content\/uploads\/2025\/06\/lista-8janeiro-210x298.png 210w, https:\/\/deolhonosruralistas.com.br\/wp-content\/uploads\/2025\/06\/lista-8janeiro-281x400.png 281w\" data-sizes=\"(max-width: 466px) 100vw, 466px\" data-pf_style_display=\"inline\" data-pf_style_visibility=\"visible\" data-pf_rect_width=\"466\" data-pf_rect_height=\"662\" \/><span class=\"text-node\"><span>Mesmo com a declara\u00e7\u00e3o de Mauro Cid que enviou o \u201cpessoal do agro\u201d como respons\u00e1vel por financiar o plano Punhal Verde e Amarelo. Mesmo que mensagens interceptadas pela Pol\u00edcia Federal comprovem que os organizadores do acampamento instalaram Jair Bolsonaro a sair das quatro linhas da Constitui\u00e7\u00e3o.<\/span><\/span><\/p>\n<p data-pf_style_display=\"block\" data-pf_style_visibility=\"visible\"><span class=\"text-node\"><span>A impunidade \u00e9 um dos fatores centrais trazidos pelo relat\u00f3rio \u201c\u00a0<\/span><\/span><span class=\"text-node\"><span>Agrogolpistas\u201d<\/span><\/span><span class=\"text-node\"><span>\u00a0. O empres\u00e1rio que financiou a empreitada bolsonarista saiu at\u00e9 agora ileso e de imagem lavada. Aos poucos, vai ficar invis\u00edvel. Como se apenas tramas verde-oliva foram fatores decisivos para a viol\u00eancia institucional.<\/span><\/span><\/p>\n<p data-pf_style_display=\"block\" data-pf_style_visibility=\"visible\"><span class=\"text-node\"><span>As digitais do agroneg\u00f3cio na engenharia do golpe puderam ser vistas desde 2022. De Olho nos Ruralistas revelou a ponta do iceberg em um dossi\u00ea intitulado \u201c\u00a0<\/span><\/span><span class=\"text-node\"><span>As Origens Agr\u00e1rias do Terror<\/span><\/span><span class=\"text-node\"><span>\u00a0\u201d \u2014 publicado apenas quatro meses ap\u00f3s os atos terroristas de 8 de janeiro de 2023. Na \u00e9poca, o levantamento espec\u00edfico das conex\u00f5es agr\u00e1rias de 44 neg\u00f3cios e pol\u00edticos que afetaram a organiza\u00e7\u00e3o do quebra-quebra na Pra\u00e7a dos Tr\u00eas Poderes, em Bras\u00edlia, e nos bloqueios a rodovias em cinco estados.<\/span><\/span><\/p>\n<p data-pf_style_display=\"block\" data-pf_style_visibility=\"visible\"><span class=\"text-node\"><span>Passados \u200b\u200bdois anos, pouco se avan\u00e7ou no sentido de responsabilizar os financiadores do golpismo no Brasil.<\/span><\/span><\/p>\n<p data-pf_style_display=\"block\" data-pf_style_visibility=\"visible\"><span class=\"text-node\"><span>Ao longo das pr\u00f3ximas semanas, De Olho nos Ruralistas publicar\u00e1 uma s\u00e9rie de reportagens baseadas no relat\u00f3rio, aprofundando temas centrais e jogando luz sobre alguns dos 142 nomes presentes na lista. A s\u00e9rie ser\u00e1 acompanhada por reportagens em v\u00eddeo, em nosso canal do YouTube. Clique\u00a0<\/span><\/span><a href=\"https:\/\/www.youtube.com\/@DeOlhonosRuralistas\" data-pf_style_display=\"inline\" data-pf_style_visibility=\"visible\"><span class=\"text-node\"><span>aqui<\/span><\/span><\/a><span class=\"text-node\"><span>\u00a0para se inscrever.<\/span><\/span><\/p>\n","protected":false},"excerpt":{"rendered":"<p>Dossi\u00ea do De Olho nos Ruralistas, \u201cAgrogolpistas\u201d consolidam listas de fazendeiros e s\u00f3cios de empresas indicadas por bloqueio de rodovias, acampamentos e o 8 de janeiro; impunes, sojicultores de MT, GO e BA t\u00eam contratos com BTG Pactual e Syngenta\u00a0<\/p>\n","protected":false},"author":1,"featured_media":0,"comment_status":"closed","ping_status":"open","sticky":false,"template":"","format":"standard","meta":{"_exactmetrics_skip_tracking":false,"_exactmetrics_sitenote_active":false,"_exactmetrics_sitenote_note":"","_exactmetrics_sitenote_category":0,"jetpack_post_was_ever_published":false,"_jetpack_newsletter_access":"","_jetpack_dont_email_post_to_subs":false,"_jetpack_newsletter_tier_id":0,"_jetpack_memberships_contains_paywalled_content":false,"_jetpack_memberships_contains_paid_content":false,"footnotes":"","jetpack_publicize_message":"","jetpack_publicize_feature_enabled":true,"jetpack_social_post_already_shared":true,"jetpack_social_options":{"image_generator_settings":{"template":"highway","enabled":false},"version":2}},"categories":[1],"tags":[1236,607,1373],"class_list":["post-36954","post","type-post","status-publish","format-standard","hentry","category-notas","tag-8-de-janeiro","tag-agro","tag-financiamento"],"jetpack_publicize_connections":[],"jetpack_sharing_enabled":true,"jetpack_featured_media_url":"","jetpack_shortlink":"https:\/\/wp.me\/p7wKYW-9C2","jetpack-related-posts":[],"_links":{"self":[{"href":"http:\/\/blogdalucianaoliveira.com.br\/blog\/wp-json\/wp\/v2\/posts\/36954","targetHints":{"allow":["GET"]}}],"collection":[{"href":"http:\/\/blogdalucianaoliveira.com.br\/blog\/wp-json\/wp\/v2\/posts"}],"about":[{"href":"http:\/\/blogdalucianaoliveira.com.br\/blog\/wp-json\/wp\/v2\/types\/post"}],"author":[{"embeddable":true,"href":"http:\/\/blogdalucianaoliveira.com.br\/blog\/wp-json\/wp\/v2\/users\/1"}],"replies":[{"embeddable":true,"href":"http:\/\/blogdalucianaoliveira.com.br\/blog\/wp-json\/wp\/v2\/comments?post=36954"}],"version-history":[{"count":2,"href":"http:\/\/blogdalucianaoliveira.com.br\/blog\/wp-json\/wp\/v2\/posts\/36954\/revisions"}],"predecessor-version":[{"id":36957,"href":"http:\/\/blogdalucianaoliveira.com.br\/blog\/wp-json\/wp\/v2\/posts\/36954\/revisions\/36957"}],"wp:attachment":[{"href":"http:\/\/blogdalucianaoliveira.com.br\/blog\/wp-json\/wp\/v2\/media?parent=36954"}],"wp:term":[{"taxonomy":"category","embeddable":true,"href":"http:\/\/blogdalucianaoliveira.com.br\/blog\/wp-json\/wp\/v2\/categories?post=36954"},{"taxonomy":"post_tag","embeddable":true,"href":"http:\/\/blogdalucianaoliveira.com.br\/blog\/wp-json\/wp\/v2\/tags?post=36954"}],"curies":[{"name":"wp","href":"https:\/\/api.w.org\/{rel}","templated":true}]}}