{"id":36958,"date":"2025-06-26T19:22:29","date_gmt":"2025-06-26T23:22:29","guid":{"rendered":"https:\/\/blogdalucianaoliveira.com.br\/blog\/?p=36958"},"modified":"2025-06-26T19:22:58","modified_gmt":"2025-06-26T23:22:58","slug":"esta-decidido-stf-define-que-plataformas-devem-ser-responsabilizadas-por-conteudos-de-usuarios","status":"publish","type":"post","link":"http:\/\/blogdalucianaoliveira.com.br\/blog\/2025\/06\/26\/esta-decidido-stf-define-que-plataformas-devem-ser-responsabilizadas-por-conteudos-de-usuarios\/","title":{"rendered":"Est\u00e1 decidido: STF define que plataformas devem ser responsabilizadas por conte\u00fados de usu\u00e1rios"},"content":{"rendered":"<p><img data-recalc-dims=\"1\" loading=\"lazy\" decoding=\"async\" data-attachment-id=\"36959\" data-permalink=\"http:\/\/blogdalucianaoliveira.com.br\/blog\/2025\/06\/26\/esta-decidido-stf-define-que-plataformas-devem-ser-responsabilizadas-por-conteudos-de-usuarios\/img_3484\/\" data-orig-file=\"https:\/\/i0.wp.com\/blogdalucianaoliveira.com.br\/blog\/wp-content\/uploads\/2025\/06\/IMG_3484.webp?fit=1140%2C815\" data-orig-size=\"1140,815\" data-comments-opened=\"0\" data-image-meta=\"{&quot;aperture&quot;:&quot;0&quot;,&quot;credit&quot;:&quot;&quot;,&quot;camera&quot;:&quot;&quot;,&quot;caption&quot;:&quot;&quot;,&quot;created_timestamp&quot;:&quot;0&quot;,&quot;copyright&quot;:&quot;&quot;,&quot;focal_length&quot;:&quot;0&quot;,&quot;iso&quot;:&quot;0&quot;,&quot;shutter_speed&quot;:&quot;0&quot;,&quot;title&quot;:&quot;&quot;,&quot;orientation&quot;:&quot;0&quot;}\" data-image-title=\"IMG_3484\" data-image-description=\"\" data-image-caption=\"\" data-medium-file=\"https:\/\/i0.wp.com\/blogdalucianaoliveira.com.br\/blog\/wp-content\/uploads\/2025\/06\/IMG_3484.webp?fit=300%2C214\" data-large-file=\"https:\/\/i0.wp.com\/blogdalucianaoliveira.com.br\/blog\/wp-content\/uploads\/2025\/06\/IMG_3484.webp?fit=600%2C429\" class=\"alignnone size-medium wp-image-36959\" src=\"https:\/\/i0.wp.com\/blogdalucianaoliveira.com.br\/blog\/wp-content\/uploads\/2025\/06\/IMG_3484.webp?resize=300%2C214\" alt=\"\" width=\"300\" height=\"214\" srcset=\"https:\/\/i0.wp.com\/blogdalucianaoliveira.com.br\/blog\/wp-content\/uploads\/2025\/06\/IMG_3484.webp?resize=300%2C214 300w, https:\/\/i0.wp.com\/blogdalucianaoliveira.com.br\/blog\/wp-content\/uploads\/2025\/06\/IMG_3484.webp?resize=1024%2C732 1024w, https:\/\/i0.wp.com\/blogdalucianaoliveira.com.br\/blog\/wp-content\/uploads\/2025\/06\/IMG_3484.webp?resize=768%2C549 768w, https:\/\/i0.wp.com\/blogdalucianaoliveira.com.br\/blog\/wp-content\/uploads\/2025\/06\/IMG_3484.webp?resize=420%2C300 420w, https:\/\/i0.wp.com\/blogdalucianaoliveira.com.br\/blog\/wp-content\/uploads\/2025\/06\/IMG_3484.webp?w=1140 1140w\" sizes=\"auto, (max-width: 300px) 100vw, 300px\" \/><\/p>\n<h2 class=\"jeg_post_subtitle\">Por 9 votos a 3, ministros decidiram pela inconstitucionalidade parcial do artigo 19 do Marco Civil da Internet; entenda<\/h2>\n<p><!--more--><\/p>\n<p>Brasil de Fato &#8211; O <a href=\"https:\/\/www.brasildefato.com.br\/2025\/06\/25\/faltando-apenas-um-voto-stf-avanca-para-responsabilizar-plataformas-por-conteudos-de-usuarios\/\">Supremo Tribunal Federal (STF) <\/a>concluiu nesta quinta-feira (26) o julgamento sobre a responsabilidade civil das plataformas de tecnologia sobre conte\u00fados postados por seus usu\u00e1rios. Por 9 votos a 3, os ministros decidiram pela inconstitucionalidade parcial do artigo 19 do Marco Civil da Internet (Lei n\u00ba 12.965). Dessa forma, as empresas poder\u00e3o ser responsabilizadas por conte\u00fados de usu\u00e1rios, independente de decis\u00e3o judicial espec\u00edfica.<\/p>\n<p>Na proclama\u00e7\u00e3o do resultado, o presidente do STF, Lu\u00eds Roberto Barroso, descartou que a Corte esteja invadindo compet\u00eancias do Legislativo. \u201cO tribunal n\u00e3o est\u00e1 legislando. O tribunal est\u00e1 decidindo sobre dois casos concretos que se puseram perante ele e estamos definindo crit\u00e9rios que v\u00e3o prevalecer at\u00e9 o momento que o poder Legislativo, se e quando entender por bem, vier a prover acerca dessa mat\u00e9ria\u201d, disse o magistrado.<\/p>\n<div class=\"jeg_ad jeg_ad_article jnews_content_inline_ads \">\n<div class=\"ads-wrapper align-center \">\n<div class=\"ads_shortcode\">\n<div class=\"ads-region-container\" data-slot=\"artigos-leaderboard-incontent-1-mobile\" data-region=\"br\" data-slot-name=\"artigos-leaderboard-incontent-1-mobile-br\">\n<div id=\"div-gpt-ad-artigos-mobile_rectangle_mobile_1\" class=\"ad-slot\"><\/div>\n<\/div>\n<\/div>\n<\/div>\n<\/div>\n<p>O artigo 19 do <a href=\"https:\/\/www.planalto.gov.br\/ccivil_03\/_ato2011-2014\/2014\/lei\/l12965.htm\" target=\"_blank\" rel=\"noopener\">Marco Civil da Internet<\/a>estabelece os princ\u00edpios, garantias, direitos e deveres para o uso da internet no Brasil, com as previs\u00f5es de responsabiliza\u00e7\u00e3o civil das plataformas apenas mediante ordem judicial espec\u00edfica. Segundo o texto da lei, a regra tem o \u201cintuito de assegurar a liberdade de express\u00e3o e impedir a censura\u201d.<\/p>\n<p>No ac\u00f3rd\u00e3o, os ministros afirmam que \u201ch\u00e1 um estado de omiss\u00e3o que decorre do fato de que a regra geral do artigo 19 n\u00e3o confere prote\u00e7\u00e3o suficiente a bens jur\u00eddicos constitucionais de alta relev\u00e2ncia, prote\u00e7\u00e3o de direitos fundamentais e da democracia\u201d. Dessa forma, passa a considerar ser de responsabilidade das empresas a cria\u00e7\u00e3o de mecanismos para remover das plataformas conte\u00fados que ensejam crimes, sem a necessidade de uma ordem judicial.<\/p>\n<div class=\"jeg_ad jeg_ad_article jnews_content_inline_2_ads \">\n<div class=\"ads-wrapper align-center \">\n<div class=\"ads_shortcode\">\n<div class=\"ads-region-container\" data-slot=\"artigos-leaderboard-incontent-2-mobile\" data-region=\"br\" data-slot-name=\"artigos-leaderboard-incontent-2-mobile-br\">\n<div id=\"div-gpt-ad-artigos-mobile_rectangle_mobile_2\" class=\"ad-slot\"><\/div>\n<\/div>\n<\/div>\n<\/div>\n<\/div>\n<p>Na decis\u00e3o, os magistrados mantiveram a aplica\u00e7\u00e3o do artigo 19 sobre os chamados crimes de honra, ou seja, cal\u00fania, inj\u00faria e difama\u00e7\u00e3o, que seguem necessitando ordem judicial para a suspens\u00e3o do conte\u00fado.<\/p>\n<p>O pesquisador bolsista do Instituto de Pesquisa Econ\u00f4mica Aplicada (Ipea) e integrante da organiza\u00e7\u00e3o Direito \u00e0 Comunica\u00e7\u00e3o e Democracia (DiraCom), Alexandre Arns Gonzalez, explica que a exce\u00e7\u00e3o apontada pelos ministros busca preservar a inten\u00e7\u00e3o do legislador ao conceber a norma.<\/p>\n<div class=\"jeg_ad jeg_ad_article jnews_content_inline_3_ads \">\n<div class=\"ads-wrapper align-center \">\n<div class=\"ads_shortcode\">\n<div class=\"ads-region-container\" data-slot=\"artigos-leaderboard-incontent-3-mobile\" data-region=\"br\" data-slot-name=\"artigos-leaderboard-incontent-3-mobile-br\">\n<div id=\"div-gpt-ad-artigos-mobile_rectangle_mobile_3\" class=\"ad-slot\"><\/div>\n<\/div>\n<\/div>\n<\/div>\n<\/div>\n<p>\u201cA ideia de resguardar esse tipo de crime dentro do dentro do m\u00e9todo de responsabiliza\u00e7\u00e3o previsto no artigo 19 \u00e9 uma forma de manter o esp\u00edrito de salvaguarda que o artigo 19 carregava naquele momento, que era justamente para proteger jornalistas e comunicadores de persegui\u00e7\u00e3o e censura\u201d, avalia.<\/p>\n<p>A tese tamb\u00e9m define o dever de cuidado dos provedores em rela\u00e7\u00e3o a conte\u00fados il\u00edcitos graves, como crimes contra a democracia e pornografia infantil, e estabelece presun\u00e7\u00f5es de responsabilidade para an\u00fancios pagos ou redes artificiais de distribui\u00e7\u00e3o. Al\u00e9m disso, imp\u00f5e deveres adicionais de autorregula\u00e7\u00e3o, transpar\u00eancia e representa\u00e7\u00e3o no Brasil para as plataformas, com o objetivo de equilibrar a liberdade de express\u00e3o com a preven\u00e7\u00e3o de abusos.<\/p>\n<p>Um dos efeitos previstos da nova interpreta\u00e7\u00e3o do artigo 19 da lei dever\u00e1 ser a ado\u00e7\u00e3o de mecanismos, por parte das empresas, para notificar a remo\u00e7\u00e3o de conte\u00fados irregulares, assim como fazem hoje em rela\u00e7\u00e3o \u00e0 prote\u00e7\u00e3o de direitos autorais, no \u00e2mbito da propriedade intelectual.<\/p>\n<h4 class=\"wp-block-heading\">Quais crimes devem ser monitorados<\/h4>\n<p>No ac\u00f3rd\u00e3o, resultado do julgamento que finalizou nesta quinta, os ministros listam uma s\u00e9rie de crimes considerados \u201cil\u00edcitos graves\u201d e que implicam um dever de cuidado por parte dos provedores de aplica\u00e7\u00f5es de internet. S\u00e3o eles:<\/p>\n<ul class=\"wp-block-list\">\n<li>Condutas e atos antidemocr\u00e1ticos que se encaixam nos tipos penais previstos no C\u00f3digo Penal;<\/li>\n<li>Crimes de terrorismo ou preparat\u00f3rios de terrorismo tipificados pela Lei n\u00ba 13.260\/2016.<\/li>\n<li>Crimes de induzimento, instiga\u00e7\u00e3o ou aux\u00edlio a suic\u00eddio ou a automutila\u00e7\u00e3o nos termos do artigo 122 do C\u00f3digo Penal;<\/li>\n<li>Incita\u00e7\u00e3o \u00e0 discrimina\u00e7\u00e3o em raz\u00e3o de ra\u00e7a, cor, etnia, religi\u00e3o, proced\u00eancia nacional, sexualidade ou identidade de g\u00eanero, incluindo condutas homof\u00f3bicas e transf\u00f3bicas.<\/li>\n<li>Crimes praticados contra a mulher em raz\u00e3o da condi\u00e7\u00e3o do sexo feminino, inclusive conte\u00fados que propagam \u00f3dio \u00e0s mulheres;<\/li>\n<li>Crimes sexuais contra pessoas vulner\u00e1veis, pornografia infantil e crimes graves contra crian\u00e7as e adolescentes;<\/li>\n<li>Tr\u00e1fico de pessoas.<\/li>\n<\/ul>\n<h4 class=\"wp-block-heading\">Como se posicionaram os ministros?<\/h4>\n<p>Antes da sess\u00e3o desta quinta, mesmo antes da apresenta\u00e7\u00e3o do voto de Nunes Marques, os ministros se reuniram para modular a tese que seria adotada no ac\u00f3rd\u00e3o final. Durante o julgamento, tr\u00eas linhas de argumenta\u00e7\u00e3o foram apresentadas.<\/p>\n<ul class=\"wp-block-list\">\n<li>O relator de uma das a\u00e7\u00f5es, ministro Dias T\u00f3ffoli, foi seguido por Alexandre de Moraes, favor\u00e1vel \u00e0 declara\u00e7\u00e3o de inconstitucionalidade total do artigo 19, inclusive para crimes de honra.<\/li>\n<li>O presidente da Corte, Lu\u00eds Roberto Barroso, abriu diverg\u00eancia para preservar a aplica\u00e7\u00e3o do artigo 19 apenas para crimes de honra, sendo seguido pelos ministros Luiz Fux, Fl\u00e1vio Dino, C\u00e1rmen L\u00facia, Gilmar Mendes e Cristiano Zanin.<\/li>\n<li>J\u00e1 os ministros Andr\u00e9 Mendon\u00e7a, Edson Fachin e Nunes Marques votaram pela constitucionalidade do artigo 19, defendendo que a lei seja aplicada da forma como ocorre desde 2014.<\/li>\n<\/ul>\n<h4 class=\"wp-block-heading\">E o Congresso com isso?<\/h4>\n<p>A necessidade de uma regula\u00e7\u00e3o estrutural e sist\u00eamica sobre as plataformas digitais no Brasil ainda segue sendo uma demanda do Congresso Nacional. Na C\u00e2mara dos Deputados, o deputado federal <a href=\"https:\/\/www.brasildefato.com.br\/2025\/05\/10\/foi-uma-afronta-ao-stf-orlando-silva-critica-manobra-para-blindar-ramagem-e-bolsonaro\/\">Orlando Silva (PCdoB-SP)<\/a> coordenou um grupo de trabalho para discutir o <a href=\"https:\/\/www.camara.leg.br\/proposicoesWeb\/fichadetramitacao?idProposicao=2256735\" target=\"_blank\" rel=\"noopener\">Projeto de Lei 2630\/20<\/a>, que institui a Lei Brasileira de Liberdade, Responsabilidade e Transpar\u00eancia na Internet. O PL segue parado no Legislativo desde maio de 2023. A ideia \u00e9 criar regras que ajudem a combater a dissemina\u00e7\u00e3o de conte\u00fado falso nas redes sociais.<\/p>\n<p>Para o parlamentar, o Congresso ainda ter\u00e1 desafio de enfrentar a mat\u00e9ria, \u201cagora, \u00e0 luz da interpreta\u00e7\u00e3o que o STF trouxe sobre a constitucionalidade do art.19\u201d.\u00a0 \u201cA regula\u00e7\u00e3o das plataformas digitais \u00e9 um tema global, debatido nas maiores democracias do planeta. Continuar\u00e1 sendo debatido aqui no Brasil e, em algum momento, ter\u00e1 que ser enfrentado e votado pelo parlamento, afinal, nenhum segmento econ\u00f4mico, ainda mais com tamanho impacto na sociedade, pode estar imune a regramentos b\u00e1sicos de seus servi\u00e7os\u201d, avalia.<\/p>\n<p>O deputado rejeita a cr\u00edtica de setores do parlamento brasileiro sobre um suposto ativismo do Judici\u00e1rio, e aponta omiss\u00e3o do Congresso. \u201cA Corte apenas est\u00e1 cumprindo seu dever constitucional. Afinal, foi provocado atrav\u00e9s de recursos extraordin\u00e1rios sobre a constitucionalidade do artigo 19 do Marco Civil da Internet h\u00e1 bastante tempo. Se ao Legislativo \u00e9 poss\u00edvel a omiss\u00e3o, o Judici\u00e1rio, se provocado, tem o dever de julgar a controv\u00e9rsia. Ent\u00e3o, n\u00e3o h\u00e1 o que reclamar\u201d, disse Silva ao <strong>Brasil de Fato<\/strong>.<\/p>\n<h4 class=\"wp-block-heading\">O que diz o PL?<\/h4>\n<p>Segundo o texto que tramita na C\u00e2mara, os provedores de redes sociais e de servi\u00e7os de mensagens dever\u00e3o criar mecanismos para proibir contas falsas, exceto em caso de conte\u00fado humor\u00edstico ou par\u00f3dia, e tamb\u00e9m aquelas contas automatizadas, geridas por rob\u00f4s. O PL ainda determina que as plataformas limitem o n\u00famero de envios de uma mesma mensagem a usu\u00e1rios e grupos e o n\u00famero de membros por grupo.<\/p>\n<p>O projeto define que os usu\u00e1rios dever\u00e3o ser notificados em caso de den\u00fancia ou de aplica\u00e7\u00e3o de medida por conta da lei e estabelece que todos os conte\u00fados pagos nas redes dever\u00e3o ser publicizados, com a devida identifica\u00e7\u00e3o da conta respons\u00e1vel pelos impulsionamentos.<\/p>\n<p>A proposta determina ainda que o Congresso Nacional institua, em at\u00e9 60 dias ap\u00f3s a publica\u00e7\u00e3o da lei, o Conselho de Transpar\u00eancia e Responsabilidade na Internet, composto por 21 conselheiros, incluindo representantes do poder p\u00fablico, da sociedade civil, da academia e do setor privado.<\/p>\n<p>Ainda de acordo com o texto, os provedores de redes sociais e de servi\u00e7os de mensagem privada dever\u00e3o ter sede e nomear representantes legais no Brasil, e dever\u00e3o produzir e divulgar relat\u00f3rios trimestrais de transpar\u00eancia, informando as medidas tomadas para cumprimento da lei.<\/p>\n<p>Finalmente, o projeto estabelece uma multa de at\u00e9 10% do faturamento do grupo econ\u00f4mico no Brasil em caso de descumprimento da lei, recursos que seriam destinados ao Fundo de Manuten\u00e7\u00e3o e Desenvolvimento da Educa\u00e7\u00e3o B\u00e1sica e de Valoriza\u00e7\u00e3o dos Profissionais da Educa\u00e7\u00e3o (Fundeb) para serem investidos em a\u00e7\u00f5es de educa\u00e7\u00e3o e alfabetiza\u00e7\u00e3o digitais.<\/p>\n<p>&nbsp;<\/p>\n<div class=\"jeg_meta_post_footer\">\n<div class=\"jeg_meta_editors\">Editado por: Amauri Gonzo<\/div>\n<\/div>\n","protected":false},"excerpt":{"rendered":"<p>Por 9 votos a 3, ministros decidiram pela inconstitucionalidade parcial do artigo 19 do Marco Civil da Internet; entenda<\/p>\n","protected":false},"author":1,"featured_media":0,"comment_status":"closed","ping_status":"open","sticky":false,"template":"","format":"standard","meta":{"_exactmetrics_skip_tracking":false,"_exactmetrics_sitenote_active":false,"_exactmetrics_sitenote_note":"","_exactmetrics_sitenote_category":0,"jetpack_post_was_ever_published":false,"_jetpack_newsletter_access":"","_jetpack_dont_email_post_to_subs":false,"_jetpack_newsletter_tier_id":0,"_jetpack_memberships_contains_paywalled_content":false,"_jetpack_memberships_contains_paid_content":false,"footnotes":"","jetpack_publicize_message":"","jetpack_publicize_feature_enabled":true,"jetpack_social_post_already_shared":true,"jetpack_social_options":{"image_generator_settings":{"template":"highway","enabled":false},"version":2}},"categories":[1],"tags":[1375,1374,1000,1376],"class_list":["post-36958","post","type-post","status-publish","format-standard","hentry","category-notas","tag-civil","tag-marco","tag-plataformas","tag-responsabilidade"],"jetpack_publicize_connections":[],"jetpack_sharing_enabled":true,"jetpack_featured_media_url":"","jetpack_shortlink":"https:\/\/wp.me\/p7wKYW-9C6","jetpack-related-posts":[],"_links":{"self":[{"href":"http:\/\/blogdalucianaoliveira.com.br\/blog\/wp-json\/wp\/v2\/posts\/36958","targetHints":{"allow":["GET"]}}],"collection":[{"href":"http:\/\/blogdalucianaoliveira.com.br\/blog\/wp-json\/wp\/v2\/posts"}],"about":[{"href":"http:\/\/blogdalucianaoliveira.com.br\/blog\/wp-json\/wp\/v2\/types\/post"}],"author":[{"embeddable":true,"href":"http:\/\/blogdalucianaoliveira.com.br\/blog\/wp-json\/wp\/v2\/users\/1"}],"replies":[{"embeddable":true,"href":"http:\/\/blogdalucianaoliveira.com.br\/blog\/wp-json\/wp\/v2\/comments?post=36958"}],"version-history":[{"count":2,"href":"http:\/\/blogdalucianaoliveira.com.br\/blog\/wp-json\/wp\/v2\/posts\/36958\/revisions"}],"predecessor-version":[{"id":36961,"href":"http:\/\/blogdalucianaoliveira.com.br\/blog\/wp-json\/wp\/v2\/posts\/36958\/revisions\/36961"}],"wp:attachment":[{"href":"http:\/\/blogdalucianaoliveira.com.br\/blog\/wp-json\/wp\/v2\/media?parent=36958"}],"wp:term":[{"taxonomy":"category","embeddable":true,"href":"http:\/\/blogdalucianaoliveira.com.br\/blog\/wp-json\/wp\/v2\/categories?post=36958"},{"taxonomy":"post_tag","embeddable":true,"href":"http:\/\/blogdalucianaoliveira.com.br\/blog\/wp-json\/wp\/v2\/tags?post=36958"}],"curies":[{"name":"wp","href":"https:\/\/api.w.org\/{rel}","templated":true}]}}