{"id":36962,"date":"2025-06-28T11:43:31","date_gmt":"2025-06-28T15:43:31","guid":{"rendered":"https:\/\/blogdalucianaoliveira.com.br\/blog\/?p=36962"},"modified":"2025-06-28T11:43:31","modified_gmt":"2025-06-28T15:43:31","slug":"quais-crimes-obrigam-redes-sociais-a-remover-posts-por-conta-propria","status":"publish","type":"post","link":"http:\/\/blogdalucianaoliveira.com.br\/blog\/2025\/06\/28\/quais-crimes-obrigam-redes-sociais-a-remover-posts-por-conta-propria\/","title":{"rendered":"Quais crimes obrigam redes sociais a remover posts por conta pr\u00f3pria"},"content":{"rendered":"<p><img data-recalc-dims=\"1\" loading=\"lazy\" decoding=\"async\" data-attachment-id=\"36963\" data-permalink=\"http:\/\/blogdalucianaoliveira.com.br\/blog\/2025\/06\/28\/quais-crimes-obrigam-redes-sociais-a-remover-posts-por-conta-propria\/img_3509\/\" data-orig-file=\"https:\/\/i0.wp.com\/blogdalucianaoliveira.com.br\/blog\/wp-content\/uploads\/2025\/06\/IMG_3509.jpeg?fit=1000%2C732\" data-orig-size=\"1000,732\" data-comments-opened=\"0\" data-image-meta=\"{&quot;aperture&quot;:&quot;0&quot;,&quot;credit&quot;:&quot;&quot;,&quot;camera&quot;:&quot;&quot;,&quot;caption&quot;:&quot;&quot;,&quot;created_timestamp&quot;:&quot;0&quot;,&quot;copyright&quot;:&quot;&quot;,&quot;focal_length&quot;:&quot;0&quot;,&quot;iso&quot;:&quot;0&quot;,&quot;shutter_speed&quot;:&quot;0&quot;,&quot;title&quot;:&quot;&quot;,&quot;orientation&quot;:&quot;1&quot;}\" data-image-title=\"IMG_3509\" data-image-description=\"\" data-image-caption=\"\" data-medium-file=\"https:\/\/i0.wp.com\/blogdalucianaoliveira.com.br\/blog\/wp-content\/uploads\/2025\/06\/IMG_3509.jpeg?fit=300%2C220\" data-large-file=\"https:\/\/i0.wp.com\/blogdalucianaoliveira.com.br\/blog\/wp-content\/uploads\/2025\/06\/IMG_3509.jpeg?fit=600%2C439\" class=\"alignnone size-medium wp-image-36963\" src=\"https:\/\/i0.wp.com\/blogdalucianaoliveira.com.br\/blog\/wp-content\/uploads\/2025\/06\/IMG_3509.jpeg?resize=300%2C220\" alt=\"\" width=\"300\" height=\"220\" srcset=\"https:\/\/i0.wp.com\/blogdalucianaoliveira.com.br\/blog\/wp-content\/uploads\/2025\/06\/IMG_3509.jpeg?resize=300%2C220 300w, https:\/\/i0.wp.com\/blogdalucianaoliveira.com.br\/blog\/wp-content\/uploads\/2025\/06\/IMG_3509.jpeg?resize=768%2C562 768w, https:\/\/i0.wp.com\/blogdalucianaoliveira.com.br\/blog\/wp-content\/uploads\/2025\/06\/IMG_3509.jpeg?resize=410%2C300 410w, https:\/\/i0.wp.com\/blogdalucianaoliveira.com.br\/blog\/wp-content\/uploads\/2025\/06\/IMG_3509.jpeg?w=1000 1000w\" sizes=\"auto, (max-width: 300px) 100vw, 300px\" \/><\/p>\n<h2 class=\"content-head__subtitle\">STF listou sete casos em que plataformas devem remover postagens sem precisar de ordem judicial. Elas ser\u00e3o responsabilizadas quando houver &#8216;falha sist\u00eamica&#8217; que permite circula\u00e7\u00e3o de conte\u00fado criminoso.<\/h2>\n<p><!--more--><\/p>\n<div id=\"chunk-dpf5v\">\n<div class=\"mc-column content-text active-extra-styles \" data-block-type=\"unstyled\" data-block-weight=\"31\" data-block-id=\"4\">\n<p class=\" content-text__container \" data-track-category=\"Link no Texto\" data-track-links=\"\">G1 &#8211; O Supremo Tribunal Federal (<a class=\"\" href=\"https:\/\/g1.globo.com\/tudo-sobre\/supremo-tribunal-federal\/\">STF<\/a>) listou na \u00faltima quinta-feira (26) mais sete casos em que redes sociais devem derrubar posts criminosos por conta pr\u00f3pria, isto \u00e9, sem precisar de ordem judicial.<\/p>\n<\/div>\n<\/div>\n<div class=\"wall protected-content\">\n<div id=\"chunk-3lelf\">\n<div class=\"mc-column content-text active-extra-styles \" data-block-type=\"unstyled\" data-block-weight=\"33\" data-block-id=\"5\">\n<p class=\" content-text__container \" data-track-category=\"Link no Texto\" data-track-links=\"\">At\u00e9 ent\u00e3o, as plataformas s\u00f3 eram obrigadas a derrubar conte\u00fados sem ordem judicial em dois casos: posts com cenas de nudez ou atos sexuais divulgados sem autoriza\u00e7\u00e3o e viola\u00e7\u00f5es de direitos autorais.<\/p>\n<\/div>\n<\/div>\n<div id=\"chunk-6agc4\">\n<div class=\"mc-column content-text active-extra-styles \" data-block-type=\"unstyled\" data-block-weight=\"25\" data-block-id=\"6\">\n<p class=\" content-text__container \" data-track-category=\"Link no Texto\" data-track-links=\"\">Os ministros definiram que as plataformas <a class=\"\" href=\"https:\/\/g1.globo.com\/tecnologia\/noticia\/2025\/06\/27\/redes-sociais-nao-serao-responsabilizadas-por-todos-os-posts-criminosos-mesmo-apos-decisao-do-stf-dizem-especialistas.ghtml\">ser\u00e3o responsabilizadas quando a Justi\u00e7a entender que h\u00e1 uma &#8220;falha sist\u00eamica&#8221;<\/a> que permite a circula\u00e7\u00e3o de posts criminosos.<\/p>\n<\/div>\n<\/div>\n<div id=\"chunk-29bk1\">\n<div class=\"mc-column content-text active-extra-styles \" data-block-type=\"unstyled\" data-block-weight=\"25\" data-block-id=\"7\">\n<p class=\" content-text__container \" data-track-category=\"Link no Texto\" data-track-links=\"\">Segundo o STF, ser\u00e1 considerada falha sist\u00eamica deixar de adotar medidas adequadas de preven\u00e7\u00e3o e remo\u00e7\u00e3o de conte\u00fados que envolvam um dos crimes abaixo:<\/p>\n<\/div>\n<\/div>\n<div id=\"chunk-5pgnf\">\n<div class=\"mc-column content-text active-extra-styles\" data-block-type=\"raw\" data-block-weight=\"81\" data-block-id=\"8\">\n<p class=\"content-text__container\">\n<ul class=\"content-unordered-list\">\n<li><strong>condutas e atos antidemocr\u00e1ticos<\/strong>;<\/li>\n<li><strong>crimes de terrorismo<\/strong> ou preparat\u00f3rios de terrorismo;<\/li>\n<li>crimes de induzimento, instiga\u00e7\u00e3o ou <strong>aux\u00edlio a suic\u00eddio ou a automutila\u00e7\u00e3o<\/strong>;<\/li>\n<li><strong>incita\u00e7\u00e3o \u00e0 discrimina\u00e7\u00e3o<\/strong> em raz\u00e3o de ra\u00e7a, cor, etnia, religi\u00e3o, proced\u00eancia nacional, sexualidade ou identidade de g\u00eanero (condutas homof\u00f3bicas e transf\u00f3bicas);<\/li>\n<li><strong>crimes praticados contra a mulher<\/strong>em raz\u00e3o da condi\u00e7\u00e3o do sexo feminino, inclusive conte\u00fados que propagam \u00f3dio ou avers\u00e3o \u00e0s mulheres;<\/li>\n<li><strong>crimes sexuais contra pessoas vulner\u00e1veis<\/strong>, pornografia infantil e crimes graves contra crian\u00e7as e adolescentes;<\/li>\n<li><strong>tr\u00e1fico de pessoas<\/strong>.<\/li>\n<\/ul>\n<p>&nbsp;<\/p>\n<\/div>\n<\/div>\n<div id=\"chunk-932s0\">\n<div class=\"mc-column content-text active-extra-styles \" data-block-type=\"unstyled\" data-block-weight=\"32\" data-block-id=\"9\">\n<p class=\" content-text__container \" data-track-category=\"Link no Texto\" data-track-links=\"\">As plataformas tamb\u00e9m <span class=\"highlight highlighted\">ser\u00e3o responsabilizadas se n\u00e3o derrubarem conte\u00fados em casos de crime, atos il\u00edcitos e contas inaut\u00eanticas a partir de notifica\u00e7\u00f5es extrajudiciais<\/span>, aquelas enviadas antes da abertura de um processo formal.<\/p>\n<div id=\"chunk-1ks0q\">\n<div class=\"mc-column content-text active-extra-styles \" data-block-type=\"unstyled\" data-block-weight=\"43\" data-block-id=\"11\">\n<p class=\" content-text__container \" data-track-category=\"Link no Texto\" data-track-links=\"\">As determina\u00e7\u00f5es surgem ap\u00f3s o STF considerar <a class=\"\" href=\"https:\/\/g1.globo.com\/politica\/noticia\/2025\/06\/26\/stf-define-que-redes-podem-ser-responsabilizadas-por-postagens-de-terceiros-apos-notificacao-extrajudicial.ghtml\">parcialmente inconstitucional o artigo 19 do Marco Civil da Internet<\/a>. O trecho diz que redes sociais s\u00f3 s\u00e3o respons\u00e1veis pela postagem de um usu\u00e1rio se n\u00e3o atenderem ordem judicial que obrigue a derrubada do conte\u00fado.<\/p>\n<\/div>\n<\/div>\n<div id=\"chunk-4kc52\">\n<div class=\"mc-column content-text active-extra-styles \" data-block-type=\"unstyled\" data-block-weight=\"26\" data-block-id=\"12\">\n<p class=\" content-text__container \" data-track-category=\"Link no Texto\" data-track-links=\"\">Mas os ministros conclu\u00edram que o artigo 19 gera um estado de omiss\u00e3o parcial porque n\u00e3o garante prote\u00e7\u00e3o suficiente a direitos fundamentais e \u00e0 democracia.<\/p>\n<div id=\"chunk-ak5fc\">\n<div class=\"mc-column content-text active-extra-styles\" data-block-type=\"raw\" data-block-weight=\"5\" data-block-id=\"14\">\n<div class=\"content-intertitle\">\n<h2>Para quem vale essa regra?<\/h2>\n<\/div>\n<p>&nbsp;<\/p>\n<\/div>\n<\/div>\n<div id=\"chunk-digb8\">\n<div class=\"mc-column content-text active-extra-styles \" data-block-type=\"unstyled\" data-block-weight=\"21\" data-block-id=\"15\">\n<p class=\" content-text__container \" data-track-category=\"Link no Texto\" data-track-links=\"\">A medida <span class=\"highlight highlighted\">vale para provedores de aplica\u00e7\u00f5es de internet, como redes sociais abertas<\/span>, apenas nas situa\u00e7\u00f5es citadas na lista acima.<\/p>\n<\/div>\n<\/div>\n<div id=\"chunk-1auqs\">\n<div class=\"mc-column content-text active-extra-styles \" data-block-type=\"unstyled\" data-block-weight=\"41\" data-block-id=\"16\">\n<p class=\" content-text__container \" data-track-category=\"Link no Texto\" data-track-links=\"\">No caso de crimes contra a honra, continua valendo o que diz o artigo 19, isto \u00e9, a plataforma s\u00f3 ser\u00e1 responsabilizada se n\u00e3o cumprir ordem judicial para remover o conte\u00fado. Mas elas poder\u00e3o optar por derrub\u00e1-lo mediante notifica\u00e7\u00e3o extrajudicial.<\/p>\n<\/div>\n<\/div>\n<div id=\"chunk-fgoso\">\n<div class=\"mc-column content-text active-extra-styles \" data-block-type=\"unstyled\" data-block-weight=\"32\" data-block-id=\"17\">\n<p class=\" content-text__container \" data-track-category=\"Link no Texto\" data-track-links=\"\">As regras <span class=\"highlight highlighted\">n\u00e3o valem para servi\u00e7os de e-mail, servi\u00e7os cuja fun\u00e7\u00e3o principal \u00e9 realizar chamadas de v\u00eddeo ou voz e aplicativos de mensagens<\/span>, que seguem com a regra do artigo 19.<\/p>\n<\/div>\n<\/div>\n<div id=\"chunk-ciht\">\n<div class=\"mc-column content-text active-extra-styles \" data-block-type=\"unstyled\" data-block-weight=\"16\" data-block-id=\"18\">\n<p class=\" content-text__container \" data-track-category=\"Link no Texto\" data-track-links=\"\">Plataformas que funcionam como marketplaces respondem de acordo com o C\u00f3digo de Defesa do Consumidor.<\/p>\n<div id=\"chunk-bvuap\">\n<div class=\"mc-column content-text active-extra-styles\" data-block-type=\"raw\" data-block-weight=\"3\" data-block-id=\"21\">\n<div class=\"content-intertitle\">\n<h2>Como vai funcionar?<\/h2>\n<\/div>\n<p>&nbsp;<\/p>\n<\/div>\n<\/div>\n<div id=\"chunk-an8i4\">\n<div class=\"mc-column content-text active-extra-styles \" data-block-type=\"unstyled\" data-block-weight=\"26\" data-block-id=\"22\">\n<p class=\" content-text__container \" data-track-category=\"Link no Texto\" data-track-links=\"\">Se uma rede social for processada pela v\u00edtima de uma postagem criminosa, a Justi\u00e7a vai analisar se a plataforma adotou medidas para derrubar o conte\u00fado.<\/p>\n<\/div>\n<\/div>\n<div id=\"chunk-1fajo\">\n<div class=\"mc-column content-text active-extra-styles \" data-block-type=\"unstyled\" data-block-weight=\"40\" data-block-id=\"23\">\n<p class=\" content-text__container \" data-track-category=\"Link no Texto\" data-track-links=\"\">&#8220;N\u00e3o \u00e9 porque algu\u00e9m foi v\u00edtima de um crime de \u00f3dio ou discrimina\u00e7\u00e3o que a rede vai ser automaticamente responsabilizada, tem que haver uma falha sist\u00eamica&#8221;, explicou \u00c1lvaro Palma de Jorge, advogado constitucionalista e professor da FGV Direito Rio.<\/p>\n<\/div>\n<\/div>\n<div id=\"chunk-2p2rh\">\n<div class=\"mc-column content-text active-extra-styles \" data-block-type=\"unstyled\" data-block-weight=\"40\" data-block-id=\"24\">\n<p class=\" content-text__container \" data-track-category=\"Link no Texto\" data-track-links=\"\">Em alguns casos listados, pode ser mais dif\u00edcil concluir se o conte\u00fado \u00e9 criminoso ou n\u00e3o. Isso pode dar ainda mais poder \u00e0s redes sociais, avaliou Demi Getschko, diretor-presidente do N\u00facleo de Informa\u00e7\u00e3o e Coordena\u00e7\u00e3o do Ponto BR (NIC.br).<\/p>\n<div id=\"chunk-1dunh\">\n<div class=\"mc-column content-text active-extra-styles \" data-block-type=\"unstyled\" data-block-weight=\"32\" data-block-id=\"26\">\n<p class=\" content-text__container \" data-track-category=\"Link no Texto\" data-track-links=\"\">&#8220;Isso parece um certo contrassenso. Para combater o poder delas, voc\u00ea d\u00e1 a elas tamb\u00e9m o direito de decidir o que \u00e9 e o que n\u00e3o \u00e9 [crime], eu acho complicado&#8221;.<\/p>\n<\/div>\n<\/div>\n<div id=\"chunk-f107f\">\n<div class=\"mc-column content-text active-extra-styles \" data-block-type=\"unstyled\" data-block-weight=\"40\" data-block-id=\"27\">\n<p class=\" content-text__container \" data-track-category=\"Link no Texto\" data-track-links=\"\">No caso de crimes que n\u00e3o s\u00e3o considerados graves, em que as plataformas ser\u00e3o responsabilizadas se n\u00e3o atenderem notifica\u00e7\u00e3o extrajudicial, pode haver novos problemas, disse Carlos Affonso Souza, advogado e diretor do Instituto de Tecnologia e Sociedade do Rio (ITS).<\/p>\n<\/div>\n<\/div>\n<div id=\"chunk-eoqav\">\n<div class=\"mc-column content-text active-extra-styles \" data-block-type=\"unstyled\" data-block-weight=\"28\" data-block-id=\"28\">\n<p class=\" content-text__container \" data-track-category=\"Link no Texto\" data-track-links=\"\">&#8220;Agora, praticamente todo o conte\u00fado il\u00edcito foi jogado nessa prateleira. Isso pode levar \u00e0 remo\u00e7\u00e3o excessiva de conte\u00fados l\u00edcitos, pois as plataformas v\u00e3o preferir n\u00e3o correr riscos&#8221;, afirmou.<\/p>\n<\/div>\n<\/div>\n<\/div>\n<\/div>\n<\/div>\n<\/div>\n<\/div>\n<\/div>\n<\/div>\n<\/div>\n<\/div>\n","protected":false},"excerpt":{"rendered":"<p>STF listou sete casos em que plataformas devem remover postagens sem precisar de ordem judicial. Elas ser\u00e3o responsabilizadas quando houver &#8216;falha sist\u00eamica&#8217; que permite circula\u00e7\u00e3o de conte\u00fado criminoso.<\/p>\n","protected":false},"author":1,"featured_media":0,"comment_status":"closed","ping_status":"open","sticky":false,"template":"","format":"standard","meta":{"_exactmetrics_skip_tracking":false,"_exactmetrics_sitenote_active":false,"_exactmetrics_sitenote_note":"","_exactmetrics_sitenote_category":0,"jetpack_post_was_ever_published":false,"_jetpack_newsletter_access":"","_jetpack_dont_email_post_to_subs":false,"_jetpack_newsletter_tier_id":0,"_jetpack_memberships_contains_paywalled_content":false,"_jetpack_memberships_contains_paid_content":false,"footnotes":"","jetpack_publicize_message":"","jetpack_publicize_feature_enabled":true,"jetpack_social_post_already_shared":true,"jetpack_social_options":{"image_generator_settings":{"template":"highway","enabled":false},"version":2}},"categories":[1],"tags":[282,1376,30],"class_list":["post-36962","post","type-post","status-publish","format-standard","hentry","category-notas","tag-redes-sociais","tag-responsabilidade","tag-stf"],"jetpack_publicize_connections":[],"jetpack_sharing_enabled":true,"jetpack_featured_media_url":"","jetpack_shortlink":"https:\/\/wp.me\/p7wKYW-9Ca","jetpack-related-posts":[],"_links":{"self":[{"href":"http:\/\/blogdalucianaoliveira.com.br\/blog\/wp-json\/wp\/v2\/posts\/36962","targetHints":{"allow":["GET"]}}],"collection":[{"href":"http:\/\/blogdalucianaoliveira.com.br\/blog\/wp-json\/wp\/v2\/posts"}],"about":[{"href":"http:\/\/blogdalucianaoliveira.com.br\/blog\/wp-json\/wp\/v2\/types\/post"}],"author":[{"embeddable":true,"href":"http:\/\/blogdalucianaoliveira.com.br\/blog\/wp-json\/wp\/v2\/users\/1"}],"replies":[{"embeddable":true,"href":"http:\/\/blogdalucianaoliveira.com.br\/blog\/wp-json\/wp\/v2\/comments?post=36962"}],"version-history":[{"count":1,"href":"http:\/\/blogdalucianaoliveira.com.br\/blog\/wp-json\/wp\/v2\/posts\/36962\/revisions"}],"predecessor-version":[{"id":36964,"href":"http:\/\/blogdalucianaoliveira.com.br\/blog\/wp-json\/wp\/v2\/posts\/36962\/revisions\/36964"}],"wp:attachment":[{"href":"http:\/\/blogdalucianaoliveira.com.br\/blog\/wp-json\/wp\/v2\/media?parent=36962"}],"wp:term":[{"taxonomy":"category","embeddable":true,"href":"http:\/\/blogdalucianaoliveira.com.br\/blog\/wp-json\/wp\/v2\/categories?post=36962"},{"taxonomy":"post_tag","embeddable":true,"href":"http:\/\/blogdalucianaoliveira.com.br\/blog\/wp-json\/wp\/v2\/tags?post=36962"}],"curies":[{"name":"wp","href":"https:\/\/api.w.org\/{rel}","templated":true}]}}