{"id":36965,"date":"2025-06-30T08:30:26","date_gmt":"2025-06-30T12:30:26","guid":{"rendered":"https:\/\/blogdalucianaoliveira.com.br\/blog\/?p=36965"},"modified":"2025-06-30T08:30:26","modified_gmt":"2025-06-30T12:30:26","slug":"o-hospital-das-despedidas-onde-os-pacientes-vao-para-morrer-com-dignidade","status":"publish","type":"post","link":"http:\/\/blogdalucianaoliveira.com.br\/blog\/2025\/06\/30\/o-hospital-das-despedidas-onde-os-pacientes-vao-para-morrer-com-dignidade\/","title":{"rendered":"O hospital das despedidas, onde os pacientes v\u00e3o para morrer com dignidade"},"content":{"rendered":"<div class=\"bbc-19j92fr ebmt73l0\" dir=\"ltr\" data-pf_style_display=\"block\" data-pf_style_visibility=\"visible\">\n<p><img data-recalc-dims=\"1\" loading=\"lazy\" decoding=\"async\" data-attachment-id=\"36966\" data-permalink=\"http:\/\/blogdalucianaoliveira.com.br\/blog\/2025\/06\/30\/o-hospital-das-despedidas-onde-os-pacientes-vao-para-morrer-com-dignidade\/c1313f70-503e-11f0-86d5-3b52b53af158-jpg\/\" data-orig-file=\"https:\/\/i0.wp.com\/blogdalucianaoliveira.com.br\/blog\/wp-content\/uploads\/2025\/06\/c1313f70-503e-11f0-86d5-3b52b53af158.jpg.webp?fit=800%2C450\" data-orig-size=\"800,450\" data-comments-opened=\"0\" data-image-meta=\"{&quot;aperture&quot;:&quot;0&quot;,&quot;credit&quot;:&quot;&quot;,&quot;camera&quot;:&quot;&quot;,&quot;caption&quot;:&quot;&quot;,&quot;created_timestamp&quot;:&quot;0&quot;,&quot;copyright&quot;:&quot;&quot;,&quot;focal_length&quot;:&quot;0&quot;,&quot;iso&quot;:&quot;0&quot;,&quot;shutter_speed&quot;:&quot;0&quot;,&quot;title&quot;:&quot;&quot;,&quot;orientation&quot;:&quot;0&quot;}\" data-image-title=\"c1313f70-503e-11f0-86d5-3b52b53af158.jpg\" data-image-description=\"\" data-image-caption=\"\" data-medium-file=\"https:\/\/i0.wp.com\/blogdalucianaoliveira.com.br\/blog\/wp-content\/uploads\/2025\/06\/c1313f70-503e-11f0-86d5-3b52b53af158.jpg.webp?fit=300%2C169\" data-large-file=\"https:\/\/i0.wp.com\/blogdalucianaoliveira.com.br\/blog\/wp-content\/uploads\/2025\/06\/c1313f70-503e-11f0-86d5-3b52b53af158.jpg.webp?fit=600%2C338\" class=\"alignnone size-medium wp-image-36966\" src=\"https:\/\/i0.wp.com\/blogdalucianaoliveira.com.br\/blog\/wp-content\/uploads\/2025\/06\/c1313f70-503e-11f0-86d5-3b52b53af158.jpg.webp?resize=300%2C169\" alt=\"\" width=\"300\" height=\"169\" srcset=\"https:\/\/i0.wp.com\/blogdalucianaoliveira.com.br\/blog\/wp-content\/uploads\/2025\/06\/c1313f70-503e-11f0-86d5-3b52b53af158.jpg.webp?resize=300%2C169 300w, https:\/\/i0.wp.com\/blogdalucianaoliveira.com.br\/blog\/wp-content\/uploads\/2025\/06\/c1313f70-503e-11f0-86d5-3b52b53af158.jpg.webp?resize=768%2C432 768w, https:\/\/i0.wp.com\/blogdalucianaoliveira.com.br\/blog\/wp-content\/uploads\/2025\/06\/c1313f70-503e-11f0-86d5-3b52b53af158.jpg.webp?resize=533%2C300 533w, https:\/\/i0.wp.com\/blogdalucianaoliveira.com.br\/blog\/wp-content\/uploads\/2025\/06\/c1313f70-503e-11f0-86d5-3b52b53af158.jpg.webp?w=800 800w\" sizes=\"auto, (max-width: 300px) 100vw, 300px\" \/><\/p>\n<p><span role=\"text\"><span class=\"bbc-of1z6f\">Marina Rossi e Vitor Serrano, e<\/span><\/span><span role=\"text\"><span class=\"bbc-1y5sx98\">nviados da BBC News Brasil a Salvador &#8211; <\/span><\/span><span class=\"text-node\">&#8220;Era aqui que eu come\u00e7ava a\u00a0<\/span><a class=\"focusIndicatorReducedWidth bbc-n8oauk e1p3sufg0\" href=\"https:\/\/www.bbc.com\/portuguese\/articles\/c1knpzx7299o\" data-pf_style_display=\"inline\" data-pf_style_visibility=\"visible\"><span class=\"text-node\">corrida dos tr\u00eas far\u00f3is<\/span><\/a><span class=\"text-node\">\u00a0: de Humait\u00e1, passando pelo Farol da Barra e ia at\u00e9 o Farol de Itapu\u00e3&#8221;, contou Ayrton dos Santos Pinheiro, contemplando o mar de\u00a0<\/span><a class=\"focusIndicatorReducedWidth bbc-n8oauk e1p3sufg0\" href=\"https:\/\/www.bbc.com\/portuguese\/articles\/ck5wxkr975jo\" data-pf_style_display=\"inline\" data-pf_style_visibility=\"visible\"><span class=\"text-node\">Salvador<\/span><\/a><span class=\"text-node\">\u00a0que se abria diante de sua janela.<\/span><\/p>\n<\/div>\n<p><!--more--><\/p>\n<div class=\"bbc-19j92fr ebmt73l0\" dir=\"ltr\" data-pf_style_display=\"block\" data-pf_style_visibility=\"visible\">\n<p class=\"bbc-hhl7in e17g058b0 added-to-list1\" dir=\"ltr\" data-pf_style_display=\"block\" data-pf_style_visibility=\"visible\"><span class=\"text-node\"><span>Era uma segunda-feira no in\u00edcio de junho, claro na\u00a0<\/span><\/span><a class=\"focusIndicatorReducedWidth bbc-n8oauk e1p3sufg0\" href=\"https:\/\/www.bbc.com\/portuguese\/topics\/cxnyknq3904t\" data-pf_style_display=\"inline\" data-pf_style_visibility=\"visible\"><span class=\"text-node\"><span>capital da Bahia<\/span><\/span><\/a><span class=\"text-node\"><span>\u00a0ap\u00f3s dias seguidos de chuvas intensas, e Ayrton, de 90 anos, estava em uma das tr\u00eas camas espalhadas por um quarto amplo e bem iluminado no hospital Mont Serrat.<\/span><\/span><\/p>\n<\/div>\n<div class=\"bbc-19j92fr ebmt73l0\" dir=\"ltr\" data-pf_style_display=\"block\" data-pf_style_visibility=\"visible\">\n<p class=\"bbc-hhl7in e17g058b0 added-to-list1\" dir=\"ltr\" data-pf_style_display=\"block\" data-pf_style_visibility=\"visible\"><span class=\"text-node\"><span>&#8220;Quando me disseram que eu viria para este\u00a0<\/span><\/span><a class=\"focusIndicatorReducedWidth bbc-n8oauk e1p3sufg0\" href=\"https:\/\/www.bbc.com\/portuguese\/topics\/c340q430z4vt\" data-pf_style_display=\"inline\" data-pf_style_visibility=\"visible\"><span class=\"text-node\"><span>hospital<\/span><\/span><\/a><span class=\"text-node\"><span>\u00a0, eu n\u00e3o sabia que ele estava aqui&#8221;, agitou-se, falando das instala\u00e7\u00f5es na Ponta de Humait\u00e1, no alto do bairro Monte Serrat, na Cidade Baixa.<\/span><\/span><\/p>\n<\/div>\n<div class=\"bbc-19j92fr ebmt73l0\" dir=\"ltr\" data-pf_style_display=\"block\" data-pf_style_visibility=\"visible\">\n<p class=\"bbc-hhl7in e17g058b0 added-to-list1\" dir=\"ltr\" data-pf_style_display=\"block\" data-pf_style_visibility=\"visible\"><span class=\"text-node\"><span>As lembran\u00e7as for\u00e7aram Ayrton a fazer pausas na fala. Tomando respira\u00e7\u00e3o, com a voz embargada, falou com detalhes dos anos como corredor, da fam\u00edlia e do nascimento de um dos filhos naquele bairro.<\/span><\/span><\/p>\n<\/div>\n<section class=\"bbc-geybui\" role=\"region\" aria-label=\"Publicidade 2\" aria-hidden=\"true\" data-e2e=\"advertisement\" data-pf_style_display=\"flex\" data-pf_style_visibility=\"visible\"><\/section>\n<div class=\"bbc-19j92fr ebmt73l0\" dir=\"ltr\" data-pf_style_display=\"block\" data-pf_style_visibility=\"visible\">\n<p class=\"bbc-hhl7in e17g058b0 added-to-list1\" dir=\"ltr\" data-pf_style_display=\"block\" data-pf_style_visibility=\"visible\"><span class=\"text-node\"><span>Nascido em Pojuca, um pequeno munic\u00edpio da Regi\u00e3o Metropolitana de Salvador, ele chegou \u00e0 capital por volta dos 8 anos com uma fam\u00edlia e, at\u00e9 hoje, se encanta com a cidade de onde nunca mais saiu. &#8220;\u00c9 linda&#8221;, disse.<\/span><\/span><\/p>\n<\/div>\n<div class=\"bbc-19j92fr ebmt73l0\" dir=\"ltr\" data-pf_style_display=\"block\" data-pf_style_visibility=\"visible\">\n<p class=\"bbc-hhl7in e17g058b0 added-to-list1\" dir=\"ltr\" data-pf_style_display=\"block\" data-pf_style_visibility=\"visible\"><span class=\"text-node\"><span>Abriu uma ag\u00eancia de turismo, casou-se e tocou a vida entre o esporte, o trabalho e a fam\u00edlia.<\/span><\/span><\/p>\n<\/div>\n<div class=\"bbc-19j92fr ebmt73l0\" dir=\"ltr\" data-pf_style_display=\"block\" data-pf_style_visibility=\"visible\">\n<p class=\"bbc-hhl7in e17g058b0 added-to-list1\" dir=\"ltr\" data-pf_style_display=\"block\" data-pf_style_visibility=\"visible\"><span class=\"text-node\"><span>Ayrton ficou surpreso quando descobriu no hospital, por fim, que estava em um peda\u00e7o da cidade que trazia tantas lembran\u00e7as boas. &#8220;Quando cheguei aqui, minhas for\u00e7as se renovaram.&#8221;<\/span><\/span><\/p>\n<\/div>\n<div class=\"bbc-19j92fr ebmt73l0\" dir=\"ltr\" data-pf_style_display=\"block\" data-pf_style_visibility=\"visible\">\n<p class=\"bbc-hhl7in e17g058b0 added-to-list1\" dir=\"ltr\" data-pf_style_display=\"block\" data-pf_style_visibility=\"visible\"><span class=\"text-node\"><span>Ele ocupava um dos 64 leitos do Mont Serrat, que funciona em um casar\u00e3o do s\u00e9culo 19, pr\u00f3ximo a um dos pontos mais conhecidos de Salvador, a igreja do Senhor do Bonfim.<\/span><\/span><\/p>\n<\/div>\n<div class=\"bbc-19j92fr ebmt73l0\" dir=\"ltr\" data-pf_style_display=\"block\" data-pf_style_visibility=\"visible\">\n<p class=\"bbc-hhl7in e17g058b0 added-to-list1\" dir=\"ltr\" data-pf_style_display=\"block\" data-pf_style_visibility=\"visible\"><span class=\"text-node\"><span>Antes, era o hospital de infectologia Couto Maia, mas desde o fim de janeiro \u00e9 a\u00ed que se instalou o primeiro, e at\u00e9 o momento \u00fanico, hospital de\u00a0<\/span><\/span><a class=\"focusIndicatorReducedWidth bbc-n8oauk e1p3sufg0\" href=\"https:\/\/www.bbc.com\/portuguese\/geral-58838202\" data-pf_style_display=\"inline\" data-pf_style_visibility=\"visible\"><span class=\"text-node\"><span>cuidados paliativos<\/span><\/span><\/a><span class=\"text-node\"><span>\u00a0do\u00a0<\/span><\/span><a class=\"focusIndicatorReducedWidth bbc-n8oauk e1p3sufg0\" href=\"https:\/\/www.bbc.com\/portuguese\/articles\/cx20r97kyl7o\" data-pf_style_display=\"inline\" data-pf_style_visibility=\"visible\"><span class=\"text-node\"><span>Sistema \u00danico de Sa\u00fade (SUS)<\/span><\/span><\/a><span class=\"text-node\"><span>\u00a0do Brasil.<\/span><\/span><\/p>\n<\/div>\n<div class=\"bbc-19j92fr ebmt73l0\" dir=\"ltr\" data-pf_style_display=\"block\" data-pf_style_visibility=\"visible\">\n<p class=\"bbc-hhl7in e17g058b0 added-to-list1\" dir=\"ltr\" data-pf_style_display=\"block\" data-pf_style_visibility=\"visible\"><span class=\"text-node\"><span>Os cuidados paliativos focam na melhoria da qualidade de vida e dos sintomas dos pacientes com doen\u00e7as graves ou que n\u00e3o t\u00eam cura. A abordagem, que tamb\u00e9m \u00e9 centrada no cuidado dos familiares, n\u00e3o acelera nem abrevia o processo de morte do paciente, mas busca reduzir o sofrimento f\u00edsico, psicol\u00f3gico e espiritual.<\/span><\/span><\/p>\n<\/div>\n<div class=\"bbc-19j92fr ebmt73l0\" dir=\"ltr\" data-pf_style_display=\"block\" data-pf_style_visibility=\"visible\">\n<p class=\"bbc-hhl7in e17g058b0 added-to-list1\" dir=\"ltr\" data-pf_style_display=\"block\" data-pf_style_visibility=\"visible\"><span class=\"text-node\"><span>&#8220;Aqui, o foco da gente n\u00e3o \u00e9 a morte. Aqui, o foco da gente \u00e9 cuidado enquanto vida tiver&#8221;, diz a m\u00e9dica Karoline Apol\u00f4nia, coordenadora do N\u00facleo de Cuidados Paliativos da Secretaria de Sa\u00fade da Bahia.<\/span><\/span><\/p>\n<\/div>\n<div class=\"bbc-19j92fr ebmt73l0\" dir=\"ltr\" data-pf_style_display=\"block\" data-pf_style_visibility=\"visible\">\n<p class=\"bbc-hhl7in e17g058b0 added-to-list1\" dir=\"ltr\" data-pf_style_display=\"block\" data-pf_style_visibility=\"visible\"><span class=\"text-node\"><span>&#8220;Perguntaram se meu pai queria fazer a barba, para\u00a0<\/span><\/span><a class=\"focusIndicatorReducedWidth bbc-n8oauk e1p3sufg0\" href=\"https:\/\/www.bbc.com\/portuguese\/topics\/c404v02qzzyt\" data-pf_style_display=\"inline\" data-pf_style_visibility=\"visible\"><span class=\"text-node\"><span>que tempo ele torce<\/span><\/span><\/a><span class=\"text-node\"><span>\u00a0, o que gosta de comer, se gosta de m\u00fasica. Ent\u00e3o, a gente relaxou, por saber que ele est\u00e1 sendo bem cuidado&#8221;, conta Ayrton Junior, filho do corredor Ayrton.<\/span><\/span><\/p>\n<\/div>\n<div class=\"bbc-19j92fr ebmt73l0\" dir=\"ltr\" data-pf_style_display=\"block\" data-pf_style_visibility=\"visible\">\n<p class=\"bbc-hhl7in e17g058b0 added-to-list1\" dir=\"ltr\" data-pf_style_display=\"block\" data-pf_style_visibility=\"visible\"><span class=\"text-node\"><span>Junior diz que o pai tem\u00a0<\/span><\/span><a class=\"focusIndicatorReducedWidth bbc-n8oauk e1p3sufg0\" href=\"https:\/\/www.bbc.com\/portuguese\/articles\/czx44qj5k4ro\" data-pf_style_display=\"inline\" data-pf_style_visibility=\"visible\"><span class=\"text-node\"><span>c\u00e2ncer de pr\u00f3stata<\/span><\/span><\/a><span class=\"text-node\"><span>\u00a0e tratou com radioterapia um c\u00e2ncer na pele do nariz e da cabe\u00e7a.<\/span><\/span><\/p>\n<\/div>\n<div class=\"bbc-19j92fr ebmt73l0\" dir=\"ltr\" data-pf_style_display=\"block\" data-pf_style_visibility=\"visible\">\n<p class=\"bbc-hhl7in e17g058b0 added-to-list1\" dir=\"ltr\" data-pf_style_display=\"block\" data-pf_style_visibility=\"visible\"><span class=\"text-node\"><span>&#8220;[Ele] correu v\u00e1rias maratonas, tenho v\u00e1rios trof\u00e9us dele l\u00e1 em casa inclusive&#8221;, lembra.<\/span><\/span><\/p>\n<\/div>\n<div class=\"bbc-19j92fr ebmt73l0\" dir=\"ltr\" data-pf_style_display=\"block\" data-pf_style_visibility=\"visible\">\n<p class=\"bbc-hhl7in e17g058b0 added-to-list1\" dir=\"ltr\" data-pf_style_display=\"block\" data-pf_style_visibility=\"visible\"><span class=\"text-node\"><span>Mas agora a prioridade \u00e9 o presente.<\/span><\/span><\/p>\n<\/div>\n<div class=\"bbc-19j92fr ebmt73l0\" dir=\"ltr\" data-pf_style_display=\"block\" data-pf_style_visibility=\"visible\">\n<p class=\"bbc-hhl7in e17g058b0 added-to-list1\" dir=\"ltr\" data-pf_style_display=\"block\" data-pf_style_visibility=\"visible\"><span class=\"text-node\"><span>&#8220;A gente sente que o que \u00e9 importante para meu pai \u00e9 o conforto presente, no momento presente. Um dia depois do outro. Ele precisa ficar bem, \u00e9 o nosso pensamento, \u00e9 o pensamento da fam\u00edlia dele.&#8221;<\/span><\/span><\/p>\n<\/div>\n<figure class=\"bbc-1qn0xuy pf-caption added-to-list1 flex-width blockImage pf-size-full\" data-pf_style_display=\"block\" data-pf_style_visibility=\"visible\">\n<div class=\"bbc-j1srjl\" data-pf_style_display=\"block\" data-pf_style_visibility=\"visible\"><img data-recalc-dims=\"1\" decoding=\"async\" class=\"bbc-139onq caption-img flex-width pf-size-full blockImage\" src=\"https:\/\/i0.wp.com\/ichef.bbci.co.uk\/ace\/ws\/640\/cpsprodpb\/0497\/live\/b167feb0-504a-11f0-a466-d54f65b60deb.jpg.webp?w=600&#038;ssl=1\" sizes=\"(min-width: 1008px) 760px, 100vw\" srcset=\"https:\/\/ichef.bbci.co.uk\/ace\/ws\/240\/cpsprodpb\/0497\/live\/b167feb0-504a-11f0-a466-d54f65b60deb.jpg.webp 240w, https:\/\/ichef.bbci.co.uk\/ace\/ws\/320\/cpsprodpb\/0497\/live\/b167feb0-504a-11f0-a466-d54f65b60deb.jpg.webp 320w, https:\/\/ichef.bbci.co.uk\/ace\/ws\/480\/cpsprodpb\/0497\/live\/b167feb0-504a-11f0-a466-d54f65b60deb.jpg.webp 480w, https:\/\/ichef.bbci.co.uk\/ace\/ws\/624\/cpsprodpb\/0497\/live\/b167feb0-504a-11f0-a466-d54f65b60deb.jpg.webp 624w, https:\/\/ichef.bbci.co.uk\/ace\/ws\/800\/cpsprodpb\/0497\/live\/b167feb0-504a-11f0-a466-d54f65b60deb.jpg.webp 800w\" alt=\"Foto de um senhor sentado apontado para a frente enquanto uma mulher de m\u00e1scara e vestida de branco olha para onde ele aponta.\"  data-pf_style_display=\"inline\" data-pf_style_visibility=\"visible\" data-pf_rect_width=\"800\" data-pf_rect_height=\"36.78125\" \/><\/p>\n<p class=\"bbc-by8ykd added-to-list1\" role=\"text\" data-pf_style_display=\"block\" data-pf_style_visibility=\"visible\"><span class=\"bbc-m04vo2\" data-pf_style_display=\"block\" data-pf_style_visibility=\"visible\"><span class=\"text-node\"><span>Cr\u00e9dito,\u00a0<\/span><\/span><\/span><span lang=\"en-GB\" data-pf_style_display=\"inline\" data-pf_style_visibility=\"visible\"><span class=\"text-node\"><span>Vitor Serrano\/BBC News Brasil<\/span><\/span><\/span><\/p>\n<\/div><figcaption class=\"bbc-15f1ujd\" dir=\"ltr\" data-pf_style_display=\"block\" data-pf_style_visibility=\"visible\"><span role=\"text\" data-pf_style_display=\"inline\" data-pf_style_visibility=\"visible\"><span class=\"bbc-m04vo2\" data-pf_style_display=\"block\" data-pf_style_visibility=\"visible\"><span class=\"text-node\"><span>Legenda da foto,\u00a0<\/span><\/span><\/span><span data-testid=\"caption-paragraph\" data-pf_style_display=\"inline\" data-pf_style_visibility=\"visible\"><span class=\"text-node\">Ayrton dos Santos Pinheiro foi um dos pacientes atendidos pelo hospital Mont Serrat desde que foi inaugurado no fim de janeiro<\/span><\/span><\/span><\/figcaption><\/figure>\n<p class=\"bbc-19j92fr ebmt73l0 added-to-list1\">\n<h2 id=\"Um-hospital-sem-UTI\" class=\"bbc-1lgzob2 eglt09e0\" tabindex=\"-1\" data-pf_style_display=\"block\" data-pf_style_visibility=\"visible\"><span class=\"text-node\"><span>Um hospital sem UTI<\/span><\/span><\/h2>\n<div class=\"bbc-19j92fr ebmt73l0\" dir=\"ltr\" data-pf_style_display=\"block\" data-pf_style_visibility=\"visible\">\n<p class=\"bbc-hhl7in e17g058b0 added-to-list1\" dir=\"ltr\" data-pf_style_display=\"block\" data-pf_style_visibility=\"visible\"><span class=\"text-node\"><span>Caminhar pelos quatro pavilh\u00f5es do Mont Serrat \u00e9 perceber tamb\u00e9m que ali n\u00e3o funciona um hospital comum.<\/span><\/span><\/p>\n<\/div>\n<div class=\"bbc-19j92fr ebmt73l0\" dir=\"ltr\" data-pf_style_display=\"block\" data-pf_style_visibility=\"visible\">\n<p class=\"bbc-hhl7in e17g058b0 added-to-list1\" dir=\"ltr\" data-pf_style_display=\"block\" data-pf_style_visibility=\"visible\"><span class=\"text-node\"><span>N\u00e3o h\u00e1 uma sala de reanima\u00e7\u00e3o \u2014 j\u00e1 que isso contrariaria um dos crit\u00e9rios para admiss\u00e3o no hospital \u2014, nem uma\u00a0<\/span><\/span><a class=\"focusIndicatorReducedWidth bbc-n8oauk e1p3sufg0\" href=\"https:\/\/www.bbc.com\/portuguese\/geral-63788292\" data-pf_style_display=\"inline\" data-pf_style_visibility=\"visible\"><span class=\"text-node\"><span>Unidade de Terapia Intensiva (UTI).<\/span><\/span><\/a><\/p>\n<\/div>\n<div class=\"bbc-19j92fr ebmt73l0\" dir=\"ltr\" data-pf_style_display=\"block\" data-pf_style_visibility=\"visible\">\n<p class=\"bbc-hhl7in e17g058b0 added-to-list1\" dir=\"ltr\" data-pf_style_display=\"block\" data-pf_style_visibility=\"visible\"><span class=\"text-node\"><span>Karoline, que compara a interna\u00e7\u00e3o em uma UTI com correr uma maratona, diz que isso seria incompat\u00edvel com a condi\u00e7\u00e3o dos pacientes que ingressam ali.<\/span><\/span><\/p>\n<\/div>\n<div class=\"bbc-19j92fr ebmt73l0\" dir=\"ltr\" data-pf_style_display=\"block\" data-pf_style_visibility=\"visible\">\n<p class=\"bbc-hhl7in e17g058b0 added-to-list1\" dir=\"ltr\" data-pf_style_display=\"block\" data-pf_style_visibility=\"visible\"><span class=\"text-node\"><span>\u201cSe eu coloco esse paciente para correr uma maratona, s\u00f3 vou trazer-lhe sofrimento\u201d, afirma o m\u00e9dico. &#8220;Ent\u00e3o, em vez disso, a gente sugere que ele sente aqui e contemple o p\u00f4r do sol. Aproveitar para dizer desculpa, obrigada, eu te amo e tchau.&#8221;<\/span><\/span><\/p>\n<\/div>\n<div class=\"bbc-19j92fr ebmt73l0\" dir=\"ltr\" data-pf_style_display=\"block\" data-pf_style_visibility=\"visible\">\n<p class=\"bbc-hhl7in e17g058b0 added-to-list1\" dir=\"ltr\" data-pf_style_display=\"block\" data-pf_style_visibility=\"visible\"><span class=\"text-node\"><span>Para que um paciente tenha indica\u00e7\u00e3o de cuidados paliativos, ele deve ser encaminhado por uma Unidade de Pronto Atendimento (UPA), atendendo a alguns crit\u00e9rios, como ter um diagn\u00f3stico de doen\u00e7a grave e tempo estimado de vida de seis meses.<\/span><\/span><\/p>\n<\/div>\n<div class=\"bbc-19j92fr ebmt73l0\" dir=\"ltr\" data-pf_style_display=\"block\" data-pf_style_visibility=\"visible\">\n<p class=\"bbc-hhl7in e17g058b0 added-to-list1\" dir=\"ltr\" data-pf_style_display=\"block\" data-pf_style_visibility=\"visible\"><span class=\"text-node\"><span>A fam\u00edlia e o paciente tamb\u00e9m j\u00e1 devem ter enfrentado o que Karoline chama de &#8220;conversas dif\u00edceis&#8221;, isto \u00e9, discutir um progn\u00f3stico irrevers\u00edvel e saber que a UTI n\u00e3o estaria entre as op\u00e7\u00f5es para mant\u00ea-lo vivo.<\/span><\/span><\/p>\n<\/div>\n<div class=\"bbc-19j92fr ebmt73l0\" dir=\"ltr\" data-pf_style_display=\"block\" data-pf_style_visibility=\"visible\">\n<p class=\"bbc-hhl7in e17g058b0 added-to-list1\" dir=\"ltr\" data-pf_style_display=\"block\" data-pf_style_visibility=\"visible\"><span class=\"text-node\"><span>Outra ocorr\u00eancia do Mont Serrat \u00e9 que o necrot\u00e9rio fica no centro, entre os quatro pavilh\u00f5es, e n\u00e3o em uma ala isolada. E, no mesmo ambiente, dividido por uma porta de correr, fica a Sala da Saudade.<\/span><\/span><\/p>\n<\/div>\n<div class=\"bbc-19j92fr ebmt73l0\" dir=\"ltr\" data-pf_style_display=\"block\" data-pf_style_visibility=\"visible\">\n<p class=\"bbc-hhl7in e17g058b0 added-to-list1\" dir=\"ltr\" data-pf_style_display=\"block\" data-pf_style_visibility=\"visible\"><span class=\"text-node\"><span>\u00c9 ali que muitas fam\u00edlias se despedem, se abra\u00e7am e se acolhem, depois que um familiar faleceu, porque a premissa \u00e9 que os parentes tamb\u00e9m sejam cuidados.<\/span><\/span><\/p>\n<\/div>\n<div class=\"bbc-19j92fr ebmt73l0\" dir=\"ltr\" data-pf_style_display=\"block\" data-pf_style_visibility=\"visible\">\n<p class=\"bbc-hhl7in e17g058b0 added-to-list1\" dir=\"ltr\" data-pf_style_display=\"block\" data-pf_style_visibility=\"visible\"><span class=\"text-node\"><span>Na sala tem um sof\u00e1, uma televis\u00e3o, \u00e1gua, caf\u00e9 e um abajur com luz indireta. Na parede de entrada, uma frase de\u00a0<\/span><\/span><a class=\"focusIndicatorReducedWidth bbc-n8oauk e1p3sufg0\" href=\"https:\/\/www.bbc.com\/portuguese\/articles\/cx99lq5l2p7o\" data-pf_style_display=\"inline\" data-pf_style_visibility=\"visible\"><span class=\"text-node\"><span>Ana Cl\u00e1udia Quintana Arantes, uma das<\/span><\/span><\/a><span class=\"text-node\"><span>\u00a0pioneiras paliativistas e mais c\u00e9lebres do pa\u00eds, est\u00e1 escrita de fora a fora: &#8220;Um minuto de sil\u00eancio. Preciso ouvir meu cora\u00e7\u00e3o cantar.&#8221;<\/span><\/span><\/p>\n<\/div>\n<figure class=\"bbc-1qn0xuy pf-caption added-to-list1 flex-width blockImage pf-size-full\" data-pf_style_display=\"block\" data-pf_style_visibility=\"visible\">\n<div class=\"bbc-j1srjl\" data-pf_style_display=\"block\" data-pf_style_visibility=\"visible\"><img data-recalc-dims=\"1\" decoding=\"async\" class=\"bbc-139onq caption-img flex-width pf-size-full blockImage\" src=\"https:\/\/i0.wp.com\/ichef.bbci.co.uk\/ace\/ws\/640\/cpsprodpb\/d234\/live\/faf17080-5053-11f0-a358-6b11f7569438.jpg.webp?w=600&#038;ssl=1\" sizes=\"(min-width: 1008px) 760px, 100vw\" srcset=\"https:\/\/ichef.bbci.co.uk\/ace\/ws\/240\/cpsprodpb\/d234\/live\/faf17080-5053-11f0-a358-6b11f7569438.jpg.webp 240w, https:\/\/ichef.bbci.co.uk\/ace\/ws\/320\/cpsprodpb\/d234\/live\/faf17080-5053-11f0-a358-6b11f7569438.jpg.webp 320w, https:\/\/ichef.bbci.co.uk\/ace\/ws\/480\/cpsprodpb\/d234\/live\/faf17080-5053-11f0-a358-6b11f7569438.jpg.webp 480w, https:\/\/ichef.bbci.co.uk\/ace\/ws\/624\/cpsprodpb\/d234\/live\/faf17080-5053-11f0-a358-6b11f7569438.jpg.webp 624w, https:\/\/ichef.bbci.co.uk\/ace\/ws\/800\/cpsprodpb\/d234\/live\/faf17080-5053-11f0-a358-6b11f7569438.jpg.webp 800w\" alt=\"Faxada do hospital, um casamento antigo em Salvador.\"  data-pf_style_display=\"inline\" data-pf_style_visibility=\"visible\" data-pf_rect_width=\"348.8125\" data-pf_rect_height=\"18.390625\" \/><\/p>\n<p class=\"bbc-by8ykd added-to-list1\" role=\"text\" data-pf_style_display=\"block\" data-pf_style_visibility=\"visible\"><span class=\"bbc-m04vo2\" data-pf_style_display=\"block\" data-pf_style_visibility=\"visible\"><span class=\"text-node\"><span>Cr\u00e9dito,\u00a0<\/span><\/span><\/span><span lang=\"en-GB\" data-pf_style_display=\"inline\" data-pf_style_visibility=\"visible\"><span class=\"text-node\"><span>Matheus Leite\/BBC News Brasil<\/span><\/span><\/span><\/p>\n<\/div><figcaption class=\"bbc-15f1ujd\" dir=\"ltr\" data-pf_style_display=\"block\" data-pf_style_visibility=\"visible\"><span role=\"text\" data-pf_style_display=\"inline\" data-pf_style_visibility=\"visible\"><span class=\"bbc-m04vo2\" data-pf_style_display=\"block\" data-pf_style_visibility=\"visible\"><span class=\"text-node\"><span>Legenda da foto,\u00a0<\/span><\/span><\/span><span data-testid=\"caption-paragraph\" data-pf_style_display=\"inline\" data-pf_style_visibility=\"visible\"><span class=\"text-node\">O Mont Serrat funciona onde antes era o hospital de infectologia Couto Maia em Salvador<\/span><\/span><\/span><\/figcaption><\/figure>\n<div class=\"bbc-19j92fr ebmt73l0\" dir=\"ltr\" data-pf_style_display=\"block\" data-pf_style_visibility=\"visible\">\n<p class=\"bbc-hhl7in e17g058b0 added-to-list1\" dir=\"ltr\" data-pf_style_display=\"block\" data-pf_style_visibility=\"visible\"><span class=\"text-node\"><span>\u201cEste hospital foi muito sonhado, por muitos anos\u201d, contou a m\u00e9dica Karoline, pernambucana de 44 anos, h\u00e1 11 em Salvador.<\/span><\/span><\/p>\n<\/div>\n<div class=\"bbc-19j92fr ebmt73l0\" dir=\"ltr\" data-pf_style_display=\"block\" data-pf_style_visibility=\"visible\">\n<p class=\"bbc-hhl7in e17g058b0 added-to-list1\" dir=\"ltr\" data-pf_style_display=\"block\" data-pf_style_visibility=\"visible\"><span class=\"text-node\"><span>O sonho teve in\u00edcio em 2019, quando surgiu o N\u00facleo de Cuidados Paliativos da Secretaria de Sa\u00fade da Bahia, formando m\u00e9dicos especialistas nesta \u00e1rea em todo o Estado.<\/span><\/span><\/p>\n<\/div>\n<div class=\"bbc-19j92fr ebmt73l0\" dir=\"ltr\" data-pf_style_display=\"block\" data-pf_style_visibility=\"visible\">\n<p class=\"bbc-hhl7in e17g058b0 added-to-list1\" dir=\"ltr\" data-pf_style_display=\"block\" data-pf_style_visibility=\"visible\"><span class=\"text-node\"><span>O n\u00facleo foi pioneiro: foi somente em maio de 2024 que o Minist\u00e9rio da Sa\u00fade lan\u00e7ou a Pol\u00edtica Nacional de Cuidados Paliativos no \u00e2mbito do SUS. Na mesma esteira, desde 2023, os cuidados paliativos s\u00e3o disciplina obrigat\u00f3ria nas faculdades de medicina de todo o pa\u00eds.<\/span><\/span><\/p>\n<\/div>\n<div class=\"bbc-19j92fr ebmt73l0\" dir=\"ltr\" data-pf_style_display=\"block\" data-pf_style_visibility=\"visible\">\n<p class=\"bbc-hhl7in e17g058b0 added-to-list1\" dir=\"ltr\" data-pf_style_display=\"block\" data-pf_style_visibility=\"visible\"><span class=\"text-node\"><span>Na Bahia, o projeto tomou corpo quando foi feito uma radiografia da rede.<\/span><\/span><\/p>\n<\/div>\n<div class=\"bbc-19j92fr ebmt73l0\" dir=\"ltr\" data-pf_style_display=\"block\" data-pf_style_visibility=\"visible\">\n<p class=\"bbc-hhl7in e17g058b0 added-to-list1\" dir=\"ltr\" data-pf_style_display=\"block\" data-pf_style_visibility=\"visible\"><span class=\"text-node\"><span>\u201cPercebemos que entre 20% e 30% dos pacientes de toda a rede p\u00fablica da Bahia tinham indica\u00e7\u00e3o de serem transferidos para uma unidade especializada em cuidados paliativos\u201d, contou Karoline.<\/span><\/span><\/p>\n<\/div>\n<div class=\"bbc-19j92fr ebmt73l0\" dir=\"ltr\" data-pf_style_display=\"block\" data-pf_style_visibility=\"visible\">\n<p class=\"bbc-hhl7in e17g058b0 added-to-list1\" dir=\"ltr\" data-pf_style_display=\"block\" data-pf_style_visibility=\"visible\"><span class=\"text-node\"><span>&#8220;A gente n\u00e3o queria nem que os pacientes chegassem aqui e morressem imediatamente&#8221;, explicou Yanne Amorim, l\u00edder m\u00e9dica do hospital, &#8220;e nem que virasse um hospital de doen\u00e7as cr\u00f4nicas.&#8221;<\/span><\/span><\/p>\n<\/div>\n<div class=\"bbc-19j92fr ebmt73l0\" dir=\"ltr\" data-pf_style_display=\"block\" data-pf_style_visibility=\"visible\">\n<p class=\"bbc-hhl7in e17g058b0 added-to-list1\" dir=\"ltr\" data-pf_style_display=\"block\" data-pf_style_visibility=\"visible\"><span class=\"text-node\"><span>Por isso, o tempo estimado de vida dos pacientes que chegam ao Mont Serrat \u00e9 de seis meses. Alguns vivem mais do que isso e chegam a ir para casa, para seguir com os cuidados com a fam\u00edlia. Outros vivem bem menos, de forma que o tempo m\u00e9dio de interna\u00e7\u00e3o no hospital \u00e9 de oito dias.<\/span><\/span><\/p>\n<\/div>\n<div class=\"bbc-19j92fr ebmt73l0\" dir=\"ltr\" data-pf_style_display=\"block\" data-pf_style_visibility=\"visible\">\n<p class=\"bbc-hhl7in e17g058b0 added-to-list1\" dir=\"ltr\" data-pf_style_display=\"block\" data-pf_style_visibility=\"visible\"><span class=\"text-node\"><span>\u201cO paciente recebe alta conhecimento e sabe que ele continua tendo a sua doen\u00e7a\u201d, explicou Yanne. &#8220;Mas ele volta para casa com a condi\u00e7\u00e3o de estar conectado com o que muitas vezes \u00e9 sagrado para ele, que \u00e9 a sua fam\u00edlia.&#8221;<\/span><\/span><\/p>\n<\/div>\n<div class=\"bbc-19j92fr ebmt73l0\" dir=\"ltr\" data-pf_style_display=\"block\" data-pf_style_visibility=\"visible\">\n<p class=\"bbc-hhl7in e17g058b0 added-to-list1\" dir=\"ltr\" data-pf_style_display=\"block\" data-pf_style_visibility=\"visible\"><span class=\"text-node\"><span>Esses pacientes que recebem alta podem continuar o tratamento em casa, indo eventualmente ao ambulat\u00f3rio do Mont Serrat, ou acabam morrendo cercados de parentes e amigos.<\/span><\/span><\/p>\n<\/div>\n<div class=\"bbc-19j92fr ebmt73l0\" dir=\"ltr\" data-pf_style_display=\"block\" data-pf_style_visibility=\"visible\">\n<p class=\"bbc-hhl7in e17g058b0 added-to-list1\" dir=\"ltr\" data-pf_style_display=\"block\" data-pf_style_visibility=\"visible\"><span class=\"text-node\"><span>A BBC News Brasil fez duas visitas \u00e0 institui\u00e7\u00e3o, uma no in\u00edcio de abril, e exatamente dois meses depois. Nenhum paciente que estava na primeira visita continuou ali na segunda.<\/span><\/span><\/p>\n<\/div>\n<figure class=\"media-container bbc-1hu5uc3 pf-caption added-to-list1 flex-width blockImage pf-size-full\" data-e2e=\"media-loader__container\" data-pf_style_display=\"block\" data-pf_style_visibility=\"visible\">\n<div class=\"bbc-145siv3\" data-e2e=\"media-loader__placeholder\" data-pf_style_display=\"block\" data-pf_style_visibility=\"visible\">\n<p class=\"bbc-2ty1t2 added-to-list1\">\n<div class=\"bbc-lgx6cw\" data-pf_style_display=\"block\" data-pf_style_visibility=\"visible\"><img data-recalc-dims=\"1\" decoding=\"async\" class=\"bbc-ipdj63 pf-large-image caption-img flex-width pf-size-full blockImage\" src=\"https:\/\/i0.wp.com\/ichef.bbci.co.uk\/images\/ic\/512xn\/p0lm6n12.jpg.webp?w=600&#038;ssl=1\" srcset=\"https:\/\/ichef.bbci.co.uk\/images\/ic\/240xn\/p0lm6n12.jpg.webp 240w, https:\/\/ichef.bbci.co.uk\/images\/ic\/320xn\/p0lm6n12.jpg.webp 320w, https:\/\/ichef.bbci.co.uk\/images\/ic\/480xn\/p0lm6n12.jpg.webp 480w, https:\/\/ichef.bbci.co.uk\/images\/ic\/624xn\/p0lm6n12.jpg.webp 624w, https:\/\/ichef.bbci.co.uk\/images\/ic\/800xn\/p0lm6n12.jpg.webp 800w\" alt=\"\" data-pf_style_display=\"inline\" data-pf_style_visibility=\"visible\" data-pf_rect_width=\"800\" data-pf_rect_height=\"450\" \/><\/div>\n<\/div><figcaption class=\"bbc-1014vxl\" dir=\"ltr\" data-pf_style_display=\"block\" data-pf_style_visibility=\"visible\"><span role=\"text\" data-pf_style_display=\"inline\" data-pf_style_visibility=\"visible\"><span class=\"bbc-m04vo2\" data-pf_style_display=\"block\" data-pf_style_visibility=\"visible\"><span class=\"text-node\"><span>Legenda do v\u00eddeo,\u00a0<\/span><\/span><\/span><span data-testid=\"caption-paragraph\" data-pf_style_display=\"inline\" data-pf_style_visibility=\"visible\"><span class=\"text-node\">O hospital p\u00fablico onde os pacientes v\u00e3o morrer com dignidade<\/span><\/span><\/span><\/figcaption><\/figure>\n<p class=\"bbc-19j92fr ebmt73l0 added-to-list1\">\n<h2 id=\"Meu-marido-chegou-aqui-morto\" class=\"bbc-1lgzob2 eglt09e0\" tabindex=\"-1\" data-pf_style_display=\"block\" data-pf_style_visibility=\"visible\"><span class=\"text-node\"><span>&#8216;Meu marido chegou aqui morto&#8217;<\/span><\/span><\/h2>\n<div class=\"bbc-4quw3x e1rfboeq7\" dir=\"ltr\" data-e2e=\"podcast-promo\" data-pf_style_display=\"block\" data-pf_style_visibility=\"visible\">\n<div class=\"bbc-19j92fr ebmt73l0\" dir=\"ltr\" data-pf_style_display=\"block\" data-pf_style_visibility=\"visible\">\n<p class=\"bbc-hhl7in e17g058b0 added-to-list1\" dir=\"ltr\" data-pf_style_display=\"block\" data-pf_style_visibility=\"visible\"><span class=\"text-node\">No in\u00edcio de abril, o companheiro da pensionista \u00c2ngela Maria Barbosa Teixeira, de 48 anos, j\u00e1 estava h\u00e1 quase um m\u00eas internado.<\/span><\/p>\n<\/div>\n<div class=\"bbc-19j92fr ebmt73l0\" dir=\"ltr\" data-pf_style_display=\"block\" data-pf_style_visibility=\"visible\">\n<p class=\"bbc-hhl7in e17g058b0 added-to-list1\" dir=\"ltr\" data-pf_style_display=\"block\" data-pf_style_visibility=\"visible\"><span class=\"text-node\">Foi ap\u00f3s sofrer um assalto e levar muitas pancadas na cabe\u00e7a que Donizete Santana de Oliveira, de 33 anos, descobriu que o acidente no cr\u00e2nio era devido a um c\u00e2ncer. A hist\u00f3ria foi narrada por \u00c2ngela, porque o marido j\u00e1 n\u00e3o conseguia mais falar ou se locomover.<\/span><\/p>\n<\/div>\n<div class=\"bbc-19j92fr ebmt73l0\" dir=\"ltr\" data-pf_style_display=\"block\" data-pf_style_visibility=\"visible\">\n<p class=\"bbc-hhl7in e17g058b0 added-to-list1\" dir=\"ltr\" data-pf_style_display=\"block\" data-pf_style_visibility=\"visible\"><span class=\"text-node\">Mesmo com cirurgia e quimioterapia, o tumor persistiu. \u201cDepois de todas as tentativas, acabamos com uma indica\u00e7\u00e3o de cuidados paliativos\u201d, disse ela. &#8220;Ficamos tristes. Quem vai ficar feliz com uma not\u00edcia dessa?&#8221;<\/span><\/p>\n<\/div>\n<div class=\"bbc-19j92fr ebmt73l0\" dir=\"ltr\" data-pf_style_display=\"block\" data-pf_style_visibility=\"visible\">\n<p class=\"bbc-hhl7in e17g058b0 added-to-list1\" dir=\"ltr\" data-pf_style_display=\"block\" data-pf_style_visibility=\"visible\"><span class=\"text-node\">Naquele momento, Donizete estava internado em outro hospital, tamb\u00e9m p\u00fablico. &#8220;Ele sofria demais ali, ouvindo muito mal, gritava&#8221;, conta ela, emocionada. Em uma palavra, ela resume o estado que Donizete se encontrava quando chegou ao Mont Serrat: &#8220;Morto&#8221;.<\/span><\/p>\n<\/div>\n<div class=\"bbc-19j92fr ebmt73l0\" dir=\"ltr\" data-pf_style_display=\"block\" data-pf_style_visibility=\"visible\">\n<p class=\"bbc-hhl7in e17g058b0 added-to-list1\" dir=\"ltr\" data-pf_style_display=\"block\" data-pf_style_visibility=\"visible\"><span class=\"text-node\">\u201cMas olhamos aqui e fomos t\u00e3o bem tratados, que ele foi melhorando\u201d, ela conta. &#8220;Todo mundo, desde as meninas da limpeza, at\u00e9 as psic\u00f3logas daqui, nos acolheram. Isso n\u00e3o existe em nenhum outro lugar, por isso eu digo que isso aqui \u00e9 um pedacinho do c\u00e9u&#8221;, diz ela, revelando na pr\u00e1tica os contrastes dentro do pr\u00f3prio SUS.<\/span><\/p>\n<\/div>\n<div class=\"bbc-19j92fr ebmt73l0\" dir=\"ltr\" data-pf_style_display=\"block\" data-pf_style_visibility=\"visible\">\n<p class=\"bbc-hhl7in e17g058b0 added-to-list1\" dir=\"ltr\" data-pf_style_display=\"block\" data-pf_style_visibility=\"visible\"><span class=\"text-node\">A equipe inteira do hospital, composta por 430 pessoas, passa pelo mesmo treinamento. Seguran\u00e7as, faxineiros, enfermeiros e m\u00e9dicos participam de din\u00e2micas que discutem empatia e questionamentos como: de que maneira voc\u00ea gostaria de ser tratado se chegasse aqui? O que voc\u00ea pediria nesse tempo?<\/span><\/p>\n<\/div>\n<div class=\"bbc-19j92fr ebmt73l0\" dir=\"ltr\" data-pf_style_display=\"block\" data-pf_style_visibility=\"visible\">\n<p class=\"bbc-hhl7in e17g058b0 added-to-list1\" dir=\"ltr\" data-pf_style_display=\"block\" data-pf_style_visibility=\"visible\"><span class=\"text-node\">E essa pergunta \u00e9 repetida todos os dias, com os pacientes.<\/span><\/p>\n<\/div>\n<figure class=\"bbc-1qn0xuy pf-caption added-to-list1 flex-width blockImage pf-size-full\" data-pf_style_display=\"block\" data-pf_style_visibility=\"visible\">\n<div class=\"bbc-j1srjl\" data-pf_style_display=\"block\" data-pf_style_visibility=\"visible\"><img data-recalc-dims=\"1\" decoding=\"async\" class=\"bbc-139onq caption-img flex-width pf-size-full blockImage\" src=\"https:\/\/i0.wp.com\/ichef.bbci.co.uk\/ace\/ws\/640\/cpsprodpb\/c3b3\/live\/ac0d8120-2128-11f0-9045-792c0ae441c6.jpg.webp?w=600&#038;ssl=1\" sizes=\"(min-width: 1008px) 760px, 100vw\" srcset=\"https:\/\/ichef.bbci.co.uk\/ace\/ws\/240\/cpsprodpb\/c3b3\/live\/ac0d8120-2128-11f0-9045-792c0ae441c6.jpg.webp 240w, https:\/\/ichef.bbci.co.uk\/ace\/ws\/320\/cpsprodpb\/c3b3\/live\/ac0d8120-2128-11f0-9045-792c0ae441c6.jpg.webp 320w, https:\/\/ichef.bbci.co.uk\/ace\/ws\/480\/cpsprodpb\/c3b3\/live\/ac0d8120-2128-11f0-9045-792c0ae441c6.jpg.webp 480w, https:\/\/ichef.bbci.co.uk\/ace\/ws\/624\/cpsprodpb\/c3b3\/live\/ac0d8120-2128-11f0-9045-792c0ae441c6.jpg.webp 624w, https:\/\/ichef.bbci.co.uk\/ace\/ws\/800\/cpsprodpb\/c3b3\/live\/ac0d8120-2128-11f0-9045-792c0ae441c6.jpg.webp 800w\" alt=\"Foto de \u00c2ngela cuidando do marido, Donizete.\"  data-pf_style_display=\"inline\" data-pf_style_visibility=\"visible\" data-pf_rect_width=\"316.375\" data-pf_rect_height=\"18.390625\" \/><\/p>\n<p class=\"bbc-by8ykd added-to-list1\" role=\"text\" data-pf_style_display=\"block\" data-pf_style_visibility=\"visible\"><span class=\"bbc-m04vo2\" data-pf_style_display=\"block\" data-pf_style_visibility=\"visible\"><span class=\"text-node\">Cr\u00e9dito,\u00a0<\/span><\/span><span lang=\"en-GB\" data-pf_style_display=\"inline\" data-pf_style_visibility=\"visible\"><span class=\"text-node\">Matheus Leite\/BBC News Brasil<\/span><\/span><\/p>\n<\/div><figcaption class=\"bbc-15f1ujd\" dir=\"ltr\" data-pf_style_display=\"block\" data-pf_style_visibility=\"visible\"><span role=\"text\" data-pf_style_display=\"inline\" data-pf_style_visibility=\"visible\"><span class=\"bbc-m04vo2\" data-pf_style_display=\"block\" data-pf_style_visibility=\"visible\"><span class=\"text-node\">Legenda da foto,\u00a0<\/span><\/span><span data-testid=\"caption-paragraph\" data-pf_style_display=\"inline\" data-pf_style_visibility=\"visible\"><span class=\"text-node\">&#8220;Meu marido chegou aqui morto&#8221;, diz \u00c2ngela sobre o estado de sa\u00fade do companheiro.<\/span><\/span><\/span><\/figcaption><\/figure>\n<div class=\"bbc-19j92fr ebmt73l0\" dir=\"ltr\" data-pf_style_display=\"block\" data-pf_style_visibility=\"visible\">\n<p class=\"bbc-hhl7in e17g058b0 added-to-list1\" dir=\"ltr\" data-pf_style_display=\"block\" data-pf_style_visibility=\"visible\"><span class=\"text-node\">&#8220;Me perguntam o que eu quero, o que eu mais gosto, o que eu quero para me alimentar? Eu estou aqui como a grana fina&#8221;, disse, \u00e0s gargalhadas, a dona de casa Helita Maria da Silva, de 86 anos, uma senhora animada que recebeu a reportagem, assim como Ayrton, na segunda visita ao hospital, feita no in\u00edcio de junho. &#8220;E onde \u00e9 que eu vou achar isso?&#8221;<\/span><\/p>\n<\/div>\n<div class=\"bbc-19j92fr ebmt73l0\" dir=\"ltr\" data-pf_style_display=\"block\" data-pf_style_visibility=\"visible\">\n<p class=\"bbc-hhl7in e17g058b0 added-to-list1\" dir=\"ltr\" data-pf_style_display=\"block\" data-pf_style_visibility=\"visible\"><span class=\"text-node\">Ao lado do filho, o auxiliar de produ\u00e7\u00e3o Jo\u00e3o Raimundo da Silva Vit\u00f3ria, de 54 anos, ela descansa em uma cama, enquanto assiste \u00e0 televis\u00e3o.<\/span><\/p>\n<\/div>\n<div class=\"bbc-19j92fr ebmt73l0\" dir=\"ltr\" data-pf_style_display=\"block\" data-pf_style_visibility=\"visible\">\n<p class=\"bbc-hhl7in e17g058b0 added-to-list1\" dir=\"ltr\" data-pf_style_display=\"block\" data-pf_style_visibility=\"visible\"><span class=\"text-node\">\u201cEla est\u00e1 aqui sendo bem tratada, depois que decidimos que n\u00e3o ir\u00edamos operar devido \u00e0 idade avan\u00e7ada dela\u201d, contou Jo\u00e3o, resumindo com as pr\u00f3prias palavras os cuidados paliativos da m\u00e3e, que tem um c\u00e2ncer no f\u00edgado.<\/span><\/p>\n<\/div>\n<div class=\"bbc-19j92fr ebmt73l0\" dir=\"ltr\" data-pf_style_display=\"block\" data-pf_style_visibility=\"visible\">\n<p class=\"bbc-hhl7in e17g058b0 added-to-list1\" dir=\"ltr\" data-pf_style_display=\"block\" data-pf_style_visibility=\"visible\"><span class=\"text-node\">\u201cSou tratada como um beb\u00ea\u201d, finalizou Helita, que recebeu alta dois dias depois.<\/span><\/p>\n<\/div>\n<figure class=\"bbc-1qn0xuy pf-caption added-to-list1 flex-width blockImage pf-size-full\" data-pf_style_display=\"block\" data-pf_style_visibility=\"visible\">\n<div class=\"bbc-j1srjl\" data-pf_style_display=\"block\" data-pf_style_visibility=\"visible\"><img data-recalc-dims=\"1\" decoding=\"async\" class=\"bbc-139onq caption-img flex-width pf-size-full blockImage\" src=\"https:\/\/i0.wp.com\/ichef.bbci.co.uk\/ace\/ws\/640\/cpsprodpb\/4d17\/live\/4dc27dc0-510a-11f0-a466-d54f65b60deb.jpg.webp?w=600&#038;ssl=1\" sizes=\"(min-width: 1008px) 760px, 100vw\" srcset=\"https:\/\/ichef.bbci.co.uk\/ace\/ws\/240\/cpsprodpb\/4d17\/live\/4dc27dc0-510a-11f0-a466-d54f65b60deb.jpg.webp 240w, https:\/\/ichef.bbci.co.uk\/ace\/ws\/320\/cpsprodpb\/4d17\/live\/4dc27dc0-510a-11f0-a466-d54f65b60deb.jpg.webp 320w, https:\/\/ichef.bbci.co.uk\/ace\/ws\/480\/cpsprodpb\/4d17\/live\/4dc27dc0-510a-11f0-a466-d54f65b60deb.jpg.webp 480w, https:\/\/ichef.bbci.co.uk\/ace\/ws\/624\/cpsprodpb\/4d17\/live\/4dc27dc0-510a-11f0-a466-d54f65b60deb.jpg.webp 624w, https:\/\/ichef.bbci.co.uk\/ace\/ws\/800\/cpsprodpb\/4d17\/live\/4dc27dc0-510a-11f0-a466-d54f65b60deb.jpg.webp 800w\" alt=\"Foto de uma senhora em uma cama de hospital e, ao lado, de p\u00e9, um homem apoiado na cama.\"  data-pf_style_display=\"inline\" data-pf_style_visibility=\"visible\" data-pf_rect_width=\"620.25\" data-pf_rect_height=\"18.390625\" \/><\/p>\n<p class=\"bbc-by8ykd added-to-list1\" role=\"text\" data-pf_style_display=\"block\" data-pf_style_visibility=\"visible\"><span class=\"bbc-m04vo2\" data-pf_style_display=\"block\" data-pf_style_visibility=\"visible\"><span class=\"text-node\">Cr\u00e9dito,\u00a0<\/span><\/span><span lang=\"en-GB\" data-pf_style_display=\"inline\" data-pf_style_visibility=\"visible\"><span class=\"text-node\">Vitor Serrano\/BBC News Brasil<\/span><\/span><\/p>\n<\/div><figcaption class=\"bbc-15f1ujd\" dir=\"ltr\" data-pf_style_display=\"block\" data-pf_style_visibility=\"visible\"><span role=\"text\" data-pf_style_display=\"inline\" data-pf_style_visibility=\"visible\"><span class=\"bbc-m04vo2\" data-pf_style_display=\"block\" data-pf_style_visibility=\"visible\"><span class=\"text-node\">Legenda da foto,\u00a0<\/span><\/span><span data-testid=\"caption-paragraph\" data-pf_style_display=\"inline\" data-pf_style_visibility=\"visible\"><span class=\"text-node\">&#8220;Sou tratado como um beb\u00ea&#8221;, disse dona Helita, sobre os cuidados no Mont Serrat<\/span><\/span><\/span><\/figcaption><\/figure>\n<div class=\"bbc-19j92fr ebmt73l0\" dir=\"ltr\" data-pf_style_display=\"block\" data-pf_style_visibility=\"visible\">\n<p class=\"bbc-hhl7in e17g058b0 added-to-list1\" dir=\"ltr\" data-pf_style_display=\"block\" data-pf_style_visibility=\"visible\"><span class=\"text-node\">\u00c2ngela, companheira de Donizete, tamb\u00e9m falou sobre o cuidado. &#8220;Eu estou feliz, porque a hora que Deus o instalou, eu sei que esse hospital aqui prop\u00f4s um fim feliz, um fim sem dor, sem grito, sem choro&#8221;, disse. &#8220;E isso a\u00ed me alegra muito.&#8221;<\/span><\/p>\n<\/div>\n<div class=\"bbc-19j92fr ebmt73l0\" dir=\"ltr\" data-pf_style_display=\"block\" data-pf_style_visibility=\"visible\">\n<p class=\"bbc-hhl7in e17g058b0 added-to-list1\" dir=\"ltr\" data-pf_style_display=\"block\" data-pf_style_visibility=\"visible\"><span class=\"text-node\">Donizete partiu aos 33 anos, 20 dias ap\u00f3s a primeira visita da BBC News Brasil ao hospital, depois de ficar por dois meses sob cuidados no Mont Serrat.<\/span><\/p>\n<\/div>\n<p class=\"bbc-19j92fr ebmt73l0 added-to-list1\">\n<h2 id=\"Sem-rela\u00e7\u00e3o-com-a-eutan\u00e1sia-\" class=\"bbc-1lgzob2 eglt09e0\" tabindex=\"-1\" data-pf_style_display=\"block\" data-pf_style_visibility=\"visible\"><span class=\"text-node\">Sem rela\u00e7\u00e3o com a eutan\u00e1sia<\/span><\/h2>\n<p>&nbsp;<\/p>\n<figure class=\"bbc-1qn0xuy pf-caption added-to-list1 flex-width blockImage pf-size-full\" data-pf_style_display=\"block\" data-pf_style_visibility=\"visible\">\n<div class=\"bbc-j1srjl\" data-pf_style_display=\"block\" data-pf_style_visibility=\"visible\"><img data-recalc-dims=\"1\" decoding=\"async\" class=\"bbc-139onq caption-img flex-width pf-size-full blockImage\" src=\"https:\/\/i0.wp.com\/ichef.bbci.co.uk\/ace\/ws\/640\/cpsprodpb\/f189\/live\/04f045b0-504b-11f0-a466-d54f65b60deb.jpg.webp?w=600&#038;ssl=1\" sizes=\"(min-width: 1008px) 760px, 100vw\" srcset=\"https:\/\/ichef.bbci.co.uk\/ace\/ws\/240\/cpsprodpb\/f189\/live\/04f045b0-504b-11f0-a466-d54f65b60deb.jpg.webp 240w, https:\/\/ichef.bbci.co.uk\/ace\/ws\/320\/cpsprodpb\/f189\/live\/04f045b0-504b-11f0-a466-d54f65b60deb.jpg.webp 320w, https:\/\/ichef.bbci.co.uk\/ace\/ws\/480\/cpsprodpb\/f189\/live\/04f045b0-504b-11f0-a466-d54f65b60deb.jpg.webp 480w, https:\/\/ichef.bbci.co.uk\/ace\/ws\/624\/cpsprodpb\/f189\/live\/04f045b0-504b-11f0-a466-d54f65b60deb.jpg.webp 624w, https:\/\/ichef.bbci.co.uk\/ace\/ws\/800\/cpsprodpb\/f189\/live\/04f045b0-504b-11f0-a466-d54f65b60deb.jpg.webp 800w\" alt=\"Foto de Karoline Apol\u00f4nia, uma mulher branca, de cabelos castanhos e lisos, vestida de jaleco sentada em um banco enquanto fala.\"  data-pf_style_display=\"inline\" data-pf_style_visibility=\"visible\" data-pf_rect_width=\"800\" data-pf_rect_height=\"36.78125\" \/><\/p>\n<p class=\"bbc-by8ykd added-to-list1\" role=\"text\" data-pf_style_display=\"block\" data-pf_style_visibility=\"visible\"><span class=\"bbc-m04vo2\" data-pf_style_display=\"block\" data-pf_style_visibility=\"visible\"><span class=\"text-node\">Cr\u00e9dito,\u00a0<\/span><\/span><span lang=\"en-GB\" data-pf_style_display=\"inline\" data-pf_style_visibility=\"visible\"><span class=\"text-node\">Vitor Serrano\/BBC News Brasil<\/span><\/span><\/p>\n<\/div><figcaption class=\"bbc-15f1ujd\" dir=\"ltr\" data-pf_style_display=\"block\" data-pf_style_visibility=\"visible\"><span role=\"text\" data-pf_style_display=\"inline\" data-pf_style_visibility=\"visible\"><span class=\"bbc-m04vo2\" data-pf_style_display=\"block\" data-pf_style_visibility=\"visible\"><span class=\"text-node\">Legenda da foto,\u00a0<\/span><\/span><span data-testid=\"caption-paragraph\" data-pf_style_display=\"inline\" data-pf_style_visibility=\"visible\"><span class=\"text-node\">&#8216;Este hospital foi muito sonhado&#8217;, diz a m\u00e9dica Karoline Apol\u00f4nia<\/span><\/span><\/span><\/figcaption><\/figure>\n<div class=\"bbc-19j92fr ebmt73l0\" dir=\"ltr\" data-pf_style_display=\"block\" data-pf_style_visibility=\"visible\">\n<p class=\"bbc-hhl7in e17g058b0 added-to-list1\" dir=\"ltr\" data-pf_style_display=\"block\" data-pf_style_visibility=\"visible\"><span class=\"text-node\">O hospital, at\u00e9 hoje o \u00fanico do SUS totalmente voltado para cuidados paliativos \u2014 entre os privados, h\u00e1 algumas iniciativas \u2014, surgiu inspirado no exemplo de tr\u00eas sistemas-modelo: o ingl\u00eas, o canadense e o argentino, explicado a m\u00e9dica Karoline Apol\u00f4nia.<\/span><\/p>\n<\/div>\n<div class=\"bbc-19j92fr ebmt73l0\" dir=\"ltr\" data-pf_style_display=\"block\" data-pf_style_visibility=\"visible\">\n<p class=\"bbc-hhl7in e17g058b0 added-to-list1\" dir=\"ltr\" data-pf_style_display=\"block\" data-pf_style_visibility=\"visible\"><span class=\"text-node\">Foi na Inglaterra que surgiu o primeiro servi\u00e7o beneficente para os cuidados paliativos no mundo. Situado em Londres, o St. Christopher&#8217;s foi fundado em 1967 por Cicely Saunders, pioneira nos cuidados paliativos.<\/span><\/p>\n<\/div>\n<div class=\"bbc-19j92fr ebmt73l0\" dir=\"ltr\" data-pf_style_display=\"block\" data-pf_style_visibility=\"visible\">\n<p class=\"bbc-hhl7in e17g058b0 added-to-list1\" dir=\"ltr\" data-pf_style_display=\"block\" data-pf_style_visibility=\"visible\"><span class=\"text-node\">Karoline ressalta que os cuidados paliativos n\u00e3o t\u00eam rela\u00e7\u00e3o com\u00a0<\/span><a class=\"focusIndicatorReducedWidth bbc-n8oauk e1p3sufg0\" href=\"https:\/\/www.bbc.com\/portuguese\/articles\/cgjl7jxy7vpo\" data-pf_style_display=\"inline\" data-pf_style_visibility=\"visible\"><span class=\"text-node\">a eutan\u00e1sia<\/span><\/a><span class=\"text-node\">\u00a0, uma associa\u00e7\u00e3o um tanto comum, mas equivocada. \u201cS\u00e3o dois conceitos diferentes\u201d, diz.<\/span><\/p>\n<\/div>\n<div class=\"bbc-19j92fr ebmt73l0\" dir=\"ltr\" data-pf_style_display=\"block\" data-pf_style_visibility=\"visible\">\n<p class=\"bbc-hhl7in e17g058b0 added-to-list1\" dir=\"ltr\" data-pf_style_display=\"block\" data-pf_style_visibility=\"visible\"><span class=\"text-node\">O paliativismo prega, segundo ela, a ortotan\u00e1sia: os cuidados com controle dos sintomas para o processo de fim de vida natural. J\u00e1 a eutan\u00e1sia \u00e9 uma pr\u00e1tica de provocar, sem dor, por meio de uma inje\u00e7\u00e3o que para o cora\u00e7\u00e3o, a morte de algu\u00e9m que esteja padecendo de alguma enfermidade.<\/span><\/p>\n<\/div>\n<div class=\"bbc-19j92fr ebmt73l0\" dir=\"ltr\" data-pf_style_display=\"block\" data-pf_style_visibility=\"visible\">\n<p class=\"bbc-hhl7in e17g058b0 added-to-list1\" dir=\"ltr\" data-pf_style_display=\"block\" data-pf_style_visibility=\"visible\"><span class=\"text-node\">Embora a discuss\u00e3o sobre a eutan\u00e1sia e a morte assistida \u2014 quando um m\u00e9dico prescreveu uma subst\u00e2ncia letal para que o pr\u00f3prio paciente se suicidasse \u2014 esteja avan\u00e7ando em alguns pa\u00edses, como no Canad\u00e1 e em alguns Estados dos EUA, no Brasil ambas as formas s\u00e3o proibidas por lei.<\/span><\/p>\n<\/div>\n<div class=\"bbc-19j92fr ebmt73l0\" dir=\"ltr\" data-pf_style_display=\"block\" data-pf_style_visibility=\"visible\">\n<p class=\"bbc-hhl7in e17g058b0 added-to-list1\" dir=\"ltr\" data-pf_style_display=\"block\" data-pf_style_visibility=\"visible\"><span class=\"text-node\">Karoline explica, no entanto, que h\u00e1 recursos, dentro da ortotan\u00e1sia, para reduzir o sofrimento do paciente, sem que o processo de morte seja acelerado. A seda\u00e7\u00e3o paliativa, segundo explica a m\u00e9dica, \u00e9 um analg\u00e9sico sedativo capaz de rebaixar a consci\u00eancia.<\/span><\/p>\n<\/div>\n<div class=\"bbc-19j92fr ebmt73l0\" dir=\"ltr\" data-pf_style_display=\"block\" data-pf_style_visibility=\"visible\">\n<p class=\"bbc-hhl7in e17g058b0 added-to-list1\" dir=\"ltr\" data-pf_style_display=\"block\" data-pf_style_visibility=\"visible\"><span class=\"text-node\">\u201cAssim, o pr\u00f3prio corpo entra na finitude\u201d, diz. &#8220;E isso n\u00e3o \u00e9 eutan\u00e1sia ativa, que \u00e9 quando um profissional de sa\u00fade, movido por compaix\u00e3o, executa um ato cujo objetivo final \u00e9\u00a0<\/span><a class=\"focusIndicatorReducedWidth bbc-n8oauk e1p3sufg0\" href=\"https:\/\/www.bbc.com\/portuguese\/articles\/cd9lxl2vg9vo\" data-pf_style_display=\"inline\" data-pf_style_visibility=\"visible\"><span class=\"text-node\">fazer com que uma pessoa morra.&#8221;<\/span><\/a><\/p>\n<\/div>\n<div class=\"bbc-19j92fr ebmt73l0\" dir=\"ltr\" data-pf_style_display=\"block\" data-pf_style_visibility=\"visible\">\n<p class=\"bbc-hhl7in e17g058b0 added-to-list1\" dir=\"ltr\" data-pf_style_display=\"block\" data-pf_style_visibility=\"visible\"><span class=\"text-node\">&#8220;Sempre conseguimos reduzir o sofrimento controlando os sintomas e oferecendo uma seda\u00e7\u00e3o paliativa, que \u00e9 algo legalizado.&#8221;<\/span><\/p>\n<\/div>\n<p class=\"bbc-19j92fr ebmt73l0 added-to-list1\">\n<h2 id=\"Se-a-gente-n\u00e3o-se-organizar-n\u00e3o-vamos-conseguir-cuidar-de-quem-est\u00e1-envelhecendo\" class=\"bbc-1lgzob2 eglt09e0\" tabindex=\"-1\" data-pf_style_display=\"block\" data-pf_style_visibility=\"visible\"><span class=\"text-node\">&#8216;Se a gente n\u00e3o se organiza, n\u00e3o vamos conseguir cuidar de quem est\u00e1 envelhecendo&#8217;<\/span><\/h2>\n<p>&nbsp;<\/p>\n<figure class=\"bbc-1qn0xuy pf-caption added-to-list1 flex-width blockImage pf-size-full\" data-pf_style_display=\"block\" data-pf_style_visibility=\"visible\">\n<div class=\"bbc-j1srjl\" data-pf_style_display=\"block\" data-pf_style_visibility=\"visible\"><img data-recalc-dims=\"1\" decoding=\"async\" class=\"bbc-139onq caption-img flex-width pf-size-full blockImage\" src=\"https:\/\/i0.wp.com\/ichef.bbci.co.uk\/ace\/ws\/640\/cpsprodpb\/a121\/live\/b0ecd720-212a-11f0-9045-792c0ae441c6.jpg.webp?w=600&#038;ssl=1\" sizes=\"(min-width: 1008px) 760px, 100vw\" srcset=\"https:\/\/ichef.bbci.co.uk\/ace\/ws\/240\/cpsprodpb\/a121\/live\/b0ecd720-212a-11f0-9045-792c0ae441c6.jpg.webp 240w, https:\/\/ichef.bbci.co.uk\/ace\/ws\/320\/cpsprodpb\/a121\/live\/b0ecd720-212a-11f0-9045-792c0ae441c6.jpg.webp 320w, https:\/\/ichef.bbci.co.uk\/ace\/ws\/480\/cpsprodpb\/a121\/live\/b0ecd720-212a-11f0-9045-792c0ae441c6.jpg.webp 480w, https:\/\/ichef.bbci.co.uk\/ace\/ws\/624\/cpsprodpb\/a121\/live\/b0ecd720-212a-11f0-9045-792c0ae441c6.jpg.webp 624w, https:\/\/ichef.bbci.co.uk\/ace\/ws\/800\/cpsprodpb\/a121\/live\/b0ecd720-212a-11f0-9045-792c0ae441c6.jpg.webp 800w\" alt=\"Marcos Roberto Alencar da Silva com a m\u00e3e, Marina, no Hospital.\"  data-pf_style_display=\"inline\" data-pf_style_visibility=\"visible\" data-pf_rect_width=\"443\" data-pf_rect_height=\"18.390625\" \/><\/p>\n<p class=\"bbc-by8ykd added-to-list1\" role=\"text\" data-pf_style_display=\"block\" data-pf_style_visibility=\"visible\"><span class=\"bbc-m04vo2\" data-pf_style_display=\"block\" data-pf_style_visibility=\"visible\"><span class=\"text-node\">Cr\u00e9dito,\u00a0<\/span><\/span><span lang=\"en-GB\" data-pf_style_display=\"inline\" data-pf_style_visibility=\"visible\"><span class=\"text-node\">Matheus Leite\/BBC News Brasil<\/span><\/span><\/p>\n<\/div><figcaption class=\"bbc-15f1ujd\" dir=\"ltr\" data-pf_style_display=\"block\" data-pf_style_visibility=\"visible\"><span role=\"text\" data-pf_style_display=\"inline\" data-pf_style_visibility=\"visible\"><span class=\"bbc-m04vo2\" data-pf_style_display=\"block\" data-pf_style_visibility=\"visible\"><span class=\"text-node\">Legenda da foto,\u00a0<\/span><\/span><span data-testid=\"caption-paragraph\" data-pf_style_display=\"inline\" data-pf_style_visibility=\"visible\"><span class=\"text-node\">Marcos Roberto cuida da m\u00e3e: &#8216;Sei que ela est\u00e1 no est\u00e1gio final, por\u00e9m com o conforto e com a boa qualidade&#8217;.<\/span><\/span><\/span><\/figcaption><\/figure>\n<div class=\"bbc-19j92fr ebmt73l0\" dir=\"ltr\" data-pf_style_display=\"block\" data-pf_style_visibility=\"visible\">\n<p class=\"bbc-hhl7in e17g058b0 added-to-list1\" dir=\"ltr\" data-pf_style_display=\"block\" data-pf_style_visibility=\"visible\"><span class=\"text-node\">O t\u00e9cnico de telecomunica\u00e7\u00f5es Marcos Roberto Alencar da Silva, de 48 anos, esteve no Mont Serrat no come\u00e7o de junho para acompanhar a m\u00e3e, Marina Alencar, de 79, que Sofia de dem\u00eancia, ap\u00f3s ser diagnosticada com Alzheimer.<\/span><\/p>\n<\/div>\n<div class=\"bbc-19j92fr ebmt73l0\" dir=\"ltr\" data-pf_style_display=\"block\" data-pf_style_visibility=\"visible\">\n<p class=\"bbc-hhl7in e17g058b0 added-to-list1\" dir=\"ltr\" data-pf_style_display=\"block\" data-pf_style_visibility=\"visible\"><span class=\"text-node\">\u201cSei que ela est\u00e1 no est\u00e1gio final, por\u00e9m com o conforto\u201d, ele disse, dois dias antes do falecimento de Marina.<\/span><\/p>\n<\/div>\n<div class=\"bbc-19j92fr ebmt73l0\" dir=\"ltr\" data-pf_style_display=\"block\" data-pf_style_visibility=\"visible\">\n<p class=\"bbc-hhl7in e17g058b0 added-to-list1\" dir=\"ltr\" data-pf_style_display=\"block\" data-pf_style_visibility=\"visible\"><span class=\"text-node\">Para ele, o Mont Serrat \u00e9 um lugar que proporcionou os cuidados finais para que ele e a fam\u00edlia n\u00e3o tenham condi\u00e7\u00f5es de banco em uma institui\u00e7\u00e3o privada.<\/span><\/p>\n<\/div>\n<div class=\"bbc-19j92fr ebmt73l0\" dir=\"ltr\" data-pf_style_display=\"block\" data-pf_style_visibility=\"visible\">\n<p class=\"bbc-hhl7in e17g058b0 added-to-list1\" dir=\"ltr\" data-pf_style_display=\"block\" data-pf_style_visibility=\"visible\"><span class=\"text-node\">&#8220;Eu estava pensando &#8216;ser\u00e1 que um dia uma porta vai se abrir aqui em Salvador?&#8217;, n\u00e3o s\u00f3 pela minha m\u00e3e, mas pelas outras fam\u00edlias que tamb\u00e9m precisam&#8221;, diz. &#8220;E a\u00ed essa porta se abriu.&#8221;<\/span><\/p>\n<\/div>\n<div class=\"bbc-19j92fr ebmt73l0\" dir=\"ltr\" data-pf_style_display=\"block\" data-pf_style_visibility=\"visible\">\n<p class=\"bbc-hhl7in e17g058b0 added-to-list1\" dir=\"ltr\" data-pf_style_display=\"block\" data-pf_style_visibility=\"visible\"><span class=\"text-node\">A mesma porta foi aberta para a aposentada Antonia Carvalho de Ribeiro, de 60 anos, que acompanhava o marido, Everaldo Ferreira, de 74 anos, que Sofria com as sequelas de um AVC.<\/span><\/p>\n<\/div>\n<div class=\"bbc-19j92fr ebmt73l0\" dir=\"ltr\" data-pf_style_display=\"block\" data-pf_style_visibility=\"visible\">\n<p class=\"bbc-hhl7in e17g058b0 added-to-list1\" dir=\"ltr\" data-pf_style_display=\"block\" data-pf_style_visibility=\"visible\"><span class=\"text-node\">\u201cQuando se fala em hospital de cuidados paliativos a gente j\u00e1 fica meio que assustada\u201d, disse. &#8220;Mas quando encontramos uma coisa dessas, em que todos tratam voc\u00ea com carinho, com respeito, com um bom dia, entendeu? Isso \u00e9 muito importante.&#8221;<\/span><\/p>\n<\/div>\n<div class=\"bbc-19j92fr ebmt73l0\" dir=\"ltr\" data-pf_style_display=\"block\" data-pf_style_visibility=\"visible\">\n<p class=\"bbc-hhl7in e17g058b0 added-to-list1\" dir=\"ltr\" data-pf_style_display=\"block\" data-pf_style_visibility=\"visible\"><span class=\"text-node\">O desejo dela era somente um: \u201cQue eu possa levar ele para casa, e a gente [possa] terminar os dias juntos em casa\u201d, afirmou, entre l\u00e1grimas.<\/span><\/p>\n<\/div>\n<div class=\"bbc-19j92fr ebmt73l0\" dir=\"ltr\" data-pf_style_display=\"block\" data-pf_style_visibility=\"visible\">\n<p class=\"bbc-hhl7in e17g058b0 added-to-list1\" dir=\"ltr\" data-pf_style_display=\"block\" data-pf_style_visibility=\"visible\"><span class=\"text-node\">Everaldo partiu tr\u00eas dias ap\u00f3s a segunda visita da BBC News Brasil, no hospital.<\/span><\/p>\n<\/div>\n<figure class=\"bbc-1qn0xuy pf-caption added-to-list1 flex-width blockImage pf-size-full\" data-pf_style_display=\"block\" data-pf_style_visibility=\"visible\">\n<div class=\"bbc-j1srjl\" data-pf_style_display=\"block\" data-pf_style_visibility=\"visible\"><img data-recalc-dims=\"1\" decoding=\"async\" class=\"bbc-139onq caption-img flex-width pf-size-full blockImage\" src=\"https:\/\/i0.wp.com\/ichef.bbci.co.uk\/ace\/ws\/640\/cpsprodpb\/9c0c\/live\/28098580-504a-11f0-8c47-237c2e4015f5.jpg.webp?w=600&#038;ssl=1\" sizes=\"(min-width: 1008px) 760px, 100vw\" srcset=\"https:\/\/ichef.bbci.co.uk\/ace\/ws\/240\/cpsprodpb\/9c0c\/live\/28098580-504a-11f0-8c47-237c2e4015f5.jpg.webp 240w, https:\/\/ichef.bbci.co.uk\/ace\/ws\/320\/cpsprodpb\/9c0c\/live\/28098580-504a-11f0-8c47-237c2e4015f5.jpg.webp 320w, https:\/\/ichef.bbci.co.uk\/ace\/ws\/480\/cpsprodpb\/9c0c\/live\/28098580-504a-11f0-8c47-237c2e4015f5.jpg.webp 480w, https:\/\/ichef.bbci.co.uk\/ace\/ws\/624\/cpsprodpb\/9c0c\/live\/28098580-504a-11f0-8c47-237c2e4015f5.jpg.webp 624w, https:\/\/ichef.bbci.co.uk\/ace\/ws\/800\/cpsprodpb\/9c0c\/live\/28098580-504a-11f0-8c47-237c2e4015f5.jpg.webp 800w\" alt=\"Foto de uma senhora de p\u00e9, ao lado de uma cama de hospital onde um senhor est\u00e1 deitado.\"  data-pf_style_display=\"inline\" data-pf_style_visibility=\"visible\" data-pf_rect_width=\"594.0625\" data-pf_rect_height=\"18.390625\" \/><\/p>\n<p class=\"bbc-by8ykd added-to-list1\" role=\"text\" data-pf_style_display=\"block\" data-pf_style_visibility=\"visible\"><span class=\"bbc-m04vo2\" data-pf_style_display=\"block\" data-pf_style_visibility=\"visible\"><span class=\"text-node\">Cr\u00e9dito,\u00a0<\/span><\/span><span lang=\"en-GB\" data-pf_style_display=\"inline\" data-pf_style_visibility=\"visible\"><span class=\"text-node\">Vitor Serrano\/BBC News Brasil<\/span><\/span><\/p>\n<\/div><figcaption class=\"bbc-15f1ujd\" dir=\"ltr\" data-pf_style_display=\"block\" data-pf_style_visibility=\"visible\"><span role=\"text\" data-pf_style_display=\"inline\" data-pf_style_visibility=\"visible\"><span class=\"bbc-m04vo2\" data-pf_style_display=\"block\" data-pf_style_visibility=\"visible\"><span class=\"text-node\">Legenda da foto,\u00a0<\/span><\/span><span data-testid=\"caption-paragraph\" data-pf_style_display=\"inline\" data-pf_style_visibility=\"visible\"><span class=\"text-node\">A aposentada Antonia esperava que o marido pudesse ir para casa para viver os \u00faltimos dias ao lado dela<\/span><\/span><\/span><\/figcaption><\/figure>\n<div class=\"bbc-19j92fr ebmt73l0\" dir=\"ltr\" data-pf_style_display=\"block\" data-pf_style_visibility=\"visible\">\n<p class=\"bbc-hhl7in e17g058b0 added-to-list1\" dir=\"ltr\" data-pf_style_display=\"block\" data-pf_style_visibility=\"visible\"><span class=\"text-node\">\u201cUma das preocupa\u00e7\u00f5es do nosso gestor era que, se depois que o hospital abrisse, a gente iria ter ocupa\u00e7\u00e3o m\u00e1xima\u201d, diz Karoline. &#8220;E hoje podemos dizer que a gente vive pr\u00f3ximo \u00e0 ocupa\u00e7\u00e3o m\u00e1xima todos os dias.&#8221;<\/span><\/p>\n<\/div>\n<div class=\"bbc-19j92fr ebmt73l0\" dir=\"ltr\" data-pf_style_display=\"block\" data-pf_style_visibility=\"visible\">\n<p class=\"bbc-hhl7in e17g058b0 added-to-list1\" dir=\"ltr\" data-pf_style_display=\"block\" data-pf_style_visibility=\"visible\"><span class=\"text-node\">A experi\u00eancia com o Mont Serrat mostra, defenda a m\u00e9dica, que a demanda por esse tipo de servi\u00e7o ser\u00e1 cada vez maior.<\/span><\/p>\n<\/div>\n<div class=\"bbc-19j92fr ebmt73l0\" dir=\"ltr\" data-pf_style_display=\"block\" data-pf_style_visibility=\"visible\">\n<p class=\"bbc-hhl7in e17g058b0 added-to-list1\" dir=\"ltr\" data-pf_style_display=\"block\" data-pf_style_visibility=\"visible\"><span class=\"text-node\">Segundo o Instituto Brasileiro de Geografia e Estat\u00edstica (IBGE), entre os anos 2000 e 2023, a propor\u00e7\u00e3o de idosos (pessoas com 60 anos ou mais) na popula\u00e7\u00e3o brasileira quase duplicou, subindo de 8,7% para 15,6%.<\/span><\/p>\n<\/div>\n<div class=\"bbc-19j92fr ebmt73l0\" dir=\"ltr\" data-pf_style_display=\"block\" data-pf_style_visibility=\"visible\">\n<p class=\"bbc-hhl7in e17g058b0 added-to-list1\" dir=\"ltr\" data-pf_style_display=\"block\" data-pf_style_visibility=\"visible\"><span class=\"text-node\">E as proje\u00e7\u00f5es do pr\u00f3prio IBGE indicam que, em 2070, quase 40% dos brasileiros seriam idosos.<\/span><\/p>\n<\/div>\n<div class=\"bbc-19j92fr ebmt73l0\" dir=\"ltr\" data-pf_style_display=\"block\" data-pf_style_visibility=\"visible\">\n<p class=\"bbc-hhl7in e17g058b0 added-to-list1\" dir=\"ltr\" data-pf_style_display=\"block\" data-pf_style_visibility=\"visible\"><span class=\"text-node\">Por isso, para a m\u00e9dica, novas portas como aquela do Mont Serrat deveriam, cada vez mais, se abrir.<\/span><\/p>\n<\/div>\n<div class=\"bbc-19j92fr ebmt73l0\" dir=\"ltr\" data-pf_style_display=\"block\" data-pf_style_visibility=\"visible\">\n<p class=\"bbc-hhl7in e17g058b0 added-to-list1\" dir=\"ltr\" data-pf_style_display=\"block\" data-pf_style_visibility=\"visible\"><span class=\"text-node\">\u201cSe a gente n\u00e3o se organiza como um sistema enorme que n\u00f3s somos, n\u00e3o vamos conseguir cuidar dessas pessoas que est\u00e3o envelhecendo\u201d, diz ela.<\/span><\/p>\n<\/div>\n<figure class=\"bbc-1qn0xuy pf-caption added-to-list1 flex-width blockImage pf-size-full\" data-pf_style_display=\"block\" data-pf_style_visibility=\"visible\">\n<div class=\"bbc-j1srjl\" data-pf_style_display=\"block\" data-pf_style_visibility=\"visible\"><img data-recalc-dims=\"1\" decoding=\"async\" class=\"bbc-139onq caption-img flex-width pf-size-full blockImage\" src=\"https:\/\/i0.wp.com\/ichef.bbci.co.uk\/ace\/ws\/640\/cpsprodpb\/ddd6\/live\/7ae395b0-504b-11f0-8c47-237c2e4015f5.jpg.webp?w=600&#038;ssl=1\" sizes=\"(min-width: 1008px) 760px, 100vw\" srcset=\"https:\/\/ichef.bbci.co.uk\/ace\/ws\/240\/cpsprodpb\/ddd6\/live\/7ae395b0-504b-11f0-8c47-237c2e4015f5.jpg.webp 240w, https:\/\/ichef.bbci.co.uk\/ace\/ws\/320\/cpsprodpb\/ddd6\/live\/7ae395b0-504b-11f0-8c47-237c2e4015f5.jpg.webp 320w, https:\/\/ichef.bbci.co.uk\/ace\/ws\/480\/cpsprodpb\/ddd6\/live\/7ae395b0-504b-11f0-8c47-237c2e4015f5.jpg.webp 480w, https:\/\/ichef.bbci.co.uk\/ace\/ws\/624\/cpsprodpb\/ddd6\/live\/7ae395b0-504b-11f0-8c47-237c2e4015f5.jpg.webp 624w, https:\/\/ichef.bbci.co.uk\/ace\/ws\/800\/cpsprodpb\/ddd6\/live\/7ae395b0-504b-11f0-8c47-237c2e4015f5.jpg.webp 800w\" alt=\"Foto do p\u00f4r do sol sobre o p\u00eder.\"  data-pf_style_display=\"inline\" data-pf_style_visibility=\"visible\" data-pf_rect_width=\"216\" data-pf_rect_height=\"18.390625\" \/><\/p>\n<p class=\"bbc-by8ykd added-to-list1\" role=\"text\" data-pf_style_display=\"block\" data-pf_style_visibility=\"visible\"><span class=\"bbc-m04vo2\" data-pf_style_display=\"block\" data-pf_style_visibility=\"visible\"><span class=\"text-node\">Cr\u00e9dito,\u00a0<\/span><\/span><span lang=\"en-GB\" data-pf_style_display=\"inline\" data-pf_style_visibility=\"visible\"><span class=\"text-node\">Vitor Serrano\/BBC News Brasil<\/span><\/span><\/p>\n<\/div><figcaption class=\"bbc-15f1ujd\" dir=\"ltr\" data-pf_style_display=\"block\" data-pf_style_visibility=\"visible\"><span role=\"text\" data-pf_style_display=\"inline\" data-pf_style_visibility=\"visible\"><span class=\"bbc-m04vo2\" data-pf_style_display=\"block\" data-pf_style_visibility=\"visible\"><span class=\"text-node\">Legenda da foto,\u00a0<\/span><\/span><span data-testid=\"caption-paragraph\" data-pf_style_display=\"inline\" data-pf_style_visibility=\"visible\"><span class=\"text-node\">O p\u00eder do hospital, que n\u00e3o tem uma capela, \u00e9 o sagrado local. &#8216;O mar \u00e9 o nosso maior altar&#8217;, diz Karoline<\/span><\/span><\/span><\/figcaption><\/figure>\n<p class=\"bbc-19j92fr ebmt73l0 added-to-list1\">\n<h2 id=\"O-mar-\u00e9-o-nosso-maior-altar\" class=\"bbc-1lgzob2 eglt09e0\" tabindex=\"-1\" data-pf_style_display=\"block\" data-pf_style_visibility=\"visible\"><span class=\"text-node\">&#8216;O mar \u00e9 o nosso altar maior&#8217;<\/span><\/h2>\n<p>&nbsp;<\/p>\n<div class=\"bbc-19j92fr ebmt73l0\" dir=\"ltr\" data-pf_style_display=\"block\" data-pf_style_visibility=\"visible\">\n<p class=\"bbc-hhl7in e17g058b0 added-to-list1\" dir=\"ltr\" data-pf_style_display=\"block\" data-pf_style_visibility=\"visible\"><span class=\"text-node\">O Mont Serrat, com o seu casamento de 1853 e os quatro pavilh\u00f5es mais recentes, fica num terreno em declive, que leva para um p\u00eder com vista para o mar.<\/span><\/p>\n<\/div>\n<div class=\"bbc-19j92fr ebmt73l0\" dir=\"ltr\" data-pf_style_display=\"block\" data-pf_style_visibility=\"visible\">\n<p class=\"bbc-hhl7in e17g058b0 added-to-list1\" dir=\"ltr\" data-pf_style_display=\"block\" data-pf_style_visibility=\"visible\"><span class=\"text-node\">No fim das tardes, uma entrega de macas \u00e9 sempre notada ali, onde o sol cai sobre as \u00e1guas, um local de contempla\u00e7\u00e3o de pacientes e familiares.<\/span><\/p>\n<\/div>\n<div class=\"bbc-19j92fr ebmt73l0\" dir=\"ltr\" data-pf_style_display=\"block\" data-pf_style_visibility=\"visible\">\n<p class=\"bbc-hhl7in e17g058b0 added-to-list1\" dir=\"ltr\" data-pf_style_display=\"block\" data-pf_style_visibility=\"visible\"><span class=\"text-node\">Ao se deparar com a reportagem, Ayrton Pinheiro, o paciente que gostava de correr, mas n\u00e3o foi para a &#8220;maratona da UTI&#8221;, comemorou a exist\u00eancia do local.<\/span><\/p>\n<\/div>\n<div class=\"bbc-19j92fr ebmt73l0\" dir=\"ltr\" data-pf_style_display=\"block\" data-pf_style_visibility=\"visible\">\n<p class=\"bbc-hhl7in e17g058b0 added-to-list1\" dir=\"ltr\" data-pf_style_display=\"block\" data-pf_style_visibility=\"visible\"><span class=\"text-node\">&#8220;Mais tarde, vou me botar na cadeira de rodas e eu vou ver o p\u00f4r do sol&#8221;, disse, tomando f\u00f4lego para completar: &#8220;Que \u00e9 uma maravilha.&#8221;<\/span><\/p>\n<\/div>\n<div class=\"bbc-19j92fr ebmt73l0\" dir=\"ltr\" data-pf_style_display=\"block\" data-pf_style_visibility=\"visible\">\n<p class=\"bbc-hhl7in e17g058b0 added-to-list1\" dir=\"ltr\" data-pf_style_display=\"block\" data-pf_style_visibility=\"visible\"><span class=\"text-node\">Agora, Ayrton n\u00e3o est\u00e1 mais aproveitando a vista, mas por um bom motivo. Foi para casa seguir com o tratamento paliativo junto aos familiares.<\/span><\/p>\n<\/div>\n<div class=\"bbc-19j92fr ebmt73l0\" dir=\"ltr\" data-pf_style_display=\"block\" data-pf_style_visibility=\"visible\">\n<p class=\"bbc-hhl7in e17g058b0 added-to-list1\" dir=\"ltr\" data-pf_style_display=\"block\" data-pf_style_visibility=\"visible\"><span class=\"text-node\">\u201cTem um acompanhante que veio para c\u00e1 com um paciente e que nunca tinha visto o mar na vida\u201d, conta a m\u00e9dica Karoline.<\/span><\/p>\n<\/div>\n<div class=\"bbc-19j92fr ebmt73l0\" dir=\"ltr\" data-pf_style_display=\"block\" data-pf_style_visibility=\"visible\">\n<p class=\"bbc-hhl7in e17g058b0 added-to-list1\" dir=\"ltr\" data-pf_style_display=\"block\" data-pf_style_visibility=\"visible\"><span class=\"text-node\">Ela explica que o p\u00eder foi constru\u00eddo no lugar de uma capela, j\u00e1 que, embora o hospital seja encerrado hoje pelas Obras Sociais Irm\u00e3 Dulce, uma entidade filantr\u00f3pica cat\u00f3lica que atua como mantenedora de institui\u00e7\u00f5es de ensino e hospitais na Bahia, a institui\u00e7\u00e3o \u00e9 laica.<\/span><\/p>\n<\/div>\n<div class=\"bbc-19j92fr ebmt73l0\" dir=\"ltr\" data-pf_style_display=\"block\" data-pf_style_visibility=\"visible\">\n<p class=\"bbc-hhl7in e17g058b0 added-to-list1\" dir=\"ltr\" data-pf_style_display=\"block\" data-pf_style_visibility=\"visible\"><span class=\"text-node\">&#8220;N\u00e3o tem que mostrar com nenhum tipo de religi\u00e3o. Aqui, o mar \u00e9 o nosso maior altar.&#8221;<\/span><\/p>\n<\/div>\n<figure class=\"bbc-1qn0xuy pf-caption added-to-list1 flex-width blockImage pf-size-full\" data-pf_style_display=\"block\" data-pf_style_visibility=\"visible\">\n<div class=\"bbc-j1srjl\" data-pf_style_display=\"block\" data-pf_style_visibility=\"visible\"><img data-recalc-dims=\"1\" decoding=\"async\" class=\"bbc-139onq caption-img flex-width pf-size-full blockImage\" src=\"https:\/\/i0.wp.com\/ichef.bbci.co.uk\/ace\/ws\/640\/cpsprodpb\/0fc6\/live\/227377c0-1f76-11f0-acbf-41bf5b8e34ef.jpg.webp?w=600&#038;ssl=1\" sizes=\"(min-width: 1008px) 760px, 100vw\" srcset=\"https:\/\/ichef.bbci.co.uk\/ace\/ws\/240\/cpsprodpb\/0fc6\/live\/227377c0-1f76-11f0-acbf-41bf5b8e34ef.jpg.webp 240w, https:\/\/ichef.bbci.co.uk\/ace\/ws\/320\/cpsprodpb\/0fc6\/live\/227377c0-1f76-11f0-acbf-41bf5b8e34ef.jpg.webp 320w, https:\/\/ichef.bbci.co.uk\/ace\/ws\/480\/cpsprodpb\/0fc6\/live\/227377c0-1f76-11f0-acbf-41bf5b8e34ef.jpg.webp 480w, https:\/\/ichef.bbci.co.uk\/ace\/ws\/624\/cpsprodpb\/0fc6\/live\/227377c0-1f76-11f0-acbf-41bf5b8e34ef.jpg.webp 624w, https:\/\/ichef.bbci.co.uk\/ace\/ws\/800\/cpsprodpb\/0fc6\/live\/227377c0-1f76-11f0-acbf-41bf5b8e34ef.jpg.webp 800w\" alt=\"Foto de B\u00e1rbara e a m\u00e3e, Maria, no p\u00eder do hospital de cuidados paliativos Mont Serrat.\"  data-pf_style_display=\"inline\" data-pf_style_visibility=\"visible\" data-pf_rect_width=\"576.734375\" data-pf_rect_height=\"18.390625\" \/><\/p>\n<p class=\"bbc-by8ykd added-to-list1\" role=\"text\" data-pf_style_display=\"block\" data-pf_style_visibility=\"visible\"><span class=\"bbc-m04vo2\" data-pf_style_display=\"block\" data-pf_style_visibility=\"visible\"><span class=\"text-node\">Cr\u00e9dito,\u00a0<\/span><\/span><span lang=\"en-GB\" data-pf_style_display=\"inline\" data-pf_style_visibility=\"visible\"><span class=\"text-node\">Matheus Leite\/BBC News Brasil<\/span><\/span><\/p>\n<\/div><figcaption class=\"bbc-15f1ujd\" dir=\"ltr\" data-pf_style_display=\"block\" data-pf_style_visibility=\"visible\"><span role=\"text\" data-pf_style_display=\"inline\" data-pf_style_visibility=\"visible\"><span class=\"bbc-m04vo2\" data-pf_style_display=\"block\" data-pf_style_visibility=\"visible\"><span class=\"text-node\">Legenda da foto,\u00a0<\/span><\/span><span data-testid=\"caption-paragraph\" data-pf_style_display=\"inline\" data-pf_style_visibility=\"visible\"><span class=\"text-node\">B\u00e1rbara dos Santos e a m\u00e3e, Maria, durante o p\u00f4r do sol no p\u00eder do Mont Serrat<\/span><\/span><\/span><\/figcaption><\/figure>\n<div class=\"bbc-19j92fr ebmt73l0\" dir=\"ltr\" data-pf_style_display=\"block\" data-pf_style_visibility=\"visible\">\n<p class=\"bbc-hhl7in e17g058b0 added-to-list1\" dir=\"ltr\" data-pf_style_display=\"block\" data-pf_style_visibility=\"visible\"><span class=\"text-node\">Foi bem ali, no p\u00eder de frente para o mar, que dona Maria de Carvalho fez um pedido de anivers\u00e1rio. Nem bolo, nem salgadinho. Queria somente tomar \u00e1gua.<\/span><\/p>\n<\/div>\n<div class=\"bbc-19j92fr ebmt73l0\" dir=\"ltr\" data-pf_style_display=\"block\" data-pf_style_visibility=\"visible\">\n<p class=\"bbc-hhl7in e17g058b0 added-to-list1\" dir=\"ltr\" data-pf_style_display=\"block\" data-pf_style_visibility=\"visible\"><span class=\"text-node\">\u201cEla est\u00e1 fazendo 78 anos hoje\u201d, disse a filha, a manicure B\u00e1rbara dos Santos Mota, 46 anos, chorando. Depois do AVC, Maria perdeu a vis\u00e3o e ficou com o lado esquerdo paralisado. &#8220;Meu desejo, neste anivers\u00e1rio, \u00e9 que ela melhore.&#8221;<\/span><\/p>\n<\/div>\n<div class=\"bbc-19j92fr ebmt73l0\" dir=\"ltr\" data-pf_style_display=\"block\" data-pf_style_visibility=\"visible\">\n<p class=\"bbc-hhl7in e17g058b0 added-to-list1\" dir=\"ltr\" data-pf_style_display=\"block\" data-pf_style_visibility=\"visible\"><span class=\"text-node\">Sentada em uma cadeira de rodas, com dificuldade para se comunicar, ela estava rodeada de m\u00e9dicos e enfermeiras que ajudavam a anivers\u00e1rio a tomar, gole por gole, um copo de \u00e1gua.<\/span><\/p>\n<\/div>\n<div class=\"bbc-19j92fr ebmt73l0\" dir=\"ltr\" data-pf_style_display=\"block\" data-pf_style_visibility=\"visible\">\n<p class=\"bbc-hhl7in e17g058b0 added-to-list1\" dir=\"ltr\" data-pf_style_display=\"block\" data-pf_style_visibility=\"visible\"><span class=\"text-node\">B\u00e1rbara estava sorrindo.<\/span><\/p>\n<\/div>\n<div class=\"bbc-19j92fr ebmt73l0\" dir=\"ltr\" data-pf_style_display=\"block\" data-pf_style_visibility=\"visible\">\n<p class=\"bbc-hhl7in e17g058b0 added-to-list1\" dir=\"ltr\" data-pf_style_display=\"block\" data-pf_style_visibility=\"visible\"><span class=\"text-node\">&#8220;Estou feliz de estar aqui com ela hoje.&#8221;<\/span><\/p>\n<div id=\"pf-page-content\" class=\"pf-page-content\">\n<div class=\"pf-app-inner d-flex flex-column\">\n<div id=\"pf-body\" class=\"browser pf-content-wrapper\">\n<div id=\"printfriendly\" class=\"print-only\">\n<div>\n<div id=\"pf-print-area\" class=\"clearfix js-print-area content-unmask direction-ltr\">\n<div id=\"pf-content\" class=\"js-pf-content pf-12\">\n<div class=\"\" data-pf_style_display=\"grid\" data-pf_style_visibility=\"visible\">\n<div class=\"bbc-1cvxiy9 pf-candidate\" data-pf_style_display=\"block\" data-pf_style_visibility=\"visible\"><main class=\"bbc-1i6u33 pf-candidate\" role=\"main\" data-pf_style_display=\"block\" data-pf_style_visibility=\"visible\"><\/p>\n<div class=\"bbc-19j92fr ebmt73l0\" dir=\"ltr\" data-pf_style_display=\"block\" data-pf_style_visibility=\"visible\">\n<p class=\"bbc-hhl7in e17g058b0 added-to-list1\" dir=\"ltr\" data-pf_style_display=\"block\" data-pf_style_visibility=\"visible\"><span class=\"text-node\"><span>Quinze dias depois, B\u00e1rbara se despediu da m\u00e3e.<\/span><\/span><\/p>\n<\/div>\n<p><\/main><\/div>\n<div class=\"bbc-tpioxw\" data-pf_style_display=\"block\" data-pf_style_visibility=\"visible\"><\/div>\n<\/div>\n<\/div>\n<\/div>\n<div class=\"pf-footer\"><\/div>\n<div id=\"copyright\" class=\"non-delete\"><\/div>\n<\/div>\n<\/div>\n<\/div>\n<\/div>\n<\/div>\n<div class=\"d-none d-lg-block ad-box\">\n<div class=\"js-ads-dialog d-flex flex-column justify-content-start pf-v-a print-no vertical-ad\">\n<div class=\"a-box\">\n<div data-fuse=\"22807660785\" data-fuse-code=\"fuse-slot-22807660785-1\" data-fuse-zone-instance=\"zone-instance-22807660785-1\" data-fuse-slot=\"fuse-slot-22807660785-1\" data-gpid=\"\/71161633,21822432912\/PRTFNLY_printfriendly\/h-right#single-1\" data-fuse-processed-at=\"2060\">\n<div id=\"fuse-slot-22807660785-1\" class=\"fuse-slot\" data-google-query-id=\"CLHdo5ySmY4DFWRV3QIdZpkJwg\"><\/div>\n<\/div>\n<\/div>\n<\/div>\n<\/div>\n<\/div>\n<\/div>\n","protected":false},"excerpt":{"rendered":"<p>Marina Rossi e Vitor Serrano, enviados da BBC News Brasil a Salvador &#8211; &#8220;Era aqui que eu come\u00e7ava a\u00a0corrida dos tr\u00eas far\u00f3is\u00a0: de Humait\u00e1, passando pelo Farol da Barra e ia at\u00e9 o Farol de Itapu\u00e3&#8221;, contou Ayrton dos Santos Pinheiro, contemplando o mar de\u00a0Salvador\u00a0que se abria diante de sua janela.<\/p>\n","protected":false},"author":1,"featured_media":0,"comment_status":"closed","ping_status":"open","sticky":false,"template":"","format":"standard","meta":{"_exactmetrics_skip_tracking":false,"_exactmetrics_sitenote_active":false,"_exactmetrics_sitenote_note":"","_exactmetrics_sitenote_category":0,"jetpack_post_was_ever_published":false,"_jetpack_newsletter_access":"","_jetpack_dont_email_post_to_subs":false,"_jetpack_newsletter_tier_id":0,"_jetpack_memberships_contains_paywalled_content":false,"_jetpack_memberships_contains_paid_content":false,"footnotes":"","jetpack_publicize_message":"","jetpack_publicize_feature_enabled":true,"jetpack_social_post_already_shared":true,"jetpack_social_options":{"image_generator_settings":{"template":"highway","enabled":false},"version":2}},"categories":[1],"tags":[1377,1380,1303,1378,1379],"class_list":["post-36965","post","type-post","status-publish","format-standard","hentry","category-notas","tag-cuidados","tag-dignidade","tag-hospital","tag-paliativos","tag-terminal"],"jetpack_publicize_connections":[],"jetpack_sharing_enabled":true,"jetpack_featured_media_url":"","jetpack_shortlink":"https:\/\/wp.me\/p7wKYW-9Cd","jetpack-related-posts":[],"_links":{"self":[{"href":"http:\/\/blogdalucianaoliveira.com.br\/blog\/wp-json\/wp\/v2\/posts\/36965","targetHints":{"allow":["GET"]}}],"collection":[{"href":"http:\/\/blogdalucianaoliveira.com.br\/blog\/wp-json\/wp\/v2\/posts"}],"about":[{"href":"http:\/\/blogdalucianaoliveira.com.br\/blog\/wp-json\/wp\/v2\/types\/post"}],"author":[{"embeddable":true,"href":"http:\/\/blogdalucianaoliveira.com.br\/blog\/wp-json\/wp\/v2\/users\/1"}],"replies":[{"embeddable":true,"href":"http:\/\/blogdalucianaoliveira.com.br\/blog\/wp-json\/wp\/v2\/comments?post=36965"}],"version-history":[{"count":1,"href":"http:\/\/blogdalucianaoliveira.com.br\/blog\/wp-json\/wp\/v2\/posts\/36965\/revisions"}],"predecessor-version":[{"id":36967,"href":"http:\/\/blogdalucianaoliveira.com.br\/blog\/wp-json\/wp\/v2\/posts\/36965\/revisions\/36967"}],"wp:attachment":[{"href":"http:\/\/blogdalucianaoliveira.com.br\/blog\/wp-json\/wp\/v2\/media?parent=36965"}],"wp:term":[{"taxonomy":"category","embeddable":true,"href":"http:\/\/blogdalucianaoliveira.com.br\/blog\/wp-json\/wp\/v2\/categories?post=36965"},{"taxonomy":"post_tag","embeddable":true,"href":"http:\/\/blogdalucianaoliveira.com.br\/blog\/wp-json\/wp\/v2\/tags?post=36965"}],"curies":[{"name":"wp","href":"https:\/\/api.w.org\/{rel}","templated":true}]}}