{"id":36971,"date":"2025-06-30T10:06:48","date_gmt":"2025-06-30T14:06:48","guid":{"rendered":"https:\/\/blogdalucianaoliveira.com.br\/blog\/?p=36971"},"modified":"2025-06-30T10:06:48","modified_gmt":"2025-06-30T14:06:48","slug":"governo-lula-muda-slogan-com-foco-em-justica-social","status":"publish","type":"post","link":"http:\/\/blogdalucianaoliveira.com.br\/blog\/2025\/06\/30\/governo-lula-muda-slogan-com-foco-em-justica-social\/","title":{"rendered":"Governo Lula muda slogan com foco em justi\u00e7a social"},"content":{"rendered":"<p><img data-recalc-dims=\"1\" loading=\"lazy\" decoding=\"async\" data-attachment-id=\"36972\" data-permalink=\"http:\/\/blogdalucianaoliveira.com.br\/blog\/2025\/06\/30\/governo-lula-muda-slogan-com-foco-em-justica-social\/img_3524-2\/\" data-orig-file=\"https:\/\/i0.wp.com\/blogdalucianaoliveira.com.br\/blog\/wp-content\/uploads\/2025\/06\/IMG_3524.webp?fit=500%2C240\" data-orig-size=\"500,240\" data-comments-opened=\"0\" data-image-meta=\"{&quot;aperture&quot;:&quot;0&quot;,&quot;credit&quot;:&quot;&quot;,&quot;camera&quot;:&quot;&quot;,&quot;caption&quot;:&quot;&quot;,&quot;created_timestamp&quot;:&quot;0&quot;,&quot;copyright&quot;:&quot;&quot;,&quot;focal_length&quot;:&quot;0&quot;,&quot;iso&quot;:&quot;0&quot;,&quot;shutter_speed&quot;:&quot;0&quot;,&quot;title&quot;:&quot;&quot;,&quot;orientation&quot;:&quot;0&quot;}\" data-image-title=\"IMG_3524\" data-image-description=\"\" data-image-caption=\"\" data-medium-file=\"https:\/\/i0.wp.com\/blogdalucianaoliveira.com.br\/blog\/wp-content\/uploads\/2025\/06\/IMG_3524.webp?fit=300%2C144\" data-large-file=\"https:\/\/i0.wp.com\/blogdalucianaoliveira.com.br\/blog\/wp-content\/uploads\/2025\/06\/IMG_3524.webp?fit=500%2C240\" class=\"alignnone size-medium wp-image-36972\" src=\"https:\/\/i0.wp.com\/blogdalucianaoliveira.com.br\/blog\/wp-content\/uploads\/2025\/06\/IMG_3524.webp?resize=300%2C144\" alt=\"\" width=\"300\" height=\"144\" srcset=\"https:\/\/i0.wp.com\/blogdalucianaoliveira.com.br\/blog\/wp-content\/uploads\/2025\/06\/IMG_3524.webp?resize=300%2C144 300w, https:\/\/i0.wp.com\/blogdalucianaoliveira.com.br\/blog\/wp-content\/uploads\/2025\/06\/IMG_3524.webp?w=500 500w\" sizes=\"auto, (max-width: 300px) 100vw, 300px\" \/><\/p>\n<h2 class=\"article__lead\">Mudan\u00e7a reflete um redirecionamento das prioridades do governo, com o foco agora voltado para a justi\u00e7a social<\/h2>\n<p><!--more--><\/p>\n<p><b>247 &#8211; <\/b>O governo do presidente \u00a0Luiz In\u00e1cio Lula da Silva (PT) est\u00e1 prestes a adotar um novo slogan, que substituir\u00e1 o atual &#8220;Uni\u00e3o e Reconstru\u00e7\u00e3o&#8221;, introduzido em janeiro de 2023. A mudan\u00e7a, segundo a coluna da jornalista <a href=\"https:\/\/www1.folha.uol.com.br\/colunas\/monicabergamo\/2025\/06\/governo-lula-vai-aposentar-slogan-uniao-e-reconstrucao-em-meio-a-crise.shtml\" target=\"_blank\" rel=\"noopener noreferrer\">M\u00f4nica Bergamo<\/a>, da Folha de S. Paulo, reflete um redirecionamento das prioridades do governo, com o foco agora voltado para a justi\u00e7a social, em vez da &#8220;uni\u00e3o&#8221; que, segundo avalia\u00e7\u00e3o interna, n\u00e3o reflete a realidade do momento pol\u00edtico do Brasil.<\/p>\n<p>O slogan original foi criado para simbolizar a recupera\u00e7\u00e3o econ\u00f4mica e social do pa\u00eds ap\u00f3s o per\u00edodo de polariza\u00e7\u00e3o pol\u00edtica que marcou o governo Bolsonaro. De acordo com a propaganda oficial, a ideia era promover a uni\u00e3o do pa\u00eds e a reconstru\u00e7\u00e3o de sua economia e sociedade. No entanto, o atual ministro da Secretaria de Comunica\u00e7\u00e3o Social (Secom), Sid\u00f4nio Palmeira, nunca esteve satisfeito com o lema e agora, ap\u00f3s a intensifica\u00e7\u00e3o das dificuldades enfrentadas pelo governo, considera que ele est\u00e1 definitivamente desatualizado.<\/p>\n<p>Ainda conforme a reportagem, a decis\u00e3o de mudar o slogan reflete a percep\u00e7\u00e3o de que, em vez de uni\u00e3o, o Brasil vive um per\u00edodo de fortes divis\u00f5es pol\u00edticas, especialmente ap\u00f3s a derrota do governo no Congresso Nacional. Lula, que tentou equilibrar as contas p\u00fablicas com aumento da arrecada\u00e7\u00e3o e taxa\u00e7\u00e3o dos mais ricos, viu sua proposta ser rejeitada pelo Legislativo, o que levou o governo a adotar uma postura mais combativa.<\/p>\n<p>Esta semana, o PT lan\u00e7ou uma nova propaganda que coloca em evid\u00eancia a necessidade de uma distribui\u00e7\u00e3o mais justa dos recursos do pa\u00eds: &#8220;\u00e9 hora de rachar a conta do Brasil de forma mais justa: quem tem mais paga mais. Quem tem menos paga menos. E quem \u00e9 a favor do povo, aprova essa ideia&#8221;.<\/p>\n<p>A mudan\u00e7a no slogan tamb\u00e9m \u00e9 um reflexo de uma estrat\u00e9gia para enfrentar as crescentes cr\u00edticas e a queda de popularidade do governo. Lula aposta que refor\u00e7ar sua defesa dos mais pobres, em oposi\u00e7\u00e3o \u00e0 elite pol\u00edtica e econ\u00f4mica representada pelo Congresso, pode reverter a atual tend\u00eancia negativa e melhorar a imagem de seu governo.<\/p>\n","protected":false},"excerpt":{"rendered":"<p>Mudan\u00e7a reflete um redirecionamento das prioridades do governo, com o foco agora voltado para a justi\u00e7a social<\/p>\n","protected":false},"author":1,"featured_media":0,"comment_status":"closed","ping_status":"open","sticky":false,"template":"","format":"standard","meta":{"_exactmetrics_skip_tracking":false,"_exactmetrics_sitenote_active":false,"_exactmetrics_sitenote_note":"","_exactmetrics_sitenote_category":0,"jetpack_post_was_ever_published":false,"_jetpack_newsletter_access":"","_jetpack_dont_email_post_to_subs":false,"_jetpack_newsletter_tier_id":0,"_jetpack_memberships_contains_paywalled_content":false,"_jetpack_memberships_contains_paid_content":false,"footnotes":"","jetpack_publicize_message":"","jetpack_publicize_feature_enabled":true,"jetpack_social_post_already_shared":true,"jetpack_social_options":{"image_generator_settings":{"template":"highway","enabled":false},"version":2}},"categories":[1],"tags":[44,1381,1382],"class_list":["post-36971","post","type-post","status-publish","format-standard","hentry","category-notas","tag-governo","tag-slogan","tag-social"],"jetpack_publicize_connections":[],"jetpack_sharing_enabled":true,"jetpack_featured_media_url":"","jetpack_shortlink":"https:\/\/wp.me\/p7wKYW-9Cj","jetpack-related-posts":[],"_links":{"self":[{"href":"http:\/\/blogdalucianaoliveira.com.br\/blog\/wp-json\/wp\/v2\/posts\/36971","targetHints":{"allow":["GET"]}}],"collection":[{"href":"http:\/\/blogdalucianaoliveira.com.br\/blog\/wp-json\/wp\/v2\/posts"}],"about":[{"href":"http:\/\/blogdalucianaoliveira.com.br\/blog\/wp-json\/wp\/v2\/types\/post"}],"author":[{"embeddable":true,"href":"http:\/\/blogdalucianaoliveira.com.br\/blog\/wp-json\/wp\/v2\/users\/1"}],"replies":[{"embeddable":true,"href":"http:\/\/blogdalucianaoliveira.com.br\/blog\/wp-json\/wp\/v2\/comments?post=36971"}],"version-history":[{"count":1,"href":"http:\/\/blogdalucianaoliveira.com.br\/blog\/wp-json\/wp\/v2\/posts\/36971\/revisions"}],"predecessor-version":[{"id":36973,"href":"http:\/\/blogdalucianaoliveira.com.br\/blog\/wp-json\/wp\/v2\/posts\/36971\/revisions\/36973"}],"wp:attachment":[{"href":"http:\/\/blogdalucianaoliveira.com.br\/blog\/wp-json\/wp\/v2\/media?parent=36971"}],"wp:term":[{"taxonomy":"category","embeddable":true,"href":"http:\/\/blogdalucianaoliveira.com.br\/blog\/wp-json\/wp\/v2\/categories?post=36971"},{"taxonomy":"post_tag","embeddable":true,"href":"http:\/\/blogdalucianaoliveira.com.br\/blog\/wp-json\/wp\/v2\/tags?post=36971"}],"curies":[{"name":"wp","href":"https:\/\/api.w.org\/{rel}","templated":true}]}}