{"id":36974,"date":"2025-06-30T13:50:37","date_gmt":"2025-06-30T17:50:37","guid":{"rendered":"https:\/\/blogdalucianaoliveira.com.br\/blog\/?p=36974"},"modified":"2025-06-30T13:50:37","modified_gmt":"2025-06-30T17:50:37","slug":"governo-lula-anuncia-r-89-bilhoes-para-agricultura-familiar-e-lanca-programa-nacional-contra-agrotoxicos","status":"publish","type":"post","link":"http:\/\/blogdalucianaoliveira.com.br\/blog\/2025\/06\/30\/governo-lula-anuncia-r-89-bilhoes-para-agricultura-familiar-e-lanca-programa-nacional-contra-agrotoxicos\/","title":{"rendered":"Governo Lula anuncia R$ 89 bilh\u00f5es para agricultura familiar e lan\u00e7a programa nacional contra agrot\u00f3xicos"},"content":{"rendered":"<p><img data-recalc-dims=\"1\" loading=\"lazy\" decoding=\"async\" data-attachment-id=\"36975\" data-permalink=\"http:\/\/blogdalucianaoliveira.com.br\/blog\/2025\/06\/30\/governo-lula-anuncia-r-89-bilhoes-para-agricultura-familiar-e-lanca-programa-nacional-contra-agrotoxicos\/img_3542\/\" data-orig-file=\"https:\/\/i0.wp.com\/blogdalucianaoliveira.com.br\/blog\/wp-content\/uploads\/2025\/06\/IMG_3542.webp?fit=500%2C240\" data-orig-size=\"500,240\" data-comments-opened=\"0\" data-image-meta=\"{&quot;aperture&quot;:&quot;0&quot;,&quot;credit&quot;:&quot;&quot;,&quot;camera&quot;:&quot;&quot;,&quot;caption&quot;:&quot;&quot;,&quot;created_timestamp&quot;:&quot;0&quot;,&quot;copyright&quot;:&quot;&quot;,&quot;focal_length&quot;:&quot;0&quot;,&quot;iso&quot;:&quot;0&quot;,&quot;shutter_speed&quot;:&quot;0&quot;,&quot;title&quot;:&quot;&quot;,&quot;orientation&quot;:&quot;0&quot;}\" data-image-title=\"IMG_3542\" data-image-description=\"\" data-image-caption=\"\" data-medium-file=\"https:\/\/i0.wp.com\/blogdalucianaoliveira.com.br\/blog\/wp-content\/uploads\/2025\/06\/IMG_3542.webp?fit=300%2C144\" data-large-file=\"https:\/\/i0.wp.com\/blogdalucianaoliveira.com.br\/blog\/wp-content\/uploads\/2025\/06\/IMG_3542.webp?fit=500%2C240\" class=\"alignnone size-medium wp-image-36975\" src=\"https:\/\/i0.wp.com\/blogdalucianaoliveira.com.br\/blog\/wp-content\/uploads\/2025\/06\/IMG_3542.webp?resize=300%2C144\" alt=\"\" width=\"300\" height=\"144\" srcset=\"https:\/\/i0.wp.com\/blogdalucianaoliveira.com.br\/blog\/wp-content\/uploads\/2025\/06\/IMG_3542.webp?resize=300%2C144 300w, https:\/\/i0.wp.com\/blogdalucianaoliveira.com.br\/blog\/wp-content\/uploads\/2025\/06\/IMG_3542.webp?w=500 500w\" sizes=\"auto, (max-width: 300px) 100vw, 300px\" \/><\/p>\n<h2 class=\"article__lead\">Novo Plano Safra amplia cr\u00e9dito rural com juros baixos, apoia a transi\u00e7\u00e3o agroecol\u00f3gica e fortalece pol\u00edticas p\u00fablicas para mulheres e povos tradicionais<\/h2>\n<p><!--more--><\/p>\n<p><b>247 &#8211; <\/b>O governo federal lan\u00e7a nesta segunda-feira (30) um pacote de R$ 89 bilh\u00f5es em investimentos voltados \u00e0 agricultura familiar. O an\u00fancio ser\u00e1 feito em cerim\u00f4nia no Pal\u00e1cio do Planalto com a presen\u00e7a do presidente Luiz In\u00e1cio Lula da Silva (PT) e do ministro do Desenvolvimento Agr\u00e1rio e Agricultura Familiar, Paulo Teixeira (PT).<\/p>\n<p>Entre os destaques do novo Plano Safra da Agricultura Familiar 2025\/2026 est\u00e3o a amplia\u00e7\u00e3o do cr\u00e9dito rural via Pronaf, o lan\u00e7amento do Programa Nacional de Redu\u00e7\u00e3o de Agrot\u00f3xicos (Pronara) e medidas para fortalecer a produ\u00e7\u00e3o agroecol\u00f3gica, irriga\u00e7\u00e3o sustent\u00e1vel, conectividade no campo, acessibilidade rural e pol\u00edticas espec\u00edficas para mulheres agricultoras. \u201cAl\u00e9m do valor recorde, conseguimos manter taxas de juros acess\u00edveis, especialmente para a produ\u00e7\u00e3o de alimentos essenciais, mesmo em um cen\u00e1rio econ\u00f4mico desafiador\u201d, afirmou o ministro Paulo Teixeira.<\/p>\n<p><b>Expans\u00e3o do Pronaf e cr\u00e9dito com juros negativos &#8211; <\/b>Do total anunciado, R$ 78,2 bilh\u00f5es ser\u00e3o destinados ao Programa Nacional de Fortalecimento da Agricultura Familiar (Pronaf), que completa 30 anos em 2025. Isso representa um aumento de 47,5% em rela\u00e7\u00e3o ao governo Jair Bolsonaro (PL). A principal novidade \u00e9 a manuten\u00e7\u00e3o da taxa de juros de 3% ao ano para alimentos da cesta b\u00e1sica \u2013 reduzida para 2% em casos de produ\u00e7\u00e3o org\u00e2nica ou agroecol\u00f3gica.<\/p>\n<p>O plano tamb\u00e9m contempla o novo Pronaf B Agroecologia, com microcr\u00e9dito de at\u00e9 R$ 20 mil e juros simb\u00f3licos de 0,5% ao ano, com b\u00f4nus de adimpl\u00eancia de at\u00e9 40%. Al\u00e9m disso, o programa Mais Alimentos ampliou o limite de financiamento de R$ 50 mil para R$ 100 mil com juros de 2,5% para fam\u00edlias com renda anual de at\u00e9 R$ 150 mil.<\/p>\n<p><b>Inova\u00e7\u00f5es em sustentabilidade e inclus\u00e3o &#8211; <\/b>O lan\u00e7amento do Pronara simboliza uma virada estrutural rumo \u00e0 transi\u00e7\u00e3o agroecol\u00f3gica no Brasil. O programa re\u00fane esfor\u00e7os de seis minist\u00e9rios e ser\u00e1 coordenado pela Secretaria-Geral da Presid\u00eancia. Suas a\u00e7\u00f5es incluem pesquisa cient\u00edfica, monitoramento de res\u00edduos de agrot\u00f3xicos, amplia\u00e7\u00e3o do uso de bioinsumos e fortalecimento da assist\u00eancia t\u00e9cnica rural.<\/p>\n<p>Outras iniciativas destacadas incluem:<\/p>\n<ul>\n<li><b>Pronaf Irriga\u00e7\u00e3o Sustent\u00e1vel<\/b>, com foco em energia solar e pr\u00e1ticas adaptadas ao clima, com cr\u00e9dito de at\u00e9 R$ 250 mil e prazo de at\u00e9 10 anos.<\/li>\n<li><b>Pronaf Quintais Produtivos<\/b>, voltado a mulheres rurais, com limite de R$ 20 mil e juros de 0,5% ao ano.<\/li>\n<li><b>Pronaf Acessibilidade Rural<\/b>, para melhorar moradia e mobilidade de pessoas com defici\u00eancia no campo.<\/li>\n<li><b>Pronaf Conectividade<\/b>, com cr\u00e9dito de at\u00e9 R$ 250 mil para infraestrutura digital rural.<\/li>\n<\/ul>\n<p><b>Programas complementares e a\u00e7\u00f5es estruturantes &#8211; <\/b>O governo tamb\u00e9m anuncia programas como o SocioBio Mais, que garante pre\u00e7os m\u00ednimos para produtos da sociobiodiversidade como baba\u00e7u, pirarucu e borracha, e o Programa Nacional de Irriga\u00e7\u00e3o Sustent\u00e1vel, com foco em energia limpa e agroecologia. Al\u00e9m disso, haver\u00e1 o lan\u00e7amento do in\u00e9dito Programa de Transfer\u00eancia de Embri\u00f5es, voltado \u00e0 melhoria gen\u00e9tica na cadeia leiteira.<\/p>\n<p>Ser\u00e3o apresentados ainda os editais Coopera Mais (R$ 40 milh\u00f5es para redes de cooperativas) e Central Abastece, voltado \u00e0 amplia\u00e7\u00e3o da comercializa\u00e7\u00e3o da agricultura familiar em centros de distribui\u00e7\u00e3o como a CEAGESP.<\/p>\n<p><b>Resultados da safra anterior e impacto do plano &#8211; <\/b>Na safra 2024\/2025, houve crescimento de 26,6% no n\u00famero de opera\u00e7\u00f5es e de 20% no volume de cr\u00e9dito rural em compara\u00e7\u00e3o ao ciclo 2022\/2023. Destaque para o aumento expressivo nos financiamentos para arroz (14,7%), feij\u00e3o (8,6%), leite (44%), frutas (55%) e pescado (120%). O programa Mais Alimentos sozinho movimentou R$ 12 bilh\u00f5es, com alta de 76% na compara\u00e7\u00e3o com o per\u00edodo anterior.<\/p>\n<p>Desde o in\u00edcio do atual governo, j\u00e1 foram R$ 225 bilh\u00f5es liberados para a agricultura familiar, com \u00eanfase na democratiza\u00e7\u00e3o regional dos recursos e na valoriza\u00e7\u00e3o de mulheres, jovens, povos origin\u00e1rios e comunidades tradicionais.<\/p>\n","protected":false},"excerpt":{"rendered":"<p>Novo Plano Safra amplia cr\u00e9dito rural com juros baixos, apoia a transi\u00e7\u00e3o agroecol\u00f3gica e fortalece pol\u00edticas p\u00fablicas para mulheres e povos tradicionais<\/p>\n","protected":false},"author":1,"featured_media":0,"comment_status":"closed","ping_status":"open","sticky":false,"template":"","format":"standard","meta":{"_exactmetrics_skip_tracking":false,"_exactmetrics_sitenote_active":false,"_exactmetrics_sitenote_note":"","_exactmetrics_sitenote_category":0,"jetpack_post_was_ever_published":false,"_jetpack_newsletter_access":"","_jetpack_dont_email_post_to_subs":false,"_jetpack_newsletter_tier_id":0,"_jetpack_memberships_contains_paywalled_content":false,"_jetpack_memberships_contains_paid_content":false,"footnotes":"","jetpack_publicize_message":"","jetpack_publicize_feature_enabled":true,"jetpack_social_post_already_shared":true,"jetpack_social_options":{"image_generator_settings":{"template":"highway","enabled":false},"version":2}},"categories":[1],"tags":[1384,1383,1386,1385],"class_list":["post-36974","post","type-post","status-publish","format-standard","hentry","category-notas","tag-ampliacao","tag-plano-safra","tag-povos-tradicionais","tag-vantagens"],"jetpack_publicize_connections":[],"jetpack_sharing_enabled":true,"jetpack_featured_media_url":"","jetpack_shortlink":"https:\/\/wp.me\/p7wKYW-9Cm","jetpack-related-posts":[],"_links":{"self":[{"href":"http:\/\/blogdalucianaoliveira.com.br\/blog\/wp-json\/wp\/v2\/posts\/36974","targetHints":{"allow":["GET"]}}],"collection":[{"href":"http:\/\/blogdalucianaoliveira.com.br\/blog\/wp-json\/wp\/v2\/posts"}],"about":[{"href":"http:\/\/blogdalucianaoliveira.com.br\/blog\/wp-json\/wp\/v2\/types\/post"}],"author":[{"embeddable":true,"href":"http:\/\/blogdalucianaoliveira.com.br\/blog\/wp-json\/wp\/v2\/users\/1"}],"replies":[{"embeddable":true,"href":"http:\/\/blogdalucianaoliveira.com.br\/blog\/wp-json\/wp\/v2\/comments?post=36974"}],"version-history":[{"count":1,"href":"http:\/\/blogdalucianaoliveira.com.br\/blog\/wp-json\/wp\/v2\/posts\/36974\/revisions"}],"predecessor-version":[{"id":36976,"href":"http:\/\/blogdalucianaoliveira.com.br\/blog\/wp-json\/wp\/v2\/posts\/36974\/revisions\/36976"}],"wp:attachment":[{"href":"http:\/\/blogdalucianaoliveira.com.br\/blog\/wp-json\/wp\/v2\/media?parent=36974"}],"wp:term":[{"taxonomy":"category","embeddable":true,"href":"http:\/\/blogdalucianaoliveira.com.br\/blog\/wp-json\/wp\/v2\/categories?post=36974"},{"taxonomy":"post_tag","embeddable":true,"href":"http:\/\/blogdalucianaoliveira.com.br\/blog\/wp-json\/wp\/v2\/tags?post=36974"}],"curies":[{"name":"wp","href":"https:\/\/api.w.org\/{rel}","templated":true}]}}