{"id":36977,"date":"2025-07-01T10:00:14","date_gmt":"2025-07-01T14:00:14","guid":{"rendered":"https:\/\/blogdalucianaoliveira.com.br\/blog\/?p=36977"},"modified":"2025-07-01T10:00:14","modified_gmt":"2025-07-01T14:00:14","slug":"no-brasil-247-29","status":"publish","type":"post","link":"http:\/\/blogdalucianaoliveira.com.br\/blog\/2025\/07\/01\/no-brasil-247-29\/","title":{"rendered":"No Brasil 247"},"content":{"rendered":"<p><img data-recalc-dims=\"1\" loading=\"lazy\" decoding=\"async\" class=\"alignnone size-medium wp-image-36978\" src=\"https:\/\/i0.wp.com\/blogdalucianaoliveira.com.br\/blog\/wp-content\/uploads\/2025\/07\/89b78ac4-ed4e-441b-b8ba-8f2f6d67ba90-300x169.jpeg?resize=300%2C169\" alt=\"\" width=\"300\" height=\"169\" \/><\/p>\n<p><strong>No Brasil 247<\/strong> &#8211; O m\u00eas de junho nas cidades \u00e9 marcado por festas que homenageiam tr\u00eas populares santos cat\u00f3licos: Santo Ant\u00f4nio, S\u00e3o Jo\u00e3o e S\u00e3o Pedro. Os arraiais juninos est\u00e3o entre as mais populares festividades do pa\u00eds e misturam celebra\u00e7\u00e3o religiosa, com m\u00fasica, comida e dan\u00e7a t\u00edpicas.<!--more-->Navegamos cerca de 200 quil\u00f4metros pra ver o que diferencia os arraiais na cidade dos festejos ribeirinhos no Baixo Madeira, em Porto Velho, Rond\u00f4nia. A festa em que se chega pelo rio, come\u00e7a na viagem.<\/p>\n<p>veja a reportagem:<\/p>\n<div class=\"jetpack-video-wrapper\"><iframe loading=\"lazy\" title=\"TRADI\u00c7\u00c3O, CULTURA E F\u00c9 MARCAM FESTEJOS RIBEIRINHOS\" width=\"600\" height=\"338\" src=\"https:\/\/www.youtube.com\/embed\/PSOOd-zJF3Y?feature=oembed\" frameborder=\"0\" allow=\"accelerometer; autoplay; clipboard-write; encrypted-media; gyroscope; picture-in-picture; web-share\" referrerpolicy=\"strict-origin-when-cross-origin\" allowfullscreen><\/iframe><\/div>\n","protected":false},"excerpt":{"rendered":"<p>No Brasil 247 &#8211; O m\u00eas de junho nas cidades \u00e9 marcado por festas que homenageiam tr\u00eas populares santos cat\u00f3licos: Santo Ant\u00f4nio, S\u00e3o Jo\u00e3o e S\u00e3o Pedro. Os arraiais juninos est\u00e3o entre as mais populares festividades do pa\u00eds e misturam celebra\u00e7\u00e3o religiosa, com m\u00fasica, comida e dan\u00e7a t\u00edpicas.<\/p>\n","protected":false},"author":1,"featured_media":0,"comment_status":"closed","ping_status":"open","sticky":false,"template":"","format":"standard","meta":{"_exactmetrics_skip_tracking":false,"_exactmetrics_sitenote_active":false,"_exactmetrics_sitenote_note":"","_exactmetrics_sitenote_category":0,"jetpack_post_was_ever_published":false,"_jetpack_newsletter_access":"","_jetpack_dont_email_post_to_subs":false,"_jetpack_newsletter_tier_id":0,"_jetpack_memberships_contains_paywalled_content":false,"_jetpack_memberships_contains_paid_content":false,"footnotes":"","jetpack_publicize_message":"","jetpack_publicize_feature_enabled":true,"jetpack_social_post_already_shared":true,"jetpack_social_options":{"image_generator_settings":{"template":"highway","enabled":false},"version":2}},"categories":[1],"tags":[145,1387,1388,83],"class_list":["post-36977","post","type-post","status-publish","format-standard","hentry","category-notas","tag-arraial","tag-festejos","tag-junino","tag-ribeirinhos"],"jetpack_publicize_connections":[],"jetpack_sharing_enabled":true,"jetpack_featured_media_url":"","jetpack_shortlink":"https:\/\/wp.me\/p7wKYW-9Cp","jetpack-related-posts":[],"_links":{"self":[{"href":"http:\/\/blogdalucianaoliveira.com.br\/blog\/wp-json\/wp\/v2\/posts\/36977","targetHints":{"allow":["GET"]}}],"collection":[{"href":"http:\/\/blogdalucianaoliveira.com.br\/blog\/wp-json\/wp\/v2\/posts"}],"about":[{"href":"http:\/\/blogdalucianaoliveira.com.br\/blog\/wp-json\/wp\/v2\/types\/post"}],"author":[{"embeddable":true,"href":"http:\/\/blogdalucianaoliveira.com.br\/blog\/wp-json\/wp\/v2\/users\/1"}],"replies":[{"embeddable":true,"href":"http:\/\/blogdalucianaoliveira.com.br\/blog\/wp-json\/wp\/v2\/comments?post=36977"}],"version-history":[{"count":1,"href":"http:\/\/blogdalucianaoliveira.com.br\/blog\/wp-json\/wp\/v2\/posts\/36977\/revisions"}],"predecessor-version":[{"id":36979,"href":"http:\/\/blogdalucianaoliveira.com.br\/blog\/wp-json\/wp\/v2\/posts\/36977\/revisions\/36979"}],"wp:attachment":[{"href":"http:\/\/blogdalucianaoliveira.com.br\/blog\/wp-json\/wp\/v2\/media?parent=36977"}],"wp:term":[{"taxonomy":"category","embeddable":true,"href":"http:\/\/blogdalucianaoliveira.com.br\/blog\/wp-json\/wp\/v2\/categories?post=36977"},{"taxonomy":"post_tag","embeddable":true,"href":"http:\/\/blogdalucianaoliveira.com.br\/blog\/wp-json\/wp\/v2\/tags?post=36977"}],"curies":[{"name":"wp","href":"https:\/\/api.w.org\/{rel}","templated":true}]}}