{"id":36980,"date":"2025-07-02T09:26:41","date_gmt":"2025-07-02T13:26:41","guid":{"rendered":"https:\/\/blogdalucianaoliveira.com.br\/blog\/?p=36980"},"modified":"2025-07-02T09:26:41","modified_gmt":"2025-07-02T13:26:41","slug":"congresso-dos-privilegios-53-dos-deputados-apoiam-supersalarios-e-70-sao-contra-o-fim-da-escala-6x1","status":"publish","type":"post","link":"http:\/\/blogdalucianaoliveira.com.br\/blog\/2025\/07\/02\/congresso-dos-privilegios-53-dos-deputados-apoiam-supersalarios-e-70-sao-contra-o-fim-da-escala-6x1\/","title":{"rendered":"Congresso dos privil\u00e9gios: 53% dos deputados apoiam supersal\u00e1rios e 70% s\u00e3o contra o fim da escala 6&#215;1"},"content":{"rendered":"<p><img data-recalc-dims=\"1\" loading=\"lazy\" decoding=\"async\" data-attachment-id=\"36981\" data-permalink=\"http:\/\/blogdalucianaoliveira.com.br\/blog\/2025\/07\/02\/congresso-dos-privilegios-53-dos-deputados-apoiam-supersalarios-e-70-sao-contra-o-fim-da-escala-6x1\/img_3571\/\" data-orig-file=\"https:\/\/i0.wp.com\/blogdalucianaoliveira.com.br\/blog\/wp-content\/uploads\/2025\/07\/IMG_3571.webp?fit=500%2C240\" data-orig-size=\"500,240\" data-comments-opened=\"0\" data-image-meta=\"{&quot;aperture&quot;:&quot;0&quot;,&quot;credit&quot;:&quot;&quot;,&quot;camera&quot;:&quot;&quot;,&quot;caption&quot;:&quot;&quot;,&quot;created_timestamp&quot;:&quot;0&quot;,&quot;copyright&quot;:&quot;&quot;,&quot;focal_length&quot;:&quot;0&quot;,&quot;iso&quot;:&quot;0&quot;,&quot;shutter_speed&quot;:&quot;0&quot;,&quot;title&quot;:&quot;&quot;,&quot;orientation&quot;:&quot;0&quot;}\" data-image-title=\"IMG_3571\" data-image-description=\"\" data-image-caption=\"\" data-medium-file=\"https:\/\/i0.wp.com\/blogdalucianaoliveira.com.br\/blog\/wp-content\/uploads\/2025\/07\/IMG_3571.webp?fit=300%2C144\" data-large-file=\"https:\/\/i0.wp.com\/blogdalucianaoliveira.com.br\/blog\/wp-content\/uploads\/2025\/07\/IMG_3571.webp?fit=500%2C240\" class=\"alignnone size-medium wp-image-36981\" src=\"https:\/\/i0.wp.com\/blogdalucianaoliveira.com.br\/blog\/wp-content\/uploads\/2025\/07\/IMG_3571.webp?resize=300%2C144\" alt=\"\" width=\"300\" height=\"144\" srcset=\"https:\/\/i0.wp.com\/blogdalucianaoliveira.com.br\/blog\/wp-content\/uploads\/2025\/07\/IMG_3571.webp?resize=300%2C144 300w, https:\/\/i0.wp.com\/blogdalucianaoliveira.com.br\/blog\/wp-content\/uploads\/2025\/07\/IMG_3571.webp?w=500 500w\" sizes=\"auto, (max-width: 300px) 100vw, 300px\" \/><\/p>\n<h2 class=\"article__lead\">Rejei\u00e7\u00e3o ao fim da escala 6&#215;1 \u00e9 particularmente elevada entre parlamentares da oposi\u00e7\u00e3o: 92% desaprovam a ideia<\/h2>\n<p><!--more--><\/p>\n<p><b>247 &#8211; <\/b>Pesquisa Genial\/Quaest divulgada nesta quarta-feira (2) revela que a maioria dos deputados federais se op\u00f5e ao fim da escala de trabalho 6&#215;1. Segundo o <a href=\"https:\/\/g1.globo.com\/politica\/noticia\/2025\/07\/02\/quaest-70percent-dos-deputados-federais-sao-contra-fim-da-escala-6x1-88percent-sao-a-favor-de-elevar-isencao-do-ir.ghtml\" target=\"_blank\" rel=\"noopener noreferrer\">g1<\/a>, o estudo aponta que 70% dos parlamentares rejeitam a proposta de jornada de quatro dias semanais, uma das mais rejeitadas entre os temas em an\u00e1lise no Congresso.<\/p>\n<p>A proposta, de autoria da deputada Erika Hilton (Psol-SP), apresentada em fevereiro, visa reduzir a jornada m\u00e1xima para 36 horas semanais, distribu\u00eddas em quatro dias, e eliminar a escala tradicional de seis dias de trabalho por um de descanso.<\/p>\n<p>O \u00edndice de rejei\u00e7\u00e3o \u00e9 particularmente elevado entre parlamentares da oposi\u00e7\u00e3o: 92% desaprovam a ideia. Entre os que se consideram independentes, a rejei\u00e7\u00e3o \u00e9 de 74%, enquanto entre os governistas, o percentual cai para 55%.<\/p>\n<p>Por outro lado, 44% dos governistas manifestam apoio \u00e0 proposta, ante 23% dos independentes e apenas 6% dos oposicionistas.<\/p>\n<p><b>Isen\u00e7\u00e3o do IR lidera apoio; fim de supersal\u00e1rios tamb\u00e9m \u00e9 rejeitado &#8211; <\/b>A pesquisa consultou 203 deputados, cerca de 40% da C\u00e2mara, entre 7 de maio e 30 de junho de 2025, com amostragem por regi\u00e3o e orienta\u00e7\u00e3o ideol\u00f3gica, com base no projeto <i>Brazilian Legislative Surveys<\/i>. Entre os temas com maior apoio est\u00e3o:<\/p>\n<ul>\n<li>Amplia\u00e7\u00e3o da faixa de isen\u00e7\u00e3o do Imposto de Renda: 88%<\/li>\n<li>Explora\u00e7\u00e3o do petr\u00f3leo na Margem Equatorial: 83%<\/li>\n<li>Aumento de penas para crimes de roubo: 76%<\/li>\n<\/ul>\n<p>J\u00e1 as pautas mais rejeitadas s\u00e3o:<\/p>\n<ul>\n<li>Exclus\u00e3o do Judici\u00e1rio do limite de gastos: 70%<\/li>\n<li>Fim da escala 6&#215;1: 70%<\/li>\n<li>Projeto contra os supersal\u00e1rios: 53%<\/li>\n<\/ul>\n<p>Embora o teto salarial no funcionalismo p\u00fablico seja de R$ 46.366, remunera\u00e7\u00f5es frequentemente ultrapassam esse valor. A proposta do governo Lula pretende restringir tais pagamentos, mas enfrenta resist\u00eancia: 53% s\u00e3o contra, 32% a favor e 15% n\u00e3o opinaram.<\/p>\n<p><b>Avalia\u00e7\u00e3o do governo Lula \u00e9 negativa para maioria dos deputados &#8211; <\/b>O levantamento tamb\u00e9m mostra deteriora\u00e7\u00e3o da imagem do governo Lula entre os parlamentares. A avalia\u00e7\u00e3o negativa chegou a 46% \u2014 o maior \u00edndice desde o in\u00edcio do terceiro mandato. A positiva caiu para 27% (menor n\u00edvel at\u00e9 agora), enquanto 24% classificam o governo como regular e 3% n\u00e3o souberam ou n\u00e3o responderam.<\/p>\n<p>Desde agosto de 2023, a desaprova\u00e7\u00e3o subiu 13 pontos (de 33% para 46%), enquanto a aprova\u00e7\u00e3o caiu 8 pontos (de 35% para 27%).<\/p>\n<p>Entre os independentes, a rejei\u00e7\u00e3o cresceu de 20% em 2023 para 44% em 2025. A aprova\u00e7\u00e3o caiu de 18% para 8%, e a percep\u00e7\u00e3o de regularidade, de 59% para 44%.<\/p>\n<p>Entre a base do governo, 71% aprovam a gest\u00e3o (eram 74% em 2023). J\u00e1 entre os opositores, 96% a consideram negativa \u2014 mesmo patamar de 2023.<\/p>\n<p><b>Rela\u00e7\u00e3o com o Congresso tamb\u00e9m enfrenta dificuldades &#8211; <\/b>A rela\u00e7\u00e3o do Executivo com o Congresso \u00e9 considerada ruim por 51% dos deputados (41% em 2023). Outros 30% veem como regular e apenas 18% como positiva.<\/p>\n<p>A divis\u00e3o ideol\u00f3gica tamb\u00e9m revela contrastes: 84% dos deputados de esquerda aprovam o governo; 86% dos de direita o rejeitam. Entre os de centro, 53% avaliam como regular, 24% negativamente e 23% positivamente.<\/p>\n<p>Regionalmente, o Nordeste \u00e9 a \u00fanica regi\u00e3o com empate t\u00e9cnico: 37% de aprova\u00e7\u00e3o e 33% de rejei\u00e7\u00e3o. No Sudeste, 51% reprovam; no Sul, 57%; e no Centro-Oeste\/Norte, 47%.<\/p>\n<p><b>Lula \u00e9 visto como prov\u00e1vel candidato, mas oposi\u00e7\u00e3o lidera favoritismo para 2026 &#8211; <\/b>A maioria dos deputados (68%) acredita que Lula ser\u00e1 candidato \u00e0 reelei\u00e7\u00e3o em 2026, contra 21% que acham que ele n\u00e3o disputar\u00e1. Outros 11% n\u00e3o opinaram.<\/p>\n<p>Apesar disso, apenas 35% o veem como favorito, enquanto 50% acreditam em vit\u00f3ria de um nome da oposi\u00e7\u00e3o.<\/p>\n<p>Entre os nomes oposicionistas para 2026, Tarc\u00edsio de Freitas (Republicanos-SP) lidera as men\u00e7\u00f5es espont\u00e2neas com 49%. Jair Bolsonaro (PL), ineleg\u00edvel, aparece com 13%, seguido por Michelle Bolsonaro (6%), Eduardo Bolsonaro (5%), Ratinho J\u00fanior (4%), Ronaldo Caiado (3%) e Fl\u00e1vio Bolsonaro (1%).<\/p>\n<p>Embora ineleg\u00edvel, Bolsonaro segue influente: 23% dos deputados acham que ele deve se manter como candidato, mas 51% defendem que apoie outro nome.<\/p>\n<p><b>Economia segue principal preocupa\u00e7\u00e3o; viol\u00eancia ganha destaque &#8211; <\/b>Os deputados apontam a economia como principal problema nacional, embora com queda de 7 pontos desde 2023. A viol\u00eancia, por sua vez, saltou de 7% para 23% nas men\u00e7\u00f5es, superando a corrup\u00e7\u00e3o (16%) e quest\u00f5es sociais (10%).<\/p>\n<p>Veja os principais problemas citados:<\/p>\n<ul>\n<li>Economia: 31% (eram 38%)<\/li>\n<li>Viol\u00eancia: 23% (eram 7%)<\/li>\n<li>Corrup\u00e7\u00e3o: 16% (eram 12%)<\/li>\n<li>Quest\u00f5es sociais: 10% (eram 23%)<\/li>\n<li>Sa\u00fade: 3%; Educa\u00e7\u00e3o: 2%<\/li>\n<\/ul>\n<p><b>Cr\u00edticas ao STF e aprova\u00e7\u00e3o de Hugo Motta completam cen\u00e1rio institucional &#8211; <\/b>Questionados sobre a atua\u00e7\u00e3o do STF, 49% dos deputados afirmam que a Corte \u201csempre\u201d invade compet\u00eancias do Legislativo. Outros 28% disseram que isso ocorre \u201c\u00e0s vezes\u201d, 12% \u201craramente\u201d e 5% \u201cnunca\u201d.<\/p>\n<p>A avalia\u00e7\u00e3o geral sobre o STF \u00e9 negativa para 48%, positiva para 27%, regular para 18%, e 7% n\u00e3o responderam.<\/p>\n<p>Em contrapartida, o presidente da C\u00e2mara, Hugo Motta (Republicanos-PB), \u00e9 bem avaliado: 68% consideram sua gest\u00e3o positiva. Entre os governistas, o apoio \u00e9 de 77%, e entre independentes, 82%. At\u00e9 mesmo entre os oposicionistas, 47% aprovam sua atua\u00e7\u00e3o.<\/p>\n","protected":false},"excerpt":{"rendered":"<p>Rejei\u00e7\u00e3o ao fim da escala 6&#215;1 \u00e9 particularmente elevada entre parlamentares da oposi\u00e7\u00e3o: 92% desaprovam a ideia<\/p>\n","protected":false},"author":1,"featured_media":0,"comment_status":"closed","ping_status":"open","sticky":false,"template":"","format":"standard","meta":{"_exactmetrics_skip_tracking":false,"_exactmetrics_sitenote_active":false,"_exactmetrics_sitenote_note":"","_exactmetrics_sitenote_category":0,"jetpack_post_was_ever_published":false,"_jetpack_newsletter_access":"","_jetpack_dont_email_post_to_subs":false,"_jetpack_newsletter_tier_id":0,"_jetpack_memberships_contains_paywalled_content":false,"_jetpack_memberships_contains_paid_content":false,"footnotes":"","jetpack_publicize_message":"","jetpack_publicize_feature_enabled":true,"jetpack_social_post_already_shared":true,"jetpack_social_options":{"image_generator_settings":{"template":"highway","enabled":false},"version":2}},"categories":[1],"tags":[288,1326,886,327],"class_list":["post-36980","post","type-post","status-publish","format-standard","hentry","category-notas","tag-congresso","tag-escala-6x1","tag-pesquisa","tag-supersalarios"],"jetpack_publicize_connections":[],"jetpack_sharing_enabled":true,"jetpack_featured_media_url":"","jetpack_shortlink":"https:\/\/wp.me\/p7wKYW-9Cs","jetpack-related-posts":[],"_links":{"self":[{"href":"http:\/\/blogdalucianaoliveira.com.br\/blog\/wp-json\/wp\/v2\/posts\/36980","targetHints":{"allow":["GET"]}}],"collection":[{"href":"http:\/\/blogdalucianaoliveira.com.br\/blog\/wp-json\/wp\/v2\/posts"}],"about":[{"href":"http:\/\/blogdalucianaoliveira.com.br\/blog\/wp-json\/wp\/v2\/types\/post"}],"author":[{"embeddable":true,"href":"http:\/\/blogdalucianaoliveira.com.br\/blog\/wp-json\/wp\/v2\/users\/1"}],"replies":[{"embeddable":true,"href":"http:\/\/blogdalucianaoliveira.com.br\/blog\/wp-json\/wp\/v2\/comments?post=36980"}],"version-history":[{"count":1,"href":"http:\/\/blogdalucianaoliveira.com.br\/blog\/wp-json\/wp\/v2\/posts\/36980\/revisions"}],"predecessor-version":[{"id":36982,"href":"http:\/\/blogdalucianaoliveira.com.br\/blog\/wp-json\/wp\/v2\/posts\/36980\/revisions\/36982"}],"wp:attachment":[{"href":"http:\/\/blogdalucianaoliveira.com.br\/blog\/wp-json\/wp\/v2\/media?parent=36980"}],"wp:term":[{"taxonomy":"category","embeddable":true,"href":"http:\/\/blogdalucianaoliveira.com.br\/blog\/wp-json\/wp\/v2\/categories?post=36980"},{"taxonomy":"post_tag","embeddable":true,"href":"http:\/\/blogdalucianaoliveira.com.br\/blog\/wp-json\/wp\/v2\/tags?post=36980"}],"curies":[{"name":"wp","href":"https:\/\/api.w.org\/{rel}","templated":true}]}}