{"id":36983,"date":"2025-07-02T10:30:53","date_gmt":"2025-07-02T14:30:53","guid":{"rendered":"https:\/\/blogdalucianaoliveira.com.br\/blog\/?p=36983"},"modified":"2025-07-02T10:30:53","modified_gmt":"2025-07-02T14:30:53","slug":"hugomottatraidor-explode-nas-redes-e-evidencia-tiro-no-pe-da-ofensiva-contra-lula","status":"publish","type":"post","link":"http:\/\/blogdalucianaoliveira.com.br\/blog\/2025\/07\/02\/hugomottatraidor-explode-nas-redes-e-evidencia-tiro-no-pe-da-ofensiva-contra-lula\/","title":{"rendered":"#HugoMottaTraidor explode nas redes e evidencia &#8220;tiro no p\u00e9&#8221; da ofensiva contra Lula"},"content":{"rendered":"<p><img data-recalc-dims=\"1\" loading=\"lazy\" decoding=\"async\" data-attachment-id=\"36985\" data-permalink=\"http:\/\/blogdalucianaoliveira.com.br\/blog\/2025\/07\/02\/hugomottatraidor-explode-nas-redes-e-evidencia-tiro-no-pe-da-ofensiva-contra-lula\/img_3573\/\" data-orig-file=\"https:\/\/i0.wp.com\/blogdalucianaoliveira.com.br\/blog\/wp-content\/uploads\/2025\/07\/IMG_3573.webp?fit=425%2C230\" data-orig-size=\"425,230\" data-comments-opened=\"0\" data-image-meta=\"{&quot;aperture&quot;:&quot;0&quot;,&quot;credit&quot;:&quot;&quot;,&quot;camera&quot;:&quot;&quot;,&quot;caption&quot;:&quot;&quot;,&quot;created_timestamp&quot;:&quot;0&quot;,&quot;copyright&quot;:&quot;&quot;,&quot;focal_length&quot;:&quot;0&quot;,&quot;iso&quot;:&quot;0&quot;,&quot;shutter_speed&quot;:&quot;0&quot;,&quot;title&quot;:&quot;&quot;,&quot;orientation&quot;:&quot;0&quot;}\" data-image-title=\"IMG_3573\" data-image-description=\"\" data-image-caption=\"\" data-medium-file=\"https:\/\/i0.wp.com\/blogdalucianaoliveira.com.br\/blog\/wp-content\/uploads\/2025\/07\/IMG_3573.webp?fit=300%2C162\" data-large-file=\"https:\/\/i0.wp.com\/blogdalucianaoliveira.com.br\/blog\/wp-content\/uploads\/2025\/07\/IMG_3573.webp?fit=425%2C230\" class=\"alignnone size-medium wp-image-36985\" src=\"https:\/\/i0.wp.com\/blogdalucianaoliveira.com.br\/blog\/wp-content\/uploads\/2025\/07\/IMG_3573.webp?resize=300%2C162\" alt=\"\" width=\"300\" height=\"162\" srcset=\"https:\/\/i0.wp.com\/blogdalucianaoliveira.com.br\/blog\/wp-content\/uploads\/2025\/07\/IMG_3573.webp?resize=300%2C162 300w, https:\/\/i0.wp.com\/blogdalucianaoliveira.com.br\/blog\/wp-content\/uploads\/2025\/07\/IMG_3573.webp?w=425 425w\" sizes=\"auto, (max-width: 300px) 100vw, 300px\" \/><\/p>\n<h2 class=\"bajada\">Presidente da C\u00e2mara, ao liderar alian\u00e7a do centr\u00e3o com bolsonaristas para &#8220;sangrar&#8221; o governo Lula e proteger os rica\u00e7os, se tornou alvo de &#8220;exposed&#8221; nas redes sociais<\/h2>\n<p><!--more--><\/p>\n<p>O presidente da C\u00e2mara, <a href=\"https:\/\/revistaforum.com.br\/temas\/hugo-motta-67326.html\" target=\"_blank\" rel=\"noopener\">Hugo Motta (Republicanos-PB)<\/a>, ao liderar uma alian\u00e7a entre o centr\u00e3o e bolsonaristas para &#8220;sangrar&#8221; o governo Lula, proteger os rica\u00e7os e pavimentar caminho para a candidatura de Tarc\u00edsio Gomes de Freitas \u00e0 presid\u00eancia em 2026, deu um &#8220;tiro no p\u00e9&#8221; e agora est\u00e1 sendo alvo de<strong> exposi\u00e7\u00e3o e cr\u00edticas nas redes sociais<\/strong>.<\/p>\n<p>veja<\/p>\n<p><a href=\"https:\/\/x.com\/JANI_VALVERD\/status\/1940130454671433965?ref_src=twsrc%5Etfw%7Ctwcamp%5Etweetembed%7Ctwterm%5E1940130454671433965%7Ctwgr%5Ed2d5f0f6ce11668a5080b82ec2afb87bda0a0750%7Ctwcon%5Es1_c10&amp;ref_url=https%3A%2F%2Fd-20325513161130186186.ampproject.net%2F2505300108000%2Fframe.html\">https:\/\/x.com\/JANI_VALVERD\/status\/1940130454671433965?ref_src=twsrc%5Etfw%7Ctwcamp%5Etweetembed%7Ctwterm%5E1940130454671433965%7Ctwgr%5Ed2d5f0f6ce11668a5080b82ec2afb87bda0a0750%7Ctwcon%5Es1_c10&amp;ref_url=https%3A%2F%2Fd-20325513161130186186.ampproject.net%2F2505300108000%2Fframe.html<\/a><\/p>\n<p>Na noite desta ter\u00e7a-feira (1), ap\u00f3s o governo Lula, atrav\u00e9s da Advocacia-Geral da Uni\u00e3o (AGU), <a href=\"https:\/\/revistaforum.com.br\/politica\/2025\/7\/1\/urgente-governo-lula-aciona-stf-contra-manobra-do-centro-que-derrubou-decreto-do-iof-182521.html\" target=\"_blank\" rel=\"noopener\">ajuizar no Supremo Tribunal Federal (STF)<\/a> uma a\u00e7\u00e3o para <strong>anular<\/strong> a vota\u00e7\u00e3o da C\u00e2mara que derrubou o decreto que alterava a al\u00edquota do Imposto sobre Opera\u00e7\u00f5es Financeiras (IOF), a hashtag <strong>#HugoMottaTraidor <\/strong>explodiu no X (antigo Twitter) e passou a figurar na lista de assuntos mais comentados do momento.<\/p>\n<p>Motta e seu grupo pol\u00edtico, o centr\u00e3o, se aliou \u00e0\u00a0extrema direita no Congresso Nacional para &#8220;sangrar&#8221; o governo com medidas que impediriam os bilion\u00e1rios de pagar mais impostos. Na pr\u00e1tica, ao anular o aumento do IOF previsto no decreto de Lula, o Congresso\u00a0impede a tributa\u00e7\u00e3o dos mais ricos\u00a0e empurra o governo a buscar alternativas para fechar as contas p\u00fablicas e cumprir o arcabou\u00e7o fiscal\u00a0\u2013\u00a0o que pode significar cortes em \u00e1reas sociais.<\/p>\n<div class=\"content-banner\"><\/div>\n<p>Segundo ministros pr\u00f3ximos, Lula ficou especialmente irritado com a postura de Hugo Motta, que anunciou a vota\u00e7\u00e3o da derrubada do decreto de\u00a0\u00faltima hora, ignorou apelos de lideran\u00e7as governistas e n\u00e3o atendeu liga\u00e7\u00f5es da ministra Gleisi Hoffmann (Rela\u00e7\u00f5es Institucionais) e do ministro da Fazenda, Fernando Haddad, com quem havia se reunido horas antes e se comprometido a n\u00e3o votar o projeto que derrubaria o aumento do IOF. N\u00e3o \u00e0 toa, Motta vem sendo chamado de<strong> &#8220;traidor&#8221; <\/strong>por integrantes do governo e usu\u00e1rios das redes sociais.<\/p>\n<h2><strong>&#8220;Hugo Nem Se Importa&#8221;<\/strong><\/h2>\n<p>Com mais de 7,8 mil seguidores em apenas 4 dias no Tik Tok, o\u00a0perfil<em> Brasil \u2013 S\u00e1tira do Poder<\/em>, &#8220;onde o povo paga, e eles riem com estilo&#8221;, viralizou, com v\u00eddeos espalhados em outras redes ao desnudar o alinhamento de pol\u00edticos Centr\u00e3o e da direita no Congresso com os ricos no Brasil.<\/p>\n<p>Os v\u00eddeos, feitos com Intelig\u00eancia Artificial, t\u00eam como protagonista o deputado <a href=\"https:\/\/revistaforum.com.br\/politica\/2025\/7\/1\/hugo-nem-se-importa-videos-em-perfil-satirico-desnudam-defesa-dos-ricos-pelo-centro-no-congresso-182532.html\" target=\"_blank\" rel=\"noopener\">Hugo Nem Se Importa<\/a>, uma figura sat\u00edrica baseada no presidente da C\u00e2mara, Hugo Motta (Republicanos-PB), que est\u00e1 \u00e0 frente da defesa dos interesses dos rica\u00e7os na articula\u00e7\u00e3o para &#8220;sangrar&#8221; Lula, antecipando a disputa presidencial contra o prov\u00e1vel candidata da terceira via, Tarc\u00edsio Gomes de Freitas (Republicanos).<\/p>\n<p>&#8220;Fala, meu povo escravo do trampo. Aqui quem fala \u00e9 o deputado Hugo Nem Se Importa. Agora \u00e9 hora do jantar de luxo. E quem paga a conta? Voc\u00eas. Relaxa, galera. Podem comer e beber \u00e0 vontade. Reembolso \u00e9 pra isso mesmo, pra degustar o suor do povo&#8221;, diz Hugo Nem Se Importa no v\u00eddeo divulgado nesta segunda-feira (1\u00ba), que j\u00e1 tem mais de 1,3 mil coment\u00e1rios.<\/p>\n<p>&#8220;Relaxa, Brasil. Amanh\u00e3 essa garrafa vira nota fiscal&#8221;, segue o personagem sat\u00edrico, que entorna uma garrafa de whisky, como fez Motta recentemente.<\/p>\n<p>veja v\u00eddeos:<\/p>\n<p><a href=\"https:\/\/x.com\/revistaforum\/status\/1940064739494703186?s=46\">https:\/\/x.com\/revistaforum\/status\/1940064739494703186?s=46<\/a><\/p>\n<p><a href=\"https:\/\/x.com\/revistaforum\/status\/1940064742967582877\">https:\/\/x.com\/revistaforum\/status\/1940064742967582877<\/a><\/p>\n<p>&nbsp;<\/p>\n","protected":false},"excerpt":{"rendered":"<p>Presidente da C\u00e2mara, ao liderar alian\u00e7a do centr\u00e3o com bolsonaristas para &#8220;sangrar&#8221; o governo Lula e proteger os rica\u00e7os, se tornou alvo de &#8220;exposed&#8221; nas redes sociais<\/p>\n","protected":false},"author":1,"featured_media":0,"comment_status":"closed","ping_status":"open","sticky":false,"template":"","format":"standard","meta":{"_exactmetrics_skip_tracking":false,"_exactmetrics_sitenote_active":false,"_exactmetrics_sitenote_note":"","_exactmetrics_sitenote_category":0,"jetpack_post_was_ever_published":false,"_jetpack_newsletter_access":"","_jetpack_dont_email_post_to_subs":false,"_jetpack_newsletter_tier_id":0,"_jetpack_memberships_contains_paywalled_content":false,"_jetpack_memberships_contains_paid_content":false,"footnotes":"","jetpack_publicize_message":"","jetpack_publicize_feature_enabled":true,"jetpack_social_post_already_shared":true,"jetpack_social_options":{"image_generator_settings":{"template":"highway","enabled":false},"version":2}},"categories":[1],"tags":[288,1389,1390],"class_list":["post-36983","post","type-post","status-publish","format-standard","hentry","category-notas","tag-congresso","tag-hugo-motta","tag-iof"],"jetpack_publicize_connections":[],"jetpack_sharing_enabled":true,"jetpack_featured_media_url":"","jetpack_shortlink":"https:\/\/wp.me\/p7wKYW-9Cv","jetpack-related-posts":[],"_links":{"self":[{"href":"http:\/\/blogdalucianaoliveira.com.br\/blog\/wp-json\/wp\/v2\/posts\/36983","targetHints":{"allow":["GET"]}}],"collection":[{"href":"http:\/\/blogdalucianaoliveira.com.br\/blog\/wp-json\/wp\/v2\/posts"}],"about":[{"href":"http:\/\/blogdalucianaoliveira.com.br\/blog\/wp-json\/wp\/v2\/types\/post"}],"author":[{"embeddable":true,"href":"http:\/\/blogdalucianaoliveira.com.br\/blog\/wp-json\/wp\/v2\/users\/1"}],"replies":[{"embeddable":true,"href":"http:\/\/blogdalucianaoliveira.com.br\/blog\/wp-json\/wp\/v2\/comments?post=36983"}],"version-history":[{"count":2,"href":"http:\/\/blogdalucianaoliveira.com.br\/blog\/wp-json\/wp\/v2\/posts\/36983\/revisions"}],"predecessor-version":[{"id":36986,"href":"http:\/\/blogdalucianaoliveira.com.br\/blog\/wp-json\/wp\/v2\/posts\/36983\/revisions\/36986"}],"wp:attachment":[{"href":"http:\/\/blogdalucianaoliveira.com.br\/blog\/wp-json\/wp\/v2\/media?parent=36983"}],"wp:term":[{"taxonomy":"category","embeddable":true,"href":"http:\/\/blogdalucianaoliveira.com.br\/blog\/wp-json\/wp\/v2\/categories?post=36983"},{"taxonomy":"post_tag","embeddable":true,"href":"http:\/\/blogdalucianaoliveira.com.br\/blog\/wp-json\/wp\/v2\/tags?post=36983"}],"curies":[{"name":"wp","href":"https:\/\/api.w.org\/{rel}","templated":true}]}}