{"id":36987,"date":"2025-07-02T10:47:56","date_gmt":"2025-07-02T14:47:56","guid":{"rendered":"https:\/\/blogdalucianaoliveira.com.br\/blog\/?p=36987"},"modified":"2025-07-02T10:47:56","modified_gmt":"2025-07-02T14:47:56","slug":"justica-condena-a-uniao-a-pagar-indenizacao-por-homofobia-de-ministro-de-bolsonaro","status":"publish","type":"post","link":"http:\/\/blogdalucianaoliveira.com.br\/blog\/2025\/07\/02\/justica-condena-a-uniao-a-pagar-indenizacao-por-homofobia-de-ministro-de-bolsonaro\/","title":{"rendered":"Justi\u00e7a condena a Uni\u00e3o a pagar indeniza\u00e7\u00e3o por homofobia de ministro de Bolsonaro"},"content":{"rendered":"<p><img data-recalc-dims=\"1\" loading=\"lazy\" decoding=\"async\" data-attachment-id=\"36988\" data-permalink=\"http:\/\/blogdalucianaoliveira.com.br\/blog\/2025\/07\/02\/justica-condena-a-uniao-a-pagar-indenizacao-por-homofobia-de-ministro-de-bolsonaro\/img_3574\/\" data-orig-file=\"https:\/\/i0.wp.com\/blogdalucianaoliveira.com.br\/blog\/wp-content\/uploads\/2025\/07\/IMG_3574.jpeg?fit=1200%2C720\" data-orig-size=\"1200,720\" data-comments-opened=\"0\" data-image-meta=\"{&quot;aperture&quot;:&quot;0&quot;,&quot;credit&quot;:&quot;&quot;,&quot;camera&quot;:&quot;&quot;,&quot;caption&quot;:&quot;&quot;,&quot;created_timestamp&quot;:&quot;0&quot;,&quot;copyright&quot;:&quot;&quot;,&quot;focal_length&quot;:&quot;0&quot;,&quot;iso&quot;:&quot;0&quot;,&quot;shutter_speed&quot;:&quot;0&quot;,&quot;title&quot;:&quot;&quot;,&quot;orientation&quot;:&quot;0&quot;}\" data-image-title=\"IMG_3574\" data-image-description=\"\" data-image-caption=\"\" data-medium-file=\"https:\/\/i0.wp.com\/blogdalucianaoliveira.com.br\/blog\/wp-content\/uploads\/2025\/07\/IMG_3574.jpeg?fit=300%2C180\" data-large-file=\"https:\/\/i0.wp.com\/blogdalucianaoliveira.com.br\/blog\/wp-content\/uploads\/2025\/07\/IMG_3574.jpeg?fit=600%2C360\" class=\"alignnone size-medium wp-image-36988\" src=\"https:\/\/i0.wp.com\/blogdalucianaoliveira.com.br\/blog\/wp-content\/uploads\/2025\/07\/IMG_3574.jpeg?resize=300%2C180\" alt=\"\" width=\"300\" height=\"180\" srcset=\"https:\/\/i0.wp.com\/blogdalucianaoliveira.com.br\/blog\/wp-content\/uploads\/2025\/07\/IMG_3574.jpeg?resize=300%2C180 300w, https:\/\/i0.wp.com\/blogdalucianaoliveira.com.br\/blog\/wp-content\/uploads\/2025\/07\/IMG_3574.jpeg?resize=1024%2C614 1024w, https:\/\/i0.wp.com\/blogdalucianaoliveira.com.br\/blog\/wp-content\/uploads\/2025\/07\/IMG_3574.jpeg?resize=768%2C461 768w, https:\/\/i0.wp.com\/blogdalucianaoliveira.com.br\/blog\/wp-content\/uploads\/2025\/07\/IMG_3574.jpeg?resize=500%2C300 500w, https:\/\/i0.wp.com\/blogdalucianaoliveira.com.br\/blog\/wp-content\/uploads\/2025\/07\/IMG_3574.jpeg?w=1200 1200w\" sizes=\"auto, (max-width: 300px) 100vw, 300px\" \/><\/p>\n<p class=\"added-to-list1\" data-pf_style_display=\"block\" data-pf_style_visibility=\"visible\"><span class=\"text-node\">A Justi\u00e7a Federal confirmou, nesta ter\u00e7a-feira 1\u00ba, a condena\u00e7\u00e3o\u00a0da Uni\u00e3o ao pagamento de indeniza\u00e7\u00e3o de <\/span><strong data-pf_style_display=\"inline\" data-pf_style_visibility=\"visible\"><span class=\"text-node\">200 mil reais<\/span><\/strong><span class=\"text-node\"> por danos morais coletivos devido a <\/span><a href=\"https:\/\/www.cartacapital.com.br\/politica\/ex-ministro-da-educacao-de-bolsonaro-e-denunciado-por-homofobia\/\" data-pf_style_display=\"inline\" data-pf_style_visibility=\"visible\"><span class=\"text-node\">declara\u00e7\u00f5es homof\u00f3bicas de\u00a0Milton Ribeiro<\/span><\/a><span class=\"text-node\"> quando ele era ministro da Educa\u00e7\u00e3o de Jair Bolsonaro (PL). Cabe recurso.<\/span><!--more--><\/p>\n<p class=\"added-to-list1\" data-pf_style_display=\"block\" data-pf_style_visibility=\"visible\"><span class=\"text-node\">A decis\u00e3o, da Quarta Turma do Tribunal Regional Federal da 3\u00aa Regi\u00e3o, atende parcialmente a uma a\u00e7\u00e3o civil p\u00fablica apresentada pela Alian\u00e7a Nacional LGBTI+ e por outras dez entidades.<\/span><\/p>\n<p class=\"added-to-list1\" data-pf_style_display=\"block\" data-pf_style_visibility=\"visible\"><span class=\"text-node\">O caso se refere \u00e0 afirma\u00e7\u00e3o de Ribeiro de que a homossexualidade n\u00e3o seria normal. Em entrevista ao jornal <\/span><em data-pf_style_display=\"inline\" data-pf_style_visibility=\"visible\"><span class=\"text-node\">O Estado de S. Paulo<\/span><\/em><span class=\"text-node\">\u00a0em setembro de 2020, o ent\u00e3o ministro ainda falou em \u201cfam\u00edlias desajustadas\u201d.<\/span><\/p>\n<p class=\"added-to-list1\" data-pf_style_display=\"block\" data-pf_style_visibility=\"visible\"><span class=\"text-node\">\u201cAcho que o adolescente que muitas vezes opta por andar no caminho do homossexualismo (sic) tem um contexto familiar muito pr\u00f3ximo, basta fazer uma pesquisa. S\u00e3o fam\u00edlias desajustadas, algumas. Falta aten\u00e7\u00e3o do pai, falta aten\u00e7\u00e3o da m\u00e3e. Vejo menino de 12, 13 anos optando por ser gay, nunca esteve com uma mulher de fato, com um homem e caminhar por a\u00ed\u201d, afirmou o pastor, na ocasi\u00e3o.<\/span><\/p>\n<p class=\"added-to-list1\" data-pf_style_display=\"block\" data-pf_style_visibility=\"visible\"><span class=\"text-node\">A maioria da Quarta Turma seguiu o voto do relator, desembargador federal Wilson Zauhy, para quem as declara\u00e7\u00f5es do ministro \u201c<\/span><mark data-pf_style_display=\"inline\" data-pf_style_visibility=\"visible\"><span class=\"text-node\">ultrapassam o limite da opini\u00e3o ocasional<\/span><\/mark><span class=\"text-node\">, conjugando-se em verdadeira investida contra os cidad\u00e3os com identidade de g\u00eanero homossexual, a quem destina a pecha de anormais, inclusive do ponto de vista biol\u00f3gico\u201d.<\/span><\/p>\n<p class=\"added-to-list1\" data-pf_style_display=\"block\" data-pf_style_visibility=\"visible\"><span class=\"text-node\">Zauhy frisou que as alega\u00e7\u00f5es assumem contornos de discrimina\u00e7\u00e3o e preconceito e visam \u00e0 marginaliza\u00e7\u00e3o de uma parcela da popula\u00e7\u00e3o. Implicam, ainda, em viola\u00e7\u00e3o direta das garantias constitucionais da igualdade e da dignidade da pessoa humana.<\/span><\/p>\n<p class=\"added-to-list1\" data-pf_style_display=\"block\" data-pf_style_visibility=\"visible\"><span class=\"text-node\">A indeniza\u00e7\u00e3o dever\u00e1 ser destinada ao Fundo de Defesa de Direitos Difusos, para aplica\u00e7\u00e3o em pol\u00edticas que beneficiem a popula\u00e7\u00e3o LGBTI+.<\/span><\/p>\n","protected":false},"excerpt":{"rendered":"<p>A Justi\u00e7a Federal confirmou, nesta ter\u00e7a-feira 1\u00ba, a condena\u00e7\u00e3o\u00a0da Uni\u00e3o ao pagamento de indeniza\u00e7\u00e3o de 200 mil reais por danos morais coletivos devido a declara\u00e7\u00f5es homof\u00f3bicas de\u00a0Milton Ribeiro quando ele era ministro da Educa\u00e7\u00e3o de Jair Bolsonaro (PL). Cabe recurso.<\/p>\n","protected":false},"author":1,"featured_media":0,"comment_status":"closed","ping_status":"open","sticky":false,"template":"","format":"standard","meta":{"_exactmetrics_skip_tracking":false,"_exactmetrics_sitenote_active":false,"_exactmetrics_sitenote_note":"","_exactmetrics_sitenote_category":0,"jetpack_post_was_ever_published":false,"_jetpack_newsletter_access":"","_jetpack_dont_email_post_to_subs":false,"_jetpack_newsletter_tier_id":0,"_jetpack_memberships_contains_paywalled_content":false,"_jetpack_memberships_contains_paid_content":false,"footnotes":"","jetpack_publicize_message":"","jetpack_publicize_feature_enabled":true,"jetpack_social_post_already_shared":true,"jetpack_social_options":{"image_generator_settings":{"template":"highway","enabled":false},"version":2}},"categories":[1],"tags":[909,1391,120],"class_list":["post-36987","post","type-post","status-publish","format-standard","hentry","category-notas","tag-condenacao","tag-milton-ribeiro","tag-ministro"],"jetpack_publicize_connections":[],"jetpack_sharing_enabled":true,"jetpack_featured_media_url":"","jetpack_shortlink":"https:\/\/wp.me\/p7wKYW-9Cz","jetpack-related-posts":[],"_links":{"self":[{"href":"http:\/\/blogdalucianaoliveira.com.br\/blog\/wp-json\/wp\/v2\/posts\/36987","targetHints":{"allow":["GET"]}}],"collection":[{"href":"http:\/\/blogdalucianaoliveira.com.br\/blog\/wp-json\/wp\/v2\/posts"}],"about":[{"href":"http:\/\/blogdalucianaoliveira.com.br\/blog\/wp-json\/wp\/v2\/types\/post"}],"author":[{"embeddable":true,"href":"http:\/\/blogdalucianaoliveira.com.br\/blog\/wp-json\/wp\/v2\/users\/1"}],"replies":[{"embeddable":true,"href":"http:\/\/blogdalucianaoliveira.com.br\/blog\/wp-json\/wp\/v2\/comments?post=36987"}],"version-history":[{"count":1,"href":"http:\/\/blogdalucianaoliveira.com.br\/blog\/wp-json\/wp\/v2\/posts\/36987\/revisions"}],"predecessor-version":[{"id":36989,"href":"http:\/\/blogdalucianaoliveira.com.br\/blog\/wp-json\/wp\/v2\/posts\/36987\/revisions\/36989"}],"wp:attachment":[{"href":"http:\/\/blogdalucianaoliveira.com.br\/blog\/wp-json\/wp\/v2\/media?parent=36987"}],"wp:term":[{"taxonomy":"category","embeddable":true,"href":"http:\/\/blogdalucianaoliveira.com.br\/blog\/wp-json\/wp\/v2\/categories?post=36987"},{"taxonomy":"post_tag","embeddable":true,"href":"http:\/\/blogdalucianaoliveira.com.br\/blog\/wp-json\/wp\/v2\/tags?post=36987"}],"curies":[{"name":"wp","href":"https:\/\/api.w.org\/{rel}","templated":true}]}}