{"id":36990,"date":"2025-07-02T10:58:12","date_gmt":"2025-07-02T14:58:12","guid":{"rendered":"https:\/\/blogdalucianaoliveira.com.br\/blog\/?p=36990"},"modified":"2025-07-02T10:58:12","modified_gmt":"2025-07-02T14:58:12","slug":"arquivamento-de-proposta-para-combater-queimadas-vira-alvo-do-mp-em-rondonia","status":"publish","type":"post","link":"http:\/\/blogdalucianaoliveira.com.br\/blog\/2025\/07\/02\/arquivamento-de-proposta-para-combater-queimadas-vira-alvo-do-mp-em-rondonia\/","title":{"rendered":"Arquivamento de proposta para combater queimadas vira alvo do MP em Rond\u00f4nia"},"content":{"rendered":"<p><img data-recalc-dims=\"1\" loading=\"lazy\" decoding=\"async\" data-attachment-id=\"36991\" data-permalink=\"http:\/\/blogdalucianaoliveira.com.br\/blog\/2025\/07\/02\/arquivamento-de-proposta-para-combater-queimadas-vira-alvo-do-mp-em-rondonia\/img_3575\/\" data-orig-file=\"https:\/\/i0.wp.com\/blogdalucianaoliveira.com.br\/blog\/wp-content\/uploads\/2025\/07\/IMG_3575.jpeg?fit=1600%2C728\" data-orig-size=\"1600,728\" data-comments-opened=\"0\" data-image-meta=\"{&quot;aperture&quot;:&quot;0&quot;,&quot;credit&quot;:&quot;&quot;,&quot;camera&quot;:&quot;&quot;,&quot;caption&quot;:&quot;&quot;,&quot;created_timestamp&quot;:&quot;0&quot;,&quot;copyright&quot;:&quot;&quot;,&quot;focal_length&quot;:&quot;0&quot;,&quot;iso&quot;:&quot;0&quot;,&quot;shutter_speed&quot;:&quot;0&quot;,&quot;title&quot;:&quot;&quot;,&quot;orientation&quot;:&quot;0&quot;}\" data-image-title=\"IMG_3575\" data-image-description=\"\" data-image-caption=\"\" data-medium-file=\"https:\/\/i0.wp.com\/blogdalucianaoliveira.com.br\/blog\/wp-content\/uploads\/2025\/07\/IMG_3575.jpeg?fit=300%2C137\" data-large-file=\"https:\/\/i0.wp.com\/blogdalucianaoliveira.com.br\/blog\/wp-content\/uploads\/2025\/07\/IMG_3575.jpeg?fit=600%2C273\" class=\"alignnone size-medium wp-image-36991\" src=\"https:\/\/i0.wp.com\/blogdalucianaoliveira.com.br\/blog\/wp-content\/uploads\/2025\/07\/IMG_3575.jpeg?resize=300%2C137\" alt=\"\" width=\"300\" height=\"137\" srcset=\"https:\/\/i0.wp.com\/blogdalucianaoliveira.com.br\/blog\/wp-content\/uploads\/2025\/07\/IMG_3575.jpeg?resize=300%2C137 300w, https:\/\/i0.wp.com\/blogdalucianaoliveira.com.br\/blog\/wp-content\/uploads\/2025\/07\/IMG_3575.jpeg?resize=1024%2C466 1024w, https:\/\/i0.wp.com\/blogdalucianaoliveira.com.br\/blog\/wp-content\/uploads\/2025\/07\/IMG_3575.jpeg?resize=768%2C349 768w, https:\/\/i0.wp.com\/blogdalucianaoliveira.com.br\/blog\/wp-content\/uploads\/2025\/07\/IMG_3575.jpeg?resize=1536%2C699 1536w, https:\/\/i0.wp.com\/blogdalucianaoliveira.com.br\/blog\/wp-content\/uploads\/2025\/07\/IMG_3575.jpeg?resize=659%2C300 659w, https:\/\/i0.wp.com\/blogdalucianaoliveira.com.br\/blog\/wp-content\/uploads\/2025\/07\/IMG_3575.jpeg?w=1600 1600w, https:\/\/i0.wp.com\/blogdalucianaoliveira.com.br\/blog\/wp-content\/uploads\/2025\/07\/IMG_3575.jpeg?w=1200 1200w\" sizes=\"auto, (max-width: 300px) 100vw, 300px\" \/><\/p>\n<p>Revista Cenarium, por Lucas Thiago \u00a0\u2013 O <a href=\"https:\/\/www.mpro.mp.br\/\">Minist\u00e9rio P\u00fablico de Rond\u00f4nia<\/a> (MP-RO) instaurou na sexta-feira, 27, um procedimento administrativo para investigar o arquivamento do Projeto de Lei (PL) que previa a libera\u00e7\u00e3o de R$ 10 milh\u00f5es \u00e0 Secretaria de Estado do Desenvolvimento Ambiental (Sedam) para o pagamento de di\u00e1rias a fiscais ambientais que atuam no combate \u00e0s queimadas. A medida foi arquivada na Assembleia Legislativa de Rond\u00f4nia (Alero).<!--more--><\/p>\n<p>A decis\u00e3o de arquivar o PL ocorreu na \u00faltima quinta-feira, 26, durante uma sess\u00e3o itinerante do Legislativo realizada no munic\u00edpio de Machadinho d\u2019Oeste, no interior do Estado. O projeto tinha como objetivo a suplementa\u00e7\u00e3o or\u00e7ament\u00e1ria que garantiria a continuidade das a\u00e7\u00f5es de fiscaliza\u00e7\u00e3o e preven\u00e7\u00e3o de danos ambientais em Rond\u00f4nia.<\/p>\n<div class=\"wp-block-image\">\n<figure class=\"aligncenter size-large\"><img data-recalc-dims=\"1\" loading=\"lazy\" decoding=\"async\" class=\"wp-image-717660 entered loaded\" src=\"https:\/\/i0.wp.com\/revistacenarium.com.br\/wp-content\/uploads\/2025\/06\/sessao-itinerante-em-machadinho-do-oeste-1024x539.jpeg?resize=600%2C316&#038;ssl=1\" sizes=\"auto, (max-width: 1024px) 100vw, 1024px\" srcset=\"https:\/\/revistacenarium.com.br\/wp-content\/uploads\/2025\/06\/sessao-itinerante-em-machadinho-do-oeste-1024x539.jpeg 1024w, https:\/\/revistacenarium.com.br\/wp-content\/uploads\/2025\/06\/sessao-itinerante-em-machadinho-do-oeste-300x158.jpeg 300w, https:\/\/revistacenarium.com.br\/wp-content\/uploads\/2025\/06\/sessao-itinerante-em-machadinho-do-oeste-150x79.jpeg 150w, https:\/\/revistacenarium.com.br\/wp-content\/uploads\/2025\/06\/sessao-itinerante-em-machadinho-do-oeste-768x404.jpeg 768w, https:\/\/revistacenarium.com.br\/wp-content\/uploads\/2025\/06\/sessao-itinerante-em-machadinho-do-oeste-1536x808.jpeg 1536w, https:\/\/revistacenarium.com.br\/wp-content\/uploads\/2025\/06\/sessao-itinerante-em-machadinho-do-oeste.jpeg 1600w\" alt=\"Sess\u00e3o Itinerante em Machadinho do Oeste\" width=\"600\" height=\"316\" data-lazyloaded=\"1\" data-src=\"https:\/\/revistacenarium.com.br\/wp-content\/uploads\/2025\/06\/sessao-itinerante-em-machadinho-do-oeste-1024x539.jpeg\" data-srcset=\"https:\/\/revistacenarium.com.br\/wp-content\/uploads\/2025\/06\/sessao-itinerante-em-machadinho-do-oeste-1024x539.jpeg 1024w, https:\/\/revistacenarium.com.br\/wp-content\/uploads\/2025\/06\/sessao-itinerante-em-machadinho-do-oeste-300x158.jpeg 300w, https:\/\/revistacenarium.com.br\/wp-content\/uploads\/2025\/06\/sessao-itinerante-em-machadinho-do-oeste-150x79.jpeg 150w, https:\/\/revistacenarium.com.br\/wp-content\/uploads\/2025\/06\/sessao-itinerante-em-machadinho-do-oeste-768x404.jpeg 768w, https:\/\/revistacenarium.com.br\/wp-content\/uploads\/2025\/06\/sessao-itinerante-em-machadinho-do-oeste-1536x808.jpeg 1536w, https:\/\/revistacenarium.com.br\/wp-content\/uploads\/2025\/06\/sessao-itinerante-em-machadinho-do-oeste.jpeg 1600w\" data-sizes=\"(max-width: 1024px) 100vw, 1024px\" data-ll-status=\"loaded\" \/><figcaption class=\"wp-element-caption\"><em>\u2018Sess\u00e3o Itinerante\u2019 em Machadinho do Oeste (Ascom Alero)<\/em><\/figcaption><\/figure>\n<\/div>\n<p>Com a chegada do chamado<em> \u201cver\u00e3o amaz\u00f4nico\u201d<\/em>, entre junho e novembro, cresce o risco de novos inc\u00eandios. Em 2024, Rond\u00f4nia registrou 7.282 focos de queimadas entre janeiro e setembro \u2013 o maior n\u00famero em 14 anos. A situa\u00e7\u00e3o preocupa por seus efeitos imediatos, inclusive na sa\u00fade p\u00fablica.<\/p>\n<p>O promotor de Justi\u00e7a do Grupo de Atua\u00e7\u00e3o Especial do Meio Ambiente, Habita\u00e7\u00e3o, Urbanismo, Patrim\u00f4nio Hist\u00f3rico, Cultural e Art\u00edstico, Pablo Hernandez Viscardi, coordenador em exerc\u00edcio do Gaema, explicou que<em> \u201ca interrup\u00e7\u00e3o das a\u00e7\u00f5es coloca em risco obriga\u00e7\u00f5es legais e compromissos assumidos pelo Estado de Rond\u00f4nia, inclusive no \u00e2mbito internacional<\/em>\u201c.<\/p>\n<p>O Minist\u00e9rio P\u00fablico solicitou da Assembleia dos Deputados a c\u00f3pia de pareceres e informa\u00e7\u00f5es t\u00e9cnicas e pol\u00edticas sobre o arquivamento da proposta or\u00e7ament\u00e1ria. O \u00f3rg\u00e3o solicitou, ainda, esclarecimentos sobre alternativas para viabilizar o financiamento das a\u00e7\u00f5es ambientais.<\/p>\n<p>Do governo do Estado, o MP-RO cobrou explica\u00e7\u00f5es sobre quais medidas j\u00e1 foram adotadas, al\u00e9m da possibilidade de reenviar o projeto \u00e0 Assembleia ou fazer remanejamento or\u00e7ament\u00e1rio. O \u00f3rg\u00e3o ministerial tamb\u00e9m pediu a elabora\u00e7\u00e3o de um planejamento estrat\u00e9gico emergencial para enfrentar a estiagem, com a\u00e7\u00f5es para reduzir os impactos \u00e0 sa\u00fade da popula\u00e7\u00e3o, aos recursos h\u00eddricos e \u00e0 biodiversidade.<\/p>\n<p>O MP-RO oficiou a Sedam, a Assembleia Legislativa, o governo do Estado e o Instituto Brasileiro do Meio Ambiente e dos Recursos Naturais Renov\u00e1veis (Ibama), solicitando informa\u00e7\u00f5es e provid\u00eancias. \u00c0 Sedam, foram pedidos dados sobre a execu\u00e7\u00e3o or\u00e7ament\u00e1ria, o impacto da n\u00e3o libera\u00e7\u00e3o dos valores e o que pode deixar de ser feito sem esses recursos.<\/p>\n<figure class=\"wp-block-image size-full is-resized\"><img data-recalc-dims=\"1\" loading=\"lazy\" decoding=\"async\" class=\"wp-image-717667 entered loaded\" src=\"https:\/\/i0.wp.com\/revistacenarium.com.br\/wp-content\/uploads\/2025\/06\/linha-de-fogo-na-ti-sete-setembro-foto-observa-rondonia.jpeg?resize=600%2C345&#038;ssl=1\" sizes=\"auto, (max-width: 600px) 100vw, 600px\" srcset=\"https:\/\/revistacenarium.com.br\/wp-content\/uploads\/2025\/06\/linha-de-fogo-na-ti-sete-setembro-foto-observa-rondonia.jpeg 600w, https:\/\/revistacenarium.com.br\/wp-content\/uploads\/2025\/06\/linha-de-fogo-na-ti-sete-setembro-foto-observa-rondonia-300x173.jpeg 300w, https:\/\/revistacenarium.com.br\/wp-content\/uploads\/2025\/06\/linha-de-fogo-na-ti-sete-setembro-foto-observa-rondonia-150x86.jpeg 150w\" alt=\"\" width=\"600\" height=\"345\" data-lazyloaded=\"1\" data-src=\"https:\/\/revistacenarium.com.br\/wp-content\/uploads\/2025\/06\/linha-de-fogo-na-ti-sete-setembro-foto-observa-rondonia.jpeg\" data-srcset=\"https:\/\/revistacenarium.com.br\/wp-content\/uploads\/2025\/06\/linha-de-fogo-na-ti-sete-setembro-foto-observa-rondonia.jpeg 600w, https:\/\/revistacenarium.com.br\/wp-content\/uploads\/2025\/06\/linha-de-fogo-na-ti-sete-setembro-foto-observa-rondonia-300x173.jpeg 300w, https:\/\/revistacenarium.com.br\/wp-content\/uploads\/2025\/06\/linha-de-fogo-na-ti-sete-setembro-foto-observa-rondonia-150x86.jpeg 150w\" data-sizes=\"(max-width: 600px) 100vw, 600px\" data-ll-status=\"loaded\" \/><figcaption class=\"wp-element-caption\"><em>Linha de fogo na TI Sete Setembro. (Observa Rond\u00f4nia)<\/em><\/figcaption><\/figure>\n<h5 class=\"wp-block-heading\">Queimadas<\/h5>\n<p>Segundo dados do Monitor do Fogo, do MapBiomas, mais de 30,8 milh\u00f5es de hectares foram queimados no Brasil em 2024, o que representa um aumento de 79% em rela\u00e7\u00e3o a 2023, ou um crescimento de 13,6 milh\u00f5es de hectares. Dessa por\u00e7\u00e3o queimada, tr\u00eas a cada quatro hectares foram de vegeta\u00e7\u00e3o nativa (75%), sendo as forma\u00e7\u00f5es florestais as mais afetadas, com cerca de 25% da \u00e1rea queimada no Pa\u00eds.<\/p>\n<p>Em Rond\u00f4nia, entre os meses de janeiro e setembro de 2024, o Instituto Nacional de Pesquisas Espaciais (Inpe) registrou 7.282 focos de inc\u00eandios no Estado, sendo o maior n\u00famero nos \u00faltimos 14 anos. Ao comparar com o ano de 2023, houve um aumento de 169%. A capital Porto Velho \u00e9 o munic\u00edpio com o maior n\u00famero de focos de inc\u00eandios, correspondente a 32% do total do Estado, com cerca de 2.337 pontos.<\/p>\n<p>O Estado de Rond\u00f4nia teve um total de 1,4 milh\u00f5es de hectares queimados em 2024, o que representa um crescimento de 72% em rela\u00e7\u00e3o ao saldo de 2023, de acordo com dados do Monitor do Fogo.<\/p>\n","protected":false},"excerpt":{"rendered":"<p>Revista Cenarium, por Lucas Thiago \u00a0\u2013 O Minist\u00e9rio P\u00fablico de Rond\u00f4nia (MP-RO) instaurou na sexta-feira, 27, um procedimento administrativo para investigar o arquivamento do Projeto de Lei (PL) que previa a libera\u00e7\u00e3o de R$ 10 milh\u00f5es \u00e0 Secretaria de Estado do Desenvolvimento Ambiental (Sedam) para o pagamento de di\u00e1rias a fiscais ambientais que atuam no&#8230;<a class=\"more-link\" href=\"http:\/\/blogdalucianaoliveira.com.br\/blog\/2025\/07\/02\/arquivamento-de-proposta-para-combater-queimadas-vira-alvo-do-mp-em-rondonia\/\">Continue a leitura <span class=\"meta-nav\">&raquo;<\/span><\/a><\/p>\n","protected":false},"author":1,"featured_media":0,"comment_status":"closed","ping_status":"open","sticky":false,"template":"","format":"standard","meta":{"_exactmetrics_skip_tracking":false,"_exactmetrics_sitenote_active":false,"_exactmetrics_sitenote_note":"","_exactmetrics_sitenote_category":0,"jetpack_post_was_ever_published":false,"_jetpack_newsletter_access":"","_jetpack_dont_email_post_to_subs":false,"_jetpack_newsletter_tier_id":0,"_jetpack_memberships_contains_paywalled_content":false,"_jetpack_memberships_contains_paid_content":false,"footnotes":"","jetpack_publicize_message":"","jetpack_publicize_feature_enabled":true,"jetpack_social_post_already_shared":true,"jetpack_social_options":{"image_generator_settings":{"template":"highway","enabled":false},"version":2}},"categories":[1],"tags":[194,1392,1028,295],"class_list":["post-36990","post","type-post","status-publish","format-standard","hentry","category-notas","tag-ale-ro","tag-arquivamento","tag-projeto","tag-queimadas"],"jetpack_publicize_connections":[],"jetpack_sharing_enabled":true,"jetpack_featured_media_url":"","jetpack_shortlink":"https:\/\/wp.me\/p7wKYW-9CC","jetpack-related-posts":[],"_links":{"self":[{"href":"http:\/\/blogdalucianaoliveira.com.br\/blog\/wp-json\/wp\/v2\/posts\/36990","targetHints":{"allow":["GET"]}}],"collection":[{"href":"http:\/\/blogdalucianaoliveira.com.br\/blog\/wp-json\/wp\/v2\/posts"}],"about":[{"href":"http:\/\/blogdalucianaoliveira.com.br\/blog\/wp-json\/wp\/v2\/types\/post"}],"author":[{"embeddable":true,"href":"http:\/\/blogdalucianaoliveira.com.br\/blog\/wp-json\/wp\/v2\/users\/1"}],"replies":[{"embeddable":true,"href":"http:\/\/blogdalucianaoliveira.com.br\/blog\/wp-json\/wp\/v2\/comments?post=36990"}],"version-history":[{"count":1,"href":"http:\/\/blogdalucianaoliveira.com.br\/blog\/wp-json\/wp\/v2\/posts\/36990\/revisions"}],"predecessor-version":[{"id":36992,"href":"http:\/\/blogdalucianaoliveira.com.br\/blog\/wp-json\/wp\/v2\/posts\/36990\/revisions\/36992"}],"wp:attachment":[{"href":"http:\/\/blogdalucianaoliveira.com.br\/blog\/wp-json\/wp\/v2\/media?parent=36990"}],"wp:term":[{"taxonomy":"category","embeddable":true,"href":"http:\/\/blogdalucianaoliveira.com.br\/blog\/wp-json\/wp\/v2\/categories?post=36990"},{"taxonomy":"post_tag","embeddable":true,"href":"http:\/\/blogdalucianaoliveira.com.br\/blog\/wp-json\/wp\/v2\/tags?post=36990"}],"curies":[{"name":"wp","href":"https:\/\/api.w.org\/{rel}","templated":true}]}}