{"id":36993,"date":"2025-07-02T15:41:35","date_gmt":"2025-07-02T19:41:35","guid":{"rendered":"https:\/\/blogdalucianaoliveira.com.br\/blog\/?p=36993"},"modified":"2025-07-02T15:41:35","modified_gmt":"2025-07-02T19:41:35","slug":"o-que-a-vitoria-de-um-socialista-em-ny-ensina-a-esquerda-brasileira","status":"publish","type":"post","link":"http:\/\/blogdalucianaoliveira.com.br\/blog\/2025\/07\/02\/o-que-a-vitoria-de-um-socialista-em-ny-ensina-a-esquerda-brasileira\/","title":{"rendered":"O que a vit\u00f3ria de um socialista em NY ensina \u00e0 esquerda brasileira?"},"content":{"rendered":"<p><img data-recalc-dims=\"1\" loading=\"lazy\" decoding=\"async\" data-attachment-id=\"36994\" data-permalink=\"http:\/\/blogdalucianaoliveira.com.br\/blog\/2025\/07\/02\/o-que-a-vitoria-de-um-socialista-em-ny-ensina-a-esquerda-brasileira\/img_3580-2\/\" data-orig-file=\"https:\/\/i0.wp.com\/blogdalucianaoliveira.com.br\/blog\/wp-content\/uploads\/2025\/07\/IMG_3580.webp?fit=900%2C506\" data-orig-size=\"900,506\" data-comments-opened=\"0\" data-image-meta=\"{&quot;aperture&quot;:&quot;0&quot;,&quot;credit&quot;:&quot;&quot;,&quot;camera&quot;:&quot;&quot;,&quot;caption&quot;:&quot;&quot;,&quot;created_timestamp&quot;:&quot;0&quot;,&quot;copyright&quot;:&quot;&quot;,&quot;focal_length&quot;:&quot;0&quot;,&quot;iso&quot;:&quot;0&quot;,&quot;shutter_speed&quot;:&quot;0&quot;,&quot;title&quot;:&quot;&quot;,&quot;orientation&quot;:&quot;0&quot;}\" data-image-title=\"IMG_3580\" data-image-description=\"\" data-image-caption=\"\" data-medium-file=\"https:\/\/i0.wp.com\/blogdalucianaoliveira.com.br\/blog\/wp-content\/uploads\/2025\/07\/IMG_3580.webp?fit=300%2C169\" data-large-file=\"https:\/\/i0.wp.com\/blogdalucianaoliveira.com.br\/blog\/wp-content\/uploads\/2025\/07\/IMG_3580.webp?fit=600%2C337\" class=\"alignnone size-medium wp-image-36994\" src=\"https:\/\/i0.wp.com\/blogdalucianaoliveira.com.br\/blog\/wp-content\/uploads\/2025\/07\/IMG_3580.webp?resize=300%2C169\" alt=\"\" width=\"300\" height=\"169\" srcset=\"https:\/\/i0.wp.com\/blogdalucianaoliveira.com.br\/blog\/wp-content\/uploads\/2025\/07\/IMG_3580.webp?resize=300%2C169 300w, https:\/\/i0.wp.com\/blogdalucianaoliveira.com.br\/blog\/wp-content\/uploads\/2025\/07\/IMG_3580.webp?resize=768%2C432 768w, https:\/\/i0.wp.com\/blogdalucianaoliveira.com.br\/blog\/wp-content\/uploads\/2025\/07\/IMG_3580.webp?resize=534%2C300 534w, https:\/\/i0.wp.com\/blogdalucianaoliveira.com.br\/blog\/wp-content\/uploads\/2025\/07\/IMG_3580.webp?w=900 900w\" sizes=\"auto, (max-width: 300px) 100vw, 300px\" \/><\/p>\n<p><span data-v-e011f386=\"\" data-pf_style_display=\"inline\" data-pf_style_visibility=\"visible\"><span class=\"solar-author-name\" data-v-e011f386=\"\" data-pf_style_display=\"inline\" data-pf_style_visibility=\"visible\"><span class=\"text-node\">UOL, por Gabriel Elias e Mayra Cotta &#8211; <\/span><\/span><\/span>A recente vit\u00f3ria de Zohran Mamdani, o candidato socialista pelo Partido Democrata em Nova York, nas prim\u00e1rias \u00e0 Prefeitura da maioria cidades dos Estados Unidos, e a rea\u00e7\u00e3o do pr\u00f3prio partido nos \u00faltimos dias, abriram um novo cap\u00edtulo, n\u00e3o apenas no debate sobre o que significa ser de esquerda por l\u00e1, mas tamb\u00e9m sobre at\u00e9 onde vai o compromisso real do establishment democrata com a democracia.<!--more--><\/p>\n<div data-metric-area=\"topo-noticia\" data-v-8721b1b9=\"\" data-pf_style_display=\"block\" data-pf_style_visibility=\"visible\">\n<div class=\"mt-100 container grid pf-candidate\" data-v-8721b1b9=\"\" data-pf_style_display=\"grid\" data-pf_style_visibility=\"visible\">\n<div class=\"central-column col-lg-6 g-start-lg-4\" data-v-8721b1b9=\"\" data-pf_style_display=\"block\" data-pf_style_visibility=\"visible\">\n<div class=\"jupiter-paragraph-fragment pf-candidate\" data-v-232111b4=\"\" data-v-8721b1b9=\"\" data-pf_style_display=\"block\" data-pf_style_visibility=\"visible\">\n<p class=\"bullet added-to-list1\" data-v-232111b4=\"\" data-pf_style_display=\"block\" data-pf_style_visibility=\"visible\"><span class=\"text-node\">Diante da vit\u00f3ria de um candidato abertamente anticapitalista, que prop\u00f4s uma agenda radical e concreta voltada para as necessidades da classe trabalhadora, o p\u00e2nico tomou conta do partido. Em vez de reconhecer a legitimidade da vit\u00f3ria e a pot\u00eancia das pautas que ela representa, setores dominantes do Partido Democrata come\u00e7aram a articular manobras para esvaziar Mamdani e impedir que sua candidatura se consolide como s\u00edmbolo de uma virada poss\u00edvel.<\/span><\/p>\n<p class=\"bullet added-to-list1\" data-v-232111b4=\"\" data-pf_style_display=\"block\" data-pf_style_visibility=\"visible\"><span class=\"text-node\">O que se v\u00ea \u00e9 uma opera\u00e7\u00e3o para isol\u00e1-lo, difam\u00e1-lo e, se poss\u00edvel, neutraliz\u00e1-lo, tudo para impedir que sua vit\u00f3ria inspire outros movimentos semelhantes.<\/span><\/p>\n<\/div>\n<\/div>\n<\/div>\n<\/div>\n<div class=\"pf-candidate\" data-metric-area=\"texto-noticia\" data-v-8721b1b9=\"\" data-pf_style_display=\"block\" data-pf_style_visibility=\"visible\">\n<div data-v-8721b1b9=\"\" data-pf_style_display=\"block\" data-pf_style_visibility=\"visible\">\n<div class=\"container grid pf-candidate\" data-v-8721b1b9=\"\" data-pf_style_display=\"grid\" data-pf_style_visibility=\"visible\">\n<div class=\"central-column col-lg-6\" data-v-8721b1b9=\"\" data-pf_style_display=\"block\" data-pf_style_visibility=\"visible\">\n<div class=\"jupiter-paragraph-fragment pf-candidate\" data-v-232111b4=\"\" data-v-8721b1b9=\"\" data-pf_style_display=\"block\" data-pf_style_visibility=\"visible\">\n<p class=\"bullet mt-0 added-to-list1\" data-v-232111b4=\"\" data-pf_style_display=\"block\" data-pf_style_visibility=\"visible\"><span class=\"text-node\">O que n\u00e3o surpreende, mas ainda assim abala, \u00e9 que se percebe, com essa rea\u00e7\u00e3o dos democratas do establishment, que o principal compromisso da ala dominante do partido \u00e9 com os interesses de classe das mesmas elites pol\u00edticas e econ\u00f4micas de sempre. Diante de um candidato que enfrentou bilion\u00e1rios, questionou o lobby do governo Benjamin Netanyahu e defendeu a causa palestina em plena Nova York, n\u00e3o se acanhou em defender os direitos das mulheres e pessoas trans, e, ainda assim, venceu, a resposta n\u00e3o foi de celebra\u00e7\u00e3o democr\u00e1tica, mas de contra-ataque.<\/span><\/p>\n<p class=\"bullet added-to-list1\" data-v-232111b4=\"\" data-pf_style_display=\"block\" data-pf_style_visibility=\"visible\"><span class=\"text-node\">E n\u00e3o apenas da direita, mas tamb\u00e9m do pr\u00f3prio partido que o abrigou. Republicanos e democratas tradicionais est\u00e3o, juntos, em modo de emerg\u00eancia. Porque Mamdani n\u00e3o apenas venceu: ele mostrou que \u00e9 poss\u00edvel vencer com uma proposta diferente.<\/span><\/p>\n<p class=\"bullet added-to-list1\" data-v-232111b4=\"\" data-pf_style_display=\"block\" data-pf_style_visibility=\"visible\"><span class=\"text-node\">\u00c9 um padr\u00e3o que n\u00f3s, no Brasil, conhecemos bem. Nem mesmo quando a esquerda comprova sua capacidade de vencer elei\u00e7\u00f5es com pautas voltadas \u00e0 classe trabalhadora e \u00e0s maiorias marginalizadas, a c\u00fapula partid\u00e1ria se rende a essas lutas. O discurso de que &#8220;\u00e9 preciso dialogar com o centro&#8221; persiste como mantra intoc\u00e1vel, mesmo quando a hist\u00f3ria recente prova que ele serve, na pr\u00e1tica, para esterilizar a pot\u00eancia transformadora da pol\u00edtica. Preferem perder elei\u00e7\u00f5es a se comprometer com um realinhamento das pautas hist\u00f3ricas da esquerda.<\/span><\/p>\n<p class=\"bullet added-to-list1\" data-v-232111b4=\"\" data-pf_style_display=\"block\" data-pf_style_visibility=\"visible\"><span class=\"text-node\">A modera\u00e7\u00e3o vira fetiche, n\u00e3o estrat\u00e9gia. O que est\u00e1 em jogo \u00e9 a manuten\u00e7\u00e3o de um sistema que serve aos de sempre.<\/span><\/p>\n<p class=\"bullet added-to-list1\" data-v-232111b4=\"\" data-pf_style_display=\"block\" data-pf_style_visibility=\"visible\"><span class=\"text-node\">Tradicionalmente, &#8220;realismo&#8221; virou palavra-c\u00f3digo para recuo. Para abrir m\u00e3o de bandeiras importantes em nome de uma ilus\u00f3ria viabilidade eleitoral. O problema \u00e9 que essa l\u00f3gica ignora justamente quem mais precisa da pol\u00edtica: a maioria da popula\u00e7\u00e3o.<\/span><\/p>\n<p class=\"bullet added-to-list1\" data-v-232111b4=\"\" data-pf_style_display=\"block\" data-pf_style_visibility=\"visible\"><span class=\"text-node\">E \u00e9 a\u00ed que a vit\u00f3ria de Mamdani vira um divisor de \u00e1guas. Ele n\u00e3o suavizou seu discurso, n\u00e3o trocou convic\u00e7\u00f5es por marqueteiros. Pelo contr\u00e1rio: prop\u00f4s tarifa zero no transporte p\u00fablico, controle de pre\u00e7os de alugu\u00e9is, e at\u00e9 pol\u00edticas municipais de alimentos a pre\u00e7os justos. Ou seja, uma agenda radical, mas totalmente compreendida pelos trabalhadores.<\/span><\/p>\n<p class=\"bullet mt-0 added-to-list1\" data-v-232111b4=\"\" data-pf_style_display=\"block\" data-pf_style_visibility=\"visible\"><span class=\"text-node\">E mais: sustentou suas posi\u00e7\u00f5es mesmo quando sabia que poderia pagar caro por elas. Foi atacado como &#8220;mu\u00e7ulmano radical&#8221; e acusado de antissemitismo, enfrentando um nome estabelecido do partido, ligado \u00e0 velha guarda, com apoio de bilion\u00e1rios e da m\u00e1quina partid\u00e1ria. Isso n\u00e3o foi um acidente: foi uma demonstra\u00e7\u00e3o de for\u00e7a popular.<\/span><\/p>\n<p class=\"bullet added-to-list1\" data-v-232111b4=\"\" data-pf_style_display=\"block\" data-pf_style_visibility=\"visible\"><span class=\"text-node\">O Brasil tem muito a aprender com essa experi\u00eancia. H\u00e1 pautas objetivas, como a tarifa zero e a jornada 6&#215;1 para trabalhadores, a amplia\u00e7\u00e3o do direito ao aborto e as pol\u00edticas de cuidado para as mulheres, que t\u00eam apelo transversal e poderiam estruturar um programa pol\u00edtico forte, ligado \u00e0 vida concreta da maioria. Mas seguimos assistindo candidaturas de esquerda abrindo m\u00e3o de seus princ\u00edpios para parecerem &#8220;govern\u00e1veis&#8221;. Quando a esquerda abandona bandeiras que a direita considera radicais, perde sua raz\u00e3o de existir \u2014 e, com ela, perde o apoio da base popular.<\/span><\/p>\n<p class=\"bullet added-to-list1\" data-v-232111b4=\"\" data-pf_style_display=\"block\" data-pf_style_visibility=\"visible\"><span class=\"text-node\">Ser realista, portanto, n\u00e3o \u00e9 desistir de transformar: \u00e9 assumir com coragem os compromissos que podem, de fato, mudar a vida da maioria.<\/span><\/p>\n<p class=\"bullet added-to-list1\" data-v-232111b4=\"\" data-pf_style_display=\"block\" data-pf_style_visibility=\"visible\"><span class=\"text-node\">A vit\u00f3ria de Mamdani mostra que h\u00e1 espa\u00e7o para uma esquerda que n\u00e3o tem medo de ser o que \u00e9. Cabe a n\u00f3s, aqui e agora, decidir se vamos seguir tentando caber na camisa de for\u00e7a do centro ou se teremos a ousadia de construir um novo horizonte pol\u00edtico.<\/span><\/p>\n<\/div>\n<\/div>\n<\/div>\n<\/div>\n<\/div>\n<p>*Doutor pela Universidade de Bras\u00edlia e Doutoranda pela New School, em Nova York<\/p>\n","protected":false},"excerpt":{"rendered":"<p>UOL, por Gabriel Elias e Mayra Cotta &#8211; A recente vit\u00f3ria de Zohran Mamdani, o candidato socialista pelo Partido Democrata em Nova York, nas prim\u00e1rias \u00e0 Prefeitura da maioria cidades dos Estados Unidos, e a rea\u00e7\u00e3o do pr\u00f3prio partido nos \u00faltimos dias, abriram um novo cap\u00edtulo, n\u00e3o apenas no debate sobre o que significa ser&#8230;<a class=\"more-link\" href=\"http:\/\/blogdalucianaoliveira.com.br\/blog\/2025\/07\/02\/o-que-a-vitoria-de-um-socialista-em-ny-ensina-a-esquerda-brasileira\/\">Continue a leitura <span class=\"meta-nav\">&raquo;<\/span><\/a><\/p>\n","protected":false},"author":1,"featured_media":0,"comment_status":"closed","ping_status":"open","sticky":false,"template":"","format":"standard","meta":{"_exactmetrics_skip_tracking":false,"_exactmetrics_sitenote_active":false,"_exactmetrics_sitenote_note":"","_exactmetrics_sitenote_category":0,"jetpack_post_was_ever_published":false,"_jetpack_newsletter_access":"","_jetpack_dont_email_post_to_subs":false,"_jetpack_newsletter_tier_id":0,"_jetpack_memberships_contains_paywalled_content":false,"_jetpack_memberships_contains_paid_content":false,"footnotes":"","jetpack_publicize_message":"","jetpack_publicize_feature_enabled":true,"jetpack_social_post_already_shared":true,"jetpack_social_options":{"image_generator_settings":{"template":"highway","enabled":false},"version":2}},"categories":[1],"tags":[1393,1394,1395],"class_list":["post-36993","post","type-post","status-publish","format-standard","hentry","category-notas","tag-nova-iorque","tag-prefeitura","tag-socialista"],"jetpack_publicize_connections":[],"jetpack_sharing_enabled":true,"jetpack_featured_media_url":"","jetpack_shortlink":"https:\/\/wp.me\/p7wKYW-9CF","jetpack-related-posts":[],"_links":{"self":[{"href":"http:\/\/blogdalucianaoliveira.com.br\/blog\/wp-json\/wp\/v2\/posts\/36993","targetHints":{"allow":["GET"]}}],"collection":[{"href":"http:\/\/blogdalucianaoliveira.com.br\/blog\/wp-json\/wp\/v2\/posts"}],"about":[{"href":"http:\/\/blogdalucianaoliveira.com.br\/blog\/wp-json\/wp\/v2\/types\/post"}],"author":[{"embeddable":true,"href":"http:\/\/blogdalucianaoliveira.com.br\/blog\/wp-json\/wp\/v2\/users\/1"}],"replies":[{"embeddable":true,"href":"http:\/\/blogdalucianaoliveira.com.br\/blog\/wp-json\/wp\/v2\/comments?post=36993"}],"version-history":[{"count":1,"href":"http:\/\/blogdalucianaoliveira.com.br\/blog\/wp-json\/wp\/v2\/posts\/36993\/revisions"}],"predecessor-version":[{"id":36995,"href":"http:\/\/blogdalucianaoliveira.com.br\/blog\/wp-json\/wp\/v2\/posts\/36993\/revisions\/36995"}],"wp:attachment":[{"href":"http:\/\/blogdalucianaoliveira.com.br\/blog\/wp-json\/wp\/v2\/media?parent=36993"}],"wp:term":[{"taxonomy":"category","embeddable":true,"href":"http:\/\/blogdalucianaoliveira.com.br\/blog\/wp-json\/wp\/v2\/categories?post=36993"},{"taxonomy":"post_tag","embeddable":true,"href":"http:\/\/blogdalucianaoliveira.com.br\/blog\/wp-json\/wp\/v2\/tags?post=36993"}],"curies":[{"name":"wp","href":"https:\/\/api.w.org\/{rel}","templated":true}]}}