{"id":36996,"date":"2025-07-03T11:05:23","date_gmt":"2025-07-03T15:05:23","guid":{"rendered":"https:\/\/blogdalucianaoliveira.com.br\/blog\/?p=36996"},"modified":"2025-07-03T11:06:14","modified_gmt":"2025-07-03T15:06:14","slug":"izabela-lima-apresenta-ep-canto-em-mim-com-show-gratuito-neste-domingo","status":"publish","type":"post","link":"http:\/\/blogdalucianaoliveira.com.br\/blog\/2025\/07\/03\/izabela-lima-apresenta-ep-canto-em-mim-com-show-gratuito-neste-domingo\/","title":{"rendered":"IZABELA LIMA APRESENTA EP CANTO EM MIM EM SHOW GRATUITO NESTE DOMINGO"},"content":{"rendered":"<p><img data-recalc-dims=\"1\" loading=\"lazy\" decoding=\"async\" data-attachment-id=\"37003\" data-permalink=\"http:\/\/blogdalucianaoliveira.com.br\/blog\/2025\/07\/03\/izabela-lima-apresenta-ep-canto-em-mim-com-show-gratuito-neste-domingo\/img_3518\/\" data-orig-file=\"https:\/\/i0.wp.com\/blogdalucianaoliveira.com.br\/blog\/wp-content\/uploads\/2025\/07\/IMG_3518-scaled.jpeg?fit=2560%2C1509\" data-orig-size=\"2560,1509\" data-comments-opened=\"0\" data-image-meta=\"{&quot;aperture&quot;:&quot;0&quot;,&quot;credit&quot;:&quot;&quot;,&quot;camera&quot;:&quot;&quot;,&quot;caption&quot;:&quot;&quot;,&quot;created_timestamp&quot;:&quot;0&quot;,&quot;copyright&quot;:&quot;&quot;,&quot;focal_length&quot;:&quot;0&quot;,&quot;iso&quot;:&quot;0&quot;,&quot;shutter_speed&quot;:&quot;0&quot;,&quot;title&quot;:&quot;&quot;,&quot;orientation&quot;:&quot;0&quot;}\" data-image-title=\"IMG_3518\" data-image-description=\"\" data-image-caption=\"\" data-medium-file=\"https:\/\/i0.wp.com\/blogdalucianaoliveira.com.br\/blog\/wp-content\/uploads\/2025\/07\/IMG_3518-scaled.jpeg?fit=300%2C177\" data-large-file=\"https:\/\/i0.wp.com\/blogdalucianaoliveira.com.br\/blog\/wp-content\/uploads\/2025\/07\/IMG_3518-scaled.jpeg?fit=600%2C354\" class=\"alignnone size-medium wp-image-37003\" src=\"https:\/\/i0.wp.com\/blogdalucianaoliveira.com.br\/blog\/wp-content\/uploads\/2025\/07\/IMG_3518.jpeg?resize=300%2C177\" alt=\"\" width=\"300\" height=\"177\" srcset=\"https:\/\/i0.wp.com\/blogdalucianaoliveira.com.br\/blog\/wp-content\/uploads\/2025\/07\/IMG_3518-scaled.jpeg?resize=300%2C177 300w, https:\/\/i0.wp.com\/blogdalucianaoliveira.com.br\/blog\/wp-content\/uploads\/2025\/07\/IMG_3518-scaled.jpeg?resize=1024%2C604 1024w, https:\/\/i0.wp.com\/blogdalucianaoliveira.com.br\/blog\/wp-content\/uploads\/2025\/07\/IMG_3518-scaled.jpeg?resize=768%2C453 768w, https:\/\/i0.wp.com\/blogdalucianaoliveira.com.br\/blog\/wp-content\/uploads\/2025\/07\/IMG_3518-scaled.jpeg?resize=1536%2C905 1536w, https:\/\/i0.wp.com\/blogdalucianaoliveira.com.br\/blog\/wp-content\/uploads\/2025\/07\/IMG_3518-scaled.jpeg?resize=2048%2C1207 2048w, https:\/\/i0.wp.com\/blogdalucianaoliveira.com.br\/blog\/wp-content\/uploads\/2025\/07\/IMG_3518-scaled.jpeg?resize=509%2C300 509w, https:\/\/i0.wp.com\/blogdalucianaoliveira.com.br\/blog\/wp-content\/uploads\/2025\/07\/IMG_3518-scaled.jpeg?w=1200 1200w, https:\/\/i0.wp.com\/blogdalucianaoliveira.com.br\/blog\/wp-content\/uploads\/2025\/07\/IMG_3518-scaled.jpeg?w=1800 1800w\" sizes=\"auto, (max-width: 300px) 100vw, 300px\" \/><\/p>\n<p>O show est\u00e1 previsto para come\u00e7ar \u00e0s 19h no Teatro Guapor\u00e9, no domingo, 6.<!--more-->Cerca de meia hora antes, estar\u00e3o dispon\u00edveis alguns ingressos na bilheteria, mas o ideal \u00e9 que sejam retirados gratuitamente com anteced\u00eancia atrav\u00e9s do link <a href=\"https:\/\/www.sympla.com.br\/evento\/canto-em-mim-izabela-lima\/3017878\">https:\/\/www.sympla.com.br\/evento\/canto-em-mim-izabela-lima\/3017878<\/a><\/p>\n<p>Ser\u00e1 uma noite de dupla comemora\u00e7\u00e3o para Izabela Lima: o lan\u00e7amento do primeiro EP autoral Canto Em Mim e a comemora\u00e7\u00e3o de 25 anos de uma jornada musical compondo e cantando a Amaz\u00f4nia.<\/p>\n<p>As seis m\u00fasicas que comp\u00f5em o novo trabalho s\u00e3o rec\u00e9m-lan\u00e7adas em plataformas digitais de m\u00fasica como Spotify, YoutubeMusic e Deezer.<br \/>\nA produ\u00e7\u00e3o musical do EP ficou a cargo do instrumentista Mauro Ara\u00fajo e tem participa\u00e7\u00f5es especiais de artistas do Amazonas, Eliberto Barroncas (percuss\u00e3o) e do grupo Ra\u00edzes Caboclas e do Par\u00e1, Luiz Pardal (violino), Davi Amorim (banjo) e Bruno Mendes (percuss\u00e3o).<\/p>\n<p>O show de lan\u00e7amento do EP \u00e9 indicado ao p\u00fablico em geral e contar\u00e1 com acessibilidade comunicacional com int\u00e9rpretes de libras e audiodescri\u00e7\u00e3o, estrutural com rampas, al\u00e9m de cadeiras reservadas para idosos e pessoas obesas.<\/p>\n<p>\u201cO show \u00e9 um manifesto afetivo e cultural, um tributo \u00e0s vozes do povo do norte e da floresta, que vem celebrar a m\u00fasica amaz\u00f4nida. Um Canto Em Mim, embala alegria com toque de resist\u00eancia e revolu\u00e7\u00e3o\u201d, ressalta Izabela, compositora, instrumentista e produtora cultural.<\/p>\n<p><img data-recalc-dims=\"1\" loading=\"lazy\" decoding=\"async\" data-attachment-id=\"36999\" data-permalink=\"http:\/\/blogdalucianaoliveira.com.br\/blog\/2025\/07\/03\/izabela-lima-apresenta-ep-canto-em-mim-com-show-gratuito-neste-domingo\/img_3519\/\" data-orig-file=\"https:\/\/i0.wp.com\/blogdalucianaoliveira.com.br\/blog\/wp-content\/uploads\/2025\/07\/IMG_3519.jpeg?fit=2373%2C1691\" data-orig-size=\"2373,1691\" data-comments-opened=\"0\" data-image-meta=\"{&quot;aperture&quot;:&quot;0&quot;,&quot;credit&quot;:&quot;&quot;,&quot;camera&quot;:&quot;&quot;,&quot;caption&quot;:&quot;&quot;,&quot;created_timestamp&quot;:&quot;0&quot;,&quot;copyright&quot;:&quot;&quot;,&quot;focal_length&quot;:&quot;0&quot;,&quot;iso&quot;:&quot;0&quot;,&quot;shutter_speed&quot;:&quot;0&quot;,&quot;title&quot;:&quot;&quot;,&quot;orientation&quot;:&quot;0&quot;}\" data-image-title=\"IMG_3519\" data-image-description=\"\" data-image-caption=\"\" data-medium-file=\"https:\/\/i0.wp.com\/blogdalucianaoliveira.com.br\/blog\/wp-content\/uploads\/2025\/07\/IMG_3519.jpeg?fit=300%2C214\" data-large-file=\"https:\/\/i0.wp.com\/blogdalucianaoliveira.com.br\/blog\/wp-content\/uploads\/2025\/07\/IMG_3519.jpeg?fit=600%2C428\" class=\"alignnone size-medium wp-image-36999\" src=\"https:\/\/i0.wp.com\/blogdalucianaoliveira.com.br\/blog\/wp-content\/uploads\/2025\/07\/IMG_3519.jpeg?resize=300%2C214\" alt=\"\" width=\"300\" height=\"214\" srcset=\"https:\/\/i0.wp.com\/blogdalucianaoliveira.com.br\/blog\/wp-content\/uploads\/2025\/07\/IMG_3519.jpeg?resize=300%2C214 300w, https:\/\/i0.wp.com\/blogdalucianaoliveira.com.br\/blog\/wp-content\/uploads\/2025\/07\/IMG_3519.jpeg?resize=1024%2C730 1024w, https:\/\/i0.wp.com\/blogdalucianaoliveira.com.br\/blog\/wp-content\/uploads\/2025\/07\/IMG_3519.jpeg?resize=768%2C547 768w, https:\/\/i0.wp.com\/blogdalucianaoliveira.com.br\/blog\/wp-content\/uploads\/2025\/07\/IMG_3519.jpeg?resize=1536%2C1095 1536w, https:\/\/i0.wp.com\/blogdalucianaoliveira.com.br\/blog\/wp-content\/uploads\/2025\/07\/IMG_3519.jpeg?resize=2048%2C1459 2048w, https:\/\/i0.wp.com\/blogdalucianaoliveira.com.br\/blog\/wp-content\/uploads\/2025\/07\/IMG_3519.jpeg?resize=421%2C300 421w, https:\/\/i0.wp.com\/blogdalucianaoliveira.com.br\/blog\/wp-content\/uploads\/2025\/07\/IMG_3519.jpeg?w=1200 1200w, https:\/\/i0.wp.com\/blogdalucianaoliveira.com.br\/blog\/wp-content\/uploads\/2025\/07\/IMG_3519.jpeg?w=1800 1800w\" sizes=\"auto, (max-width: 300px) 100vw, 300px\" \/><\/p>\n<p>Numa apresenta\u00e7\u00e3o \u00fanica a artista reunir\u00e1 de forma in\u00e9dita os artistas Mauro Ara\u00fajo (piano), Eliberto Barroncas (percuss\u00e3o) Marcos Aizde (violoncelo), Maur\u00edcio Rodrigues (Flauta), Israel Fragoso (sanfona), Brendo Bringel (percuss\u00e3o), Antonio Bispo (violino), Louro Rodrigues (banjo), al\u00e9m dos compositores Binho e Rinaldo Santos. Para abrilhantar o espet\u00e1culo ter\u00e1 a presen\u00e7a perform\u00e1tica da atriz e dan\u00e7arina Andressa Silva com o melhor do carimb\u00f3 e do afox\u00e9 que fazem parte de nossas ra\u00edzes amaz\u00f4nidas.<\/p>\n<p>A produ\u00e7\u00e3o art\u00edstica do show \u00e9 da maestrina Sabrinne Sena, a cenografia da arquiteta Ma\u00edsa Mendes e proje\u00e7\u00e3o de Vitor Sal.<\/p>\n<p>O projeto \u00e9 fomentado pelo Lei Paulo Gustavo via EDITAL No 10\/2024\/SEJUCEL- SIEC LPG \u2013 FOMENTO PARA PRODU\u00c7\u00c3O DE ARTES INTEGRADAS RONDONIENSE &#8211; LEI PAULO GUSTAVO, Eixo II &#8211; Produ\u00e7\u00e3o Musical, Categoria C- Grava\u00e7\u00e3o de EP + Show de Lan\u00e7amento via SEJUCEL\/RO.<\/p>\n<p><strong>IZABELA LIMA<\/strong><\/p>\n<p>Sua caminhada art\u00edstica inicia nos\u00a0 Festivais de M\u00fasica, recebendo pr\u00eamios de 1\u00ba lugar com a m\u00fasica \u201cTardinha\u201d e melhor letra com a m\u00fasica \u201cDias sem voc\u00ea\u201d, o pr\u00eamio Proarte \u2013 Canto da floresta de m\u00fasica popular no Amazonas. Conquista assim, sua primeira grava\u00e7\u00e3o na Colet\u00e2nea do Projeto Valores da Terra e posteriormente gravou com back-vocal, no CD \u201cMensageiros de Francisco\u201d do grupo Ra\u00edzes Caboclas.<\/p>\n<p>Em Porto Velho, teve um encontro po\u00e9tico com o compositor e musicista Rinaldo Santos e a poeta Amadio, nascia o 3DN\u00f3s, onde produziram o \u00c1lbum \u201cPerfume d(n)os olhos\u201d, projeto premiado no Rond\u00f4nia Autoral (2017). \u00c9 produtora cultural do Festival Sonora PVH de Compositoras, do Coletivo Jardim das Evas e do podcast ppkast. A artista hoje tem seus valores no ativismo ambiental e feminismo, e busca em seus projetos o empoderamento de mulheres artistas e a justi\u00e7a de g\u00eanero.<\/p>\n<p><strong>EQUIPE DE PRODU\u00c7\u00c3O<\/strong><br \/>\nProdu\u00e7\u00e3o executiva &#8211; Izabela Lima<br \/>\nProdu\u00e7\u00e3o musical e arranjos &#8211; Mauro Ara\u00fajo<br \/>\nProdu\u00e7\u00e3o art\u00edstica e arranjos &#8211; Sabrynne Sena<br \/>\nPrepara\u00e7\u00e3o vocal &#8211; Sabrynne Sena<br \/>\nProdu\u00e7\u00e3o audiovisual (making of) &#8211; Raissa Dourado<br \/>\nProdu\u00e7\u00e3o Fotogr\u00e1fica &#8211; Iury Melo<br \/>\nProdu\u00e7\u00e3o de distribui\u00e7\u00e3o &#8211; Marfiza<br \/>\nAssessoria Jur\u00eddica &#8211; Carolina Zemuner<br \/>\nAssessoria de Comunica\u00e7\u00e3o &#8211; Luciana Oliveira<\/p>\n","protected":false},"excerpt":{"rendered":"<p>O show est\u00e1 previsto para come\u00e7ar \u00e0s 19h no Teatro Guapor\u00e9, no domingo, 6.<\/p>\n","protected":false},"author":1,"featured_media":0,"comment_status":"closed","ping_status":"open","sticky":false,"template":"","format":"standard","meta":{"_exactmetrics_skip_tracking":false,"_exactmetrics_sitenote_active":false,"_exactmetrics_sitenote_note":"","_exactmetrics_sitenote_category":0,"jetpack_post_was_ever_published":false,"_jetpack_newsletter_access":"","_jetpack_dont_email_post_to_subs":false,"_jetpack_newsletter_tier_id":0,"_jetpack_memberships_contains_paywalled_content":false,"_jetpack_memberships_contains_paid_content":false,"footnotes":"","jetpack_publicize_message":"","jetpack_publicize_feature_enabled":true,"jetpack_social_post_already_shared":true,"jetpack_social_options":{"image_generator_settings":{"template":"highway","enabled":false},"version":2}},"categories":[1],"tags":[1357,1344,1396],"class_list":["post-36996","post","type-post","status-publish","format-standard","hentry","category-notas","tag-ep","tag-izabela-lima","tag-show"],"jetpack_publicize_connections":[],"jetpack_sharing_enabled":true,"jetpack_featured_media_url":"","jetpack_shortlink":"https:\/\/wp.me\/p7wKYW-9CI","jetpack-related-posts":[],"_links":{"self":[{"href":"http:\/\/blogdalucianaoliveira.com.br\/blog\/wp-json\/wp\/v2\/posts\/36996","targetHints":{"allow":["GET"]}}],"collection":[{"href":"http:\/\/blogdalucianaoliveira.com.br\/blog\/wp-json\/wp\/v2\/posts"}],"about":[{"href":"http:\/\/blogdalucianaoliveira.com.br\/blog\/wp-json\/wp\/v2\/types\/post"}],"author":[{"embeddable":true,"href":"http:\/\/blogdalucianaoliveira.com.br\/blog\/wp-json\/wp\/v2\/users\/1"}],"replies":[{"embeddable":true,"href":"http:\/\/blogdalucianaoliveira.com.br\/blog\/wp-json\/wp\/v2\/comments?post=36996"}],"version-history":[{"count":2,"href":"http:\/\/blogdalucianaoliveira.com.br\/blog\/wp-json\/wp\/v2\/posts\/36996\/revisions"}],"predecessor-version":[{"id":37005,"href":"http:\/\/blogdalucianaoliveira.com.br\/blog\/wp-json\/wp\/v2\/posts\/36996\/revisions\/37005"}],"wp:attachment":[{"href":"http:\/\/blogdalucianaoliveira.com.br\/blog\/wp-json\/wp\/v2\/media?parent=36996"}],"wp:term":[{"taxonomy":"category","embeddable":true,"href":"http:\/\/blogdalucianaoliveira.com.br\/blog\/wp-json\/wp\/v2\/categories?post=36996"},{"taxonomy":"post_tag","embeddable":true,"href":"http:\/\/blogdalucianaoliveira.com.br\/blog\/wp-json\/wp\/v2\/tags?post=36996"}],"curies":[{"name":"wp","href":"https:\/\/api.w.org\/{rel}","templated":true}]}}