{"id":37007,"date":"2025-07-05T18:29:19","date_gmt":"2025-07-05T22:29:19","guid":{"rendered":"https:\/\/blogdalucianaoliveira.com.br\/blog\/?p=37007"},"modified":"2025-07-05T18:29:19","modified_gmt":"2025-07-05T22:29:19","slug":"imprensa-parte-para-o-chilique-coletivo-contra-a-justica-tributaria","status":"publish","type":"post","link":"http:\/\/blogdalucianaoliveira.com.br\/blog\/2025\/07\/05\/imprensa-parte-para-o-chilique-coletivo-contra-a-justica-tributaria\/","title":{"rendered":"Imprensa parte para o chilique coletivo contra a justi\u00e7a tribut\u00e1ria"},"content":{"rendered":"<p><img data-recalc-dims=\"1\" loading=\"lazy\" decoding=\"async\" data-attachment-id=\"37008\" data-permalink=\"http:\/\/blogdalucianaoliveira.com.br\/blog\/2025\/07\/05\/imprensa-parte-para-o-chilique-coletivo-contra-a-justica-tributaria\/img_3639\/\" data-orig-file=\"https:\/\/i0.wp.com\/blogdalucianaoliveira.com.br\/blog\/wp-content\/uploads\/2025\/07\/IMG_3639.webp?fit=720%2C405\" data-orig-size=\"720,405\" data-comments-opened=\"0\" data-image-meta=\"{&quot;aperture&quot;:&quot;0&quot;,&quot;credit&quot;:&quot;&quot;,&quot;camera&quot;:&quot;&quot;,&quot;caption&quot;:&quot;&quot;,&quot;created_timestamp&quot;:&quot;0&quot;,&quot;copyright&quot;:&quot;&quot;,&quot;focal_length&quot;:&quot;0&quot;,&quot;iso&quot;:&quot;0&quot;,&quot;shutter_speed&quot;:&quot;0&quot;,&quot;title&quot;:&quot;&quot;,&quot;orientation&quot;:&quot;0&quot;}\" data-image-title=\"IMG_3639\" data-image-description=\"\" data-image-caption=\"\" data-medium-file=\"https:\/\/i0.wp.com\/blogdalucianaoliveira.com.br\/blog\/wp-content\/uploads\/2025\/07\/IMG_3639.webp?fit=300%2C169\" data-large-file=\"https:\/\/i0.wp.com\/blogdalucianaoliveira.com.br\/blog\/wp-content\/uploads\/2025\/07\/IMG_3639.webp?fit=600%2C338\" class=\"alignnone size-medium wp-image-37008\" src=\"https:\/\/i0.wp.com\/blogdalucianaoliveira.com.br\/blog\/wp-content\/uploads\/2025\/07\/IMG_3639.webp?resize=300%2C169\" alt=\"\" width=\"300\" height=\"169\" srcset=\"https:\/\/i0.wp.com\/blogdalucianaoliveira.com.br\/blog\/wp-content\/uploads\/2025\/07\/IMG_3639.webp?resize=300%2C169 300w, https:\/\/i0.wp.com\/blogdalucianaoliveira.com.br\/blog\/wp-content\/uploads\/2025\/07\/IMG_3639.webp?resize=533%2C300 533w, https:\/\/i0.wp.com\/blogdalucianaoliveira.com.br\/blog\/wp-content\/uploads\/2025\/07\/IMG_3639.webp?w=720 720w\" sizes=\"auto, (max-width: 300px) 100vw, 300px\" \/><\/p>\n<p><u data-pf_style_display=\"inline\" data-pf_style_visibility=\"visible\"><span class=\"text-node\">The Intercept &#8211; Dominado pelo Centr\u00e3o e pelo bolsonarismo<\/span><\/u><span class=\"text-node\">\u2014 leia-se direita e extrema-direita \u2014\u00a0 o Congresso segue empenhado em continuar sabotando o governo. O objetivo \u00e9 claro: fazer Lula sangrar at\u00e9 o final do mandato e abrir um caminho eleitoral para a candidatura de Tarc\u00edsio de Freitas.<br \/>\n<\/span><!--more--><\/p>\n<p><span class=\"text-node\">Os presidentes da C\u00e2mara e do Senado rasgaram um acordo com o governo e, na calada da noite, lideraram a derrubada do decreto que aumentava o IOF \u2014 um imposto para os mais ricos.<\/span><\/p>\n<p class=\"added-to-list1\" data-pf_style_display=\"block\" data-pf_style_visibility=\"visible\"><span class=\"text-node\">A manobra foi flagrantemente inconstitucional. A C\u00e2mara, em acordo com o presidente do Senado, lan\u00e7ou m\u00e3o do PDL (Projeto de Decreto Legislativo) para anular o decreto presidencial que garantiu o aumento do imposto. O PDL \u00e9 um instrumento para ser usado exclusivamente quando o Executivo usurpa a compet\u00eancia do Legislativo, o que n\u00e3o foi o caso. O governo tem a prerrogativa de aumentar a al\u00edquota de imposto.\u00a0<\/span><\/p>\n<p class=\"added-to-list1\" data-pf_style_display=\"block\" data-pf_style_visibility=\"visible\"><span class=\"text-node\">Nunca o parlamento teve tanto poder. Com a chave do cofre nas m\u00e3os \u2014 leia-se or\u00e7amento secreto \u2014 os congressistas da oposi\u00e7\u00e3o, que s\u00e3o ampla maioria, sentem-se \u00e0 vontade para fazer o que quiser com o governo. \u00c9 uma esp\u00e9cie de parlamentarismo informal. O velho jogo da governabilidade do Executivo n\u00e3o existe mais. Lula divide o governo com partidos e n\u00e3o ganha apoio deles no Congresso.<\/span><\/p>\n<p class=\"added-to-list1\" data-pf_style_display=\"block\" data-pf_style_visibility=\"visible\"><span class=\"text-node\">Trata-se de uma sabotagem sobretudo \u00e0 democracia, o que n\u00e3o chega a ser novidade, afinal de contas estamos falando de um grupo formado essencialmente por golpistas e simpatizantes de golpistas.\u00a0\u00a0\u00a0<\/span><\/p>\n<p class=\"added-to-list1\" data-pf_style_display=\"block\" data-pf_style_visibility=\"visible\"><span class=\"text-node\">Acuado e de m\u00e3os atadas, o governo decidiu reagir em duas frentes: a jur\u00eddica, acionando o STF para reverter a derrubada do decreto; e a pol\u00edtica, levando um debate sobre justi\u00e7a tribut\u00e1ria para a opini\u00e3o p\u00fablica.\u00a0<\/span><\/p>\n<p class=\"added-to-list1\" data-pf_style_display=\"block\" data-pf_style_visibility=\"visible\"><span class=\"text-node\">Antes mesmo do governo entrar com a a\u00e7\u00e3o no STF, Ciro Nogueira, que foi um dos articuladores da derrubada do decreto, <\/span><a href=\"https:\/\/economia.uol.com.br\/noticias\/redacao\/2025\/06\/26\/ciro-nogueira-se-governo-recorrer-ao-stf-por-iof-vai-ser-pior-para-o-pais.htm\" data-pf_style_display=\"inline\" data-pf_style_visibility=\"visible\"><span class=\"text-node\">lan\u00e7ou<\/span><\/a><span class=\"text-node\"> uma amea\u00e7a velada: \u201cse recorrer ao STF, vai ser pior para o pa\u00eds\u201d.<\/p>\n<p><\/span><\/p>\n<p class=\"added-to-list1\" data-pf_style_display=\"block\" data-pf_style_visibility=\"visible\"><span class=\"text-node\">E n\u00e3o foi s\u00f3 a oposi\u00e7\u00e3o que se indignou, a grande imprensa tamb\u00e9m correu para proteger os ricos de pagarem mais impostos. O governo passou a ser acusado por aumentar a tens\u00e3o pol\u00edtica, como se recorrer ao judici\u00e1rio diante de uma flagrante inconstitucionalidade n\u00e3o fosse absolutamente leg\u00edtimo.\u00a0<\/span><\/p>\n<p class=\"added-to-list1\" data-pf_style_display=\"block\" data-pf_style_visibility=\"visible\"><span class=\"text-node\">No campo pol\u00edtico, governistas passaram a compartilhar v\u00eddeos gerados por intelig\u00eancia artificial que chamam o Congresso Nacional de \u201cinimigo do povo\u201d e apelidam o presidente da C\u00e2mara de \u201cHugo Nem Se Importa\u201d.\u00a0<\/span><\/p>\n<p class=\"added-to-list1\" data-pf_style_display=\"block\" data-pf_style_visibility=\"visible\"><span class=\"text-node\">A campanha foi um sucesso nas redes sociais, animando a milit\u00e2ncia e furando a bolha das esquerdas. Foram cr\u00edticas duras, incisivas, mas dentro dos limites que se espera do embate pol\u00edtico dentro de uma democracia. Nos v\u00eddeos n\u00e3o h\u00e1 golpes abaixo da cintura, baixarias, amea\u00e7as ou ataques pessoais.\u00a0<\/span><\/p>\n<p class=\"added-to-list1\" data-pf_style_display=\"block\" data-pf_style_visibility=\"visible\"><span class=\"text-node\">Mas n\u00e3o foi assim que oposicionistas e os bonit\u00f5es da grande imprensa encararam. Iniciou-se um choror\u00f4 \u2014 ou \u201cmimimi\u201d como eles gostam de falar \u2014\u00a0 desproporcional, como se o parlamento e a democracia estivessem sendo v\u00edtimas de ataques virulentos.\u00a0<\/span><\/p>\n<p class=\"added-to-list1\" data-pf_style_display=\"block\" data-pf_style_visibility=\"visible\"><span class=\"text-node\">A rea\u00e7\u00e3o soa como piada, j\u00e1 que caminhamos para quase uma d\u00e9cada de viol\u00eancia massiva por parte do bolsonarismo contra os poderes constitu\u00eddos. Os v\u00eddeos compartilhados nesta semana s\u00e3o brincadeira de crian\u00e7a perto da virul\u00eancia das mamadeiras de piroca dos golpistas. A rea\u00e7\u00e3o afetada da imprensa e dos bolsonaristas \u00e9 o c\u00famulo do rid\u00edculo.<\/span><\/p>\n<p class=\"added-to-list1\" data-pf_style_display=\"block\" data-pf_style_visibility=\"visible\"><span class=\"text-node\">A defesa dos ricos e a possibilidade de eleger o queridinho Tarc\u00edsio de Freitas fez a imprensa se alinhar quase que inteiramente aos golpistas. Editoriais e colunist\u00f5es t\u00eam se dedicado a criticar a rea\u00e7\u00e3o do governo, que at\u00e9 ent\u00e3o andava meio cabisbaixo, sem um mote pol\u00edtico e parecia fadado a caminhar para o fracasso eleitoral em 2026. Isso mudou e a imprensa que quer eleger Tarc\u00edsio n\u00e3o gostou.\u00a0<\/span><\/p>\n<p class=\"added-to-list1\" data-pf_style_display=\"block\" data-pf_style_visibility=\"visible\"><span class=\"text-node\">Come\u00e7ou a velha ladainha de que o discurso do \u201cn\u00f3s contra eles\u201d divide o Brasil. \u00c9 uma cr\u00edtica velha, surrada, que traz embutida a demoniza\u00e7\u00e3o da pr\u00e1tica pol\u00edtica \u2014 a mesma que criou o ambiente para o surgimento do bolsonarismo.\u00a0<\/span><\/p>\n<p class=\"added-to-list1\" data-pf_style_display=\"block\" data-pf_style_visibility=\"visible\"><span class=\"text-node\">Durante a semana, Estad\u00e3o, Folha e O Globo lan\u00e7aram editoriais com duras cr\u00edticas ao governo e em defesa de Hugo Motta e do Congresso. Com um t\u00edtulo quase infantil \u2014 \u201cLula n\u00e3o gosta da iniciativa privada\u201d \u2014 <\/span><a href=\"https:\/\/www.estadao.com.br\/opiniao\/lula-nao-gosta-da-iniciativa-privada\/?srsltid=AfmBOoreKhbg7Fe0tPWxtZ8p0MM02LVR3H5oxEoPvmd6eYhVuP28rNoS\" data-pf_style_display=\"inline\" data-pf_style_visibility=\"visible\"><span class=\"text-node\">o editorial do Estad\u00e3o<\/span><\/a><span class=\"text-node\"> ofereceu um prato cheio para os bolsonaristas ao ressuscitar a imagem do Lula populista e malvad\u00e3o contra os ricos.\u00a0<\/span><\/p>\n<p class=\"added-to-list1\" data-pf_style_display=\"block\" data-pf_style_visibility=\"visible\"><span class=\"text-node\">J\u00e1 a Folha <\/span><a href=\"https:\/\/www1.folha.uol.com.br\/opiniao\/2025\/07\/mistificacoes-da-batalha-petista-entre-pobres-e-ricos.shtml\" data-pf_style_display=\"inline\" data-pf_style_visibility=\"visible\"><span class=\"text-node\">debochou<\/span><\/a><span class=\"text-node\"> do mote da luta de classes: \u201c[Lula] \u200b\u200bdecidiu, com a ajuda de aliados e militantes, transformar sua tentativa de elevar um imposto numa cruzada heroica contra opressores poderosos dos brasileiros desvalidos.\u201d O <\/span><a href=\"https:\/\/oglobo.globo.com\/opiniao\/editorial\/coluna\/2025\/06\/lula-e-quem-mais-tem-a-perder-com-o-nos-contra-eles.ghtml\" data-pf_style_display=\"inline\" data-pf_style_visibility=\"visible\"><span class=\"text-node\">editorial do O Globo<\/span><\/a><span class=\"text-node\"> partiu para o malabarismo ret\u00f3rico ao dizer que o aumento do imposto dos super ricos vai acabar prejudicando os mais pobres tamb\u00e9m.\u00a0<\/span><\/p>\n<p class=\"added-to-list1\" data-pf_style_display=\"block\" data-pf_style_visibility=\"visible\"><span class=\"text-node\">Como se sabe, os editoriais s\u00e3o espa\u00e7os de opini\u00e3o dos bar\u00f5es da imprensa, que s\u00e3o super ricos, e, portanto, nada mais natural que sejam usados para defender seus pr\u00f3prios interesses. Mesmo assim, impressiona a cara de pau.\u00a0<\/span><\/p>\n<blockquote class=\"stylized pull-left\" data-shortcode-type=\"pullquote\" data-pull=\"left\" data-pf_style_display=\"block\" data-pf_style_visibility=\"visible\"><p><span class=\"text-node\">\u00c9 uma gente que tem ganhado todas as disputas nos \u00faltimos anos e n\u00e3o est\u00e1 acostumada a perder.<\/span><\/p><\/blockquote>\n<p class=\"added-to-list1\" data-pf_style_display=\"block\" data-pf_style_visibility=\"visible\"><span class=\"text-node\">Absolutamente nenhum dos editoriais cogitou sequer a hip\u00f3tese da derrubada do decreto de aumento do IOF ser inconstitucional. A a\u00e7\u00e3o \u00e9 vista como inconstitucional por 10 entre 10 juristas s\u00e9rios, mas na imprensa ela \u00e9 tratada como leg\u00edtima e necess\u00e1ria. O jornalismo morreu e o que prevalece \u00e9 a opini\u00e3o dos super ricos que comandam a imprensa corporativa.<\/span><\/p>\n<p class=\"added-to-list1\" data-pf_style_display=\"block\" data-pf_style_visibility=\"visible\"><span class=\"text-node\">Mas a defesa mais aguerrida e ostensiva de Hugo Motta e do Congresso foi feita no Jornal Nacional da \u00faltima quinta-feira. Com uma reportagem de quase 7 minutos, o jornal deu amplo espa\u00e7o para o Centr\u00e3o e bolsonaristas se defenderem e chamou os v\u00eddeos divulgados pelo governo de \u201cataques\u201d.\u00a0<\/span><\/p>\n<p class=\"added-to-list1\" data-pf_style_display=\"block\" data-pf_style_visibility=\"visible\"><span class=\"text-node\">Hugo Motta e o Congresso foram tratados como v\u00edtimas de uma ofensiva violenta por parte de Lula e do governo. Assim como os editoriais dos jornal\u00f5es, o Jornal Nacional tamb\u00e9m omitiu a flagrante inconstitucionalidade da a\u00e7\u00e3o do Congresso. Fica parecendo que s\u00f3 \u00e9 inconstitucional quando \u00e9 do interesse da Globo.\u00a0<\/span><\/p>\n<p class=\"added-to-list1\" data-pf_style_display=\"block\" data-pf_style_visibility=\"visible\"><span class=\"text-node\">Como <\/span><a href=\"https:\/\/x.com\/agsportlight\/status\/1940925085277475200\" data-pf_style_display=\"inline\" data-pf_style_visibility=\"visible\"><span class=\"text-node\">bem disse<\/span><\/a><span class=\"text-node\"> o jornalista L\u00facio de Castro, o Jornal Nacional fez um \u201ceditorial disfar\u00e7ado de mat\u00e9ria\u201d jornal\u00edstica em \u201cdefesa da escumalha que sequestro o Congresso\u201d. Toda a reportagem tem um tom de indigna\u00e7\u00e3o contra o governo, como se ele agisse sob um esp\u00edrito antidemocr\u00e1tico. Mais uma vez estamos diante do c\u00famulo do rid\u00edculo. \u00c9 como se at\u00e9 semana passada a nossa democracia vivesse na mais absoluta ordem e tranquilidade.<\/span><\/p>\n<p class=\"added-to-list1\" data-pf_style_display=\"block\" data-pf_style_visibility=\"visible\"><span class=\"text-node\">Vendo a escalada da tens\u00e3o entre os poderes, o STF <\/span><a href=\"https:\/\/noticias.uol.com.br\/politica\/ultimas-noticias\/2025\/07\/04\/moraes-suspende-decretos-e-convoca-conciliacao.htm\" data-pf_style_display=\"inline\" data-pf_style_visibility=\"visible\"><span class=\"text-node\">buscou a concilia\u00e7\u00e3o<\/span><\/a><span class=\"text-node\">. Ignorou a flagrante inconstitucionalidade do PDL do Congresso e anulou\u00a0 todos os decretos, tanto o do governo, quanto o do legislativo. O ministro Alexandre de Moraes <\/span><a href=\"https:\/\/noticias.uol.com.br\/politica\/ultimas-noticias\/2025\/07\/04\/moraes-suspende-decretos-e-convoca-conciliacao.htm\" data-pf_style_display=\"inline\" data-pf_style_visibility=\"visible\"><span class=\"text-node\">chamou<\/span><\/a><span class=\"text-node\"> o embate entre Executivo e Legislativo de \u201cindesej\u00e1vel\u201d e que ele contraria a Constitui\u00e7\u00e3o, que prega a harmonia e independ\u00eancia dos Poderes.\u00a0<\/span><\/p>\n<p class=\"added-to-list1\" data-pf_style_display=\"block\" data-pf_style_visibility=\"visible\"><span class=\"text-node\">Para mediar a paz, o STF prop\u00f4s uma reuni\u00e3o de concilia\u00e7\u00e3o entre Lula e Alcolumbre, representante do Congresso. A decis\u00e3o do STF \u00e9 equivocada do ponto de vista jur\u00eddico, mas pode ser compreens\u00edvel do ponto de vista pol\u00edtico.\u00a0<\/span><\/p>\n<p class=\"added-to-list1\" data-pf_style_display=\"block\" data-pf_style_visibility=\"visible\"><span class=\"text-node\">N\u00e3o cabe ao tribunal fazer c\u00e1lculos pol\u00edticos, mas sabemos que n\u00e3o \u00e9 assim que a coisa funciona na pr\u00e1tica. O fato \u00e9 que os decretos do governo s\u00e3o constitucionais, os da oposi\u00e7\u00e3o n\u00e3o. Entre fazer valer a Constitui\u00e7\u00e3o e diminuir a tens\u00e3o entre os Poderes, o tribunal optou pela primeira op\u00e7\u00e3o. Um grave erro ao meu ver.<\/span><\/p>\n<p class=\"added-to-list1\" data-pf_style_display=\"block\" data-pf_style_visibility=\"visible\"><span class=\"text-node\">Em resumo: o governo est\u00e1 tentando resolver minimamente a disparidade tribut\u00e1ria entre ricos e pobres. O aumento do IOF seria t\u00edmido e nem de longe resolveria essa desigualdade. Isso bastou para deflagrar um imenso chilique coletivo dos representantes dos super ricos no parlamento e na imprensa.\u00a0<\/span><\/p>\n<p class=\"added-to-list1\" data-pf_style_display=\"block\" data-pf_style_visibility=\"visible\"><span class=\"text-node\">\u00c9 uma gente que tem ganhado todas as disputas nos \u00faltimos anos e n\u00e3o est\u00e1 acostumada a perder. O governo, que at\u00e9 ent\u00e3o buscava conciliar de todas as formas, resolveu reagir e botar o bonde do embate pol\u00edtico na rua. E come\u00e7ou a marcar pontos com a opini\u00e3o p\u00fablica.\u00a0<\/span><\/p>\n<p class=\"added-to-list1\" data-pf_style_display=\"block\" data-pf_style_visibility=\"visible\"><span class=\"text-node\">Resta saber se o governo ter\u00e1 f\u00f4lego para manter esse embate pol\u00edtico e eleitoral at\u00e9 2026 e como o cons\u00f3rcio pr\u00f3-Tarc\u00edsio \u2014 formado por grande imprensa, Centr\u00e3o e bolsonarismo \u2014 continuar\u00e1 reagindo. O STF colocou a bola no meio campo, zerou o placar e quer quer os dois times se entendam antes da bola rolar novamente. Aguardemos as cenas dos pr\u00f3ximos cap\u00edtulos.\u00a0<\/span><\/p>\n","protected":false},"excerpt":{"rendered":"<p>The Intercept &#8211; Dominado pelo Centr\u00e3o e pelo bolsonarismo\u2014 leia-se direita e extrema-direita \u2014\u00a0 o Congresso segue empenhado em continuar sabotando o governo. O objetivo \u00e9 claro: fazer Lula sangrar at\u00e9 o final do mandato e abrir um caminho eleitoral para a candidatura de Tarc\u00edsio de Freitas.<\/p>\n","protected":false},"author":1,"featured_media":0,"comment_status":"closed","ping_status":"open","sticky":false,"template":"","format":"standard","meta":{"_exactmetrics_skip_tracking":false,"_exactmetrics_sitenote_active":false,"_exactmetrics_sitenote_note":"","_exactmetrics_sitenote_category":0,"jetpack_post_was_ever_published":false,"_jetpack_newsletter_access":"","_jetpack_dont_email_post_to_subs":false,"_jetpack_newsletter_tier_id":0,"_jetpack_memberships_contains_paywalled_content":false,"_jetpack_memberships_contains_paid_content":false,"footnotes":"","jetpack_publicize_message":"","jetpack_publicize_feature_enabled":true,"jetpack_social_post_already_shared":true,"jetpack_social_options":{"image_generator_settings":{"template":"highway","enabled":false},"version":2}},"categories":[1],"tags":[1093,44,571],"class_list":["post-37007","post","type-post","status-publish","format-standard","hentry","category-notas","tag-campanha","tag-governo","tag-imprensa"],"jetpack_publicize_connections":[],"jetpack_sharing_enabled":true,"jetpack_featured_media_url":"","jetpack_shortlink":"https:\/\/wp.me\/p7wKYW-9CT","jetpack-related-posts":[],"_links":{"self":[{"href":"http:\/\/blogdalucianaoliveira.com.br\/blog\/wp-json\/wp\/v2\/posts\/37007","targetHints":{"allow":["GET"]}}],"collection":[{"href":"http:\/\/blogdalucianaoliveira.com.br\/blog\/wp-json\/wp\/v2\/posts"}],"about":[{"href":"http:\/\/blogdalucianaoliveira.com.br\/blog\/wp-json\/wp\/v2\/types\/post"}],"author":[{"embeddable":true,"href":"http:\/\/blogdalucianaoliveira.com.br\/blog\/wp-json\/wp\/v2\/users\/1"}],"replies":[{"embeddable":true,"href":"http:\/\/blogdalucianaoliveira.com.br\/blog\/wp-json\/wp\/v2\/comments?post=37007"}],"version-history":[{"count":1,"href":"http:\/\/blogdalucianaoliveira.com.br\/blog\/wp-json\/wp\/v2\/posts\/37007\/revisions"}],"predecessor-version":[{"id":37009,"href":"http:\/\/blogdalucianaoliveira.com.br\/blog\/wp-json\/wp\/v2\/posts\/37007\/revisions\/37009"}],"wp:attachment":[{"href":"http:\/\/blogdalucianaoliveira.com.br\/blog\/wp-json\/wp\/v2\/media?parent=37007"}],"wp:term":[{"taxonomy":"category","embeddable":true,"href":"http:\/\/blogdalucianaoliveira.com.br\/blog\/wp-json\/wp\/v2\/categories?post=37007"},{"taxonomy":"post_tag","embeddable":true,"href":"http:\/\/blogdalucianaoliveira.com.br\/blog\/wp-json\/wp\/v2\/tags?post=37007"}],"curies":[{"name":"wp","href":"https:\/\/api.w.org\/{rel}","templated":true}]}}