{"id":37019,"date":"2025-07-09T11:32:29","date_gmt":"2025-07-09T15:32:29","guid":{"rendered":"https:\/\/blogdalucianaoliveira.com.br\/blog\/?p=37019"},"modified":"2025-07-09T11:32:29","modified_gmt":"2025-07-09T15:32:29","slug":"com-foco-em-justica-tributaria-e-privilegios-na-mira-campanha-da-esquerda-ocupa-redes-sociais","status":"publish","type":"post","link":"http:\/\/blogdalucianaoliveira.com.br\/blog\/2025\/07\/09\/com-foco-em-justica-tributaria-e-privilegios-na-mira-campanha-da-esquerda-ocupa-redes-sociais\/","title":{"rendered":"Com foco em justi\u00e7a tribut\u00e1ria e privil\u00e9gios na mira, campanha da esquerda ocupa redes sociais"},"content":{"rendered":"<div class=\"entry-header\">\n<h2><img data-recalc-dims=\"1\" loading=\"lazy\" decoding=\"async\" data-attachment-id=\"37020\" data-permalink=\"http:\/\/blogdalucianaoliveira.com.br\/blog\/2025\/07\/09\/com-foco-em-justica-tributaria-e-privilegios-na-mira-campanha-da-esquerda-ocupa-redes-sociais\/bdf-20250708-175208-88e72c-1140x815\/\" data-orig-file=\"https:\/\/i0.wp.com\/blogdalucianaoliveira.com.br\/blog\/wp-content\/uploads\/2025\/07\/bdf-20250708-175208-88e72c-1140x815-1.jpg?fit=1140%2C815\" data-orig-size=\"1140,815\" data-comments-opened=\"0\" data-image-meta=\"{&quot;aperture&quot;:&quot;0&quot;,&quot;credit&quot;:&quot;&quot;,&quot;camera&quot;:&quot;&quot;,&quot;caption&quot;:&quot;&quot;,&quot;created_timestamp&quot;:&quot;0&quot;,&quot;copyright&quot;:&quot;&quot;,&quot;focal_length&quot;:&quot;0&quot;,&quot;iso&quot;:&quot;0&quot;,&quot;shutter_speed&quot;:&quot;0&quot;,&quot;title&quot;:&quot;&quot;,&quot;orientation&quot;:&quot;0&quot;}\" data-image-title=\"bdf-20250708-175208-88e72c-1140&amp;#215;815\" data-image-description=\"\" data-image-caption=\"\" data-medium-file=\"https:\/\/i0.wp.com\/blogdalucianaoliveira.com.br\/blog\/wp-content\/uploads\/2025\/07\/bdf-20250708-175208-88e72c-1140x815-1.jpg?fit=300%2C214\" data-large-file=\"https:\/\/i0.wp.com\/blogdalucianaoliveira.com.br\/blog\/wp-content\/uploads\/2025\/07\/bdf-20250708-175208-88e72c-1140x815-1.jpg?fit=600%2C429\" class=\"alignnone size-medium wp-image-37020\" src=\"https:\/\/i0.wp.com\/blogdalucianaoliveira.com.br\/blog\/wp-content\/uploads\/2025\/07\/bdf-20250708-175208-88e72c-1140x815-1.jpg?resize=300%2C214\" alt=\"\" width=\"300\" height=\"214\" srcset=\"https:\/\/i0.wp.com\/blogdalucianaoliveira.com.br\/blog\/wp-content\/uploads\/2025\/07\/bdf-20250708-175208-88e72c-1140x815-1.jpg?resize=300%2C214 300w, https:\/\/i0.wp.com\/blogdalucianaoliveira.com.br\/blog\/wp-content\/uploads\/2025\/07\/bdf-20250708-175208-88e72c-1140x815-1.jpg?resize=1024%2C732 1024w, https:\/\/i0.wp.com\/blogdalucianaoliveira.com.br\/blog\/wp-content\/uploads\/2025\/07\/bdf-20250708-175208-88e72c-1140x815-1.jpg?resize=768%2C549 768w, https:\/\/i0.wp.com\/blogdalucianaoliveira.com.br\/blog\/wp-content\/uploads\/2025\/07\/bdf-20250708-175208-88e72c-1140x815-1.jpg?resize=420%2C300 420w, https:\/\/i0.wp.com\/blogdalucianaoliveira.com.br\/blog\/wp-content\/uploads\/2025\/07\/bdf-20250708-175208-88e72c-1140x815-1.jpg?w=1140 1140w\" sizes=\"auto, (max-width: 300px) 100vw, 300px\" \/><\/h2>\n<h2 class=\"jeg_post_subtitle\">Especialistas v\u00eam movimento de &#8216;contratend\u00eancia&#8217;; fragilidade do bolsonarismo contribuiu para o alcance da a\u00e7\u00e3o<\/h2>\n<div class=\"jeg_meta_container\">\n<div class=\"jeg_post_meta jeg_post_meta_1\">\n<div class=\"meta_left\">\n<p>A campanha de grupos da esquerda contra o Congresso Nacional, na figura do presidente da C\u00e2mara, Hugo Motta (Republicanos-PB), alcan\u00e7ou um tamanho in\u00e9dito nas redes sociais desde o in\u00edcio do atual mandato do presidente Lula (PT).<\/p>\n<p>Uma pesquisa da Quaest mostrou que parlamentares governistas conseguiram superar, pela primeira vez, a oposi\u00e7\u00e3o nas redes sociais durante os debates sobre justi\u00e7a tribut\u00e1ria nos \u00faltimos dias. De acordo com o documento, 119 deputados da base do governo fizeram 741 publica\u00e7\u00f5es sobre o tema, enquanto 112 parlamentares de oposi\u00e7\u00e3o somaram 378 postagens. A esquerda, que historicamente tem menor presen\u00e7a digital frente \u00e0 direita, foi mais ativa nesse epis\u00f3dio espec\u00edfico.<\/p>\n<\/div>\n<\/div>\n<\/div>\n<\/div>\n<p><!--more--><\/p>\n<div>\n<div class=\"jeg_share_top_container\">\n<p>O alcance petista, por\u00e9m, segue distante dos n\u00fameros obtidos pela direita em outras ocasi\u00f5es. O v\u00eddeo mais assistido no Instagram do PT teve 14,6 milh\u00f5es de visualiza\u00e7\u00f5es, enquanto um\u00a0<a href=\"https:\/\/www.brasildefato.com.br\/colunista\/rosa-amorim\/2025\/05\/15\/pix-inss-e-a-maquina-de-mentiras-da-extrema-direita\/\" target=\"_blank\" rel=\"noopener noreferrer\">v\u00eddeo do deputado Nikolas Ferreira, durante a crise do Pix<\/a>, alcan\u00e7ou 200 milh\u00f5es em apenas um dia.<\/p>\n<p>Luiza Foltran, pesquisadora do Monitor do Debate Pol\u00edtico no Meio Digital, considera que se trata de uma \u201ccontratend\u00eancia\u201d em rela\u00e7\u00e3o \u00e0 forma como a esquerda vinha se organizando nas redes sociais e que, portanto, ainda n\u00e3o \u00e9 poss\u00edvel afirmar que os pr\u00f3ximos embates digitais ter\u00e3o o mesmo sucesso.<\/p>\n<div class=\"jeg_ad jeg_ad_article jnews_content_inline_2_ads  \">\n<div class=\"ads-wrapper align-center \">\n<div class=\"ads_shortcode\">\n<div class=\"ads-region-container\" data-slot=\"artigos-leaderboard-incontent-2\" data-region=\"br\" data-slot-name=\"artigos-leaderboard-incontent-2-br\">\n<div id=\"div-gpt-ad-artigos-medium_incontent_2\" class=\"ad-slot ad-filled\" data-google-query-id=\"CPPLsYyMsI4DFRhV3QIdcUEkfg\">\n<div class=\"jeg_main_content col-md-8\">\n<div class=\"jeg_inner_content\">\n<div class=\"jit_singlepost_container\">\n<div>\n<div class=\"entry-content with-share\">\n<div class=\"content-inner \">\n<p>\u201cIsso foi uma contratend\u00eancia. Na verdade, foi a primeira vez que inaugurou uma contratend\u00eancia. O que vai definir se ela se mant\u00e9m \u00e9 se, nos pr\u00f3ximos embates, isso se repetir. O fato \u00e9 que a direita e a extrema direita v\u00eam tendo primazia nas redes sociais h\u00e1 anos. Ent\u00e3o, esse foi um marco da esquerda que a gente ainda vai ter que observar\u201d, diz Foltran.<\/p>\n<p>Em suas palavras, a esquerda ainda tem a tarefa de \u201cconseguir trazer mensagens mais simples, fortes e mais radicais, porque isso facilita, tanto para a base social quanto para quem j\u00e1 est\u00e1 no campo progressista e concorda com essas ideias, articular um discurso coeso e transformar isso numa tarefa concreta\u201d.<\/p>\n<div class=\"jeg_ad jeg_ad_article jnews_content_inline_3_ads  \">\n<div class=\"ads-wrapper align-center \">\n<div class=\"ads_shortcode\"><\/div>\n<\/div>\n<\/div>\n<p>Um dos fatores que contribu\u00edram para o alcance da campanha foi a fragilidade do bolsonarismo, que ficou escancarada com\u00a0<a href=\"https:\/\/www.brasildefato.com.br\/2025\/06\/30\/ao-chamar-golpistas-de-malucos-bolsonaro-pode-ter-contribuido-para-esvaziar-ato-deste-domingo-diz-analista\/\" target=\"_blank\" rel=\"noopener noreferrer\">o baixo p\u00fablico da \u00faltima manifesta\u00e7\u00e3o de Jair Bolsonaro na Avenida Paulista, no dia 29 de junho<\/a>. De acordo com o Monitor e a ONG More in Common, cerca de 12,4 mil pessoas foram manifestar apoio ao ex-presidente, que pode ser preso at\u00e9 o fim do ano por tentativa de golpe de Estado. H\u00e1 dois meses, a manifesta\u00e7\u00e3o de Bolsonaro mobilizou 44,9 mil pessoas, o que coloca o p\u00fablico deste domingo em um patamar 72,3% menor.<\/p>\n<p>Luiza Foltran afirma que o sucesso vem de uma combina\u00e7\u00e3o da fragilidade do bolsonarismo e da coes\u00e3o da esquerda nas redes sociais em torno de um \u00fanico tema: a justi\u00e7a tribut\u00e1ria e o impacto para os mais pobres. \u201cA direita est\u00e1 muito fraca, passando mensagens contradit\u00f3rias entre si, com lideran\u00e7as batendo cabe\u00e7a. J\u00e1 a esquerda conseguiu entrar na semana com uma mensagem bem n\u00edtida.\u201d<\/p>\n<p>\u201cEles est\u00e3o num momento de baixa, tamb\u00e9m, tanto da mobiliza\u00e7\u00e3o quanto da unidade no discurso que vinham fazendo. Est\u00e3o perdendo coes\u00e3o na pr\u00f3pria base social, que est\u00e1 entrando em crise, justo num momento em que, na verdade, eles querem apoios. Ent\u00e3o, h\u00e1 um cen\u00e1rio de fragmenta\u00e7\u00e3o do lado de l\u00e1, enquanto a esquerda conseguiu, em torno de um tema dif\u00edcil e pol\u00eamico, encontrar uma voz un\u00edssona\u201d, diz a pesquisadora.<\/p>\n<h4 class=\"wp-block-heading\">Ineditismo<\/h4>\n<p>O ineditismo da a\u00e7\u00e3o, segundo Leonardo Martins Barbosa, pesquisador do Centro Brasileiro de An\u00e1lise e Planejamento (Cebrap), tamb\u00e9m est\u00e1 no fato de ter sido o pr\u00f3prio governo federal o respons\u00e1vel por iniciar uma campanha de tamanho alcance redes sociais, e n\u00e3o a milit\u00e2ncia da esquerda, que j\u00e1 teve momentos de destaque como nas mobiliza\u00e7\u00f5es contra o PL do Estupro e pelo fim da escala 6\u00d71.<\/p>\n<p>\u201cQuem conseguiu colocar a pr\u00f3pria agenda pol\u00edtica foi o governo [atrav\u00e9s de uma mudan\u00e7a na estrat\u00e9gia de comunica\u00e7\u00e3o, liderada pelo Sid\u00f4nio Palmeira]. Isso \u00e9 muito relevante porque as quedas de popularidade do Lula eram significativas e estavam levando a boa parte dos partidos do centr\u00e3o, mesmo os que t\u00eam lugar no governo, a come\u00e7ar a articular um apoio eventual \u00e0 candidatura de Tarc\u00edsio [governador de S\u00e3o Paulo e aliado do ex-presidente Jair Bolsonaro (PL)] no ano que vem\u201d, diz Barbosa.<\/p>\n<p>A a\u00e7\u00e3o ocorreu\u00a0<a href=\"https:\/\/www.brasildefato.com.br\/2025\/07\/01\/derrubada-do-iof-e-reflexo-da-luta-de-classes-e-demonstra-interesses-no-congresso-dizem-especialistas\/\" target=\"_blank\" rel=\"noopener noreferrer\">ap\u00f3s os deputados derrubarem o decreto do Executivo sobre o aumento do Imposto sobre Opera\u00e7\u00f5es Financeiras (IOF)<\/a>, que, segundo o governo federal, impactaria principalmente os mais ricos do pa\u00eds. A medida previa a taxa\u00e7\u00e3o de opera\u00e7\u00f5es de cr\u00e9dito, c\u00e2mbio e aportes de mais de R$ 50 mil em previd\u00eancias, o que refor\u00e7aria o caixa em R$ 20,5 bilh\u00f5es em 2025 e em R$ 41 bilh\u00f5es em 2026.<\/p>\n<p>\u201cO governo teve uma derrota muito forte na quest\u00e3o do IOF e, ao inv\u00e9s de simplesmente tentar conciliar acordos poss\u00edveis com o Congresso, resolveu fazer o enfrentamento\u201d, diz o pesquisador. \u201cEssa virada de chave foi tanto uma vit\u00f3ria em termos de comunica\u00e7\u00e3o pol\u00edtica quanto de enfrentamento.<\/p>\n<h4 class=\"wp-block-heading\">Campanha em n\u00fameros<\/h4>\n<p>Nas redes, a esquerda abra\u00e7ou a derrota do governo e lan\u00e7ou campanhas atrelando o Congresso como \u201cinimigo do povo\u201d e pedindo a taxa\u00e7\u00e3o dos mais ricos, nomeadamente os\u00a0<a href=\"https:\/\/www.brasildefato.com.br\/2025\/07\/03\/predio-do-itau-na-faria-lima-o-mais-caro-do-pais-e-alvo-de-protesto-pela-taxacao-de-super-ricos\/\" target=\"_blank\" rel=\"noopener noreferrer\">bancos, bilion\u00e1rios e bets<\/a>, no grupo chamado \u201cBBB\u201d. Um levantamento da empresa de pesquisas Nexus mostrou que a campanha que cita a sigla alcan\u00e7ou 4,5 milh\u00f5es de posts no Instagram, Facebook e principalmente no X (antigo Twitter).<\/p>\n<p>Entre as frases mais publicadas, \u201cCongresso da Mamata\u201d foi citada 824.051 vezes entre os dias 23 de junho e 4 de julho, seguido por \u201cAgora \u00e9 a vez do povo\u201d, mencionada 464.441 vezes. No mesmo per\u00edodo, Hugo Motta foi chamado de \u201ctraidor\u201d 347.497 vezes. Nas mesmas redes sociais, o presidente da C\u00e2mara reagiu: \u201cQuem alimenta o \u2018n\u00f3s contra eles\u2019 acaba governando contra todos\u201d, disse.<\/p>\n<p>A pesquisa Quaest identificou que 61% das 4,4 milh\u00f5es de men\u00e7\u00f5es ao Congresso nas redes sociais tinham tom cr\u00edtico, enquanto apenas 11% eram favor\u00e1veis e 28% se mantinham neutras. Em 25 de junho, a hashtag #InimigosDoPovo teve 300 mil men\u00e7\u00f5es, logo ap\u00f3s o Congresso derrubar o decreto IOF. J\u00e1 entre os dias 30 de junho e 3 de julho, houve um novo pico de insatisfa\u00e7\u00e3o, com cr\u00edticas concentradas em Hugo Motta.<\/p>\n<figure class=\"wp-block-embed is-type-rich is-provider-twitter wp-block-embed-twitter\">\n<div class=\"wp-block-embed__wrapper\">\n<div class=\"twitter-tweet twitter-tweet-rendered\"><iframe id=\"twitter-widget-0\" class=\"\" title=\"X Post\" src=\"https:\/\/platform.twitter.com\/embed\/Tweet.html?dnt=true&amp;embedId=twitter-widget-0&amp;features=eyJ0ZndfdGltZWxpbmVfbGlzdCI6eyJidWNrZXQiOltdLCJ2ZXJzaW9uIjpudWxsfSwidGZ3X2ZvbGxvd2VyX2NvdW50X3N1bnNldCI6eyJidWNrZXQiOnRydWUsInZlcnNpb24iOm51bGx9LCJ0ZndfdHdlZXRfZWRpdF9iYWNrZW5kIjp7ImJ1Y2tldCI6Im9uIiwidmVyc2lvbiI6bnVsbH0sInRmd19yZWZzcmNfc2Vzc2lvbiI6eyJidWNrZXQiOiJvbiIsInZlcnNpb24iOm51bGx9LCJ0ZndfZm9zbnJfc29mdF9pbnRlcnZlbnRpb25zX2VuYWJsZWQiOnsiYnVja2V0Ijoib24iLCJ2ZXJzaW9uIjpudWxsfSwidGZ3X21peGVkX21lZGlhXzE1ODk3Ijp7ImJ1Y2tldCI6InRyZWF0bWVudCIsInZlcnNpb24iOm51bGx9LCJ0ZndfZXhwZXJpbWVudHNfY29va2llX2V4cGlyYXRpb24iOnsiYnVja2V0IjoxMjA5NjAwLCJ2ZXJzaW9uIjpudWxsfSwidGZ3X3Nob3dfYmlyZHdhdGNoX3Bpdm90c19lbmFibGVkIjp7ImJ1Y2tldCI6Im9uIiwidmVyc2lvbiI6bnVsbH0sInRmd19kdXBsaWNhdGVfc2NyaWJlc190b19zZXR0aW5ncyI6eyJidWNrZXQiOiJvbiIsInZlcnNpb24iOm51bGx9LCJ0ZndfdXNlX3Byb2ZpbGVfaW1hZ2Vfc2hhcGVfZW5hYmxlZCI6eyJidWNrZXQiOiJvbiIsInZlcnNpb24iOm51bGx9LCJ0ZndfdmlkZW9faGxzX2R5bmFtaWNfbWFuaWZlc3RzXzE1MDgyIjp7ImJ1Y2tldCI6InRydWVfYml0cmF0ZSIsInZlcnNpb24iOm51bGx9LCJ0ZndfbGVnYWN5X3RpbWVsaW5lX3N1bnNldCI6eyJidWNrZXQiOnRydWUsInZlcnNpb24iOm51bGx9LCJ0ZndfdHdlZXRfZWRpdF9mcm9udGVuZCI6eyJidWNrZXQiOiJvbiIsInZlcnNpb24iOm51bGx9fQ%3D%3D&amp;frame=false&amp;hideCard=false&amp;hideThread=false&amp;id=1941195908554817941&amp;lang=pt&amp;origin=https%3A%2F%2Fwww.brasildefato.com.br%2F2025%2F07%2F09%2Fcom-foco-em-justica-tributaria-e-privilegios-na-mira-campanha-da-esquerda-ocupa-redes-sociais%2F&amp;sessionId=9b9f6e11dea3b7d0c0a0d29989f3359609513c69&amp;theme=light&amp;widgetsVersion=2615f7e52b7e0%3A1702314776716&amp;width=500px\" frameborder=\"0\" scrolling=\"no\" allowfullscreen=\"allowfullscreen\" data-tweet-id=\"1941195908554817941\"><\/iframe><\/div>\n<\/div>\n<\/figure>\n<figure class=\"wp-block-embed is-type-rich is-provider-twitter wp-block-embed-twitter\">\n<div class=\"wp-block-embed__wrapper\">\n<div class=\"twitter-tweet twitter-tweet-rendered\"><iframe id=\"twitter-widget-1\" class=\"\" title=\"X Post\" src=\"https:\/\/platform.twitter.com\/embed\/Tweet.html?dnt=true&amp;embedId=twitter-widget-1&amp;features=eyJ0ZndfdGltZWxpbmVfbGlzdCI6eyJidWNrZXQiOltdLCJ2ZXJzaW9uIjpudWxsfSwidGZ3X2ZvbGxvd2VyX2NvdW50X3N1bnNldCI6eyJidWNrZXQiOnRydWUsInZlcnNpb24iOm51bGx9LCJ0ZndfdHdlZXRfZWRpdF9iYWNrZW5kIjp7ImJ1Y2tldCI6Im9uIiwidmVyc2lvbiI6bnVsbH0sInRmd19yZWZzcmNfc2Vzc2lvbiI6eyJidWNrZXQiOiJvbiIsInZlcnNpb24iOm51bGx9LCJ0ZndfZm9zbnJfc29mdF9pbnRlcnZlbnRpb25zX2VuYWJsZWQiOnsiYnVja2V0Ijoib24iLCJ2ZXJzaW9uIjpudWxsfSwidGZ3X21peGVkX21lZGlhXzE1ODk3Ijp7ImJ1Y2tldCI6InRyZWF0bWVudCIsInZlcnNpb24iOm51bGx9LCJ0ZndfZXhwZXJpbWVudHNfY29va2llX2V4cGlyYXRpb24iOnsiYnVja2V0IjoxMjA5NjAwLCJ2ZXJzaW9uIjpudWxsfSwidGZ3X3Nob3dfYmlyZHdhdGNoX3Bpdm90c19lbmFibGVkIjp7ImJ1Y2tldCI6Im9uIiwidmVyc2lvbiI6bnVsbH0sInRmd19kdXBsaWNhdGVfc2NyaWJlc190b19zZXR0aW5ncyI6eyJidWNrZXQiOiJvbiIsInZlcnNpb24iOm51bGx9LCJ0ZndfdXNlX3Byb2ZpbGVfaW1hZ2Vfc2hhcGVfZW5hYmxlZCI6eyJidWNrZXQiOiJvbiIsInZlcnNpb24iOm51bGx9LCJ0ZndfdmlkZW9faGxzX2R5bmFtaWNfbWFuaWZlc3RzXzE1MDgyIjp7ImJ1Y2tldCI6InRydWVfYml0cmF0ZSIsInZlcnNpb24iOm51bGx9LCJ0ZndfbGVnYWN5X3RpbWVsaW5lX3N1bnNldCI6eyJidWNrZXQiOnRydWUsInZlcnNpb24iOm51bGx9LCJ0ZndfdHdlZXRfZWRpdF9mcm9udGVuZCI6eyJidWNrZXQiOiJvbiIsInZlcnNpb24iOm51bGx9fQ%3D%3D&amp;frame=false&amp;hideCard=false&amp;hideThread=false&amp;id=1942317778197000370&amp;lang=pt&amp;origin=https%3A%2F%2Fwww.brasildefato.com.br%2F2025%2F07%2F09%2Fcom-foco-em-justica-tributaria-e-privilegios-na-mira-campanha-da-esquerda-ocupa-redes-sociais%2F&amp;sessionId=9b9f6e11dea3b7d0c0a0d29989f3359609513c69&amp;theme=light&amp;widgetsVersion=2615f7e52b7e0%3A1702314776716&amp;width=500px\" frameborder=\"0\" scrolling=\"no\" allowfullscreen=\"allowfullscreen\" data-tweet-id=\"1942317778197000370\"><\/iframe><\/div>\n<\/div>\n<\/figure>\n<figure class=\"wp-block-embed is-type-rich is-provider-twitter wp-block-embed-twitter\">\n<div class=\"wp-block-embed__wrapper\">\n<div class=\"twitter-tweet twitter-tweet-rendered\"><iframe id=\"twitter-widget-2\" class=\"\" title=\"X Post\" src=\"https:\/\/platform.twitter.com\/embed\/Tweet.html?dnt=true&amp;embedId=twitter-widget-2&amp;features=eyJ0ZndfdGltZWxpbmVfbGlzdCI6eyJidWNrZXQiOltdLCJ2ZXJzaW9uIjpudWxsfSwidGZ3X2ZvbGxvd2VyX2NvdW50X3N1bnNldCI6eyJidWNrZXQiOnRydWUsInZlcnNpb24iOm51bGx9LCJ0ZndfdHdlZXRfZWRpdF9iYWNrZW5kIjp7ImJ1Y2tldCI6Im9uIiwidmVyc2lvbiI6bnVsbH0sInRmd19yZWZzcmNfc2Vzc2lvbiI6eyJidWNrZXQiOiJvbiIsInZlcnNpb24iOm51bGx9LCJ0ZndfZm9zbnJfc29mdF9pbnRlcnZlbnRpb25zX2VuYWJsZWQiOnsiYnVja2V0Ijoib24iLCJ2ZXJzaW9uIjpudWxsfSwidGZ3X21peGVkX21lZGlhXzE1ODk3Ijp7ImJ1Y2tldCI6InRyZWF0bWVudCIsInZlcnNpb24iOm51bGx9LCJ0ZndfZXhwZXJpbWVudHNfY29va2llX2V4cGlyYXRpb24iOnsiYnVja2V0IjoxMjA5NjAwLCJ2ZXJzaW9uIjpudWxsfSwidGZ3X3Nob3dfYmlyZHdhdGNoX3Bpdm90c19lbmFibGVkIjp7ImJ1Y2tldCI6Im9uIiwidmVyc2lvbiI6bnVsbH0sInRmd19kdXBsaWNhdGVfc2NyaWJlc190b19zZXR0aW5ncyI6eyJidWNrZXQiOiJvbiIsInZlcnNpb24iOm51bGx9LCJ0ZndfdXNlX3Byb2ZpbGVfaW1hZ2Vfc2hhcGVfZW5hYmxlZCI6eyJidWNrZXQiOiJvbiIsInZlcnNpb24iOm51bGx9LCJ0ZndfdmlkZW9faGxzX2R5bmFtaWNfbWFuaWZlc3RzXzE1MDgyIjp7ImJ1Y2tldCI6InRydWVfYml0cmF0ZSIsInZlcnNpb24iOm51bGx9LCJ0ZndfbGVnYWN5X3RpbWVsaW5lX3N1bnNldCI6eyJidWNrZXQiOnRydWUsInZlcnNpb24iOm51bGx9LCJ0ZndfdHdlZXRfZWRpdF9mcm9udGVuZCI6eyJidWNrZXQiOiJvbiIsInZlcnNpb24iOm51bGx9fQ%3D%3D&amp;frame=false&amp;hideCard=false&amp;hideThread=false&amp;id=1942259435847417934&amp;lang=pt&amp;origin=https%3A%2F%2Fwww.brasildefato.com.br%2F2025%2F07%2F09%2Fcom-foco-em-justica-tributaria-e-privilegios-na-mira-campanha-da-esquerda-ocupa-redes-sociais%2F&amp;sessionId=9b9f6e11dea3b7d0c0a0d29989f3359609513c69&amp;theme=light&amp;widgetsVersion=2615f7e52b7e0%3A1702314776716&amp;width=500px\" frameborder=\"0\" scrolling=\"no\" allowfullscreen=\"allowfullscreen\" data-tweet-id=\"1942259435847417934\"><\/iframe><\/div>\n<\/div>\n<\/figure>\n<p>O alcance da campanha n\u00e3o descarta a necessidade de acordos futuros \u2013 como determinado pelo ministro Alexandre de Moraes, do Supremo Tribunal Federal (STF),\u00a0<a href=\"https:\/\/www.brasildefato.com.br\/2025\/07\/01\/agu-vai-ao-stf-contra-derrubada-de-decreto-do-governo-que-altera-iof\/\" target=\"_blank\" rel=\"noopener noreferrer\">depois que a Advocacia-Geral da Uni\u00e3o (AGU) entrou com uma a\u00e7\u00e3o contestando a decis\u00e3o do Congresso<\/a>\u00a0\u2013, mas reposiciona o governo federal na mesa de negocia\u00e7\u00f5es. \u201cUma conversa como essa n\u00e3o pode acontecer com a faca no pesco\u00e7o. Acho que o governo conseguiu mostrar que tem capacidade de mobiliza\u00e7\u00e3o para pautar sua agenda e n\u00e3o apenas a agenda do Congresso\u201d, diz Leonardo Barbosa.<\/p>\n<h4 class=\"wp-block-heading\">Partido Digital Bolsonarista (PDB)<\/h4>\n<p>Apesar do \u00eaxito na campanha, o pesquisador do Cebrap avalia que a esquerda ainda n\u00e3o domina as din\u00e2micas das redes sociais como a extrema direita. \u201cA esquerda de uma maneira geral est\u00e1 come\u00e7ando a explorar esse mundo, mas ainda tem uma diferen\u00e7a bem significativa em rela\u00e7\u00e3o \u00e0 extrema direita bolsonarista\u201d, que repousa no fato de que o \u201cbolsonarismo nasceu digital\u201d.<\/p>\n<p>\u201c\u00c9 uma forma pol\u00edtica que, independentemente do partido tradicional ao qual esses pol\u00edticos s\u00e3o filiados, tem um tipo de organiza\u00e7\u00e3o e coes\u00e3o dados por uma forma pol\u00edtica inteiramente digital, que n\u00e3o \u00e9 institucionalizado nem reconhecido dessa maneira, mas importante para a maneira como o bolsonarismo se organiza\u201d, afirma Barbosa.<\/p>\n<p>Uma pesquisa do Cebrap, em parceria com o Centro para Imagina\u00e7\u00e3o Cr\u00edtica (CIC) e o Instituto Democracia em Xeque, nomeou esse fen\u00f4meno de Partido Digital Bolsonarista (PDB).\u00a0\u201cO bolsonarismo n\u00e3o \u00e9 apenas um grupo de apoio a um l\u00edder, mas uma forma organizativa nascida no ambiente digital, que hackeia o sistema partid\u00e1rio tradicional para a disputa pol\u00edtica eleitoral\u201d, explica Ana Cl\u00e1udia Chaves Teixeira, pesquisadora do CCI e professora de ci\u00eancia pol\u00edtica da Unicamp. \u201cAo operar em paralelo, o partido digital contorna as legisla\u00e7\u00f5es eleitorais, modos de financiamento, bem como consegue operar de maneira nova a mobiliza\u00e7\u00e3o de sua base.\u201d<\/p>\n<p>Paralelamente a esse fen\u00f4meno, Mayra Goulart, professora de Ci\u00eancia Pol\u00edtica da Universidade Federal do Rio de Janeiro (UFRJ), afirma que o modelo tradicional de governabilidade, baseado na modera\u00e7\u00e3o do discurso, concess\u00e3o de cargos e alian\u00e7as com o centr\u00e3o, vem mostrando sinais de esgotamento. Mesmo integrando o governo,\u00a0<a href=\"https:\/\/www.brasildefato.com.br\/podcast\/tres-por-quatro\/2025\/02\/07\/comando-do-congresso-o-poder-nao-e-do-centrao-e-da-burguesia-afirma-joao-pedro-stedile\/\" target=\"_blank\" rel=\"noopener noreferrer\">partidos n\u00e3o t\u00eam cumprido acordos m\u00ednimos e at\u00e9 mesmo sabotam pautas<\/a>, como foi o caso do IOF.<\/p>\n<p>Diante desse cen\u00e1rio envolvendo um partido digital e um esgotamento no Congresso Nacional, a polariza\u00e7\u00e3o surge como nova estrat\u00e9gia de engajamento e disputa pol\u00edtica, especialmente nas redes sociais. \u201c\u00c9 essa adapta\u00e7\u00e3o que o governo parece estar fazendo para responder \u00e0 implos\u00e3o da governabilidade por parte do parlamento com uma investida de conex\u00e3o com a sociedade O parlamento \u00e9 um pilar, e a sociedade \u00e9 outro, que pressiona o parlamento\u201d, afirma Goulart.\u00a0\u201c\u00c9 uma a\u00e7\u00e3o orquestrada que compreende a natureza das redes, com o disparo de conte\u00fados pela comunica\u00e7\u00e3o oficial do governo e v\u00e1rios influenciadores repercutindo na mesma linha\u201d, explica a professora.<\/p>\n<div class=\"jeg_meta_post_footer\">\n<div class=\"jeg_meta_editors\">Editado por: Nathallia Fonseca<\/div>\n<\/div>\n<\/div>\n<\/div>\n<div class=\"jeg_share_bottom_container\"><\/div>\n<div class=\"jeg_ad jeg_article jnews_content_bottom_ads \">\n<div class=\"ads-wrapper  \"><\/div>\n<\/div>\n<div class=\"jnews_prev_next_container\"><\/div>\n<div class=\"jnews_author_box_container \"><\/div>\n<div class=\"jnews_related_post_container\"><\/div>\n<div class=\"jnews_popup_post_container\"><\/div>\n<div class=\"jnews_comment_container\"><\/div>\n<\/div>\n<\/div>\n<\/div>\n<\/div>\n<div class=\"jeg_sidebar  jeg_sticky_sidebar col-md-4\">\n<div class=\"jegStickyHolder\">\n<div class=\"theiaStickySidebar\">\n<div id=\"custom_html-3\" class=\"widget_text widget widget_custom_html\">\n<div class=\"textwidget custom-html-widget\">\n<div class=\"ads-region-container\" data-slot=\"artigos-halfpage-sidebar\" data-region=\"br\" data-slot-name=\"artigos-halfpage-sidebar-br\">\n<div id=\"div-gpt-ad-artigos-halfpage_sidebar\" class=\"ad-slot ad-filled\" data-google-query-id=\"CKGTgeuLsI4DFShU3QIdJBsteQ\">\n<div id=\"google_ads_iframe_\/23047072124\/artigos\/halfpage_sidebar_0__container__\"><\/div>\n<\/div>\n<\/div>\n<\/div>\n<\/div>\n<div id=\"custom_html-2\" class=\"widget_text widget widget_custom_html\">\n<div class=\"textwidget custom-html-widget\">\n<form id=\"sib_signup_form_1\" class=\"sib_signup_form\" method=\"post\">\n<div class=\"sib_signup_box_inside_1\">\n<div class=\"sib_msg_disp\"><\/div>\n<div class=\"jeg_news_sib\">\n<div class=\"jeg_news_header\"><\/div>\n<div class=\"jeg_news_body sib-multi-lists-area\"><\/div>\n<\/div>\n<\/div>\n<\/form>\n<\/div>\n<\/div>\n<\/div>\n<\/div>\n<\/div>\n<\/div>\n<\/div>\n<\/div>\n<\/div>\n<\/div>\n<\/div>\n<div class=\"jit-meta-authors-widget\">\n<div class=\"entry-header-meta\"><\/div>\n<\/div>\n<\/div>\n","protected":false},"excerpt":{"rendered":"<p>Especialistas v\u00eam movimento de &#8216;contratend\u00eancia&#8217;; fragilidade do bolsonarismo contribuiu para o alcance da a\u00e7\u00e3o A campanha de grupos da esquerda contra o Congresso Nacional, na figura do presidente da C\u00e2mara, Hugo Motta (Republicanos-PB), alcan\u00e7ou um tamanho in\u00e9dito nas redes sociais desde o in\u00edcio do atual mandato do presidente Lula (PT). Uma pesquisa da Quaest mostrou&#8230;<a class=\"more-link\" href=\"http:\/\/blogdalucianaoliveira.com.br\/blog\/2025\/07\/09\/com-foco-em-justica-tributaria-e-privilegios-na-mira-campanha-da-esquerda-ocupa-redes-sociais\/\">Continue a leitura <span class=\"meta-nav\">&raquo;<\/span><\/a><\/p>\n","protected":false},"author":1,"featured_media":0,"comment_status":"closed","ping_status":"open","sticky":false,"template":"","format":"standard","meta":{"_exactmetrics_skip_tracking":false,"_exactmetrics_sitenote_active":false,"_exactmetrics_sitenote_note":"","_exactmetrics_sitenote_category":0,"jetpack_post_was_ever_published":false,"_jetpack_newsletter_access":"","_jetpack_dont_email_post_to_subs":false,"_jetpack_newsletter_tier_id":0,"_jetpack_memberships_contains_paywalled_content":false,"_jetpack_memberships_contains_paid_content":false,"footnotes":"","jetpack_publicize_message":"","jetpack_publicize_feature_enabled":true,"jetpack_social_post_already_shared":true,"jetpack_social_options":{"image_generator_settings":{"template":"highway","enabled":false},"version":2}},"categories":[1],"tags":[],"class_list":["post-37019","post","type-post","status-publish","format-standard","hentry","category-notas"],"jetpack_publicize_connections":[],"jetpack_sharing_enabled":true,"jetpack_featured_media_url":"","jetpack_shortlink":"https:\/\/wp.me\/p7wKYW-9D5","jetpack-related-posts":[],"_links":{"self":[{"href":"http:\/\/blogdalucianaoliveira.com.br\/blog\/wp-json\/wp\/v2\/posts\/37019","targetHints":{"allow":["GET"]}}],"collection":[{"href":"http:\/\/blogdalucianaoliveira.com.br\/blog\/wp-json\/wp\/v2\/posts"}],"about":[{"href":"http:\/\/blogdalucianaoliveira.com.br\/blog\/wp-json\/wp\/v2\/types\/post"}],"author":[{"embeddable":true,"href":"http:\/\/blogdalucianaoliveira.com.br\/blog\/wp-json\/wp\/v2\/users\/1"}],"replies":[{"embeddable":true,"href":"http:\/\/blogdalucianaoliveira.com.br\/blog\/wp-json\/wp\/v2\/comments?post=37019"}],"version-history":[{"count":1,"href":"http:\/\/blogdalucianaoliveira.com.br\/blog\/wp-json\/wp\/v2\/posts\/37019\/revisions"}],"predecessor-version":[{"id":37021,"href":"http:\/\/blogdalucianaoliveira.com.br\/blog\/wp-json\/wp\/v2\/posts\/37019\/revisions\/37021"}],"wp:attachment":[{"href":"http:\/\/blogdalucianaoliveira.com.br\/blog\/wp-json\/wp\/v2\/media?parent=37019"}],"wp:term":[{"taxonomy":"category","embeddable":true,"href":"http:\/\/blogdalucianaoliveira.com.br\/blog\/wp-json\/wp\/v2\/categories?post=37019"},{"taxonomy":"post_tag","embeddable":true,"href":"http:\/\/blogdalucianaoliveira.com.br\/blog\/wp-json\/wp\/v2\/tags?post=37019"}],"curies":[{"name":"wp","href":"https:\/\/api.w.org\/{rel}","templated":true}]}}