{"id":37022,"date":"2025-07-09T12:11:36","date_gmt":"2025-07-09T16:11:36","guid":{"rendered":"https:\/\/blogdalucianaoliveira.com.br\/blog\/?p=37022"},"modified":"2025-07-09T12:11:36","modified_gmt":"2025-07-09T16:11:36","slug":"rejeicao-nas-alturas-com-75-e-74-alcolumbre-e-hugo-motta-lideram-ranking-de-imagem-negativa","status":"publish","type":"post","link":"http:\/\/blogdalucianaoliveira.com.br\/blog\/2025\/07\/09\/rejeicao-nas-alturas-com-75-e-74-alcolumbre-e-hugo-motta-lideram-ranking-de-imagem-negativa\/","title":{"rendered":"Rejei\u00e7\u00e3o nas alturas: com 75% e 74%, Alcolumbre e Hugo Motta lideram ranking de imagem negativa"},"content":{"rendered":"<p><img data-recalc-dims=\"1\" loading=\"lazy\" decoding=\"async\" data-attachment-id=\"37023\" data-permalink=\"http:\/\/blogdalucianaoliveira.com.br\/blog\/2025\/07\/09\/rejeicao-nas-alturas-com-75-e-74-alcolumbre-e-hugo-motta-lideram-ranking-de-imagem-negativa\/img_3855\/\" data-orig-file=\"https:\/\/i0.wp.com\/blogdalucianaoliveira.com.br\/blog\/wp-content\/uploads\/2025\/07\/IMG_3855.webp?fit=500%2C240\" data-orig-size=\"500,240\" data-comments-opened=\"0\" data-image-meta=\"{&quot;aperture&quot;:&quot;0&quot;,&quot;credit&quot;:&quot;&quot;,&quot;camera&quot;:&quot;&quot;,&quot;caption&quot;:&quot;&quot;,&quot;created_timestamp&quot;:&quot;0&quot;,&quot;copyright&quot;:&quot;&quot;,&quot;focal_length&quot;:&quot;0&quot;,&quot;iso&quot;:&quot;0&quot;,&quot;shutter_speed&quot;:&quot;0&quot;,&quot;title&quot;:&quot;&quot;,&quot;orientation&quot;:&quot;0&quot;}\" data-image-title=\"IMG_3855\" data-image-description=\"\" data-image-caption=\"\" data-medium-file=\"https:\/\/i0.wp.com\/blogdalucianaoliveira.com.br\/blog\/wp-content\/uploads\/2025\/07\/IMG_3855.webp?fit=300%2C144\" data-large-file=\"https:\/\/i0.wp.com\/blogdalucianaoliveira.com.br\/blog\/wp-content\/uploads\/2025\/07\/IMG_3855.webp?fit=500%2C240\" class=\"alignnone size-medium wp-image-37023\" src=\"https:\/\/i0.wp.com\/blogdalucianaoliveira.com.br\/blog\/wp-content\/uploads\/2025\/07\/IMG_3855.webp?resize=300%2C144\" alt=\"\" width=\"300\" height=\"144\" srcset=\"https:\/\/i0.wp.com\/blogdalucianaoliveira.com.br\/blog\/wp-content\/uploads\/2025\/07\/IMG_3855.webp?resize=300%2C144 300w, https:\/\/i0.wp.com\/blogdalucianaoliveira.com.br\/blog\/wp-content\/uploads\/2025\/07\/IMG_3855.webp?w=500 500w\" sizes=\"auto, (max-width: 300px) 100vw, 300px\" \/><\/p>\n<h2 class=\"article__lead\">Pesquisa AtlasIntel\/Bloomberg revela que presidentes do Senado e da C\u00e2mara t\u00eam maior taxa de desaprova\u00e7\u00e3o entre os principais l\u00edderes pol\u00edticos do Brasil<\/h2>\n<p><!--more--><\/p>\n<p><b>247 &#8211; <\/b>Os dois principais nomes do Congresso Nacional enfrentam forte desgaste perante a opini\u00e3o p\u00fablica, segundo a mais recente rodada do relat\u00f3rio Latam Pulse, parceria entre AtlasIntel e Bloomberg. O levantamento revela que Davi Alcolumbre (Uni\u00e3o-AP), presidente do Senado, e Hugo Motta (Republicanos-PB), presidente da C\u00e2mara dos Deputados, s\u00e3o os l\u00edderes com as piores avalia\u00e7\u00f5es entre os 16 nomes analisados.<\/p>\n<p>A pesquisa, realizada entre os dias 27 e 30 de junho de 2025 com 2.621 brasileiros adultos, mostra que apenas 3% dos entrevistados t\u00eam uma imagem positiva de Alcolumbre, enquanto 75% manifestam percep\u00e7\u00e3o negativa, resultando em um saldo de imagem de -72 pontos percentuais (p.p.) \u2014 o pior entre todos os avaliados. J\u00e1 Hugo Motta registra 4% de imagem positiva e 74% de negativa, com um saldo de -70 p.p..<\/p>\n<p>A diferen\u00e7a entre imagem positiva e negativa \u00e9 abissal, contrastando com a percep\u00e7\u00e3o de outras figuras pol\u00edticas de peso. A pesquisa incluiu nomes como o presidente Luiz In\u00e1cio Lula da Silva (PT), que mant\u00e9m um equil\u00edbrio relativo (47% de imagem positiva e 53% de negativa, com saldo de -6 p.p.).<\/p>\n<p>Outros l\u00edderes com desempenho fr\u00e1gil, embora n\u00e3o t\u00e3o dram\u00e1tico quanto o de Alcolumbre e Motta, foram Ciro Gomes (24% positivo, 62% negativo, saldo de -38 p.p.) e Ronaldo Caiado (25% positivo, 53% negativo, -28 p.p.).<\/p>\n<div class=\"contentAd contentAd--noBackground marginBottom30\">\n<div class=\"marginTop10 adBackground\">\n<div class=\"ad marginBottom30 ad--center minHeight250\">\n<div id=\"b247-multipage-standard-3\" data-google-query-id=\"CIjG59uUsI4DFQRU3QIdoFgv6A\">A pesquisa seguiu metodologia de recrutamento digital aleat\u00f3rio (Atlas RDR), com margem de erro de \u00b12 pontos percentuais e n\u00edvel de confian\u00e7a de 95%.<\/div>\n<\/div>\n<\/div>\n<\/div>\n","protected":false},"excerpt":{"rendered":"<p>Pesquisa AtlasIntel\/Bloomberg revela que presidentes do Senado e da C\u00e2mara t\u00eam maior taxa de desaprova\u00e7\u00e3o entre os principais l\u00edderes pol\u00edticos do Brasil<\/p>\n","protected":false},"author":1,"featured_media":0,"comment_status":"closed","ping_status":"open","sticky":false,"template":"","format":"standard","meta":{"_exactmetrics_skip_tracking":false,"_exactmetrics_sitenote_active":false,"_exactmetrics_sitenote_note":"","_exactmetrics_sitenote_category":0,"jetpack_post_was_ever_published":false,"_jetpack_newsletter_access":"","_jetpack_dont_email_post_to_subs":false,"_jetpack_newsletter_tier_id":0,"_jetpack_memberships_contains_paywalled_content":false,"_jetpack_memberships_contains_paid_content":false,"footnotes":"","jetpack_publicize_message":"","jetpack_publicize_feature_enabled":true,"jetpack_social_post_already_shared":true,"jetpack_social_options":{"image_generator_settings":{"template":"highway","enabled":false},"version":2}},"categories":[1],"tags":[],"class_list":["post-37022","post","type-post","status-publish","format-standard","hentry","category-notas"],"jetpack_publicize_connections":[],"jetpack_sharing_enabled":true,"jetpack_featured_media_url":"","jetpack_shortlink":"https:\/\/wp.me\/p7wKYW-9D8","jetpack-related-posts":[],"_links":{"self":[{"href":"http:\/\/blogdalucianaoliveira.com.br\/blog\/wp-json\/wp\/v2\/posts\/37022","targetHints":{"allow":["GET"]}}],"collection":[{"href":"http:\/\/blogdalucianaoliveira.com.br\/blog\/wp-json\/wp\/v2\/posts"}],"about":[{"href":"http:\/\/blogdalucianaoliveira.com.br\/blog\/wp-json\/wp\/v2\/types\/post"}],"author":[{"embeddable":true,"href":"http:\/\/blogdalucianaoliveira.com.br\/blog\/wp-json\/wp\/v2\/users\/1"}],"replies":[{"embeddable":true,"href":"http:\/\/blogdalucianaoliveira.com.br\/blog\/wp-json\/wp\/v2\/comments?post=37022"}],"version-history":[{"count":1,"href":"http:\/\/blogdalucianaoliveira.com.br\/blog\/wp-json\/wp\/v2\/posts\/37022\/revisions"}],"predecessor-version":[{"id":37024,"href":"http:\/\/blogdalucianaoliveira.com.br\/blog\/wp-json\/wp\/v2\/posts\/37022\/revisions\/37024"}],"wp:attachment":[{"href":"http:\/\/blogdalucianaoliveira.com.br\/blog\/wp-json\/wp\/v2\/media?parent=37022"}],"wp:term":[{"taxonomy":"category","embeddable":true,"href":"http:\/\/blogdalucianaoliveira.com.br\/blog\/wp-json\/wp\/v2\/categories?post=37022"},{"taxonomy":"post_tag","embeddable":true,"href":"http:\/\/blogdalucianaoliveira.com.br\/blog\/wp-json\/wp\/v2\/tags?post=37022"}],"curies":[{"name":"wp","href":"https:\/\/api.w.org\/{rel}","templated":true}]}}