{"id":37025,"date":"2025-07-09T13:56:37","date_gmt":"2025-07-09T17:56:37","guid":{"rendered":"https:\/\/blogdalucianaoliveira.com.br\/blog\/?p=37025"},"modified":"2025-07-09T13:56:37","modified_gmt":"2025-07-09T17:56:37","slug":"arquidiocese-de-porto-velho-realiza-congresso-eucaristico-em-comemoracao-aos-100-anos-de-criacao","status":"publish","type":"post","link":"http:\/\/blogdalucianaoliveira.com.br\/blog\/2025\/07\/09\/arquidiocese-de-porto-velho-realiza-congresso-eucaristico-em-comemoracao-aos-100-anos-de-criacao\/","title":{"rendered":"Arquidiocese de Porto Velho realiza Congresso Eucar\u00edstico em comemora\u00e7\u00e3o aos 100 anos de cria\u00e7\u00e3o"},"content":{"rendered":"<p><img data-recalc-dims=\"1\" loading=\"lazy\" decoding=\"async\" data-attachment-id=\"37026\" data-permalink=\"http:\/\/blogdalucianaoliveira.com.br\/blog\/2025\/07\/09\/arquidiocese-de-porto-velho-realiza-congresso-eucaristico-em-comemoracao-aos-100-anos-de-criacao\/img_3857\/\" data-orig-file=\"https:\/\/i0.wp.com\/blogdalucianaoliveira.com.br\/blog\/wp-content\/uploads\/2025\/07\/IMG_3857.webp?fit=512%2C500\" data-orig-size=\"512,500\" data-comments-opened=\"0\" data-image-meta=\"{&quot;aperture&quot;:&quot;0&quot;,&quot;credit&quot;:&quot;&quot;,&quot;camera&quot;:&quot;&quot;,&quot;caption&quot;:&quot;&quot;,&quot;created_timestamp&quot;:&quot;0&quot;,&quot;copyright&quot;:&quot;&quot;,&quot;focal_length&quot;:&quot;0&quot;,&quot;iso&quot;:&quot;0&quot;,&quot;shutter_speed&quot;:&quot;0&quot;,&quot;title&quot;:&quot;&quot;,&quot;orientation&quot;:&quot;0&quot;}\" data-image-title=\"IMG_3857\" data-image-description=\"\" data-image-caption=\"\" data-medium-file=\"https:\/\/i0.wp.com\/blogdalucianaoliveira.com.br\/blog\/wp-content\/uploads\/2025\/07\/IMG_3857.webp?fit=300%2C293\" data-large-file=\"https:\/\/i0.wp.com\/blogdalucianaoliveira.com.br\/blog\/wp-content\/uploads\/2025\/07\/IMG_3857.webp?fit=512%2C500\" class=\"alignnone size-medium wp-image-37026\" src=\"https:\/\/i0.wp.com\/blogdalucianaoliveira.com.br\/blog\/wp-content\/uploads\/2025\/07\/IMG_3857.webp?resize=300%2C293\" alt=\"\" width=\"300\" height=\"293\" srcset=\"https:\/\/i0.wp.com\/blogdalucianaoliveira.com.br\/blog\/wp-content\/uploads\/2025\/07\/IMG_3857.webp?resize=300%2C293 300w, https:\/\/i0.wp.com\/blogdalucianaoliveira.com.br\/blog\/wp-content\/uploads\/2025\/07\/IMG_3857.webp?resize=307%2C300 307w, https:\/\/i0.wp.com\/blogdalucianaoliveira.com.br\/blog\/wp-content\/uploads\/2025\/07\/IMG_3857.webp?w=512 512w\" sizes=\"auto, (max-width: 300px) 100vw, 300px\" \/><\/p>\n<p data-pf_style_display=\"block\" data-pf_style_visibility=\"visible\"><span class=\"text-node\">Jornal da Amaz\u00f4nia &#8211; \u201cDo c\u00e9u para o altar da Amaz\u00f4nia\u201d \u00e9 a inspira\u00e7\u00e3o que guiar\u00e1 a Arquidiocese de Porto Velho na realiza\u00e7\u00e3o do Congresso Eucar\u00edstico Arquidiocesano, de 10 a 13 de julho de 2025. Este evento marcar\u00e1 o encerramento das celebra\u00e7\u00f5es pelos 100 anos da cria\u00e7\u00e3o can\u00f4nica da primeira Igreja particular de Rond\u00f4nia.<\/span><!--more--><\/p>\n<p data-pf_style_display=\"block\" data-pf_style_visibility=\"visible\"><span class=\"text-node\">O congresso, considerado o momento mais importante e festivo do centen\u00e1rio, come\u00e7ar\u00e1 oficialmente no dia 10 de julho, \u00e0s 19h30, com a Missa de Abertura na pra\u00e7a da Catedral Metropolitana Sagrado Cora\u00e7\u00e3o de Jesus. A celebra\u00e7\u00e3o de encerramento acontecer\u00e1 no dia 13 de julho, iniciando com prociss\u00e3o saindo da Estrada de Ferro Madeira Mamor\u00e9 em dire\u00e7\u00e3o a Catedral, onde ocorrer\u00e1 a celebra\u00e7\u00e3o de a\u00e7\u00e3o de gra\u00e7as, reunindo representantes de todas as comunidades cat\u00f3licas, bispos de diversas localidades do Brasil, representantes de institui\u00e7\u00f5es e poderes p\u00fablicos, em uma celebra\u00e7\u00e3o de louvor ao Deus da vida e ao jubileu da Arquidiocese.<\/span><\/p>\n<p data-pf_style_display=\"block\" data-pf_style_visibility=\"visible\"><span class=\"text-node\">Com o lema que nos inspira: \u201cEu sou o p\u00e3o vivo que desceu do c\u00e9u. Quem comer deste p\u00e3o viver\u00e1 eternamente\u201d (Jo 6,51), todas as par\u00f3quias, comunidades, pastorais, movimentos e fi\u00e9is de Porto Velho ir\u00e3o participar de uma variedade de atividades, incluindo celebra\u00e7\u00f5es, simp\u00f3sios teol\u00f3gicos, feira ecol\u00f3gica, vig\u00edlias eucar\u00edsticas das juventudes, catequeses p\u00fablicas, celebra\u00e7\u00f5es da 1\u00aa Eucaristia nas par\u00f3quias, ora\u00e7\u00f5es em comunidades e fam\u00edlias, al\u00e9m de apresenta\u00e7\u00f5es art\u00edsticas locais e nacionais.<\/span><\/p>\n<p data-pf_style_display=\"block\" data-pf_style_visibility=\"visible\"><span class=\"text-node\">O Congresso prop\u00f5e um profundo mergulho na centralidade da Eucaristia como fonte e \u00e1pice da vida crist\u00e3, com aten\u00e7\u00e3o especial ao contexto amaz\u00f4nico, suas culturas, desafios e espiritualidades. O objetivo \u00e9 refletir e aprofundar, \u00e0 luz do mist\u00e9rio eucar\u00edstico, quest\u00f5es b\u00edblicas, teol\u00f3gicas e pastorais.<\/span><\/p>\n<p data-pf_style_display=\"block\" data-pf_style_visibility=\"visible\"><span class=\"text-node\">Bispos, sacerdotes, religiosos e religiosas, leigos e leigas de outros estados e 13 munic\u00edpios que comp\u00f5em a Arquidiocese de Porto Velho participar\u00e3o do evento, presidindo diversas confer\u00eancias sobre temas variados.<\/span><\/p>\n<p data-pf_style_display=\"block\" data-pf_style_visibility=\"visible\"><span class=\"text-node\">A celebra\u00e7\u00e3o \u00e9 aberta a toda a popula\u00e7\u00e3o, e a Arquidiocese convida par\u00f3quias, pastorais, comunidades e fam\u00edlias a se unirem para celebrar com alegria, f\u00e9 e esperan\u00e7a os 100 anos de caminhada da Igreja portovelhense.<\/span><\/p>\n<div class=\"wp-block-image\" data-pf_style_display=\"block\" data-pf_style_visibility=\"visible\">\n<figure class=\"alignright size-full is-resized blockImage\" data-pf_style_display=\"block\" data-pf_style_visibility=\"visible\"><img data-recalc-dims=\"1\" decoding=\"async\" data-attachment-id=\"7387\" data-permalink=\"http:\/\/blogdalucianaoliveira.com.br\/blog\/2017\/01\/02\/com-tantos-parentes-denunciados-rosani-donadon-importa-secretario\/vilhena\/\" data-orig-file=\"https:\/\/i0.wp.com\/blogdalucianaoliveira.com.br\/blog\/wp-content\/uploads\/2017\/01\/vilhena.jpg?fit=400%2C350\" data-orig-size=\"400,350\" data-comments-opened=\"0\" data-image-meta=\"{&quot;aperture&quot;:&quot;0&quot;,&quot;credit&quot;:&quot;&quot;,&quot;camera&quot;:&quot;&quot;,&quot;caption&quot;:&quot;&quot;,&quot;created_timestamp&quot;:&quot;0&quot;,&quot;copyright&quot;:&quot;&quot;,&quot;focal_length&quot;:&quot;0&quot;,&quot;iso&quot;:&quot;0&quot;,&quot;shutter_speed&quot;:&quot;0&quot;,&quot;title&quot;:&quot;&quot;,&quot;orientation&quot;:&quot;0&quot;}\" data-image-title=\"vilhena\" data-image-description=\"\" data-image-caption=\"\" data-medium-file=\"https:\/\/i0.wp.com\/blogdalucianaoliveira.com.br\/blog\/wp-content\/uploads\/2017\/01\/vilhena.jpg?fit=300%2C263\" data-large-file=\"https:\/\/i0.wp.com\/blogdalucianaoliveira.com.br\/blog\/wp-content\/uploads\/2017\/01\/vilhena.jpg?fit=400%2C350\" class=\"wp-image-7387 pf-large-image blockImage\" src=\"https:\/\/i0.wp.com\/jornaldamazonia.com\/wp-content\/uploads\/2025\/06\/selo-dos-100-anos1-1.jpg?w=473&#038;ssl=1\" sizes=\"auto, (max-width: 473px) 100vw, 473px\" srcset=\"https:\/\/jornaldamazonia.com\/wp-content\/uploads\/2025\/06\/selo-dos-100-anos1-1.jpg 473w, https:\/\/jornaldamazonia.com\/wp-content\/uploads\/2025\/06\/selo-dos-100-anos1-1-300x254.jpg 300w, https:\/\/jornaldamazonia.com\/wp-content\/uploads\/2025\/06\/selo-dos-100-anos1-1-380x321.jpg 380w\" alt=\"\"  data-pf_style_display=\"inline\" data-pf_style_visibility=\"visible\" data-pf_rect_width=\"363\" data-pf_rect_height=\"306.96875\" \/><\/figure>\n<\/div>\n<p data-pf_style_display=\"block\" data-pf_style_visibility=\"visible\"><strong data-pf_style_display=\"inline\" data-pf_style_visibility=\"visible\"><span class=\"text-node\">Arquidiocese de Porto Velho<\/span><\/strong><\/p>\n<p data-pf_style_display=\"block\" data-pf_style_visibility=\"visible\"><span class=\"text-node\">Este \u00e9 um momento hist\u00f3rico para a Igreja Cat\u00f3lica, pois em 01\/05\/1925, o Papa Pio XI, criou a Prelazia de Porto Velho, confiando a imensa Prelazia, com aproximadamente 300.000KM\u00b2, aos Salesianos. Com a progressiva autonomia pastoral, humana e financeira, em 25\/05\/1982 a Prelazia foi elevada \u00e0 condi\u00e7\u00e3o de Diocese. Logo em 04\/10\/1982, a Igreja de Porto Velho foi elevada \u00e0 categoria de Arquidiocese, pelo Papa Jo\u00e3o Paulo II.<\/span><\/p>\n<p data-pf_style_display=\"block\" data-pf_style_visibility=\"visible\"><span class=\"text-node\">Portanto, em 2025, comemoramos o primeiro centen\u00e1rio da Igreja Particular de Porto Velho que atualmente, tem como padroeira N. Sra. Auxiliadora e conta com 29 par\u00f3quias, 6 \u00e1reas mission\u00e1ria e centenas de comunidades, presente em 13 munic\u00edpios, s\u00e3o eles: Alto Para\u00edso, Ariquemes, Buritis, Cacaul\u00e2ndia, Campo Novo de Rond\u00f4nia, Candeias do Jamari, Cujubim, Itapu\u00e3 d\u2019Oeste, Machadinho d\u2019Oeste, Monte Negro, Rio Crespo, Vale do Anari e Porto Velho.<\/span><\/p>\n<p data-pf_style_display=\"block\" data-pf_style_visibility=\"visible\">\n<blockquote class=\"wp-embedded-content\" data-secret=\"bo2m2OrDkE\"><p><a href=\"https:\/\/arquidiocesedeportovelho.org.br\/noticia\/programacao-completa-congresso-eucaristico-arquidiocesano\/\">Programa\u00e7\u00e3o completa do Congresso Eucar\u00edstico Arquidiocesano<\/a><\/p><\/blockquote>\n<p><iframe loading=\"lazy\" class=\"wp-embedded-content\" sandbox=\"allow-scripts\" security=\"restricted\" style=\"position: absolute; visibility: hidden;\" title=\"&#8220;Programa\u00e7\u00e3o completa do Congresso Eucar\u00edstico Arquidiocesano&#8221; &#8212; Arquidiocese de Porto Velho\" src=\"https:\/\/arquidiocesedeportovelho.org.br\/noticia\/programacao-completa-congresso-eucaristico-arquidiocesano\/embed\/#?secret=et4xCeHj4T#?secret=bo2m2OrDkE\" data-secret=\"bo2m2OrDkE\" width=\"600\" height=\"338\" frameborder=\"0\" marginwidth=\"0\" marginheight=\"0\" scrolling=\"no\"><\/iframe><\/p>\n","protected":false},"excerpt":{"rendered":"<p>Jornal da Amaz\u00f4nia &#8211; \u201cDo c\u00e9u para o altar da Amaz\u00f4nia\u201d \u00e9 a inspira\u00e7\u00e3o que guiar\u00e1 a Arquidiocese de Porto Velho na realiza\u00e7\u00e3o do Congresso Eucar\u00edstico Arquidiocesano, de 10 a 13 de julho de 2025. Este evento marcar\u00e1 o encerramento das celebra\u00e7\u00f5es pelos 100 anos da cria\u00e7\u00e3o can\u00f4nica da primeira Igreja particular de Rond\u00f4nia.<\/p>\n","protected":false},"author":1,"featured_media":0,"comment_status":"closed","ping_status":"open","sticky":false,"template":"","format":"standard","meta":{"_exactmetrics_skip_tracking":false,"_exactmetrics_sitenote_active":false,"_exactmetrics_sitenote_note":"","_exactmetrics_sitenote_category":0,"jetpack_post_was_ever_published":false,"_jetpack_newsletter_access":"","_jetpack_dont_email_post_to_subs":false,"_jetpack_newsletter_tier_id":0,"_jetpack_memberships_contains_paywalled_content":false,"_jetpack_memberships_contains_paid_content":false,"footnotes":"","jetpack_publicize_message":"","jetpack_publicize_feature_enabled":true,"jetpack_social_post_already_shared":true,"jetpack_social_options":{"image_generator_settings":{"template":"highway","enabled":false},"version":2}},"categories":[1],"tags":[143,784,1401],"class_list":["post-37025","post","type-post","status-publish","format-standard","hentry","category-notas","tag-aniversario","tag-arquidiocese-de-porto-velho","tag-centenario"],"jetpack_publicize_connections":[],"jetpack_sharing_enabled":true,"jetpack_featured_media_url":"","jetpack_shortlink":"https:\/\/wp.me\/p7wKYW-9Db","jetpack-related-posts":[],"_links":{"self":[{"href":"http:\/\/blogdalucianaoliveira.com.br\/blog\/wp-json\/wp\/v2\/posts\/37025","targetHints":{"allow":["GET"]}}],"collection":[{"href":"http:\/\/blogdalucianaoliveira.com.br\/blog\/wp-json\/wp\/v2\/posts"}],"about":[{"href":"http:\/\/blogdalucianaoliveira.com.br\/blog\/wp-json\/wp\/v2\/types\/post"}],"author":[{"embeddable":true,"href":"http:\/\/blogdalucianaoliveira.com.br\/blog\/wp-json\/wp\/v2\/users\/1"}],"replies":[{"embeddable":true,"href":"http:\/\/blogdalucianaoliveira.com.br\/blog\/wp-json\/wp\/v2\/comments?post=37025"}],"version-history":[{"count":1,"href":"http:\/\/blogdalucianaoliveira.com.br\/blog\/wp-json\/wp\/v2\/posts\/37025\/revisions"}],"predecessor-version":[{"id":37027,"href":"http:\/\/blogdalucianaoliveira.com.br\/blog\/wp-json\/wp\/v2\/posts\/37025\/revisions\/37027"}],"wp:attachment":[{"href":"http:\/\/blogdalucianaoliveira.com.br\/blog\/wp-json\/wp\/v2\/media?parent=37025"}],"wp:term":[{"taxonomy":"category","embeddable":true,"href":"http:\/\/blogdalucianaoliveira.com.br\/blog\/wp-json\/wp\/v2\/categories?post=37025"},{"taxonomy":"post_tag","embeddable":true,"href":"http:\/\/blogdalucianaoliveira.com.br\/blog\/wp-json\/wp\/v2\/tags?post=37025"}],"curies":[{"name":"wp","href":"https:\/\/api.w.org\/{rel}","templated":true}]}}