{"id":37028,"date":"2025-07-10T08:37:03","date_gmt":"2025-07-10T12:37:03","guid":{"rendered":"https:\/\/blogdalucianaoliveira.com.br\/blog\/?p=37028"},"modified":"2025-07-10T08:39:14","modified_gmt":"2025-07-10T12:39:14","slug":"tarifas-de-trump-sao-megalomaniacas-e-nao-afetam-o-brasil-tanto-quanto-ele-espera-diz-nobel-de-economia","status":"publish","type":"post","link":"http:\/\/blogdalucianaoliveira.com.br\/blog\/2025\/07\/10\/tarifas-de-trump-sao-megalomaniacas-e-nao-afetam-o-brasil-tanto-quanto-ele-espera-diz-nobel-de-economia\/","title":{"rendered":"Tarifas de Trump s\u00e3o &#8216;megaloman\u00edacas&#8217; e n\u00e3o afetam o Brasil tanto quanto ele espera, diz Nobel de Economia"},"content":{"rendered":"<p><img data-recalc-dims=\"1\" loading=\"lazy\" decoding=\"async\" data-attachment-id=\"37029\" data-permalink=\"http:\/\/blogdalucianaoliveira.com.br\/blog\/2025\/07\/10\/tarifas-de-trump-sao-megalomaniacas-e-nao-afetam-o-brasil-tanto-quanto-ele-espera-diz-nobel-de-economia\/img_3868\/\" data-orig-file=\"https:\/\/i0.wp.com\/blogdalucianaoliveira.com.br\/blog\/wp-content\/uploads\/2025\/07\/IMG_3868.webp?fit=594%2C334\" data-orig-size=\"594,334\" data-comments-opened=\"0\" data-image-meta=\"{&quot;aperture&quot;:&quot;0&quot;,&quot;credit&quot;:&quot;&quot;,&quot;camera&quot;:&quot;&quot;,&quot;caption&quot;:&quot;&quot;,&quot;created_timestamp&quot;:&quot;0&quot;,&quot;copyright&quot;:&quot;&quot;,&quot;focal_length&quot;:&quot;0&quot;,&quot;iso&quot;:&quot;0&quot;,&quot;shutter_speed&quot;:&quot;0&quot;,&quot;title&quot;:&quot;&quot;,&quot;orientation&quot;:&quot;0&quot;}\" data-image-title=\"IMG_3868\" data-image-description=\"\" data-image-caption=\"\" data-medium-file=\"https:\/\/i0.wp.com\/blogdalucianaoliveira.com.br\/blog\/wp-content\/uploads\/2025\/07\/IMG_3868.webp?fit=300%2C169\" data-large-file=\"https:\/\/i0.wp.com\/blogdalucianaoliveira.com.br\/blog\/wp-content\/uploads\/2025\/07\/IMG_3868.webp?fit=594%2C334\" class=\"alignnone size-medium wp-image-37029\" src=\"https:\/\/i0.wp.com\/blogdalucianaoliveira.com.br\/blog\/wp-content\/uploads\/2025\/07\/IMG_3868.webp?resize=300%2C169\" alt=\"\" width=\"300\" height=\"169\" srcset=\"https:\/\/i0.wp.com\/blogdalucianaoliveira.com.br\/blog\/wp-content\/uploads\/2025\/07\/IMG_3868.webp?resize=300%2C169 300w, https:\/\/i0.wp.com\/blogdalucianaoliveira.com.br\/blog\/wp-content\/uploads\/2025\/07\/IMG_3868.webp?resize=534%2C300 534w, https:\/\/i0.wp.com\/blogdalucianaoliveira.com.br\/blog\/wp-content\/uploads\/2025\/07\/IMG_3868.webp?w=594 594w\" sizes=\"auto, (max-width: 300px) 100vw, 300px\" \/><\/p>\n<div class=\"bbc-19j92fr ebmt73l0\" dir=\"ltr\" data-pf_style_display=\"block\" data-pf_style_visibility=\"visible\">\n<p class=\"bbc-hhl7in e17g058b0 added-to-list1\" dir=\"ltr\" data-pf_style_display=\"block\" data-pf_style_visibility=\"visible\"><span class=\"text-node\">BBC &#8211; O economista americano <\/span><a class=\"focusIndicatorReducedWidth bbc-n8oauk e1p3sufg0\" href=\"https:\/\/www.bbc.com\/portuguese\/geral-57190498\" data-pf_style_display=\"inline\" data-pf_style_visibility=\"visible\"><span class=\"text-node\">Paul Krugman<\/span><\/a><span class=\"text-node\"> usou palavras contundentes para classificar <\/span><a class=\"focusIndicatorReducedWidth bbc-n8oauk e1p3sufg0\" href=\"https:\/\/www.bbc.com\/portuguese\/articles\/c4g8w4nw9v7o\" data-pf_style_display=\"inline\" data-pf_style_visibility=\"visible\"><span class=\"text-node\">as tarifas impostas por Donald Trump contra o Brasil.\u00a0<\/span><\/a><\/p>\n<\/div>\n<div class=\"bbc-19j92fr ebmt73l0\" dir=\"ltr\" data-pf_style_display=\"block\" data-pf_style_visibility=\"visible\">\n<p class=\"bbc-hhl7in e17g058b0 added-to-list1\" dir=\"ltr\" data-pf_style_display=\"block\" data-pf_style_visibility=\"visible\"><span class=\"text-node\">Em carta enviada a <\/span><a class=\"focusIndicatorReducedWidth bbc-n8oauk e1p3sufg0\" href=\"https:\/\/www.bbc.com\/portuguese\/topics\/cpzd4zx0272t\" data-pf_style_display=\"inline\" data-pf_style_visibility=\"visible\"><span class=\"text-node\">Luiz In\u00e1cio Lula da Silva<\/span><\/a><span class=\"text-node\"> (PT), o presidente dos Estados Unidos anunciou uma taxa de 50% sobre as exporta\u00e7\u00f5es brasileiras a partir de 1\u00b0 de agosto.<\/span><\/p>\n<\/div>\n<p><!--more--><\/p>\n<div class=\"bbc-19j92fr ebmt73l0\" dir=\"ltr\" data-pf_style_display=\"block\" data-pf_style_visibility=\"visible\">\n<p class=\"bbc-hhl7in e17g058b0 added-to-list1\" dir=\"ltr\" data-pf_style_display=\"block\" data-pf_style_visibility=\"visible\"><a class=\"focusIndicatorReducedWidth bbc-n8oauk e1p3sufg0\" href=\"https:\/\/paulkrugman.substack.com\/p\/trumps-dictator-protection-program?img=https%3A%2F%2Fsubstack-post-media.s3.amazonaws.com%2Fpublic%2Fimages%2F8f324b75-c4f6-4eee-a05c-dcf83cf49294_894x1149.jpeg&amp;open=false\" aria-label=\"Num artigo publicado no site Substack, externo\" data-pf_style_display=\"inline\" data-pf_style_visibility=\"visible\"><span class=\"text-node\">Num artigo publicado no site Substack<\/span><\/a><span class=\"text-node\">, Krugman diz que essas tarifas representam um &#8220;programa de prote\u00e7\u00e3o a ditadores&#8221;.<\/span><\/p>\n<\/div>\n<div class=\"bbc-19j92fr ebmt73l0\" dir=\"ltr\" data-pf_style_display=\"block\" data-pf_style_visibility=\"visible\">\n<p class=\"bbc-hhl7in e17g058b0 added-to-list1\" dir=\"ltr\" data-pf_style_display=\"block\" data-pf_style_visibility=\"visible\"><span class=\"text-node\">Segundo o especialista, que ganhou o Nobel de Economia em 2008 e \u00e9 professor da Universidade da Cidade de Nova York, nos EUA, a \u00faltima cartada de <\/span><a class=\"focusIndicatorReducedWidth bbc-n8oauk e1p3sufg0\" href=\"https:\/\/www.bbc.com\/portuguese\/topics\/cdr56r28jgvt\" data-pf_style_display=\"inline\" data-pf_style_visibility=\"visible\"><span class=\"text-node\">Trump<\/span><\/a><span class=\"text-node\"> &#8220;marca um novo rumo&#8221; das pol\u00edticas tarif\u00e1rias, que ele classifica de &#8220;demon\u00edacas e megaloman\u00edacas&#8221;. <\/span><\/p>\n<\/div>\n<section class=\"bbc-geybui\" role=\"region\" aria-label=\"Publicidade 2\" aria-hidden=\"true\" data-e2e=\"advertisement\" data-pf_style_display=\"flex\" data-pf_style_visibility=\"visible\"><\/section>\n<div class=\"bbc-19j92fr ebmt73l0\" dir=\"ltr\" data-pf_style_display=\"block\" data-pf_style_visibility=\"visible\">\n<p class=\"bbc-hhl7in e17g058b0 added-to-list1\" dir=\"ltr\" data-pf_style_display=\"block\" data-pf_style_visibility=\"visible\"><span class=\"text-node\">Krugman entende que o presidente dos EUA &#8220;nem sequer disfar\u00e7a que exista uma justificativa econ\u00f4mica para sua decis\u00e3o&#8221;.<\/span><\/p>\n<div class=\"bbc-19j92fr ebmt73l0\" dir=\"ltr\" data-pf_style_display=\"block\" data-pf_style_visibility=\"visible\">\n<p class=\"bbc-hhl7in e17g058b0 added-to-list1\" dir=\"ltr\" data-pf_style_display=\"block\" data-pf_style_visibility=\"visible\"><span class=\"text-node\">&#8220;Tudo se resume a punir o Brasil por levar [o ex-presidente] <\/span><a class=\"focusIndicatorReducedWidth bbc-n8oauk e1p3sufg0\" href=\"https:\/\/www.bbc.com\/portuguese\/topics\/cg7267qv6q0t\" data-pf_style_display=\"inline\" data-pf_style_visibility=\"visible\"><span class=\"text-node\">Jair Bolsonaro<\/span><\/a><span class=\"text-node\"> [PL] a um julgamento&#8221;, escreve ele. <\/span><\/p>\n<\/div>\n<div class=\"bbc-19j92fr ebmt73l0\" dir=\"ltr\" data-pf_style_display=\"block\" data-pf_style_visibility=\"visible\">\n<p class=\"bbc-hhl7in e17g058b0 added-to-list1\" dir=\"ltr\" data-pf_style_display=\"block\" data-pf_style_visibility=\"visible\"><span class=\"text-node\">Logo no in\u00edcio da carta endere\u00e7ada a Lula, Trump diz: &#8220;Conheci e lidei com o ex-presidente Jair Bolsonaro, e o respeitei muito, assim como a maioria dos outros l\u00edderes de pa\u00edses. A forma como o Brasil tem tratado o ex-presidente Bolsonaro, um l\u00edder altamente respeitado em todo o mundo durante seu mandato, inclusive pelos Estados Unidos, \u00e9 uma vergonha internacional. Este julgamento n\u00e3o deveria estar acontecendo. \u00c9 uma ca\u00e7a \u00e0s bruxas que deve acabar IMEDIATAMENTE!&#8221;<\/span><\/p>\n<\/div>\n<div class=\"bbc-19j92fr ebmt73l0\" dir=\"ltr\" data-pf_style_display=\"block\" data-pf_style_visibility=\"visible\">\n<p class=\"bbc-hhl7in e17g058b0 added-to-list1\" dir=\"ltr\" data-pf_style_display=\"block\" data-pf_style_visibility=\"visible\"><span class=\"text-node\">O professor de <\/span><a class=\"focusIndicatorReducedWidth bbc-n8oauk e1p3sufg0\" href=\"https:\/\/www.bbc.com\/portuguese\/topics\/cvjp2jr0k9rt\" data-pf_style_display=\"inline\" data-pf_style_visibility=\"visible\"><span class=\"text-node\">Economia<\/span><\/a><span class=\"text-node\"> destaca que essa n\u00e3o \u00e9 a primeira vez que os EUA usam tarifas com um prop\u00f3sito pol\u00edtico. <\/span><\/p>\n<\/div>\n<div class=\"bbc-19j92fr ebmt73l0\" dir=\"ltr\" data-pf_style_display=\"block\" data-pf_style_visibility=\"visible\">\n<p class=\"bbc-hhl7in e17g058b0 added-to-list1\" dir=\"ltr\" data-pf_style_display=\"block\" data-pf_style_visibility=\"visible\"><span class=\"text-node\">&#8220;O sistema internacional de com\u00e9rcio que estabelecemos depois da <\/span><a class=\"focusIndicatorReducedWidth bbc-n8oauk e1p3sufg0\" href=\"https:\/\/www.bbc.com\/portuguese\/topics\/czpzkp950gwt\" data-pf_style_display=\"inline\" data-pf_style_visibility=\"visible\"><span class=\"text-node\">Segunda Guerra Mundial<\/span><\/a><span class=\"text-node\">foi em parte motivado pela cren\u00e7a de representantes americanos de que essas trocas, al\u00e9m de serem ben\u00e9ficas do ponto de vista econ\u00f4mico, seriam uma for\u00e7a de paz e poderiam fortalecer a democracia ao redor do mundo. Eles provavelmente estavam corretos e, em todo caso, tratava-se de um objetivo nobre&#8221;, pondera Krugman.<\/span><\/p>\n<\/div>\n<div class=\"bbc-19j92fr ebmt73l0\" dir=\"ltr\" data-pf_style_display=\"block\" data-pf_style_visibility=\"visible\">\n<p class=\"bbc-hhl7in e17g058b0 added-to-list1\" dir=\"ltr\" data-pf_style_display=\"block\" data-pf_style_visibility=\"visible\"><span class=\"text-node\">&#8220;Mas agora Trump tenta usar tarifas para ajudar outro pretendente a ditador. Se voc\u00ea pensa que os EUA s\u00e3o um dos &#8216;bons mo\u00e7os&#8217; do mundo, essa \u00faltima decis\u00e3o mostra o lado em que estamos atualmente&#8221;, complementa o professor.<\/span><\/p>\n<\/div>\n<figure class=\"bbc-1qn0xuy pf-caption added-to-list1 flex-width mediumImage pf-size-full\" data-pf_style_display=\"block\" data-pf_style_visibility=\"visible\">\n<div class=\"bbc-j1srjl\" data-pf_style_display=\"block\" data-pf_style_visibility=\"visible\">\n<p><img data-recalc-dims=\"1\" decoding=\"async\" class=\"bbc-139onq caption-img mediumImage\" src=\"https:\/\/i0.wp.com\/ichef.bbci.co.uk\/ace\/ws\/640\/cpsprodpb\/0503\/live\/e5d75cc0-5d62-11f0-9040-f9c2d19390ca.jpg.webp?w=594&#038;ssl=1\" sizes=\"(min-width: 1008px) 760px, 100vw\" srcset=\"https:\/\/ichef.bbci.co.uk\/ace\/ws\/240\/cpsprodpb\/0503\/live\/e5d75cc0-5d62-11f0-9040-f9c2d19390ca.jpg.webp 240w, https:\/\/ichef.bbci.co.uk\/ace\/ws\/320\/cpsprodpb\/0503\/live\/e5d75cc0-5d62-11f0-9040-f9c2d19390ca.jpg.webp 320w, https:\/\/ichef.bbci.co.uk\/ace\/ws\/480\/cpsprodpb\/0503\/live\/e5d75cc0-5d62-11f0-9040-f9c2d19390ca.jpg.webp 480w, https:\/\/ichef.bbci.co.uk\/ace\/ws\/594\/cpsprodpb\/0503\/live\/e5d75cc0-5d62-11f0-9040-f9c2d19390ca.jpg.webp 594w\" alt=\"Bolsonaro e Trump\"  data-pf_style_display=\"inline\" data-pf_style_visibility=\"visible\" data-pf_rect_width=\"139.578125\" data-pf_rect_height=\"18.390625\" \/><\/p>\n<p class=\"bbc-by8ykd added-to-list1\" role=\"text\" data-pf_style_display=\"block\" data-pf_style_visibility=\"visible\"><span class=\"bbc-m04vo2\" data-pf_style_display=\"block\" data-pf_style_visibility=\"visible\"><span class=\"text-node\">Cr\u00e9dito, <\/span><\/span><span lang=\"en-GB\" data-pf_style_display=\"inline\" data-pf_style_visibility=\"visible\"><span class=\"text-node\">Getty Images<\/span><\/span><\/p>\n<\/div><figcaption class=\"bbc-15f1ujd\" dir=\"ltr\" data-pf_style_display=\"block\" data-pf_style_visibility=\"visible\"><span role=\"text\" data-pf_style_display=\"inline\" data-pf_style_visibility=\"visible\"><span class=\"bbc-m04vo2\" data-pf_style_display=\"block\" data-pf_style_visibility=\"visible\"><span class=\"text-node\">Legenda da foto, <\/span><\/span><span data-testid=\"caption-paragraph\" data-pf_style_display=\"inline\" data-pf_style_visibility=\"visible\"><span class=\"text-node\">Para Krugman, Trump sequer usa justificaticas econ\u00f4micas para explicar as tarifas de 50% sobre as exporta\u00e7\u00f5es brasileiras e usa a ferramenta como uma esp\u00e9cie de &#8216;servi\u00e7o de prote\u00e7\u00e3o a ditadores&#8217;<\/span><\/span><\/span><\/figcaption><\/figure>\n<h2 id=\"Por-que-Krugman-acha-que-tarifas-aplicadas-ao-Brasil-s\u00e3o-megaloman\u00edacas\" class=\"bbc-1lgzob2 eglt09e0\" tabindex=\"-1\" data-pf_style_display=\"block\" data-pf_style_visibility=\"visible\"><span class=\"text-node\">Por que Krugman acha que tarifas aplicadas ao Brasil s\u00e3o megaloman\u00edacas?<\/span><\/h2>\n<div class=\"bbc-19j92fr ebmt73l0\" dir=\"ltr\" data-pf_style_display=\"block\" data-pf_style_visibility=\"visible\">\n<p class=\"bbc-hhl7in e17g058b0 added-to-list1\" dir=\"ltr\" data-pf_style_display=\"block\" data-pf_style_visibility=\"visible\"><span class=\"text-node\">Para justificar o t\u00edtulo de &#8220;megaloman\u00edaco&#8221; que ele deu para o an\u00fancio de Trump, o especialista usa estat\u00edsticas da Organiza\u00e7\u00e3o do Com\u00e9rcio (OMC), que indicam quais s\u00e3o os principais parceiros comerciais do Brasil.<\/span><\/p>\n<\/div>\n<div class=\"bbc-19j92fr ebmt73l0\" dir=\"ltr\" data-pf_style_display=\"block\" data-pf_style_visibility=\"visible\">\n<p class=\"bbc-hhl7in e17g058b0 added-to-list1\" dir=\"ltr\" data-pf_style_display=\"block\" data-pf_style_visibility=\"visible\"><span class=\"text-node\">Segundo os dados relativos ao ano de 2022, a China \u00e9 o principal parceiro comercial de nosso pa\u00eds e recebe 26,8% das exporta\u00e7\u00f5es. <\/span><\/p>\n<\/div>\n<div class=\"bbc-19j92fr ebmt73l0\" dir=\"ltr\" data-pf_style_display=\"block\" data-pf_style_visibility=\"visible\">\n<p class=\"bbc-hhl7in e17g058b0 added-to-list1\" dir=\"ltr\" data-pf_style_display=\"block\" data-pf_style_visibility=\"visible\"><span class=\"text-node\">Na sequ\u00eancia, aparecem Uni\u00e3o Europeia (15,2%), EUA (11,4%), Argentina (4,6%), Chile (2,7%) e outros pa\u00edses\/blocos (39,3%).<\/span><\/p>\n<\/div>\n<div class=\"bbc-19j92fr ebmt73l0\" dir=\"ltr\" data-pf_style_display=\"block\" data-pf_style_visibility=\"visible\">\n<p class=\"bbc-hhl7in e17g058b0 added-to-list1\" dir=\"ltr\" data-pf_style_display=\"block\" data-pf_style_visibility=\"visible\"><span class=\"text-node\">Krugman calcula que as exporta\u00e7\u00f5es para os EUA representam menos de 2% do Produto Interno Bruto (PIB) do Brasil.<\/span><\/p>\n<\/div>\n<div class=\"bbc-19j92fr ebmt73l0\" dir=\"ltr\" data-pf_style_display=\"block\" data-pf_style_visibility=\"visible\">\n<p class=\"bbc-hhl7in e17g058b0 added-to-list1\" dir=\"ltr\" data-pf_style_display=\"block\" data-pf_style_visibility=\"visible\"><span class=\"text-node\">&#8220;Trump realmente acredita que pode usar tarifas para intimidar uma na\u00e7\u00e3o enorme, que nem sequer depende do mercado americano, a abandonar a democracia?&#8221;, questiona ele. <\/span><\/p>\n<\/div>\n<div class=\"bbc-19j92fr ebmt73l0\" dir=\"ltr\" data-pf_style_display=\"block\" data-pf_style_visibility=\"visible\">\n<p class=\"bbc-hhl7in e17g058b0 added-to-list1\" dir=\"ltr\" data-pf_style_display=\"block\" data-pf_style_visibility=\"visible\"><span class=\"text-node\">Para o economista, se os EUA &#8220;ainda tivessem uma democracia funcional, essa aposta contra o Brasil seria por si s\u00f3 uma base para um impeachment&#8221; de Trump. <\/span><\/p>\n<\/div>\n<div class=\"bbc-19j92fr ebmt73l0\" dir=\"ltr\" data-pf_style_display=\"block\" data-pf_style_visibility=\"visible\">\n<p class=\"bbc-hhl7in e17g058b0 added-to-list1\" dir=\"ltr\" data-pf_style_display=\"block\" data-pf_style_visibility=\"visible\"><span class=\"text-node\">&#8220;De qualquer forma, n\u00e3o ignore esse fato. Estamos diante de mais um passo terr\u00edvel na espiral descendente do nosso pa\u00eds&#8221;, conclui ele.<\/span><\/p>\n<\/div>\n<\/div>\n","protected":false},"excerpt":{"rendered":"<p>BBC &#8211; O economista americano Paul Krugman usou palavras contundentes para classificar as tarifas impostas por Donald Trump contra o Brasil.\u00a0 Em carta enviada a Luiz In\u00e1cio Lula da Silva (PT), o presidente dos Estados Unidos anunciou uma taxa de 50% sobre as exporta\u00e7\u00f5es brasileiras a partir de 1\u00b0 de agosto.<\/p>\n","protected":false},"author":1,"featured_media":0,"comment_status":"closed","ping_status":"open","sticky":false,"template":"","format":"standard","meta":{"_exactmetrics_skip_tracking":false,"_exactmetrics_sitenote_active":false,"_exactmetrics_sitenote_note":"","_exactmetrics_sitenote_category":0,"jetpack_post_was_ever_published":false,"_jetpack_newsletter_access":"","_jetpack_dont_email_post_to_subs":false,"_jetpack_newsletter_tier_id":0,"_jetpack_memberships_contains_paywalled_content":false,"_jetpack_memberships_contains_paid_content":false,"footnotes":"","jetpack_publicize_message":"","jetpack_publicize_feature_enabled":true,"jetpack_social_post_already_shared":true,"jetpack_social_options":{"image_generator_settings":{"template":"highway","enabled":false},"version":2}},"categories":[1],"tags":[78,1402,220],"class_list":["post-37028","post","type-post","status-publish","format-standard","hentry","category-notas","tag-lula","tag-tarifas","tag-trump"],"jetpack_publicize_connections":[],"jetpack_sharing_enabled":true,"jetpack_featured_media_url":"","jetpack_shortlink":"https:\/\/wp.me\/p7wKYW-9De","jetpack-related-posts":[],"_links":{"self":[{"href":"http:\/\/blogdalucianaoliveira.com.br\/blog\/wp-json\/wp\/v2\/posts\/37028","targetHints":{"allow":["GET"]}}],"collection":[{"href":"http:\/\/blogdalucianaoliveira.com.br\/blog\/wp-json\/wp\/v2\/posts"}],"about":[{"href":"http:\/\/blogdalucianaoliveira.com.br\/blog\/wp-json\/wp\/v2\/types\/post"}],"author":[{"embeddable":true,"href":"http:\/\/blogdalucianaoliveira.com.br\/blog\/wp-json\/wp\/v2\/users\/1"}],"replies":[{"embeddable":true,"href":"http:\/\/blogdalucianaoliveira.com.br\/blog\/wp-json\/wp\/v2\/comments?post=37028"}],"version-history":[{"count":2,"href":"http:\/\/blogdalucianaoliveira.com.br\/blog\/wp-json\/wp\/v2\/posts\/37028\/revisions"}],"predecessor-version":[{"id":37031,"href":"http:\/\/blogdalucianaoliveira.com.br\/blog\/wp-json\/wp\/v2\/posts\/37028\/revisions\/37031"}],"wp:attachment":[{"href":"http:\/\/blogdalucianaoliveira.com.br\/blog\/wp-json\/wp\/v2\/media?parent=37028"}],"wp:term":[{"taxonomy":"category","embeddable":true,"href":"http:\/\/blogdalucianaoliveira.com.br\/blog\/wp-json\/wp\/v2\/categories?post=37028"},{"taxonomy":"post_tag","embeddable":true,"href":"http:\/\/blogdalucianaoliveira.com.br\/blog\/wp-json\/wp\/v2\/tags?post=37028"}],"curies":[{"name":"wp","href":"https:\/\/api.w.org\/{rel}","templated":true}]}}