{"id":37033,"date":"2025-07-14T08:25:40","date_gmt":"2025-07-14T12:25:40","guid":{"rendered":"https:\/\/blogdalucianaoliveira.com.br\/blog\/?p=37033"},"modified":"2025-07-14T08:25:40","modified_gmt":"2025-07-14T12:25:40","slug":"povo-de-deus-na-amazonia-divulga-carta-contra-o-pl-da-devastacao-e-conclamam-o-brasil-a-defesa-da-vida","status":"publish","type":"post","link":"http:\/\/blogdalucianaoliveira.com.br\/blog\/2025\/07\/14\/povo-de-deus-na-amazonia-divulga-carta-contra-o-pl-da-devastacao-e-conclamam-o-brasil-a-defesa-da-vida\/","title":{"rendered":"Povo de Deus na Amaz\u00f4nia divulga carta contra o PL da Devasta\u00e7\u00e3o e conclamam o Brasil \u00e0 defesa da vida"},"content":{"rendered":"<p><img data-recalc-dims=\"1\" loading=\"lazy\" decoding=\"async\" data-attachment-id=\"37034\" data-permalink=\"http:\/\/blogdalucianaoliveira.com.br\/blog\/2025\/07\/14\/povo-de-deus-na-amazonia-divulga-carta-contra-o-pl-da-devastacao-e-conclamam-o-brasil-a-defesa-da-vida\/img_4121\/\" data-orig-file=\"https:\/\/i0.wp.com\/blogdalucianaoliveira.com.br\/blog\/wp-content\/uploads\/2025\/07\/IMG_4121.jpeg?fit=1200%2C554\" data-orig-size=\"1200,554\" data-comments-opened=\"0\" data-image-meta=\"{&quot;aperture&quot;:&quot;0&quot;,&quot;credit&quot;:&quot;&quot;,&quot;camera&quot;:&quot;&quot;,&quot;caption&quot;:&quot;&quot;,&quot;created_timestamp&quot;:&quot;0&quot;,&quot;copyright&quot;:&quot;&quot;,&quot;focal_length&quot;:&quot;0&quot;,&quot;iso&quot;:&quot;0&quot;,&quot;shutter_speed&quot;:&quot;0&quot;,&quot;title&quot;:&quot;&quot;,&quot;orientation&quot;:&quot;0&quot;}\" data-image-title=\"IMG_4121\" data-image-description=\"\" data-image-caption=\"\" data-medium-file=\"https:\/\/i0.wp.com\/blogdalucianaoliveira.com.br\/blog\/wp-content\/uploads\/2025\/07\/IMG_4121.jpeg?fit=300%2C139\" data-large-file=\"https:\/\/i0.wp.com\/blogdalucianaoliveira.com.br\/blog\/wp-content\/uploads\/2025\/07\/IMG_4121.jpeg?fit=600%2C277\" class=\"alignnone size-medium wp-image-37034\" src=\"https:\/\/i0.wp.com\/blogdalucianaoliveira.com.br\/blog\/wp-content\/uploads\/2025\/07\/IMG_4121.jpeg?resize=300%2C139\" alt=\"\" width=\"300\" height=\"139\" srcset=\"https:\/\/i0.wp.com\/blogdalucianaoliveira.com.br\/blog\/wp-content\/uploads\/2025\/07\/IMG_4121.jpeg?resize=300%2C139 300w, https:\/\/i0.wp.com\/blogdalucianaoliveira.com.br\/blog\/wp-content\/uploads\/2025\/07\/IMG_4121.jpeg?resize=1024%2C473 1024w, https:\/\/i0.wp.com\/blogdalucianaoliveira.com.br\/blog\/wp-content\/uploads\/2025\/07\/IMG_4121.jpeg?resize=768%2C355 768w, https:\/\/i0.wp.com\/blogdalucianaoliveira.com.br\/blog\/wp-content\/uploads\/2025\/07\/IMG_4121.jpeg?resize=650%2C300 650w, https:\/\/i0.wp.com\/blogdalucianaoliveira.com.br\/blog\/wp-content\/uploads\/2025\/07\/IMG_4121.jpeg?w=1200 1200w\" sizes=\"auto, (max-width: 300px) 100vw, 300px\" \/><\/p>\n<p>REPAM &#8211; Aproximadamente mil participantes da VI Assembleia das Comunidades Eclesiais de Base (CEBs) da Prelazia de Tef\u00e9 aprovaram por aclama\u00e7\u00e3o, nesta sexta-feira (12), em Alvar\u00e3es\/AM, uma carta p\u00fablica de den\u00fancia e apelo ao povo brasileiro e aos parlamentares contra o Projeto de Lei 2.159\/2021, conhecido como PL do Licenciamento Ambiental, ou PL da Devasta\u00e7\u00e3o.<!--more--><\/p>\n<p>A carta, intitulada \u201c<a href=\"https:\/\/www.cppnacional.org.br\/sites\/default\/files\/Carta%20do%20povo%20de%20Deus%20na%20Amaz%C3%B4nia%20para%20todos%20os%20brasileiros%20-%20Apelo%20pela%20Vida%2C%20pela%20Casa%20Comum%20e%20contra%20o%20PL%20da%20Devasta%C3%A7%C3%A3o.pdf\" target=\"_blank\" rel=\"noreferrer noopener\"><em>Carta do povo de Deus na Amaz\u00f4nia para todos os brasileiros: Apelo pela Vida, pela Casa Comum e contra o PL da Devasta\u00e7\u00e3o<\/em><\/a>\u201c, foi constru\u00edda de forma coletiva e recebeu a ades\u00e3o de outras organiza\u00e7\u00f5es eclesiais e populares presentes no evento.<\/p>\n<p>No texto, os signat\u00e1rios denunciam que o projeto, atualmente em tramita\u00e7\u00e3o na C\u00e2mara dos Deputados, representa uma grave amea\u00e7a \u00e0 Amaz\u00f4nia, \u00e0 biodiversidade e aos direitos dos povos origin\u00e1rios e comunidades tradicionais. Caso aprovado, o PL poder\u00e1 permitir a dispensa de licenciamento ambiental para atividades de alto impacto, o fracionamento de processos que ocultam danos reais, a elimina\u00e7\u00e3o da consulta pr\u00e9via a comunidades afetadas, e o enfraquecimento de \u00f3rg\u00e3os fiscalizadores como o IBAMA e o ICMBio. Para os participantes da Assembleia, o projeto institucionaliza o desmonte da legisla\u00e7\u00e3o ambiental brasileira em nome de interesses econ\u00f4micos ligados ao agroneg\u00f3cio, \u00e0 minera\u00e7\u00e3o e \u00e0 especula\u00e7\u00e3o fundi\u00e1ria.<\/p>\n<p>O documento parte do cora\u00e7\u00e3o da Amaz\u00f4nia, com a for\u00e7a dos povos ind\u00edgenas, ribeirinhos, quilombolas, pescadores e pescadoras artesanais e camponeses da Prelazia de Tef\u00e9, e conclama \u201cas igrejas, religi\u00f5es, povos origin\u00e1rios, movimentos sociais, universidades, lideran\u00e7as pol\u00edticas e a cada pessoa de paz\u201d a resistirem ao avan\u00e7o da destrui\u00e7\u00e3o. Segundo a carta, aceitar o PL da Devasta\u00e7\u00e3o \u00e9 trair o sonho de Deus para a humanidade e legitimar um modelo de desenvolvimento que expulsa povos, envenena rios e devasta a Casa Comum. O texto reafirma a espiritualidade ecol\u00f3gica inspirada pelo Papa Francisco, pela enc\u00edclica Laudato Si\u2019, e pela recente mensagem do Papa Le\u00e3o XIV para o Dia Mundial de Ora\u00e7\u00e3o pelo Cuidado da Cria\u00e7\u00e3o, que alerta para os impactos da crise clim\u00e1tica sobre os mais vulner\u00e1veis.<\/p>\n<p><img data-recalc-dims=\"1\" decoding=\"async\" src=\"https:\/\/i0.wp.com\/www.cppnacional.org.br\/sites\/default\/files\/Imagem%2520do%2520WhatsApp%2520de%25202025-07-11%2520%25C3%25A0%2528s%2529%252017.08.43_0be30f54.jpg?w=600&#038;ssl=1\" alt=\"\" \/>Ao comentar a import\u00e2ncia da carta, Dom Jos\u00e9 Altevir, bispo da Prelazia de Tef\u00e9, ressaltou seu car\u00e1ter profundamente mission\u00e1rio e prof\u00e9tico. \u201cA miss\u00e3o n\u00e3o \u00e9 da Igreja, \u00e9 a miss\u00e3o que tem a Igreja, porque ela nasceu no cora\u00e7\u00e3o da Trindade, antes da pr\u00f3pria Igreja\u201d, afirmou. Para o bispo, as comunidades espalhadas pelos rios, igarap\u00e9s, lagos e cidades da Prelazia vivem a miss\u00e3o como algo vital, enraizado no cotidiano. \u201cPor isso, no decorrer dessa Assembleia, eu motivei que fizessem uma carta,\u00a0carta do povo de Deus que vive na Amaz\u00f4nia para todos os brasileiros, uma carta que \u00e9 um apelo pela vida, que \u00e9 realmente um apelo pela Casa Comum, contra tudo o que amea\u00e7a o ser humano e o meio ambiente\u201d, ressaltou Dom Altevir. O bispo denunciou o avan\u00e7o de projetos amea\u00e7adores: \u201cProjeto de morte alimentado por um capitalismo selvagem que destr\u00f3i tudo, aumenta cada vez mais as consequ\u00eancias terr\u00edveis das mudan\u00e7as clim\u00e1ticas, sem levar em conta a vida e a sa\u00fade do planeta\u201d, disse. \u201cSabemos que o planeta pode at\u00e9 existir sem n\u00f3s, mas n\u00f3s n\u00e3o viveremos sem o planeta e esses projetos de morte n\u00e3o levam em conta isso\u201d, alertou.<\/p>\n<p>Segundo ele, a carta representa uma voz que \u201cecoa do meio da mata, do meio do rio, do cora\u00e7\u00e3o de gente que vive em harmonia com a natureza\u201d. Al\u00e9m de protestar contra o PL da Devasta\u00e7\u00e3o, o documento reafirma que tamb\u00e9m a natureza tem direitos, ainda pouco reconhecidos nos debates institucionais. \u201cSe reconhec\u00eassemos os direitos da natureza, alguma coisa salvaria quando se trata da defesa e do cuidado com a Casa Comum\u201d, afirmou. Para Dom Altevir, a carta \u201ctem um sentido muito prof\u00e9tico; ela deve ser, realmente, uma voz prof\u00e9tica desse povo que chegue aos ouvidos e, quem sabe, aos cora\u00e7\u00f5es de pessoas de boa vontade, que possam realmente unir-se a n\u00f3s nesta luta pela defesa do ser humano e da nossa Casa Comum\u201d, finalizou o bispo.<\/p>\n<p>O documento tamb\u00e9m cita a nota oficial da Confer\u00eancia Nacional dos Bispos do Brasil (CNBB), publicada em maio de 2025, que afirma que o projeto promove \u201ca flexibiliza\u00e7\u00e3o dos mecanismos de prote\u00e7\u00e3o da vida, das \u00e1guas, das florestas e dos povos origin\u00e1rios e comunidades tradicionais\u201d.<\/p>\n<p>Ao final, a carta prop\u00f5e um apelo aos parlamentares: que escutem o clamor dos territ\u00f3rios e n\u00e3o aprovem o PL. \u201cDo cora\u00e7\u00e3o da Amaz\u00f4nia e do profundo da espiritualidade do povo de Deus desta regi\u00e3o, surge um apelo pela vida\u201d, afirma o texto. \u201cN\u00e3o podemos permitir que se destrua o milagre da Casa Comum, fruto do amor criador de Deus.\u201d A carta \u00e9 assinada pelas CEBs da Prelazia de Tef\u00e9 e por institui\u00e7\u00f5es aliadas que participam do evento.<\/p>\n<p><strong>Link para a carta na \u00edntegra:<a href=\"https:\/\/bit.ly\/4eVb0tK\" target=\"_blank\" rel=\"noreferrer noopener\">\u00a0https:\/\/bit.ly\/4eVb0tK<\/a>\u00a0<\/strong><\/p>\n","protected":false},"excerpt":{"rendered":"<p>REPAM &#8211; Aproximadamente mil participantes da VI Assembleia das Comunidades Eclesiais de Base (CEBs) da Prelazia de Tef\u00e9 aprovaram por aclama\u00e7\u00e3o, nesta sexta-feira (12), em Alvar\u00e3es\/AM, uma carta p\u00fablica de den\u00fancia e apelo ao povo brasileiro e aos parlamentares contra o Projeto de Lei 2.159\/2021, conhecido como PL do Licenciamento Ambiental, ou PL da Devasta\u00e7\u00e3o.<\/p>\n","protected":false},"author":1,"featured_media":0,"comment_status":"closed","ping_status":"open","sticky":false,"template":"","format":"standard","meta":{"_exactmetrics_skip_tracking":false,"_exactmetrics_sitenote_active":false,"_exactmetrics_sitenote_note":"","_exactmetrics_sitenote_category":0,"jetpack_post_was_ever_published":false,"_jetpack_newsletter_access":"","_jetpack_dont_email_post_to_subs":false,"_jetpack_newsletter_tier_id":0,"_jetpack_memberships_contains_paywalled_content":false,"_jetpack_memberships_contains_paid_content":false,"footnotes":"","jetpack_publicize_message":"","jetpack_publicize_feature_enabled":true,"jetpack_social_post_already_shared":true,"jetpack_social_options":{"image_generator_settings":{"template":"highway","enabled":false},"version":2}},"categories":[1],"tags":[1404,386,1403],"class_list":["post-37033","post","type-post","status-publish","format-standard","hentry","category-notas","tag-cebs","tag-meio-ambiente","tag-pl-da-devastacao"],"jetpack_publicize_connections":[],"jetpack_sharing_enabled":true,"jetpack_featured_media_url":"","jetpack_shortlink":"https:\/\/wp.me\/p7wKYW-9Dj","jetpack-related-posts":[],"_links":{"self":[{"href":"http:\/\/blogdalucianaoliveira.com.br\/blog\/wp-json\/wp\/v2\/posts\/37033","targetHints":{"allow":["GET"]}}],"collection":[{"href":"http:\/\/blogdalucianaoliveira.com.br\/blog\/wp-json\/wp\/v2\/posts"}],"about":[{"href":"http:\/\/blogdalucianaoliveira.com.br\/blog\/wp-json\/wp\/v2\/types\/post"}],"author":[{"embeddable":true,"href":"http:\/\/blogdalucianaoliveira.com.br\/blog\/wp-json\/wp\/v2\/users\/1"}],"replies":[{"embeddable":true,"href":"http:\/\/blogdalucianaoliveira.com.br\/blog\/wp-json\/wp\/v2\/comments?post=37033"}],"version-history":[{"count":1,"href":"http:\/\/blogdalucianaoliveira.com.br\/blog\/wp-json\/wp\/v2\/posts\/37033\/revisions"}],"predecessor-version":[{"id":37035,"href":"http:\/\/blogdalucianaoliveira.com.br\/blog\/wp-json\/wp\/v2\/posts\/37033\/revisions\/37035"}],"wp:attachment":[{"href":"http:\/\/blogdalucianaoliveira.com.br\/blog\/wp-json\/wp\/v2\/media?parent=37033"}],"wp:term":[{"taxonomy":"category","embeddable":true,"href":"http:\/\/blogdalucianaoliveira.com.br\/blog\/wp-json\/wp\/v2\/categories?post=37033"},{"taxonomy":"post_tag","embeddable":true,"href":"http:\/\/blogdalucianaoliveira.com.br\/blog\/wp-json\/wp\/v2\/tags?post=37033"}],"curies":[{"name":"wp","href":"https:\/\/api.w.org\/{rel}","templated":true}]}}