{"id":37037,"date":"2025-07-14T12:12:02","date_gmt":"2025-07-14T16:12:02","guid":{"rendered":"https:\/\/blogdalucianaoliveira.com.br\/blog\/?p=37037"},"modified":"2025-07-14T12:12:02","modified_gmt":"2025-07-14T16:12:02","slug":"anistiar-bolsonaro-sob-coacao-e-como-soltar-membro-do-pcc-apos-salve","status":"publish","type":"post","link":"http:\/\/blogdalucianaoliveira.com.br\/blog\/2025\/07\/14\/anistiar-bolsonaro-sob-coacao-e-como-soltar-membro-do-pcc-apos-salve\/","title":{"rendered":"Anistiar Bolsonaro sob coa\u00e7\u00e3o \u00e9 como soltar membro do PCC ap\u00f3s &#8216;salve&#8217;"},"content":{"rendered":"<p><img data-recalc-dims=\"1\" loading=\"lazy\" decoding=\"async\" data-attachment-id=\"37038\" data-permalink=\"http:\/\/blogdalucianaoliveira.com.br\/blog\/2025\/07\/14\/anistiar-bolsonaro-sob-coacao-e-como-soltar-membro-do-pcc-apos-salve\/img_4125\/\" data-orig-file=\"https:\/\/i0.wp.com\/blogdalucianaoliveira.com.br\/blog\/wp-content\/uploads\/2025\/07\/IMG_4125.jpeg?fit=615%2C300\" data-orig-size=\"615,300\" data-comments-opened=\"0\" data-image-meta=\"{&quot;aperture&quot;:&quot;0&quot;,&quot;credit&quot;:&quot;&quot;,&quot;camera&quot;:&quot;&quot;,&quot;caption&quot;:&quot;&quot;,&quot;created_timestamp&quot;:&quot;0&quot;,&quot;copyright&quot;:&quot;&quot;,&quot;focal_length&quot;:&quot;0&quot;,&quot;iso&quot;:&quot;0&quot;,&quot;shutter_speed&quot;:&quot;0&quot;,&quot;title&quot;:&quot;&quot;,&quot;orientation&quot;:&quot;0&quot;}\" data-image-title=\"IMG_4125\" data-image-description=\"\" data-image-caption=\"\" data-medium-file=\"https:\/\/i0.wp.com\/blogdalucianaoliveira.com.br\/blog\/wp-content\/uploads\/2025\/07\/IMG_4125.jpeg?fit=300%2C146\" data-large-file=\"https:\/\/i0.wp.com\/blogdalucianaoliveira.com.br\/blog\/wp-content\/uploads\/2025\/07\/IMG_4125.jpeg?fit=600%2C293\" class=\"alignnone size-medium wp-image-37038\" src=\"https:\/\/i0.wp.com\/blogdalucianaoliveira.com.br\/blog\/wp-content\/uploads\/2025\/07\/IMG_4125.jpeg?resize=300%2C146\" alt=\"\" width=\"300\" height=\"146\" srcset=\"https:\/\/i0.wp.com\/blogdalucianaoliveira.com.br\/blog\/wp-content\/uploads\/2025\/07\/IMG_4125.jpeg?resize=300%2C146 300w, https:\/\/i0.wp.com\/blogdalucianaoliveira.com.br\/blog\/wp-content\/uploads\/2025\/07\/IMG_4125.jpeg?w=615 615w\" sizes=\"auto, (max-width: 300px) 100vw, 300px\" \/><\/p>\n<p>UOL, por Leonardo Sakamoto &#8211; O ex-presidente Jair Bolsonaro assumiu que o tarifa\u00e7o de 50% de Donald Trump sobre os produtos brasileiros s\u00e3o &#8220;san\u00e7\u00f5es&#8221;, em postagem em suas redes sociais neste domingo (13).<\/p>\n<div data-metric-area=\"topo-noticia\" data-v-b8dc8ecb=\"\" data-pf_style_display=\"block\" data-pf_style_visibility=\"visible\">\n<div class=\"mt-100 container grid pf-candidate\" data-v-b8dc8ecb=\"\" data-pf_style_display=\"grid\" data-pf_style_visibility=\"visible\">\n<div class=\"central-column col-lg-6 g-start-lg-4\" data-v-b8dc8ecb=\"\" data-pf_style_display=\"block\" data-pf_style_visibility=\"visible\">\n<div class=\"jupiter-paragraph-fragment pf-candidate\" data-v-232111b4=\"\" data-v-b8dc8ecb=\"\" data-pf_style_display=\"block\" data-pf_style_visibility=\"visible\">\n<p class=\"bullet mt-0 added-to-list1\" data-v-232111b4=\"\" data-pf_style_display=\"block\" data-pf_style_visibility=\"visible\"><span class=\"text-node\">Reafirma, dessa forma, algo que o ministro Alexandre de Moraes, relator do seu processo por tentativa de golpe de Estado no STF, j\u00e1 est\u00e1 careca de saber: o cl\u00e3 Bolsonaro agiu nos EUA para punir o Brasil a fim de interferir no julgamento.<\/span><\/p>\n<p data-v-232111b4=\"\" data-pf_style_display=\"block\" data-pf_style_visibility=\"visible\">Ao tratar do tarifa\u00e7o de Trump, Bolsonaro sabe que a medida vai atingir os trabalhadores e empres\u00e1rios: &#8220;N\u00e3o me alegra ver san\u00e7\u00f5es pessoais, ou familiares, a quem quer que seja. N\u00e3o me alegra ver nossos produtores do campo ou da cidade, bem como o povo, sofrer com essa tarifa de 50%&#8221;.<\/p>\n<p class=\"bullet added-to-list1\" data-v-232111b4=\"\" data-pf_style_display=\"block\" data-pf_style_visibility=\"visible\"><span class=\"text-node\">Mas prioriza a si mesmo: &#8220;O tempo urge, as san\u00e7\u00f5es entram em vigor no dia 1\u00b0 de agosto. A solu\u00e7\u00e3o est\u00e1 nas m\u00e3os das autoridades brasileiras. Em havendo harmonia e independ\u00eancia entre os Poderes nasce o perd\u00e3o entre irm\u00e3os e, com a anistia tamb\u00e9m a paz para a economia&#8221;.<\/span><\/p>\n<\/div>\n<\/div>\n<\/div>\n<\/div>\n<p><!--more--><\/p>\n<div class=\"pf-candidate\" data-metric-area=\"texto-noticia\" data-v-b8dc8ecb=\"\" data-pf_style_display=\"block\" data-pf_style_visibility=\"visible\">\n<div data-v-b8dc8ecb=\"\" data-pf_style_display=\"block\" data-pf_style_visibility=\"visible\">\n<div class=\"container grid pf-candidate\" data-v-b8dc8ecb=\"\" data-pf_style_display=\"grid\" data-pf_style_visibility=\"visible\">\n<div class=\"central-column col-lg-6\" data-v-b8dc8ecb=\"\" data-pf_style_display=\"block\" data-pf_style_visibility=\"visible\">\n<div class=\"jupiter-paragraph-fragment pf-candidate\" data-v-232111b4=\"\" data-v-b8dc8ecb=\"\" data-pf_style_display=\"block\" data-pf_style_visibility=\"visible\">\n<p class=\"bullet mt-0 added-to-list1\" data-v-232111b4=\"\" data-pf_style_display=\"block\" data-pf_style_visibility=\"visible\"><span class=\"text-node\">Ele sempre disse que colocaria a liberdade acima de tudo, o que n\u00e3o explicou \u00e9 que se referia \u00e0 sua liberdade pessoal, acima at\u00e9 dos interesses da p\u00e1tria. Por jogar contra a economia e os empregos do pa\u00eds em conluio com um governo estrangeiro, comete trai\u00e7\u00e3o. Mas tamb\u00e9m imp\u00f5e uma chantagem do tipo mais grosseiro.\u00a0<\/span><\/p>\n<p class=\"bullet added-to-list1\" data-v-232111b4=\"\" data-pf_style_display=\"block\" data-pf_style_visibility=\"visible\"><span class=\"text-node\">Imaginem que o PCC emita um salve ordenando que os seus membros toquem o terror nas ruas de S\u00e3o Paulo at\u00e9 que um de seus l\u00edderes, seja solto. Qualquer pessoa com um m\u00ednimo de bom senso diria que \u00e9 inaceit\u00e1vel um Estado ceder \u00e0 chantagem para liberar quem cometeu crimes graves.<\/span><\/p>\n<p class=\"bullet added-to-list1\" data-v-232111b4=\"\" data-pf_style_display=\"block\" data-pf_style_visibility=\"visible\"><span class=\"text-node\">\u00c9 fascinante, portanto, que quando a quest\u00e3o envolve Bolsonaro, muitos resolvam passar pano. Mesmo que tentativa de golpe de Estado e de dissolu\u00e7\u00e3o violenta do Estado democr\u00e1tico de direito, al\u00e9m de organiza\u00e7\u00e3o criminosa, sejam tamb\u00e9m crimes grav\u00edssimos cujo perd\u00e3o e anistia n\u00e3o deveriam ser tolerados \u2014 sob risco de morte da pr\u00f3pria democracia.<\/span><\/p>\n<p class=\"bullet added-to-list1\" data-v-232111b4=\"\" data-pf_style_display=\"block\" data-pf_style_visibility=\"visible\"><span class=\"text-node\">Os Estados Unidos s\u00e3o um pa\u00eds soberano, n\u00e3o uma m\u00e1fia, podem, portanto, implementar quaisquer tarifas \u00e0 importa\u00e7\u00e3o por motivos t\u00e9cnicos \u2014 sabendo, claro, que haver\u00e1 reciprocidade. Mas, ao us\u00e1-las para amea\u00e7ar sancionar outra democracia e interferir em seu Poder Judici\u00e1rio, amea\u00e7ando milhares de empregos e bilh\u00f5es de d\u00f3lares, comporta-se como chantagista.<\/span><\/p>\n<p class=\"bullet added-to-list1\" data-v-232111b4=\"\" data-pf_style_display=\"block\" data-pf_style_visibility=\"visible\"><span class=\"text-node\">O cl\u00e3 Bolsonaro vem frisando claro que Trump s\u00f3 devolver\u00e1 a nossa economia caso o STF interrompa o julgamento ou o Congresso Nacional aprove uma anistia que beneficie Jair. Trabalham com a hip\u00f3tese de que os parlamentares v\u00e3o acabar se borrando nas cal\u00e7as diante da faca no pesco\u00e7o imposta por Washington DC e ceder.<\/span><\/p>\n<p class=\"bullet added-to-list1\" data-v-232111b4=\"\" data-pf_style_display=\"block\" data-pf_style_visibility=\"visible\"><span class=\"text-node\">O mais ir\u00f4nico \u00e9 que o governo Trump quer que Lula atue como Nicol\u00e1s Maduro, interferindo em outras institui\u00e7\u00f5es (o STF, no caso). E o bolsonarismo, que chama o Brasil de Venezuela, quer que o pa\u00eds se comporte como uma autocracia e chute suas institui\u00e7\u00f5es para impedir que o mito v\u00e1 parar no xilindr\u00f3.<\/span><\/p>\n<p data-v-232111b4=\"\" data-pf_style_display=\"block\" data-pf_style_visibility=\"visible\">H\u00e1 quem diga se alimentar de princ\u00edpios democr\u00e1ticos, mas, na verdade, come outra coisa, porque seu h\u00e1lito exala cinismo.<\/p>\n<\/div>\n<\/div>\n<\/div>\n<\/div>\n<\/div>\n","protected":false},"excerpt":{"rendered":"<p>UOL, por Leonardo Sakamoto &#8211; O ex-presidente Jair Bolsonaro assumiu que o tarifa\u00e7o de 50% de Donald Trump sobre os produtos brasileiros s\u00e3o &#8220;san\u00e7\u00f5es&#8221;, em postagem em suas redes sociais neste domingo (13). Reafirma, dessa forma, algo que o ministro Alexandre de Moraes, relator do seu processo por tentativa de golpe de Estado no STF,&#8230;<a class=\"more-link\" href=\"http:\/\/blogdalucianaoliveira.com.br\/blog\/2025\/07\/14\/anistiar-bolsonaro-sob-coacao-e-como-soltar-membro-do-pcc-apos-salve\/\">Continue a leitura <span class=\"meta-nav\">&raquo;<\/span><\/a><\/p>\n","protected":false},"author":1,"featured_media":0,"comment_status":"closed","ping_status":"open","sticky":false,"template":"","format":"standard","meta":{"_exactmetrics_skip_tracking":false,"_exactmetrics_sitenote_active":false,"_exactmetrics_sitenote_note":"","_exactmetrics_sitenote_category":0,"jetpack_post_was_ever_published":false,"_jetpack_newsletter_access":"","_jetpack_dont_email_post_to_subs":false,"_jetpack_newsletter_tier_id":0,"_jetpack_memberships_contains_paywalled_content":false,"_jetpack_memberships_contains_paid_content":false,"footnotes":"","jetpack_publicize_message":"","jetpack_publicize_feature_enabled":true,"jetpack_social_post_already_shared":true,"jetpack_social_options":{"image_generator_settings":{"template":"highway","enabled":false},"version":2}},"categories":[1],"tags":[1285,53,304,1405],"class_list":["post-37037","post","type-post","status-publish","format-standard","hentry","category-notas","tag-anistia","tag-bolsonaro","tag-eua","tag-tarifa"],"jetpack_publicize_connections":[],"jetpack_sharing_enabled":true,"jetpack_featured_media_url":"","jetpack_shortlink":"https:\/\/wp.me\/p7wKYW-9Dn","jetpack-related-posts":[],"_links":{"self":[{"href":"http:\/\/blogdalucianaoliveira.com.br\/blog\/wp-json\/wp\/v2\/posts\/37037","targetHints":{"allow":["GET"]}}],"collection":[{"href":"http:\/\/blogdalucianaoliveira.com.br\/blog\/wp-json\/wp\/v2\/posts"}],"about":[{"href":"http:\/\/blogdalucianaoliveira.com.br\/blog\/wp-json\/wp\/v2\/types\/post"}],"author":[{"embeddable":true,"href":"http:\/\/blogdalucianaoliveira.com.br\/blog\/wp-json\/wp\/v2\/users\/1"}],"replies":[{"embeddable":true,"href":"http:\/\/blogdalucianaoliveira.com.br\/blog\/wp-json\/wp\/v2\/comments?post=37037"}],"version-history":[{"count":1,"href":"http:\/\/blogdalucianaoliveira.com.br\/blog\/wp-json\/wp\/v2\/posts\/37037\/revisions"}],"predecessor-version":[{"id":37039,"href":"http:\/\/blogdalucianaoliveira.com.br\/blog\/wp-json\/wp\/v2\/posts\/37037\/revisions\/37039"}],"wp:attachment":[{"href":"http:\/\/blogdalucianaoliveira.com.br\/blog\/wp-json\/wp\/v2\/media?parent=37037"}],"wp:term":[{"taxonomy":"category","embeddable":true,"href":"http:\/\/blogdalucianaoliveira.com.br\/blog\/wp-json\/wp\/v2\/categories?post=37037"},{"taxonomy":"post_tag","embeddable":true,"href":"http:\/\/blogdalucianaoliveira.com.br\/blog\/wp-json\/wp\/v2\/tags?post=37037"}],"curies":[{"name":"wp","href":"https:\/\/api.w.org\/{rel}","templated":true}]}}