{"id":37041,"date":"2025-07-15T08:01:08","date_gmt":"2025-07-15T12:01:08","guid":{"rendered":"https:\/\/blogdalucianaoliveira.com.br\/blog\/?p=37041"},"modified":"2025-07-15T08:01:08","modified_gmt":"2025-07-15T12:01:08","slug":"pgr-pede-condenacao-de-bolsonaro-e-mais-7-reus-por-golpe-de-estado","status":"publish","type":"post","link":"http:\/\/blogdalucianaoliveira.com.br\/blog\/2025\/07\/15\/pgr-pede-condenacao-de-bolsonaro-e-mais-7-reus-por-golpe-de-estado\/","title":{"rendered":"PGR pede condena\u00e7\u00e3o de Bolsonaro e mais 7 r\u00e9us por golpe de Estado"},"content":{"rendered":"<p><img data-recalc-dims=\"1\" loading=\"lazy\" decoding=\"async\" data-attachment-id=\"37042\" data-permalink=\"http:\/\/blogdalucianaoliveira.com.br\/blog\/2025\/07\/15\/pgr-pede-condenacao-de-bolsonaro-e-mais-7-reus-por-golpe-de-estado\/img_4170\/\" data-orig-file=\"https:\/\/i0.wp.com\/blogdalucianaoliveira.com.br\/blog\/wp-content\/uploads\/2025\/07\/IMG_4170.webp?fit=1170%2C700\" data-orig-size=\"1170,700\" data-comments-opened=\"0\" data-image-meta=\"{&quot;aperture&quot;:&quot;0&quot;,&quot;credit&quot;:&quot;&quot;,&quot;camera&quot;:&quot;&quot;,&quot;caption&quot;:&quot;&quot;,&quot;created_timestamp&quot;:&quot;0&quot;,&quot;copyright&quot;:&quot;&quot;,&quot;focal_length&quot;:&quot;0&quot;,&quot;iso&quot;:&quot;0&quot;,&quot;shutter_speed&quot;:&quot;0&quot;,&quot;title&quot;:&quot;&quot;,&quot;orientation&quot;:&quot;0&quot;}\" data-image-title=\"IMG_4170\" data-image-description=\"\" data-image-caption=\"\" data-medium-file=\"https:\/\/i0.wp.com\/blogdalucianaoliveira.com.br\/blog\/wp-content\/uploads\/2025\/07\/IMG_4170.webp?fit=300%2C179\" data-large-file=\"https:\/\/i0.wp.com\/blogdalucianaoliveira.com.br\/blog\/wp-content\/uploads\/2025\/07\/IMG_4170.webp?fit=600%2C359\" class=\"alignnone size-medium wp-image-37042\" src=\"https:\/\/i0.wp.com\/blogdalucianaoliveira.com.br\/blog\/wp-content\/uploads\/2025\/07\/IMG_4170.webp?resize=300%2C179\" alt=\"\" width=\"300\" height=\"179\" srcset=\"https:\/\/i0.wp.com\/blogdalucianaoliveira.com.br\/blog\/wp-content\/uploads\/2025\/07\/IMG_4170.webp?resize=300%2C179 300w, https:\/\/i0.wp.com\/blogdalucianaoliveira.com.br\/blog\/wp-content\/uploads\/2025\/07\/IMG_4170.webp?resize=1024%2C613 1024w, https:\/\/i0.wp.com\/blogdalucianaoliveira.com.br\/blog\/wp-content\/uploads\/2025\/07\/IMG_4170.webp?resize=768%2C459 768w, https:\/\/i0.wp.com\/blogdalucianaoliveira.com.br\/blog\/wp-content\/uploads\/2025\/07\/IMG_4170.webp?resize=501%2C300 501w, https:\/\/i0.wp.com\/blogdalucianaoliveira.com.br\/blog\/wp-content\/uploads\/2025\/07\/IMG_4170.webp?w=1170 1170w\" sizes=\"auto, (max-width: 300px) 100vw, 300px\" \/><\/p>\n<p>EBC &#8211; A <strong>Procuradoria-Geral da Rep\u00fablica (PGR) pediu nesta segunda-feira (14) ao Supremo Tribunal Federal (STF) a condena\u00e7\u00e3o do ex-presidente Jair Bolsonaro e de mais sete r\u00e9us do n\u00facleo 1 da trama golpista<\/strong>.<img data-recalc-dims=\"1\" decoding=\"async\" src=\"https:\/\/i0.wp.com\/agenciabrasil.ebc.com.br\/ebc.png?w=600&#038;ssl=1\" \/><img data-recalc-dims=\"1\" decoding=\"async\" src=\"https:\/\/i0.wp.com\/agenciabrasil.ebc.com.br\/ebc.gif?w=600&#038;ssl=1\" \/><!--more--><\/p>\n<p>A manifesta\u00e7\u00e3o foi enviada ao ministro Alexandre de Moraes, por volta das 23h45, e faz parte das alega\u00e7\u00f5es finais, a \u00faltima fase antes do julgamento dos acusados, que deve ocorrer em setembro deste ano.<\/p>\n<p>No documento, que tem 517 p\u00e1ginas, o procurador-geral, Paulo Gonet, defende que <strong>Bolsonaro e os demais r\u00e9us sejam condenados pelos crimes de organiza\u00e7\u00e3o criminosa armada, tentativa de aboli\u00e7\u00e3o violenta do Estado Democr\u00e1tico de Direito, golpe de Estado, dano qualificado pela viol\u00eancia e grave amea\u00e7a e deteriora\u00e7\u00e3o de patrim\u00f4nio tombado<\/strong>.<\/p>\n<p>As <strong>penas m\u00e1ximas para os crimes passam de 30 anos de pris\u00e3o<\/strong>.<\/p>\n<p>Al\u00e9m de<strong> Bolsonaro, a PGR pediu a condena\u00e7\u00e3o dos seguintes r\u00e9us<\/strong>:<\/p>\n<ul>\n<li><strong>Walter Braga Netto, general de Ex\u00e9rcito, ex-ministro e vice de Bolsonaro na chapa das elei\u00e7\u00f5es de 2022;<\/strong><\/li>\n<li><strong>General Augusto Heleno, ex-ministro do Gabinete de Seguran\u00e7a Institucional;<\/strong><\/li>\n<li><strong>Alexandre Ramagem, ex-diretor da Ag\u00eancia Brasileira de Intelig\u00eancia &#8211; Abin;<\/strong><\/li>\n<li><strong>Anderson Torres, ex-ministro da Justi\u00e7a e ex-secret\u00e1rio de seguran\u00e7a do Distrito Federal;<\/strong><\/li>\n<li><strong>Almir Garnier, ex-comandante da Marinha;<\/strong><\/li>\n<li><strong>Paulo S\u00e9rgio Nogueira, general do Ex\u00e9rcito e ex-ministro da Defesa;<\/strong><\/li>\n<li><strong>Mauro Cid, delator e ex-ajudante de ordens de Bolsonaro.<\/strong><\/li>\n<\/ul>\n<p>Em caso de condena\u00e7\u00e3o, Cid dever\u00e1 ter a pena suspensa devido ao acordo de dela\u00e7\u00e3o premiada assinado com a Policia Federal (PF) durante as investiga\u00e7\u00f5es.<\/p>\n<h2>Bolsonaro<\/h2>\n<p>Na manifesta\u00e7\u00e3o, o procurador-geral descreveu o papel do ex-presidente Jair Bolsonaro na trama golpista.<\/p>\n<p>Segundo ele, <strong>Bolsonaro figura como l\u00edder da organiza\u00e7\u00e3o criminosa e foi o \u201cprincipal articulador e maior benefici\u00e1rio\u201d das a\u00e7\u00f5es para tentar implantar um golpe de Estado no pa\u00eds em 2022.<\/strong><\/p>\n<p>Nas palavras de Gonet, o ex-presidente instrumentalizou o aparato estatal e operou em \u201cesquema persistente\u201d de ataque \u00e0s institui\u00e7\u00f5es p\u00fablicas e ao processo sucess\u00f3rio ap\u00f3s o resultado das elei\u00e7\u00f5es presidenciais.<\/p>\n<blockquote><p>\u201cCom o apoio de membros do alto escal\u00e3o do governo e de setores estrat\u00e9gicos das For\u00e7as Armadas, mobilizou sistematicamente agentes, recursos e compet\u00eancias estatais, \u00e0 revelia do interesse p\u00fablico, para propagar narrativas inver\u00eddicas, provocar a instabilidade social e defender medidas autorit\u00e1rias\u201d, disse o procurador.<\/p><\/blockquote>\n<h2>Pr\u00f3ximos passos<\/h2>\n<p>Com a apresenta\u00e7\u00e3o da manifesta\u00e7\u00e3o da PGR, come\u00e7a a contar o prazo de 15 dias para que a defesa de Mauro Cid, delator na investiga\u00e7\u00e3o, apresente suas alega\u00e7\u00f5es finais ao STF.<\/p>\n<p>Em seguida, ser\u00e1 a vez das defesas dos r\u00e9us apresentarem suas alega\u00e7\u00f5es no mesmo prazo.<\/p>\n<p>Ap\u00f3s receber todas as manifesta\u00e7\u00f5es, a data do julgamento ser\u00e1 marcada pela Primeira Turma da Corte.<\/p>\n<p>Nos bastidores do STF, a <strong>expectativa \u00e9 de que o julgamento seja realizado em setembro deste ano<\/strong>.<\/p>\n","protected":false},"excerpt":{"rendered":"<p>EBC &#8211; A Procuradoria-Geral da Rep\u00fablica (PGR) pediu nesta segunda-feira (14) ao Supremo Tribunal Federal (STF) a condena\u00e7\u00e3o do ex-presidente Jair Bolsonaro e de mais sete r\u00e9us do n\u00facleo 1 da trama golpista.<\/p>\n","protected":false},"author":1,"featured_media":0,"comment_status":"closed","ping_status":"open","sticky":false,"template":"","format":"standard","meta":{"_exactmetrics_skip_tracking":false,"_exactmetrics_sitenote_active":false,"_exactmetrics_sitenote_note":"","_exactmetrics_sitenote_category":0,"jetpack_post_was_ever_published":false,"_jetpack_newsletter_access":"","_jetpack_dont_email_post_to_subs":false,"_jetpack_newsletter_tier_id":0,"_jetpack_memberships_contains_paywalled_content":false,"_jetpack_memberships_contains_paid_content":false,"footnotes":"","jetpack_publicize_message":"","jetpack_publicize_feature_enabled":true,"jetpack_social_post_already_shared":true,"jetpack_social_options":{"image_generator_settings":{"template":"highway","enabled":false},"version":2}},"categories":[1],"tags":[53,909,1406],"class_list":["post-37041","post","type-post","status-publish","format-standard","hentry","category-notas","tag-bolsonaro","tag-condenacao","tag-pgr"],"jetpack_publicize_connections":[],"jetpack_sharing_enabled":true,"jetpack_featured_media_url":"","jetpack_shortlink":"https:\/\/wp.me\/p7wKYW-9Dr","jetpack-related-posts":[],"_links":{"self":[{"href":"http:\/\/blogdalucianaoliveira.com.br\/blog\/wp-json\/wp\/v2\/posts\/37041","targetHints":{"allow":["GET"]}}],"collection":[{"href":"http:\/\/blogdalucianaoliveira.com.br\/blog\/wp-json\/wp\/v2\/posts"}],"about":[{"href":"http:\/\/blogdalucianaoliveira.com.br\/blog\/wp-json\/wp\/v2\/types\/post"}],"author":[{"embeddable":true,"href":"http:\/\/blogdalucianaoliveira.com.br\/blog\/wp-json\/wp\/v2\/users\/1"}],"replies":[{"embeddable":true,"href":"http:\/\/blogdalucianaoliveira.com.br\/blog\/wp-json\/wp\/v2\/comments?post=37041"}],"version-history":[{"count":1,"href":"http:\/\/blogdalucianaoliveira.com.br\/blog\/wp-json\/wp\/v2\/posts\/37041\/revisions"}],"predecessor-version":[{"id":37043,"href":"http:\/\/blogdalucianaoliveira.com.br\/blog\/wp-json\/wp\/v2\/posts\/37041\/revisions\/37043"}],"wp:attachment":[{"href":"http:\/\/blogdalucianaoliveira.com.br\/blog\/wp-json\/wp\/v2\/media?parent=37041"}],"wp:term":[{"taxonomy":"category","embeddable":true,"href":"http:\/\/blogdalucianaoliveira.com.br\/blog\/wp-json\/wp\/v2\/categories?post=37041"},{"taxonomy":"post_tag","embeddable":true,"href":"http:\/\/blogdalucianaoliveira.com.br\/blog\/wp-json\/wp\/v2\/tags?post=37041"}],"curies":[{"name":"wp","href":"https:\/\/api.w.org\/{rel}","templated":true}]}}