{"id":37045,"date":"2025-07-16T10:58:28","date_gmt":"2025-07-16T14:58:28","guid":{"rendered":"https:\/\/blogdalucianaoliveira.com.br\/blog\/?p=37045"},"modified":"2025-07-16T10:58:28","modified_gmt":"2025-07-16T14:58:28","slug":"rejeicao-a-tarifaco-de-trump-cresce-ate-entre-eleitores-de-direita-aponta-quaest","status":"publish","type":"post","link":"http:\/\/blogdalucianaoliveira.com.br\/blog\/2025\/07\/16\/rejeicao-a-tarifaco-de-trump-cresce-ate-entre-eleitores-de-direita-aponta-quaest\/","title":{"rendered":"Rejei\u00e7\u00e3o a tarifa\u00e7o de Trump cresce at\u00e9 entre eleitores de direita, aponta Quaest"},"content":{"rendered":"<p><img data-recalc-dims=\"1\" loading=\"lazy\" decoding=\"async\" data-attachment-id=\"37046\" data-permalink=\"http:\/\/blogdalucianaoliveira.com.br\/blog\/2025\/07\/16\/rejeicao-a-tarifaco-de-trump-cresce-ate-entre-eleitores-de-direita-aponta-quaest\/img_4227\/\" data-orig-file=\"https:\/\/i0.wp.com\/blogdalucianaoliveira.com.br\/blog\/wp-content\/uploads\/2025\/07\/IMG_4227.webp?fit=500%2C240\" data-orig-size=\"500,240\" data-comments-opened=\"0\" data-image-meta=\"{&quot;aperture&quot;:&quot;0&quot;,&quot;credit&quot;:&quot;&quot;,&quot;camera&quot;:&quot;&quot;,&quot;caption&quot;:&quot;&quot;,&quot;created_timestamp&quot;:&quot;0&quot;,&quot;copyright&quot;:&quot;&quot;,&quot;focal_length&quot;:&quot;0&quot;,&quot;iso&quot;:&quot;0&quot;,&quot;shutter_speed&quot;:&quot;0&quot;,&quot;title&quot;:&quot;&quot;,&quot;orientation&quot;:&quot;0&quot;}\" data-image-title=\"IMG_4227\" data-image-description=\"\" data-image-caption=\"\" data-medium-file=\"https:\/\/i0.wp.com\/blogdalucianaoliveira.com.br\/blog\/wp-content\/uploads\/2025\/07\/IMG_4227.webp?fit=300%2C144\" data-large-file=\"https:\/\/i0.wp.com\/blogdalucianaoliveira.com.br\/blog\/wp-content\/uploads\/2025\/07\/IMG_4227.webp?fit=500%2C240\" class=\"alignnone size-medium wp-image-37046\" src=\"https:\/\/i0.wp.com\/blogdalucianaoliveira.com.br\/blog\/wp-content\/uploads\/2025\/07\/IMG_4227.webp?resize=300%2C144\" alt=\"\" width=\"300\" height=\"144\" srcset=\"https:\/\/i0.wp.com\/blogdalucianaoliveira.com.br\/blog\/wp-content\/uploads\/2025\/07\/IMG_4227.webp?resize=300%2C144 300w, https:\/\/i0.wp.com\/blogdalucianaoliveira.com.br\/blog\/wp-content\/uploads\/2025\/07\/IMG_4227.webp?w=500 500w\" sizes=\"auto, (max-width: 300px) 100vw, 300px\" \/><\/p>\n<h2 class=\"article__lead\">Maioria dos brasileiros v\u00ea como injustas as sobretaxas impostas por Trump ao Brasil e apoia rea\u00e7\u00e3o de Lula com promessa de reciprocidade<\/h2>\n<p><!--more--><\/p>\n<p><b>247 &#8211; <\/b>Uma nova pesquisa Genial\/Quaest, divulgada nesta quarta-feira (16), revela que a maioria dos brasileiros \u2014 inclusive entre eleitores de direita \u2014 rejeita o aumento das tarifas de importa\u00e7\u00e3o imposto ao Brasil pelo presidente dos Estados Unidos, Donald Trump. A medida, segundo Trump, foi motivada pela insatisfa\u00e7\u00e3o com o julgamento de Jair Bolsonaro (PL) no Supremo Tribunal Federal, sob a acusa\u00e7\u00e3o de tentativa de golpe de Estado.<\/p>\n<p>Segundo o levantamento, divulgado pela <a href=\"https:\/\/www1.folha.uol.com.br\/poder\/2025\/07\/quaest-eleitores-de-direita-que-desaprovam-tarifaco-de-trump-superam-os-que-aprovam.shtml\" target=\"_blank\" rel=\"noopener noreferrer\">Folha de S. Paulo<\/a>, 72% dos entrevistados acreditam que Trump agiu de forma errada ao penalizar economicamente o Brasil com base na alega\u00e7\u00e3o de persegui\u00e7\u00e3o ao seu aliado Bolsonaro. Apenas 19% avaliam que o presidente norte-americano est\u00e1 certo. A pesquisa ouviu 2.004 pessoas em 120 munic\u00edpios entre os dias 10 e 14 de julho, e tem margem de erro de dois pontos percentuais.<\/p>\n<p><b>Direita e bolsonaristas divididos sobre medida de Trump &#8211; <\/b>Mesmo entre os que se identificam com o campo pol\u00edtico da direita, a medida de Trump \u00e9 mais rejeitada do que apoiada. Entre os direitistas que n\u00e3o se dizem bolsonaristas, 52% afirmam que Trump est\u00e1 errado, enquanto 40% concordam com ele. J\u00e1 entre os bolsonaristas declarados, 48% se op\u00f5em \u00e0 medida, e 42% a defendem. As margens de erro para esses grupos s\u00e3o de cinco e seis pontos, respectivamente.<\/p>\n<p>Do outro lado do espectro ideol\u00f3gico, a desaprova\u00e7\u00e3o \u00e9 quase un\u00e2nime. Entre eleitores que se identificam como lulistas ou petistas, 87% s\u00e3o contr\u00e1rios \u00e0 atitude de Trump, contra 9% que a apoiam. J\u00e1 entre os eleitores de esquerda, a rejei\u00e7\u00e3o atinge 94%, com apenas 2% favor\u00e1veis \u00e0 tarifa\u00e7\u00e3o. A margem de erro nesses segmentos \u00e9 de cinco e seis pontos, respectivamente.<\/p>\n<p><b>Impacto econ\u00f4mico e rea\u00e7\u00f5es pol\u00edticas &#8211; <\/b>O levantamento mostra ainda que 79% dos entrevistados acreditam que as novas tarifas norte-americanas, que aumentam em at\u00e9 50% o imposto sobre produtos brasileiros, v\u00e3o prejudicar a vida da popula\u00e7\u00e3o. Apenas 13% discordam dessa avalia\u00e7\u00e3o.<\/p>\n<p>Outro ponto abordado pela pesquisa foi a declara\u00e7\u00e3o de Trump de que as rela\u00e7\u00f5es comerciais entre Brasil e Estados Unidos s\u00e3o \u201cinjustas\u201d. Para 63% dos brasileiros, essa afirma\u00e7\u00e3o est\u00e1 incorreta; apenas 25% concordam com a avalia\u00e7\u00e3o do republicano.<\/p>\n<p>Entre os bolsonaristas, as opini\u00f5es sobre essa cr\u00edtica espec\u00edfica de Trump tamb\u00e9m est\u00e3o divididas: 48% discordam, e 41% concordam. Entre os eleitores de direita em geral, a divis\u00e3o \u00e9 semelhante: 48% reprovam a fala, enquanto 43% a endossam.<\/p>\n<p><b>Lula ganha apoio pela resposta ao tarifa\u00e7o &#8211; <\/b>A pesquisa apontou tamb\u00e9m que 53% dos brasileiros apoiam a decis\u00e3o do presidente Luiz In\u00e1cio Lula da Silva (PT) de responder com medidas de reciprocidade ao aumento tarif\u00e1rio imposto pelos EUA. O Pal\u00e1cio do Planalto e o PT v\u00eam responsabilizando Jair Bolsonaro pela retalia\u00e7\u00e3o norte-americana e lan\u00e7aram a campanha \u201cDefenda o Brasil\u201d, com as cores da bandeira nacional, para refor\u00e7ar essa narrativa.<\/p>\n<p>Enquanto isso, a fam\u00edlia Bolsonaro, em rea\u00e7\u00e3o \u00e0 crise provocada pelo tarifa\u00e7o, defende uma \u201canistia ampla, geral e irrestrita\u201d aos envolvidos na tentativa de golpe de 8 de janeiro de 2023. O endurecimento das tarifas foi resultado direto da campanha do deputado licenciado Eduardo Bolsonaro (PL-SP) em Washington para pressionar o governo Trump a adotar medidas que constrangessem o STF brasileiro.<\/p>\n","protected":false},"excerpt":{"rendered":"<p>Maioria dos brasileiros v\u00ea como injustas as sobretaxas impostas por Trump ao Brasil e apoia rea\u00e7\u00e3o de Lula com promessa de reciprocidade<\/p>\n","protected":false},"author":1,"featured_media":0,"comment_status":"closed","ping_status":"open","sticky":false,"template":"","format":"standard","meta":{"_exactmetrics_skip_tracking":false,"_exactmetrics_sitenote_active":false,"_exactmetrics_sitenote_note":"","_exactmetrics_sitenote_category":0,"jetpack_post_was_ever_published":false,"_jetpack_newsletter_access":"","_jetpack_dont_email_post_to_subs":false,"_jetpack_newsletter_tier_id":0,"_jetpack_memberships_contains_paywalled_content":false,"_jetpack_memberships_contains_paid_content":false,"footnotes":"","jetpack_publicize_message":"","jetpack_publicize_feature_enabled":true,"jetpack_social_post_already_shared":true,"jetpack_social_options":{"image_generator_settings":{"template":"highway","enabled":false},"version":2}},"categories":[1],"tags":[53,1298,220],"class_list":["post-37045","post","type-post","status-publish","format-standard","hentry","category-notas","tag-bolsonaro","tag-tarifaco","tag-trump"],"jetpack_publicize_connections":[],"jetpack_sharing_enabled":true,"jetpack_featured_media_url":"","jetpack_shortlink":"https:\/\/wp.me\/p7wKYW-9Dv","jetpack-related-posts":[],"_links":{"self":[{"href":"http:\/\/blogdalucianaoliveira.com.br\/blog\/wp-json\/wp\/v2\/posts\/37045","targetHints":{"allow":["GET"]}}],"collection":[{"href":"http:\/\/blogdalucianaoliveira.com.br\/blog\/wp-json\/wp\/v2\/posts"}],"about":[{"href":"http:\/\/blogdalucianaoliveira.com.br\/blog\/wp-json\/wp\/v2\/types\/post"}],"author":[{"embeddable":true,"href":"http:\/\/blogdalucianaoliveira.com.br\/blog\/wp-json\/wp\/v2\/users\/1"}],"replies":[{"embeddable":true,"href":"http:\/\/blogdalucianaoliveira.com.br\/blog\/wp-json\/wp\/v2\/comments?post=37045"}],"version-history":[{"count":1,"href":"http:\/\/blogdalucianaoliveira.com.br\/blog\/wp-json\/wp\/v2\/posts\/37045\/revisions"}],"predecessor-version":[{"id":37047,"href":"http:\/\/blogdalucianaoliveira.com.br\/blog\/wp-json\/wp\/v2\/posts\/37045\/revisions\/37047"}],"wp:attachment":[{"href":"http:\/\/blogdalucianaoliveira.com.br\/blog\/wp-json\/wp\/v2\/media?parent=37045"}],"wp:term":[{"taxonomy":"category","embeddable":true,"href":"http:\/\/blogdalucianaoliveira.com.br\/blog\/wp-json\/wp\/v2\/categories?post=37045"},{"taxonomy":"post_tag","embeddable":true,"href":"http:\/\/blogdalucianaoliveira.com.br\/blog\/wp-json\/wp\/v2\/tags?post=37045"}],"curies":[{"name":"wp","href":"https:\/\/api.w.org\/{rel}","templated":true}]}}