{"id":37049,"date":"2025-07-16T12:05:26","date_gmt":"2025-07-16T16:05:26","guid":{"rendered":"https:\/\/blogdalucianaoliveira.com.br\/blog\/?p=37049"},"modified":"2025-07-16T12:05:26","modified_gmt":"2025-07-16T16:05:26","slug":"trump-e-cla-bolsonaro-se-aliam-a-visa-e-mastercard-para-acabar-com-pix-entenda-por-que","status":"publish","type":"post","link":"http:\/\/blogdalucianaoliveira.com.br\/blog\/2025\/07\/16\/trump-e-cla-bolsonaro-se-aliam-a-visa-e-mastercard-para-acabar-com-pix-entenda-por-que\/","title":{"rendered":"Trump e cl\u00e3 Bolsonaro se aliam a Visa e Mastercard para acabar com Pix: entenda por que"},"content":{"rendered":"<p><img data-recalc-dims=\"1\" loading=\"lazy\" decoding=\"async\" data-attachment-id=\"37050\" data-permalink=\"http:\/\/blogdalucianaoliveira.com.br\/blog\/2025\/07\/16\/trump-e-cla-bolsonaro-se-aliam-a-visa-e-mastercard-para-acabar-com-pix-entenda-por-que\/img_4228\/\" data-orig-file=\"https:\/\/i0.wp.com\/blogdalucianaoliveira.com.br\/blog\/wp-content\/uploads\/2025\/07\/IMG_4228.webp?fit=1280%2C720\" data-orig-size=\"1280,720\" data-comments-opened=\"0\" data-image-meta=\"{&quot;aperture&quot;:&quot;0&quot;,&quot;credit&quot;:&quot;&quot;,&quot;camera&quot;:&quot;&quot;,&quot;caption&quot;:&quot;&quot;,&quot;created_timestamp&quot;:&quot;0&quot;,&quot;copyright&quot;:&quot;&quot;,&quot;focal_length&quot;:&quot;0&quot;,&quot;iso&quot;:&quot;0&quot;,&quot;shutter_speed&quot;:&quot;0&quot;,&quot;title&quot;:&quot;&quot;,&quot;orientation&quot;:&quot;0&quot;}\" data-image-title=\"IMG_4228\" data-image-description=\"\" data-image-caption=\"\" data-medium-file=\"https:\/\/i0.wp.com\/blogdalucianaoliveira.com.br\/blog\/wp-content\/uploads\/2025\/07\/IMG_4228.webp?fit=300%2C169\" data-large-file=\"https:\/\/i0.wp.com\/blogdalucianaoliveira.com.br\/blog\/wp-content\/uploads\/2025\/07\/IMG_4228.webp?fit=600%2C338\" class=\"alignnone size-medium wp-image-37050\" src=\"https:\/\/i0.wp.com\/blogdalucianaoliveira.com.br\/blog\/wp-content\/uploads\/2025\/07\/IMG_4228.webp?resize=300%2C169\" alt=\"\" width=\"300\" height=\"169\" srcset=\"https:\/\/i0.wp.com\/blogdalucianaoliveira.com.br\/blog\/wp-content\/uploads\/2025\/07\/IMG_4228.webp?resize=300%2C169 300w, https:\/\/i0.wp.com\/blogdalucianaoliveira.com.br\/blog\/wp-content\/uploads\/2025\/07\/IMG_4228.webp?resize=1024%2C576 1024w, https:\/\/i0.wp.com\/blogdalucianaoliveira.com.br\/blog\/wp-content\/uploads\/2025\/07\/IMG_4228.webp?resize=768%2C432 768w, https:\/\/i0.wp.com\/blogdalucianaoliveira.com.br\/blog\/wp-content\/uploads\/2025\/07\/IMG_4228.webp?resize=533%2C300 533w, https:\/\/i0.wp.com\/blogdalucianaoliveira.com.br\/blog\/wp-content\/uploads\/2025\/07\/IMG_4228.webp?w=1280 1280w, https:\/\/i0.wp.com\/blogdalucianaoliveira.com.br\/blog\/wp-content\/uploads\/2025\/07\/IMG_4228.webp?w=1200 1200w\" sizes=\"auto, (max-width: 300px) 100vw, 300px\" \/><\/p>\n<p>Revista F\u00f3rum &#8211; Na ofensiva contra o Brasil em conluio com o cl\u00e3 Bolsonaro e o fascismo neoliberal, o presidente dos EUA, Donald Trump, determinou a abertura de uma investiga\u00e7\u00e3o comercial contra o Brasil com base na Se\u00e7\u00e3o 301 da Lei de Com\u00e9rcio de 1974.<!--more--><\/p>\n<p class=\"added-to-list1\" data-pf_style_display=\"block\" data-pf_style_visibility=\"visible\"><span class=\"text-node\">Um dos pontos que mais chamam aten\u00e7\u00e3o no documento \u00e9 a inclus\u00e3o do Pix, sistema de pagamentos desenvolvido pelo Banco Central do Brasil, como exemplo de \u201cpr\u00e1tica desleal\u201d.<\/span><\/p>\n<p class=\"added-to-list1\" data-pf_style_display=\"block\" data-pf_style_visibility=\"visible\"><span class=\"text-node\">O relat\u00f3rio afirma que o Brasil \u201cparece se envolver em uma s\u00e9rie de pr\u00e1ticas desleais com rela\u00e7\u00e3o a servi\u00e7os de pagamento eletr\u00f4nico, incluindo, entre outras, a promo\u00e7\u00e3o de seus servi\u00e7os de pagamento eletr\u00f4nico desenvolvidos pelo governo\u201d.<\/span><\/p>\n<p class=\"added-to-list1\" data-pf_style_display=\"block\" data-pf_style_visibility=\"visible\"><span class=\"text-node\">A acusa\u00e7\u00e3o ignora o fato de que o Pix \u00e9 uma pol\u00edtica p\u00fablica de inclus\u00e3o financeira, usada gratuitamente por milh\u00f5es de brasileiros e reconhecida internacionalmente por sua inova\u00e7\u00e3o. O texto n\u00e3o especifica de que maneira o sistema prejudicaria empresas estadunidenses, nem apresenta qualquer dado que sustente essa alega\u00e7\u00e3o.<\/span><\/p>\n<p class=\"added-to-list1\" data-pf_style_display=\"block\" data-pf_style_visibility=\"visible\"><span class=\"text-node\">No entanto, dados do setor financeiro e declara\u00e7\u00f5es de Eduardo Bolsonaro (PL-SP), interlocutor do cl\u00e3 do ex-presidente junto ao governo Trump revelam os reais interesses e quem est\u00e1 por tr\u00e1s do levante da ultradireita contra a pol\u00edtica de inclus\u00e3o financeira do Brasil.<\/span><\/p>\n<p class=\"added-to-list1\" data-pf_style_display=\"block\" data-pf_style_visibility=\"visible\"><span class=\"text-node\">Apesar de se gabar de ter criado o Pix &#8211; na verdade, uma pol\u00edtica desenvolvida pelo Banco Central e colocada em pr\u00e1tica em seu governo -, Jair Bolsonaro (PL) busca apoio de Trump e dos trustes do sistema financeiro internacional para se livrar da iminente pris\u00e3o por tentativa de golpe.<\/span><\/p>\n<p class=\"added-to-list1\" data-pf_style_display=\"block\" data-pf_style_visibility=\"visible\"><span class=\"text-node\">Na live em que o cl\u00e3 Bolsonaro fez para sortear um capacete de grafeno, em abril, Eduardo falou da articula\u00e7\u00e3o para sancionar autoridades brasileiras com a Lei Magnitsky que, segundo palavras dele, decreta a &#8220;pena de morte financeira&#8221; dos sancionados e est\u00e1 atrelada aos grandes players banc\u00e1rios globais. <\/span><\/p>\n<p class=\"added-to-list1\" data-pf_style_display=\"block\" data-pf_style_visibility=\"visible\"><span class=\"text-node\">&#8220;Quando a san\u00e7\u00e3o \u00e9 executada, quem executa \u00e9 o Tesouro americano. [&#8230;] O Alexandre de Moraes n\u00e3o vai perder s\u00f3 o vista americano, ele vai perder a possibilidade de ter um cart\u00e3o de cr\u00e9dito Mastercard ou Visa, porque se um banco abre uma conta para Alexandre de Moraes ele tamb\u00e9m sofre a san\u00e7\u00e3o&#8221;, explica Eduardo expondo o conluio da ultradireita e de Trump com o sistema financeiro Internacional. <\/span><\/p>\n<p class=\"added-to-list1\" data-pf_style_display=\"block\" data-pf_style_visibility=\"visible\"><span class=\"text-node\">Eduardo j\u00e1 havia sinalizado a articula\u00e7\u00e3o com os banqueiros transnacionais em entrevista \u00e0 revista Oeste ao lado do pai, em mar\u00e7o. &#8220;O Alexandre de Moraes n\u00e3o vai conseguir ter sequer um cart\u00e3o Visa ou um cart\u00e3o Mastercard Para comprar uma blusinha da Shein, que vem l\u00e1 da China Esse provavelmente vai ser o futuro do Alexandre de Moraes&#8221;. <\/span><\/p>\n<div class=\"widget-twitter\" data-pf_style_display=\"block\" data-pf_style_visibility=\"visible\">\n<div class=\"widget widget-twitter\" data-pf_style_display=\"block\" data-pf_style_visibility=\"visible\"><\/div>\n<\/div>\n<h2 data-pf_style_display=\"block\" data-pf_style_visibility=\"visible\"><span class=\"text-node\">Pix afeta lucro dos banqueiros transnacionais<\/span><\/h2>\n<p class=\"added-to-list1\" data-pf_style_display=\"block\" data-pf_style_visibility=\"visible\"><span class=\"text-node\">Dados divulgados em artigo pela Payments and Commerce Market Intelligence (PCMI) em abril deste ano mostra que &#8220;o famigerado sistema de pagamentos em tempo real, est\u00e1 competindo com as redes de cart\u00f5es no Brasil&#8221; e como os grandes &#8220;players&#8221; do sistema financeiro internacional devem reagir a isso. <\/span><\/p>\n<p class=\"added-to-list1\" data-pf_style_display=\"block\" data-pf_style_visibility=\"visible\"><span class=\"text-node\">&#8220;Ao que tudo indica, o setor de cart\u00f5es brasileiro j\u00e1 se conformou com a perda de participa\u00e7\u00e3o de mercado para o Pix&#8221;, diz o texto da entidade que \u00e9 subsidi\u00e1ria da Americas Market Intelligence (AMI), a principal consultoria de &#8220;intelig\u00eancia de mercado&#8221; para os banqueiros internacionais na Am\u00e9rica Latina. <\/span><\/p>\n<p class=\"added-to-list1\" data-pf_style_display=\"block\" data-pf_style_visibility=\"visible\"><span class=\"text-node\">O artigo cita dados da Associa\u00e7\u00e3o Brasileira das Empresas de Cart\u00f5es de Cr\u00e9dito e Servi\u00e7os (Abecs), que &#8220;prev\u00ea que os cart\u00f5es de d\u00e9bito devem \u201candar de lado\u201d em 2024, registrando crescimento de 0,4% a 0,7% em rela\u00e7\u00e3o ao ano passado&#8221;. <\/span><\/p>\n<p class=\"added-to-list1\" data-pf_style_display=\"block\" data-pf_style_visibility=\"visible\"><span class=\"text-node\">&#8220;Essa \u00e9 uma tend\u00eancia mundial: em seu relat\u00f3rio de lucros, a Visa revelou que o volume de pagamentos com cart\u00f5es de d\u00e9bito com a bandeira da empresa vem caindo m\u00eas a m\u00eas desde fevereiro de 2024&#8221;, emenda. <\/span><\/p>\n<p class=\"added-to-list1\" data-pf_style_display=\"block\" data-pf_style_visibility=\"visible\"><span class=\"text-node\">Na sequ\u00eancia, a PCMI revela dados do principal vil\u00e3o dos cart\u00f5es de d\u00e9bitos, que agora avan\u00e7am sobre os cart\u00f5es de cr\u00e9dito. <\/span><\/p>\n<p class=\"added-to-list1\" data-pf_style_display=\"block\" data-pf_style_visibility=\"visible\"><span class=\"text-node\">&#8220;Segundo dados do Banco Central, atualmente o Pix responde por mais de 40% de todos os pagamentos feitos no pa\u00eds. O sistema \u00e9 usado por mais de 90% da popula\u00e7\u00e3o adulta e mais de 15 milh\u00f5es de empresas, movimentando 20% de todo o volume transacional do Brasil&#8221;, diz a entidade, mostrando um gr\u00e1fico que mostra que em 2023 o Pix j\u00e1 havia ultrapassado o uso do d\u00e9bito e avan\u00e7ava sobre os cart\u00f5es de cr\u00e9dito.<\/span><\/p>\n<p class=\"added-to-list1\" data-pf_style_display=\"block\" data-pf_style_visibility=\"visible\"><span class=\"text-node\">A acusa\u00e7\u00e3o ignora o fato de que o Pix \u00e9 uma pol\u00edtica p\u00fablica de inclus\u00e3o financeira, usada gratuitamente por milh\u00f5es de brasileiros e reconhecida internacionalmente por sua inova\u00e7\u00e3o. O texto n\u00e3o especifica de que maneira o sistema prejudicaria empresas estadunidenses, nem apresenta qualquer dado que sustente essa alega\u00e7\u00e3o.<\/span><\/p>\n<p class=\"added-to-list1\" data-pf_style_display=\"block\" data-pf_style_visibility=\"visible\"><span class=\"text-node\">No entanto, dados do setor financeiro e declara\u00e7\u00f5es de Eduardo Bolsonaro (PL-SP), interlocutor do cl\u00e3 do ex-presidente junto ao governo Trump revelam os reais interesses e quem est\u00e1 por tr\u00e1s do levante da ultradireita contra a pol\u00edtica de inclus\u00e3o financeira do Brasil.<\/span><\/p>\n<p class=\"added-to-list1\" data-pf_style_display=\"block\" data-pf_style_visibility=\"visible\"><span class=\"text-node\">Apesar de se gabar de ter criado o Pix &#8211; na verdade, uma pol\u00edtica desenvolvida pelo Banco Central e colocada em pr\u00e1tica em seu governo -, Jair Bolsonaro (PL) busca apoio de Trump e dos trustes do sistema financeiro internacional para se livrar da iminente pris\u00e3o por tentativa de golpe.<\/span><\/p>\n<p class=\"added-to-list1\" data-pf_style_display=\"block\" data-pf_style_visibility=\"visible\"><span class=\"text-node\">Na live em que o cl\u00e3 Bolsonaro fez para sortear um capacete de grafeno, em abril, Eduardo falou da articula\u00e7\u00e3o para sancionar autoridades brasileiras com a Lei Magnitsky que, segundo palavras dele, decreta a &#8220;pena de morte financeira&#8221; dos sancionados e est\u00e1 atrelada aos grandes players banc\u00e1rios globais. <\/span><\/p>\n<p class=\"added-to-list1\" data-pf_style_display=\"block\" data-pf_style_visibility=\"visible\"><span class=\"text-node\">&#8220;Quando a san\u00e7\u00e3o \u00e9 executada, quem executa \u00e9 o Tesouro americano. [&#8230;] O Alexandre de Moraes n\u00e3o vai perder s\u00f3 o vista americano, ele vai perder a possibilidade de ter um cart\u00e3o de cr\u00e9dito Mastercard ou Visa, porque se um banco abre uma conta para Alexandre de Moraes ele tamb\u00e9m sofre a san\u00e7\u00e3o&#8221;, explica Eduardo expondo o conluio da ultradireita e de Trump com o sistema financeiro Internacional. <\/span><\/p>\n<p class=\"added-to-list1\" data-pf_style_display=\"block\" data-pf_style_visibility=\"visible\"><span class=\"text-node\">Eduardo j\u00e1 havia sinalizado a articula\u00e7\u00e3o com os banqueiros transnacionais em entrevista \u00e0 revista Oeste ao lado do pai, em mar\u00e7o. &#8220;O Alexandre de Moraes n\u00e3o vai conseguir ter sequer um cart\u00e3o Visa ou um cart\u00e3o Mastercard Para comprar uma blusinha da Shein, que vem l\u00e1 da China Esse provavelmente vai ser o futuro do Alexandre de Moraes&#8221;. <\/span><\/p>\n<div class=\"widget-twitter\" data-pf_style_display=\"block\" data-pf_style_visibility=\"visible\">\n<div class=\"widget widget-twitter\" data-pf_style_display=\"block\" data-pf_style_visibility=\"visible\"><\/div>\n<\/div>\n<h2 data-pf_style_display=\"block\" data-pf_style_visibility=\"visible\"><span class=\"text-node\">Pix afeta lucro dos banqueiros transnacionais<\/span><\/h2>\n<p class=\"added-to-list1\" data-pf_style_display=\"block\" data-pf_style_visibility=\"visible\"><span class=\"text-node\">Dados divulgados em artigo pela Payments and Commerce Market Intelligence (PCMI) em abril deste ano mostra que &#8220;o famigerado sistema de pagamentos em tempo real, est\u00e1 competindo com as redes de cart\u00f5es no Brasil&#8221; e como os grandes &#8220;players&#8221; do sistema financeiro internacional devem reagir a isso. <\/span><\/p>\n<p class=\"added-to-list1\" data-pf_style_display=\"block\" data-pf_style_visibility=\"visible\"><span class=\"text-node\">&#8220;Ao que tudo indica, o setor de cart\u00f5es brasileiro j\u00e1 se conformou com a perda de participa\u00e7\u00e3o de mercado para o Pix&#8221;, diz o texto da entidade que \u00e9 subsidi\u00e1ria da Americas Market Intelligence (AMI), a principal consultoria de &#8220;intelig\u00eancia de mercado&#8221; para os banqueiros internacionais na Am\u00e9rica Latina. <\/span><\/p>\n<p class=\"added-to-list1\" data-pf_style_display=\"block\" data-pf_style_visibility=\"visible\"><span class=\"text-node\">O artigo cita dados da Associa\u00e7\u00e3o Brasileira das Empresas de Cart\u00f5es de Cr\u00e9dito e Servi\u00e7os (Abecs), que &#8220;prev\u00ea que os cart\u00f5es de d\u00e9bito devem \u201candar de lado\u201d em 2024, registrando crescimento de 0,4% a 0,7% em rela\u00e7\u00e3o ao ano passado&#8221;. <\/span><\/p>\n<p class=\"added-to-list1\" data-pf_style_display=\"block\" data-pf_style_visibility=\"visible\"><span class=\"text-node\">&#8220;Essa \u00e9 uma tend\u00eancia mundial: em seu relat\u00f3rio de lucros, a Visa revelou que o volume de pagamentos com cart\u00f5es de d\u00e9bito com a bandeira da empresa vem caindo m\u00eas a m\u00eas desde fevereiro de 2024&#8221;, emenda. <\/span><\/p>\n<p class=\"added-to-list1\" data-pf_style_display=\"block\" data-pf_style_visibility=\"visible\"><span class=\"text-node\">Na sequ\u00eancia, a PCMI revela dados do principal vil\u00e3o dos cart\u00f5es de d\u00e9bitos, que agora avan\u00e7am sobre os cart\u00f5es de cr\u00e9dito. <\/span><\/p>\n<p class=\"added-to-list1\" data-pf_style_display=\"block\" data-pf_style_visibility=\"visible\"><span class=\"text-node\">&#8220;Segundo dados do Banco Central, atualmente o Pix responde por mais de 40% de todos os pagamentos feitos no pa\u00eds. O sistema \u00e9 usado por mais de 90% da popula\u00e7\u00e3o adulta e mais de 15 milh\u00f5es de empresas, movimentando 20% de todo o volume transacional do Brasil&#8221;, diz a entidade, mostrando um gr\u00e1fico que mostra que em 2023 o Pix j\u00e1 havia ultrapassado o uso do d\u00e9bito e avan\u00e7ava sobre os cart\u00f5es de cr\u00e9dito.<\/span><\/p>\n","protected":false},"excerpt":{"rendered":"<p>Revista F\u00f3rum &#8211; Na ofensiva contra o Brasil em conluio com o cl\u00e3 Bolsonaro e o fascismo neoliberal, o presidente dos EUA, Donald Trump, determinou a abertura de uma investiga\u00e7\u00e3o comercial contra o Brasil com base na Se\u00e7\u00e3o 301 da Lei de Com\u00e9rcio de 1974.<\/p>\n","protected":false},"author":1,"featured_media":0,"comment_status":"closed","ping_status":"open","sticky":false,"template":"","format":"standard","meta":{"_exactmetrics_skip_tracking":false,"_exactmetrics_sitenote_active":false,"_exactmetrics_sitenote_note":"","_exactmetrics_sitenote_category":0,"jetpack_post_was_ever_published":false,"_jetpack_newsletter_access":"","_jetpack_dont_email_post_to_subs":false,"_jetpack_newsletter_tier_id":0,"_jetpack_memberships_contains_paywalled_content":false,"_jetpack_memberships_contains_paid_content":false,"footnotes":"","jetpack_publicize_message":"","jetpack_publicize_feature_enabled":true,"jetpack_social_post_already_shared":true,"jetpack_social_options":{"image_generator_settings":{"template":"highway","enabled":false},"version":2}},"categories":[1],"tags":[304,1407,220],"class_list":["post-37049","post","type-post","status-publish","format-standard","hentry","category-notas","tag-eua","tag-pix","tag-trump"],"jetpack_publicize_connections":[],"jetpack_sharing_enabled":true,"jetpack_featured_media_url":"","jetpack_shortlink":"https:\/\/wp.me\/p7wKYW-9Dz","jetpack-related-posts":[],"_links":{"self":[{"href":"http:\/\/blogdalucianaoliveira.com.br\/blog\/wp-json\/wp\/v2\/posts\/37049","targetHints":{"allow":["GET"]}}],"collection":[{"href":"http:\/\/blogdalucianaoliveira.com.br\/blog\/wp-json\/wp\/v2\/posts"}],"about":[{"href":"http:\/\/blogdalucianaoliveira.com.br\/blog\/wp-json\/wp\/v2\/types\/post"}],"author":[{"embeddable":true,"href":"http:\/\/blogdalucianaoliveira.com.br\/blog\/wp-json\/wp\/v2\/users\/1"}],"replies":[{"embeddable":true,"href":"http:\/\/blogdalucianaoliveira.com.br\/blog\/wp-json\/wp\/v2\/comments?post=37049"}],"version-history":[{"count":1,"href":"http:\/\/blogdalucianaoliveira.com.br\/blog\/wp-json\/wp\/v2\/posts\/37049\/revisions"}],"predecessor-version":[{"id":37051,"href":"http:\/\/blogdalucianaoliveira.com.br\/blog\/wp-json\/wp\/v2\/posts\/37049\/revisions\/37051"}],"wp:attachment":[{"href":"http:\/\/blogdalucianaoliveira.com.br\/blog\/wp-json\/wp\/v2\/media?parent=37049"}],"wp:term":[{"taxonomy":"category","embeddable":true,"href":"http:\/\/blogdalucianaoliveira.com.br\/blog\/wp-json\/wp\/v2\/categories?post=37049"},{"taxonomy":"post_tag","embeddable":true,"href":"http:\/\/blogdalucianaoliveira.com.br\/blog\/wp-json\/wp\/v2\/tags?post=37049"}],"curies":[{"name":"wp","href":"https:\/\/api.w.org\/{rel}","templated":true}]}}