{"id":37052,"date":"2025-07-17T06:47:20","date_gmt":"2025-07-17T10:47:20","guid":{"rendered":"https:\/\/blogdalucianaoliveira.com.br\/blog\/?p=37052"},"modified":"2025-07-17T06:47:20","modified_gmt":"2025-07-17T10:47:20","slug":"pl-da-devastacao-fere-constituicao-e-lula-precisa-veta-lo-na-integra-diz-ambientalista","status":"publish","type":"post","link":"http:\/\/blogdalucianaoliveira.com.br\/blog\/2025\/07\/17\/pl-da-devastacao-fere-constituicao-e-lula-precisa-veta-lo-na-integra-diz-ambientalista\/","title":{"rendered":"PL da Devasta\u00e7\u00e3o fere Constitui\u00e7\u00e3o e Lula precisa vet\u00e1-lo na \u00edntegra, diz ambientalista"},"content":{"rendered":"<p><img data-recalc-dims=\"1\" loading=\"lazy\" decoding=\"async\" data-attachment-id=\"37053\" data-permalink=\"http:\/\/blogdalucianaoliveira.com.br\/blog\/2025\/07\/17\/pl-da-devastacao-fere-constituicao-e-lula-precisa-veta-lo-na-integra-diz-ambientalista\/img_4312\/\" data-orig-file=\"https:\/\/i0.wp.com\/blogdalucianaoliveira.com.br\/blog\/wp-content\/uploads\/2025\/07\/IMG_4312.webp?fit=1040%2C780\" data-orig-size=\"1040,780\" data-comments-opened=\"0\" data-image-meta=\"{&quot;aperture&quot;:&quot;0&quot;,&quot;credit&quot;:&quot;&quot;,&quot;camera&quot;:&quot;&quot;,&quot;caption&quot;:&quot;&quot;,&quot;created_timestamp&quot;:&quot;0&quot;,&quot;copyright&quot;:&quot;&quot;,&quot;focal_length&quot;:&quot;0&quot;,&quot;iso&quot;:&quot;0&quot;,&quot;shutter_speed&quot;:&quot;0&quot;,&quot;title&quot;:&quot;&quot;,&quot;orientation&quot;:&quot;0&quot;}\" data-image-title=\"IMG_4312\" data-image-description=\"\" data-image-caption=\"\" data-medium-file=\"https:\/\/i0.wp.com\/blogdalucianaoliveira.com.br\/blog\/wp-content\/uploads\/2025\/07\/IMG_4312.webp?fit=300%2C225\" data-large-file=\"https:\/\/i0.wp.com\/blogdalucianaoliveira.com.br\/blog\/wp-content\/uploads\/2025\/07\/IMG_4312.webp?fit=600%2C450\" class=\"alignnone size-medium wp-image-37053\" src=\"https:\/\/i0.wp.com\/blogdalucianaoliveira.com.br\/blog\/wp-content\/uploads\/2025\/07\/IMG_4312.webp?resize=300%2C225\" alt=\"\" width=\"300\" height=\"225\" srcset=\"https:\/\/i0.wp.com\/blogdalucianaoliveira.com.br\/blog\/wp-content\/uploads\/2025\/07\/IMG_4312.webp?resize=300%2C225 300w, https:\/\/i0.wp.com\/blogdalucianaoliveira.com.br\/blog\/wp-content\/uploads\/2025\/07\/IMG_4312.webp?resize=1024%2C768 1024w, https:\/\/i0.wp.com\/blogdalucianaoliveira.com.br\/blog\/wp-content\/uploads\/2025\/07\/IMG_4312.webp?resize=768%2C576 768w, https:\/\/i0.wp.com\/blogdalucianaoliveira.com.br\/blog\/wp-content\/uploads\/2025\/07\/IMG_4312.webp?resize=400%2C300 400w, https:\/\/i0.wp.com\/blogdalucianaoliveira.com.br\/blog\/wp-content\/uploads\/2025\/07\/IMG_4312.webp?w=1040 1040w\" sizes=\"auto, (max-width: 300px) 100vw, 300px\" \/><\/p>\n<p>O Projeto de Lei apelidado de \u201c<a href=\"https:\/\/www.brasildefato.com.br\/2025\/07\/16\/pl-da-devastacao-fragiliza-licenciamento-ambiental-e-amplia-efeitos-da-crise-climatica\/\" target=\"_blank\" rel=\"noopener noreferrer\">PL da Devasta\u00e7\u00e3o<\/a>\u201d representa uma afronta direta \u00e0 Constitui\u00e7\u00e3o brasileira e ao futuro do pa\u00eds, e deve ser vetado na \u00edntegra pelo governo federal. Essa a an\u00e1lise do ge\u00f3grafo Wagner Ribeiro, professor de p\u00f3s-gradua\u00e7\u00e3o em Ci\u00eancia Ambiental da Universidade de S\u00e3o Paulo (USP). \u201cNos termos que est\u00e1 o projeto, ele afronta claramente a Constitui\u00e7\u00e3o. Portanto, independentemente da decis\u00e3o do presidente Lula (PT), \u00e9 poss\u00edvel ser questionado\u201d, afirma em entrevista ao <em><a href=\"https:\/\/www.youtube.com\/watch?v=fDIIdkKpYTE&amp;t=6519s\" target=\"_blank\" rel=\"noopener noreferrer\">Conex\u00e3o BdF<\/a><\/em>, da <strong>R\u00e1dio Brasil de Fato<\/strong>.<!--more--><\/p>\n<p>O projeto avan\u00e7a na C\u00e2mara e pode ser votado ainda nesta quarta-feira (16). Ribeiro critica a proposta, que amplia a dispensa de licenciamento ambiental, prev\u00ea a autodeclara\u00e7\u00e3o de impacto por parte de empreendedores e enfraquece a atua\u00e7\u00e3o de \u00f3rg\u00e3os de fiscaliza\u00e7\u00e3o como o\u00a0Instituto Brasileiro do Meio Ambiente e dos Recursos Naturais (Ibama).<\/p>\n<div class=\"jeg_ad jeg_ad_article jnews_content_inline_ads  \">\n<div class=\"ads-wrapper align-center \">\n<div class=\"ads_shortcode\">\n<div class=\"ads-region-container\" data-slot=\"artigos-leaderboard-incontent-1-mobile\" data-region=\"br\" data-slot-name=\"artigos-leaderboard-incontent-1-mobile-br\">\n<div id=\"div-gpt-ad-artigos-mobile_rectangle_mobile_1\" class=\"ad-slot\"><\/div>\n<\/div>\n<\/div>\n<\/div>\n<\/div>\n<p>\u201c<a href=\"https:\/\/www.brasildefato.com.br\/2025\/07\/14\/pl-da-devastacao-e-a-maior-das-boiadas-diz-greenpeace\/\" target=\"_blank\" rel=\"noopener noreferrer\">\u00c9 uma baita boiada geral<\/a>\u201d, alerta. \u201cEstamos dando o \u2018liberou geral\u2019, permitindo gratuitamente o avan\u00e7o do desmatamento em larga escala, comprometendo n\u00e3o s\u00f3 nossa situa\u00e7\u00e3o presente, mas tamb\u00e9m as gera\u00e7\u00f5es futuras\u201d, acrescenta.<\/p>\n<p>Segundo o ge\u00f3grafo, o PL amea\u00e7a um dos maiores patrim\u00f4nios do Brasil: a sua biodiversidade associada \u00e0 sociodiversidade, como os conhecimentos de<a href=\"https:\/\/www.brasildefato.com.br\/2024\/05\/16\/estudo-inedito-mostra-que-98-de-areas-quilombolas-estao-ameacadas-no-brasil\/\" target=\"_blank\" rel=\"noopener noreferrer\"> povos origin\u00e1rios, quilombolas, ribeirinhos e caboclos<\/a>.<\/p>\n<div class=\"jeg_ad jeg_ad_article jnews_content_inline_2_ads  \">\n<div class=\"ads-wrapper align-center \">\n<div class=\"ads_shortcode\">\n<div class=\"ads-region-container\" data-slot=\"artigos-leaderboard-incontent-2-mobile\" data-region=\"br\" data-slot-name=\"artigos-leaderboard-incontent-2-mobile-br\">\n<div id=\"div-gpt-ad-artigos-mobile_rectangle_mobile_2\" class=\"ad-slot\"><\/div>\n<\/div>\n<\/div>\n<\/div>\n<\/div>\n<p>\u201cTemos uma vantagem geogr\u00e1fica comparativa extraordin\u00e1ria que est\u00e1 sendo perdida por meio dessa aposta equivocada. O presidente Lula tem tudo para vetar esse projeto na \u00edntegra, deveria ter essa ousadia\u201d, defende. \u201cFortaleceria a posi\u00e7\u00e3o da ministra [do Meio Ambiente] Marina Silva e daria mais tempo para discutir os reais impactos dessa cat\u00e1strofe que est\u00e1 sendo produzida no Congresso\u201d, explica.<\/p>\n<h4 class=\"wp-block-heading\">Paradigma ultrapassado<\/h4>\n<p>Outro ponto criticado por Ribeiro \u00e9 a inclus\u00e3o da <a href=\"https:\/\/www.brasildefato.com.br\/2025\/06\/16\/pl-da-devastacao-acende-alerta-sobre-mineracao-para-industria-tech\/\" target=\"_blank\" rel=\"noopener noreferrer\">minera\u00e7\u00e3o<\/a> no projeto, o que pode agravar ainda mais os impactos sobre o meio ambiente e os territ\u00f3rios ind\u00edgenas. \u201cA minera\u00e7\u00e3o precisa ser feita com cautela, sem comprometer os demais servi\u00e7os ambientais. \u00c9 um novo paradigma que o s\u00e9culo 21 aponta, a partir da biotecnologia, da ci\u00eancia e tecnologia. [O PL] insiste na minera\u00e7\u00e3o cl\u00e1ssica, que faz buraco, o devasta, e deixa depois o passivo ambiental\u201d, critica.<\/p>\n<div class=\"jeg_ad jeg_ad_article jnews_content_inline_3_ads  \">\n<div class=\"ads-wrapper align-center \">\n<div class=\"ads_shortcode\">\n<div class=\"ads-region-container\" data-slot=\"artigos-leaderboard-incontent-3-mobile\" data-region=\"br\" data-slot-name=\"artigos-leaderboard-incontent-3-mobile-br\">\n<div id=\"div-gpt-ad-artigos-mobile_rectangle_mobile_3\" class=\"ad-slot\"><\/div>\n<\/div>\n<\/div>\n<\/div>\n<\/div>\n<p>A flexibiliza\u00e7\u00e3o do licenciamento por estados e munic\u00edpios tamb\u00e9m preocupa o especialista, especialmente em rela\u00e7\u00e3o \u00e0 <a href=\"https:\/\/www.brasildefato.com.br\/podcast\/brasil-de-fato-entrevista\/2025\/06\/04\/pl-da-devastacao-vai-avancar-o-desmatamento-em-todos-os-biomas-alerta-climatologista-carlos-nobre\/\" target=\"_blank\" rel=\"noopener noreferrer\">Mata Atl\u00e2ntica<\/a>, que j\u00e1 perdeu cerca de 90% de sua cobertura original. \u201cEssa flexibiliza\u00e7\u00e3o vai gerar muita press\u00e3o sobre a Mata Atl\u00e2ntica. Est\u00e1 agravando ainda mais a dificuldade de conseguir ter \u00e1gua de qualidade para abastecer a regi\u00e3o metropolitana de S\u00e3o Paulo, por exemplo\u201d, diz.<\/p>\n","protected":false},"excerpt":{"rendered":"<p>O Projeto de Lei apelidado de \u201cPL da Devasta\u00e7\u00e3o\u201d representa uma afronta direta \u00e0 Constitui\u00e7\u00e3o brasileira e ao futuro do pa\u00eds, e deve ser vetado na \u00edntegra pelo governo federal. Essa a an\u00e1lise do ge\u00f3grafo Wagner Ribeiro, professor de p\u00f3s-gradua\u00e7\u00e3o em Ci\u00eancia Ambiental da Universidade de S\u00e3o Paulo (USP). \u201cNos termos que est\u00e1 o projeto,&#8230;<a class=\"more-link\" href=\"http:\/\/blogdalucianaoliveira.com.br\/blog\/2025\/07\/17\/pl-da-devastacao-fere-constituicao-e-lula-precisa-veta-lo-na-integra-diz-ambientalista\/\">Continue a leitura <span class=\"meta-nav\">&raquo;<\/span><\/a><\/p>\n","protected":false},"author":1,"featured_media":0,"comment_status":"closed","ping_status":"open","sticky":false,"template":"","format":"standard","meta":{"_exactmetrics_skip_tracking":false,"_exactmetrics_sitenote_active":false,"_exactmetrics_sitenote_note":"","_exactmetrics_sitenote_category":0,"jetpack_post_was_ever_published":false,"_jetpack_newsletter_access":"","_jetpack_dont_email_post_to_subs":false,"_jetpack_newsletter_tier_id":0,"_jetpack_memberships_contains_paywalled_content":false,"_jetpack_memberships_contains_paid_content":false,"footnotes":"","jetpack_publicize_message":"","jetpack_publicize_feature_enabled":true,"jetpack_social_post_already_shared":true,"jetpack_social_options":{"image_generator_settings":{"template":"highway","enabled":false},"version":2}},"categories":[1],"tags":[288,1403,340],"class_list":["post-37052","post","type-post","status-publish","format-standard","hentry","category-notas","tag-congresso","tag-pl-da-devastacao","tag-retrocesso"],"jetpack_publicize_connections":[],"jetpack_sharing_enabled":true,"jetpack_featured_media_url":"","jetpack_shortlink":"https:\/\/wp.me\/p7wKYW-9DC","jetpack-related-posts":[],"_links":{"self":[{"href":"http:\/\/blogdalucianaoliveira.com.br\/blog\/wp-json\/wp\/v2\/posts\/37052","targetHints":{"allow":["GET"]}}],"collection":[{"href":"http:\/\/blogdalucianaoliveira.com.br\/blog\/wp-json\/wp\/v2\/posts"}],"about":[{"href":"http:\/\/blogdalucianaoliveira.com.br\/blog\/wp-json\/wp\/v2\/types\/post"}],"author":[{"embeddable":true,"href":"http:\/\/blogdalucianaoliveira.com.br\/blog\/wp-json\/wp\/v2\/users\/1"}],"replies":[{"embeddable":true,"href":"http:\/\/blogdalucianaoliveira.com.br\/blog\/wp-json\/wp\/v2\/comments?post=37052"}],"version-history":[{"count":1,"href":"http:\/\/blogdalucianaoliveira.com.br\/blog\/wp-json\/wp\/v2\/posts\/37052\/revisions"}],"predecessor-version":[{"id":37054,"href":"http:\/\/blogdalucianaoliveira.com.br\/blog\/wp-json\/wp\/v2\/posts\/37052\/revisions\/37054"}],"wp:attachment":[{"href":"http:\/\/blogdalucianaoliveira.com.br\/blog\/wp-json\/wp\/v2\/media?parent=37052"}],"wp:term":[{"taxonomy":"category","embeddable":true,"href":"http:\/\/blogdalucianaoliveira.com.br\/blog\/wp-json\/wp\/v2\/categories?post=37052"},{"taxonomy":"post_tag","embeddable":true,"href":"http:\/\/blogdalucianaoliveira.com.br\/blog\/wp-json\/wp\/v2\/tags?post=37052"}],"curies":[{"name":"wp","href":"https:\/\/api.w.org\/{rel}","templated":true}]}}