{"id":37055,"date":"2025-07-17T06:52:16","date_gmt":"2025-07-17T10:52:16","guid":{"rendered":"https:\/\/blogdalucianaoliveira.com.br\/blog\/?p=37055"},"modified":"2025-07-17T06:52:16","modified_gmt":"2025-07-17T10:52:16","slug":"governo-publica-veto-de-lula-ao-aumento-no-numero-de-deputados","status":"publish","type":"post","link":"http:\/\/blogdalucianaoliveira.com.br\/blog\/2025\/07\/17\/governo-publica-veto-de-lula-ao-aumento-no-numero-de-deputados\/","title":{"rendered":"Governo publica veto de Lula ao aumento no n\u00famero de deputados"},"content":{"rendered":"<p><img data-recalc-dims=\"1\" loading=\"lazy\" decoding=\"async\" data-attachment-id=\"37056\" data-permalink=\"http:\/\/blogdalucianaoliveira.com.br\/blog\/2025\/07\/17\/governo-publica-veto-de-lula-ao-aumento-no-numero-de-deputados\/img_4313\/\" data-orig-file=\"https:\/\/i0.wp.com\/blogdalucianaoliveira.com.br\/blog\/wp-content\/uploads\/2025\/07\/IMG_4313.jpeg?fit=1080%2C608\" data-orig-size=\"1080,608\" data-comments-opened=\"0\" data-image-meta=\"{&quot;aperture&quot;:&quot;0&quot;,&quot;credit&quot;:&quot;&quot;,&quot;camera&quot;:&quot;&quot;,&quot;caption&quot;:&quot;&quot;,&quot;created_timestamp&quot;:&quot;0&quot;,&quot;copyright&quot;:&quot;&quot;,&quot;focal_length&quot;:&quot;0&quot;,&quot;iso&quot;:&quot;0&quot;,&quot;shutter_speed&quot;:&quot;0&quot;,&quot;title&quot;:&quot;&quot;,&quot;orientation&quot;:&quot;1&quot;}\" data-image-title=\"IMG_4313\" data-image-description=\"\" data-image-caption=\"\" data-medium-file=\"https:\/\/i0.wp.com\/blogdalucianaoliveira.com.br\/blog\/wp-content\/uploads\/2025\/07\/IMG_4313.jpeg?fit=300%2C169\" data-large-file=\"https:\/\/i0.wp.com\/blogdalucianaoliveira.com.br\/blog\/wp-content\/uploads\/2025\/07\/IMG_4313.jpeg?fit=600%2C338\" class=\"alignnone size-medium wp-image-37056\" src=\"https:\/\/i0.wp.com\/blogdalucianaoliveira.com.br\/blog\/wp-content\/uploads\/2025\/07\/IMG_4313.jpeg?resize=300%2C169\" alt=\"\" width=\"300\" height=\"169\" srcset=\"https:\/\/i0.wp.com\/blogdalucianaoliveira.com.br\/blog\/wp-content\/uploads\/2025\/07\/IMG_4313.jpeg?resize=300%2C169 300w, https:\/\/i0.wp.com\/blogdalucianaoliveira.com.br\/blog\/wp-content\/uploads\/2025\/07\/IMG_4313.jpeg?resize=1024%2C576 1024w, https:\/\/i0.wp.com\/blogdalucianaoliveira.com.br\/blog\/wp-content\/uploads\/2025\/07\/IMG_4313.jpeg?resize=768%2C432 768w, https:\/\/i0.wp.com\/blogdalucianaoliveira.com.br\/blog\/wp-content\/uploads\/2025\/07\/IMG_4313.jpeg?resize=533%2C300 533w, https:\/\/i0.wp.com\/blogdalucianaoliveira.com.br\/blog\/wp-content\/uploads\/2025\/07\/IMG_4313.jpeg?w=1080 1080w\" sizes=\"auto, (max-width: 300px) 100vw, 300px\" \/><\/p>\n<h2 class=\"content-head__subtitle\">Congresso havia aprovado aumentar de 513 para 531 as cadeiras na C\u00e2mara. Presidente entendeu que gasto extra n\u00e3o se justifica.<\/h2>\n<p><!--more--><\/p>\n<div id=\"chunk-38kgs\">\n<div class=\"mc-column content-text active-extra-styles \" data-block-type=\"unstyled\" data-block-weight=\"40\" data-block-id=\"4\">\n<p class=\" content-text__container \" data-track-category=\"Link no Texto\" data-track-links=\"\">G1 &#8211; O presidente Luiz In\u00e1cio Lula da Silva vetou integralmente, nesta quarta-feira (16), o projeto de lei que aumentava de 513 para 531 o n\u00famero de deputados federais. A decis\u00e3o foi publicada o Di\u00e1rio Oficial da Uni\u00e3o desta quinta-feira (17).<\/p>\n<\/div>\n<\/div>\n<div class=\"wall protected-content\">\n<div id=\"chunk-sq3j\">\n<div class=\"mc-column content-text active-extra-styles \" data-block-type=\"unstyled\" data-block-weight=\"59\" data-block-id=\"5\">\n<p class=\" content-text__container \" data-track-category=\"Link no Texto\" data-track-links=\"\">A proposta havia sido aprovada pelo Congresso como forma de cumprir uma decis\u00e3o do Supremo Tribunal Federal (STF), que determinou a redistribui\u00e7\u00e3o das cadeiras da C\u00e2mara com base nos dados do Censo Demogr\u00e1fico de 2022. A Constitui\u00e7\u00e3o determina que a representa\u00e7\u00e3o por estado seja proporcional \u00e0 popula\u00e7\u00e3o \u2014 com o m\u00ednimo de 8 e o m\u00e1ximo de 70 deputados.<\/p>\n<\/div>\n<\/div>\n<div id=\"chunk-5kgm0\">\n<div class=\"mc-column content-text active-extra-styles \" data-block-type=\"unstyled\" data-block-weight=\"54\" data-block-id=\"6\">\n<p class=\" content-text__container \" data-track-category=\"Link no Texto\" data-track-links=\"\">Para n\u00e3o reduzir o n\u00famero de representantes de nenhum estado, o Congresso optou por ampliar o total de vagas. O texto, por\u00e9m, gerou forte repercuss\u00e3o negativa e foi alvo de cr\u00edticas por parte da opini\u00e3o p\u00fablica. Segundo pesquisa Quaest divulgada nesta quarta (16), 85% dos brasileiros s\u00e3o contra o aumento no n\u00famero de deputados.<\/p>\n<\/div>\n<\/div>\n<div id=\"chunk-bht1e\">\n<div class=\"mc-column content-text active-extra-styles \" data-block-type=\"unstyled\" data-block-weight=\"33\" data-block-id=\"7\">\n<p class=\" content-text__container \" data-track-category=\"Link no Texto\" data-track-links=\"\">Na justificativa do veto, o governo argumentou que a proposta &#8220;n\u00e3o observou os princ\u00edpios da efici\u00eancia e da responsabilidade fiscal&#8221; e que a amplia\u00e7\u00e3o geraria aumento de despesas com impacto no or\u00e7amento p\u00fablico.<\/p>\n<\/div>\n<\/div>\n<div id=\"chunk-9ae8f\">\n<div class=\"mc-column content-text active-extra-styles \" data-block-type=\"unstyled\" data-block-weight=\"42\" data-block-id=\"8\">\n<p class=\" content-text__container \" data-track-category=\"Link no Texto\" data-track-links=\"\">Com o veto, a responsabilidade pela redistribui\u00e7\u00e3o das cadeiras na C\u00e2mara passa \u00e0 Justi\u00e7a Eleitoral, como previsto pela decis\u00e3o do STF. O Tribunal Superior Eleitoral (TSE) dever\u00e1 fazer a nova divis\u00e3o respeitando os limites constitucionais, sem alterar o n\u00famero total de parlamentares.<\/p>\n<p data-track-category=\"Link no Texto\" data-track-links=\"\">A eventual derrubada do veto \u00e9 considerada improv\u00e1vel por l\u00edderes partid\u00e1rios. Apesar de o texto ter obtido 270 votos na C\u00e2mara e 41 no Senado, o placar apertado e a repercuss\u00e3o negativa reduziram o apetite pol\u00edtico por uma nova vota\u00e7\u00e3o. Al\u00e9m disso, o pr\u00f3prio presidente do Senado, Davi Alcolumbre, teve que abrir m\u00e3o da presid\u00eancia da sess\u00e3o para votar e garantir o qu\u00f3rum m\u00ednimo no Senado \u2014 o que n\u00e3o poder\u00e1 se repetir em uma eventual vota\u00e7\u00e3o de veto.<\/p>\n<\/div>\n<\/div>\n<\/div>\n","protected":false},"excerpt":{"rendered":"<p>Congresso havia aprovado aumentar de 513 para 531 as cadeiras na C\u00e2mara. Presidente entendeu que gasto extra n\u00e3o se justifica.<\/p>\n","protected":false},"author":1,"featured_media":0,"comment_status":"closed","ping_status":"open","sticky":false,"template":"","format":"standard","meta":{"_exactmetrics_skip_tracking":false,"_exactmetrics_sitenote_active":false,"_exactmetrics_sitenote_note":"","_exactmetrics_sitenote_category":0,"jetpack_post_was_ever_published":false,"_jetpack_newsletter_access":"","_jetpack_dont_email_post_to_subs":false,"_jetpack_newsletter_tier_id":0,"_jetpack_memberships_contains_paywalled_content":false,"_jetpack_memberships_contains_paid_content":false,"footnotes":"","jetpack_publicize_message":"","jetpack_publicize_feature_enabled":true,"jetpack_social_post_already_shared":true,"jetpack_social_options":{"image_generator_settings":{"template":"highway","enabled":false},"version":2}},"categories":[1],"tags":[],"class_list":["post-37055","post","type-post","status-publish","format-standard","hentry","category-notas"],"jetpack_publicize_connections":[],"jetpack_sharing_enabled":true,"jetpack_featured_media_url":"","jetpack_shortlink":"https:\/\/wp.me\/p7wKYW-9DF","jetpack-related-posts":[],"_links":{"self":[{"href":"http:\/\/blogdalucianaoliveira.com.br\/blog\/wp-json\/wp\/v2\/posts\/37055","targetHints":{"allow":["GET"]}}],"collection":[{"href":"http:\/\/blogdalucianaoliveira.com.br\/blog\/wp-json\/wp\/v2\/posts"}],"about":[{"href":"http:\/\/blogdalucianaoliveira.com.br\/blog\/wp-json\/wp\/v2\/types\/post"}],"author":[{"embeddable":true,"href":"http:\/\/blogdalucianaoliveira.com.br\/blog\/wp-json\/wp\/v2\/users\/1"}],"replies":[{"embeddable":true,"href":"http:\/\/blogdalucianaoliveira.com.br\/blog\/wp-json\/wp\/v2\/comments?post=37055"}],"version-history":[{"count":1,"href":"http:\/\/blogdalucianaoliveira.com.br\/blog\/wp-json\/wp\/v2\/posts\/37055\/revisions"}],"predecessor-version":[{"id":37057,"href":"http:\/\/blogdalucianaoliveira.com.br\/blog\/wp-json\/wp\/v2\/posts\/37055\/revisions\/37057"}],"wp:attachment":[{"href":"http:\/\/blogdalucianaoliveira.com.br\/blog\/wp-json\/wp\/v2\/media?parent=37055"}],"wp:term":[{"taxonomy":"category","embeddable":true,"href":"http:\/\/blogdalucianaoliveira.com.br\/blog\/wp-json\/wp\/v2\/categories?post=37055"},{"taxonomy":"post_tag","embeddable":true,"href":"http:\/\/blogdalucianaoliveira.com.br\/blog\/wp-json\/wp\/v2\/tags?post=37055"}],"curies":[{"name":"wp","href":"https:\/\/api.w.org\/{rel}","templated":true}]}}