{"id":37062,"date":"2025-07-18T20:08:16","date_gmt":"2025-07-19T00:08:16","guid":{"rendered":"https:\/\/blogdalucianaoliveira.com.br\/blog\/?p=37062"},"modified":"2025-07-18T20:08:16","modified_gmt":"2025-07-19T00:08:16","slug":"10-vezes-em-que-jair-e-eduardo-bolsonaro-atentaram-contra-a-justica-brasileira-e-a-soberania-nacional-segundo-o-stf","status":"publish","type":"post","link":"http:\/\/blogdalucianaoliveira.com.br\/blog\/2025\/07\/18\/10-vezes-em-que-jair-e-eduardo-bolsonaro-atentaram-contra-a-justica-brasileira-e-a-soberania-nacional-segundo-o-stf\/","title":{"rendered":"10 vezes em que Jair e Eduardo Bolsonaro atentaram contra a Justi\u00e7a brasileira e a soberania nacional, segundo o STF"},"content":{"rendered":"<p><img data-recalc-dims=\"1\" loading=\"lazy\" decoding=\"async\" data-attachment-id=\"37063\" data-permalink=\"http:\/\/blogdalucianaoliveira.com.br\/blog\/2025\/07\/18\/10-vezes-em-que-jair-e-eduardo-bolsonaro-atentaram-contra-a-justica-brasileira-e-a-soberania-nacional-segundo-o-stf\/img_4439\/\" data-orig-file=\"https:\/\/i0.wp.com\/blogdalucianaoliveira.com.br\/blog\/wp-content\/uploads\/2025\/07\/IMG_4439.webp?fit=750%2C536\" data-orig-size=\"750,536\" data-comments-opened=\"0\" data-image-meta=\"{&quot;aperture&quot;:&quot;0&quot;,&quot;credit&quot;:&quot;&quot;,&quot;camera&quot;:&quot;&quot;,&quot;caption&quot;:&quot;&quot;,&quot;created_timestamp&quot;:&quot;0&quot;,&quot;copyright&quot;:&quot;&quot;,&quot;focal_length&quot;:&quot;0&quot;,&quot;iso&quot;:&quot;0&quot;,&quot;shutter_speed&quot;:&quot;0&quot;,&quot;title&quot;:&quot;&quot;,&quot;orientation&quot;:&quot;0&quot;}\" data-image-title=\"IMG_4439\" data-image-description=\"\" data-image-caption=\"\" data-medium-file=\"https:\/\/i0.wp.com\/blogdalucianaoliveira.com.br\/blog\/wp-content\/uploads\/2025\/07\/IMG_4439.webp?fit=300%2C214\" data-large-file=\"https:\/\/i0.wp.com\/blogdalucianaoliveira.com.br\/blog\/wp-content\/uploads\/2025\/07\/IMG_4439.webp?fit=600%2C429\" class=\"alignnone size-medium wp-image-37063\" src=\"https:\/\/i0.wp.com\/blogdalucianaoliveira.com.br\/blog\/wp-content\/uploads\/2025\/07\/IMG_4439.webp?resize=300%2C214\" alt=\"\" width=\"300\" height=\"214\" srcset=\"https:\/\/i0.wp.com\/blogdalucianaoliveira.com.br\/blog\/wp-content\/uploads\/2025\/07\/IMG_4439.webp?resize=300%2C214 300w, https:\/\/i0.wp.com\/blogdalucianaoliveira.com.br\/blog\/wp-content\/uploads\/2025\/07\/IMG_4439.webp?resize=420%2C300 420w, https:\/\/i0.wp.com\/blogdalucianaoliveira.com.br\/blog\/wp-content\/uploads\/2025\/07\/IMG_4439.webp?w=750 750w\" sizes=\"auto, (max-width: 300px) 100vw, 300px\" \/><\/p>\n<p class=\"pf-br-replacement\"><span class=\"text-node\">Brasil de Fato &#8211; A decis\u00e3o do ministro Alexandre de Moraes, que imp\u00f4s <\/span><a href=\"https:\/\/www.brasildefato.com.br\/2025\/07\/18\/bolsonaro-e-alvo-de-operacao-da-pf-e-tera-que-usar-tornozeleira-eletronica\/\" data-pf_style_display=\"inline\" data-pf_style_visibility=\"visible\"><span class=\"text-node\">medidas cautelares ao ex-presidente Jair Bolsonaro <\/span><\/a><span class=\"text-node\">nesta sexta-feira (18), apresenta uma s\u00e9rie de epis\u00f3dios registrados em redes sociais, entrevistas e mat\u00e9rias jornal\u00edsticas. Segundo o documento, Jair e Eduardo Bolsonaro atuaram de forma coordenada para pressionar o Supremo Tribunal Federal (STF) e interferir no andamento da a\u00e7\u00e3o penal que apura a tentativa de golpe de Estado ap\u00f3s as elei\u00e7\u00f5es de 2022. <\/span><!--more--><\/p>\n<p><span class=\"text-node\">A atua\u00e7\u00e3o incluiu o est\u00edmulo a san\u00e7\u00f5es estrangeiras contra autoridades brasileiras, com apoio direto do presidente dos Estados Unidos, Donald Trump, que recentemente taxou em 50% a importa\u00e7\u00e3o de produtos brasileiros, com declara\u00e7\u00f5es abertas sobre a <\/span><a href=\"https:\/\/www.brasildefato.com.br\/2025\/07\/16\/para-57-dos-brasileiros-trump-nao-tem-direito-de-criticar-processo-em-que-bolsonaro-e-reu\/\" data-pf_style_display=\"inline\" data-pf_style_visibility=\"visible\"><span class=\"text-node\">rela\u00e7\u00e3o entre as san\u00e7\u00f5es e o processo no qual Bolsonaro \u00e9 r\u00e9u.<\/span><\/a><\/p>\n<p>&nbsp;<\/p>\n<p data-pf_style_display=\"block\" data-pf_style_visibility=\"visible\"><span class=\"text-node\">Na decis\u00e3o, o relator Alexandre de Moraes refor\u00e7a que a <\/span><a href=\"https:\/\/www.brasildefato.com.br\/2025\/07\/17\/brasil-nao-quer-ser-feito-de-refem-diz-lula-em-entrevista-a-tv-dos-eua\/\" data-pf_style_display=\"inline\" data-pf_style_visibility=\"visible\"><span class=\"text-node\">soberania nacional<\/span><\/a><span class=\"text-node\"> e a independ\u00eancia do Judici\u00e1rio s\u00e3o princ\u00edpios inegoci\u00e1veis e protegidos pela Constitui\u00e7\u00e3o. Ele cita o artigo 1\u00ba da Carta de 1988, que coloca a soberania entre os fundamentos da Rep\u00fablica Federativa do Brasil.<\/span><\/p>\n<div class=\"jeg_ad jeg_ad_article jnews_content_inline_ads  \" data-pf_style_display=\"block\" data-pf_style_visibility=\"visible\">\n<div class=\"ads-wrapper align-center \" data-pf_style_display=\"block\" data-pf_style_visibility=\"visible\">\n<div class=\"ads_shortcode\" data-pf_style_display=\"block\" data-pf_style_visibility=\"visible\">\n<div class=\"ads-region-container\" data-slot=\"artigos-leaderboard-incontent-1\" data-region=\"br\" data-slot-name=\"artigos-leaderboard-incontent-1-br\" data-pf_style_display=\"block\" data-pf_style_visibility=\"visible\"><\/div>\n<\/div>\n<\/div>\n<\/div>\n<p data-pf_style_display=\"block\" data-pf_style_visibility=\"visible\"><span class=\"text-node\">\u201cO Supremo Tribunal Federal sempre ser\u00e1 absolutamente inflex\u00edvel na defesa da Soberania Nacional e em seu compromisso com a Democracia, os Direitos Fundamentais, o Estado de Direito, a independ\u00eancia do Poder Judici\u00e1rio Nacional e os princ\u00edpios constitucionais brasileiros.\u201d <\/span><\/p>\n<p data-pf_style_display=\"block\" data-pf_style_visibility=\"visible\"><span class=\"text-node\">Moraes afirma ainda que nenhum pa\u00eds soberano pode permitir que seu Judici\u00e1rio seja coagido por press\u00f5es externas, especialmente quando articuladas por seus pr\u00f3prios cidad\u00e3os e pol\u00edticos.<\/span><\/p>\n<div class=\"jeg_ad jeg_ad_article jnews_content_inline_2_ads  \" data-pf_style_display=\"block\" data-pf_style_visibility=\"visible\">\n<div class=\"ads-wrapper align-center \" data-pf_style_display=\"block\" data-pf_style_visibility=\"visible\">\n<div class=\"ads_shortcode\" data-pf_style_display=\"block\" data-pf_style_visibility=\"visible\">\n<div class=\"ads-region-container\" data-slot=\"artigos-leaderboard-incontent-2\" data-region=\"br\" data-slot-name=\"artigos-leaderboard-incontent-2-br\" data-pf_style_display=\"block\" data-pf_style_visibility=\"visible\"><\/div>\n<\/div>\n<\/div>\n<\/div>\n<p data-pf_style_display=\"block\" data-pf_style_visibility=\"visible\"><span class=\"text-node\">\u201cUm pa\u00eds soberano como o Brasil sempre saber\u00e1 defender a sua Democracia e Soberania e o Poder Judici\u00e1rio n\u00e3o permitir\u00e1 qualquer tentativa de submeter o funcionamento do Supremo Tribunal Federal ao crivo de outro Estado.\u201d <\/span><\/p>\n<p data-pf_style_display=\"block\" data-pf_style_visibility=\"visible\"><span class=\"text-node\">Ap\u00f3s a opera\u00e7\u00e3o da Pol\u00edcia Federal, Jair e Eduardo Bolsonaro se manifestaram contra a decis\u00e3o do ministro. Em nota divulgada nas redes sociais, o deputado licenciado classificou a a\u00e7\u00e3o como uma \u201cinvas\u00e3o\u201d e chamou Moraes de \u201cgangster de toga\u201d. Segundo o deputado, que est\u00e1 nos Estados Unidos, o ministro estaria tentando \u201ccriminalizar Trump e o pr\u00f3prio governo americano\u201d por medidas de pol\u00edtica externa e que Bolsonaro seria \u201cref\u00e9m\u201d. <\/span><\/p>\n<div class=\"jeg_ad jeg_ad_article jnews_content_inline_3_ads  \" data-pf_style_display=\"block\" data-pf_style_visibility=\"visible\">\n<div class=\"ads-wrapper align-center \" data-pf_style_display=\"block\" data-pf_style_visibility=\"visible\"><\/div>\n<\/div>\n<p data-pf_style_display=\"block\" data-pf_style_visibility=\"visible\"><span class=\"text-node\">Jair Bolsonaro, por sua vez, falou \u00e0 imprensa ap\u00f3s colocar a tornozeleira eletr\u00f4nica. O ex-presidente considerou a medida uma <\/span><a href=\"https:\/\/www.brasildefato.com.br\/2025\/07\/18\/com-tornozeleira-bolsonaro-fala-sobre-operacao-da-pf-suprema-humilhacao\/\" data-pf_style_display=\"inline\" data-pf_style_visibility=\"visible\"><span class=\"text-node\">\u201csuprema humilha\u00e7\u00e3o\u201d<\/span><\/a><span class=\"text-node\"> e afirmou que est\u00e1 sendo punido por \u201cfalar a verdade\u201d. Bolsonaro n\u00e3o negou que fez repasses de dinheiro ao filho nem os encontros com autoridades estadunidenses, mas disse que se tratavam de atos leg\u00edtimos. Tamb\u00e9m disse n\u00e3o temer pris\u00e3o, mas defendeu que Eduardo permane\u00e7a fora do Brasil. \u201cSe ele voltar, est\u00e1 preso.\u201d<\/span><\/p>\n<p data-pf_style_display=\"block\" data-pf_style_visibility=\"visible\"><span class=\"text-node\">Veja os 10 epis\u00f3dios citados na decis\u00e3o assinada por Moraes que indicam atentado \u00e0 soberania nacional e \u00e0 independ\u00eancia do Judici\u00e1rio:<\/span><\/p>\n<p data-pf_style_display=\"block\" data-pf_style_visibility=\"visible\"><strong data-pf_style_display=\"inline\" data-pf_style_visibility=\"visible\"><span class=\"text-node\">1. Eduardo Bolsonaro posta v\u00eddeo em que Gayer defende san\u00e7\u00e3o contra Moraes<\/span><br data-pf_style_display=\"inline\" data-pf_style_visibility=\"visible\" \/><\/strong><\/p>\n<figure class=\"wp-block-image size-full pf-caption flex-width blockImage pf-size-full\" data-pf_style_display=\"block\" data-pf_style_visibility=\"visible\"><img data-recalc-dims=\"1\" decoding=\"async\" class=\"wp-image-722652 lazy pf-large-image caption-img blockImage\" src=\"https:\/\/i0.wp.com\/assets.brasildefato.com.br\/2025\/07\/bdf-20250718-174914-aa6946-493x375.jpg?w=493&#038;ssl=1\" alt=\"\"  data-srcset=\"https:\/\/assets.brasildefato.com.br\/2025\/07\/bdf-20250718-174914-aa6946-300x288.jpg 300w, https:\/\/assets.brasildefato.com.br\/2025\/07\/bdf-20250718-174914-aa6946-493x375.jpg 493w\" data-sizes=\"(max-width: 493px) 100vw, 493px\" data-pf_style_display=\"inline\" data-pf_style_visibility=\"visible\" data-pf_rect_width=\"493\" data-pf_rect_height=\"474\" \/><figcaption class=\"wp-element-caption\" data-pf_style_display=\"block\" data-pf_style_visibility=\"visible\"><span class=\"text-node\">Reprodu\u00e7\u00e3o \/ STF<\/span><\/figcaption><\/figure>\n<p data-pf_style_display=\"block\" data-pf_style_visibility=\"visible\"><span class=\"text-node\">Em junho deste ano, ap\u00f3s uma manifesta\u00e7\u00e3o pr\u00f3-Bolsonaro na avenida Paulista, em S\u00e3o Paulo (SP), Eduardo divulgou v\u00eddeo com o deputado Gustavo Gayer, que afirmava que \u201ca \u00fanica maneira de o Brasil estar alinhado com o Ocidente \u00e9 atrav\u00e9s de Jair Bolsonaro, atrav\u00e9s da san\u00e7\u00e3o contra Moraes.\u201d Na ocasi\u00e3o, Moraes determinou que a postagem fosse anexada ao inqu\u00e9rito que apura poss\u00edveis crimes cometidos pelo deputado licenciado.<\/span><\/p>\n<p data-pf_style_display=\"block\" data-pf_style_visibility=\"visible\"><strong data-pf_style_display=\"inline\" data-pf_style_visibility=\"visible\"><span class=\"text-node\">2. Jair Bolsonaro repostou mensagem de Trump com ataques diretos ao STF<\/span><\/strong><\/p>\n<p data-pf_style_display=\"block\" data-pf_style_visibility=\"visible\">\n<p class=\"pf-br-replacement\"><span class=\"text-node\">No dia 7 de julho, o presidente estadunidense, Donald Trump, publicou que o julgamento de Bolsonaro era uma<\/span><a href=\"https:\/\/www.brasildefato.com.br\/2025\/07\/07\/trump-ecoa-tatica-de-extrema-direita-brasileira-defende-bolsonaro-e-chama-processo-contra-golpistas-de-caca-as-bruxas\/\" data-pf_style_display=\"inline\" data-pf_style_visibility=\"visible\"><span class=\"text-node\"> \u201cca\u00e7a \u00e0s bruxas\u201d<\/span><\/a><span class=\"text-node\"> e que o STF estava atacando liberdades. O ex-presidente repostou a mensagem na rede X. <\/span><\/p>\n<p><span class=\"text-node\">Ao anexar a republica\u00e7\u00e3o, o supremo citou a Procuradoria-Geral da Rep\u00fablica, que ressaltou que \u201cao comentar publica\u00e7\u00e3o feita pelo presidente estadunidense sobre Jair Bolsonaro, Eduardo Bolsonaro anunciou a possibilidade iminente de san\u00e7\u00f5es contra autoridades brasileiras e o Estado brasileiro, por raz\u00f5es de suposta persegui\u00e7\u00e3o pol\u00edtica, externando novamente que est\u00e1 atuando em prol desse resultado\u201d.<\/span><\/p>\n<p>&nbsp;<\/p>\n<p data-pf_style_display=\"block\" data-pf_style_visibility=\"visible\"><strong data-pf_style_display=\"inline\" data-pf_style_visibility=\"visible\"><span class=\"text-node\">3. Jair Bolsonaro agradeceu encontro com autoridade dos EUA e postou alerta<\/span><\/strong><\/p>\n<figure class=\"wp-block-image size-full pf-caption flex-width blockImage pf-size-full\" data-pf_style_display=\"block\" data-pf_style_visibility=\"visible\"><img data-recalc-dims=\"1\" decoding=\"async\" class=\"wp-image-722657 lazy pf-large-image caption-img blockImage\" src=\"https:\/\/i0.wp.com\/assets.brasildefato.com.br\/2025\/07\/bdf-20250718-175334-e83c62.jpg?w=600&#038;ssl=1\" alt=\"\"  data-srcset=\"https:\/\/assets.brasildefato.com.br\/2025\/07\/bdf-20250718-175334-e83c62-300x113.jpg 300w, https:\/\/assets.brasildefato.com.br\/2025\/07\/bdf-20250718-175334-e83c62.jpg 613w\" data-sizes=\"(max-width: 613px) 100vw, 613px\" data-pf_style_display=\"inline\" data-pf_style_visibility=\"visible\" data-pf_rect_width=\"613\" data-pf_rect_height=\"230\" \/><figcaption class=\"wp-element-caption\" data-pf_style_display=\"block\" data-pf_style_visibility=\"visible\"><span class=\"text-node\">Reprodu\u00e7\u00e3o \/ STF<\/span><\/figcaption><\/figure>\n<p data-pf_style_display=\"block\" data-pf_style_visibility=\"visible\"><span class=\"text-node\">Ap\u00f3s reuni\u00e3o com Ricardo Pita, conselheiro do Departamento de Estado dos EUA, Bolsonaro publicou que \u201co alerta foi dado, e n\u00e3o h\u00e1 mais espa\u00e7o para omiss\u00f5es.\u201d No documento, o STF diz que o ex-presidente \u201ccome\u00e7ou a instigar seus seguidores contra o Poder Judici\u00e1rio\u201d.<\/span><\/p>\n<p data-pf_style_display=\"block\" data-pf_style_visibility=\"visible\"><strong data-pf_style_display=\"inline\" data-pf_style_visibility=\"visible\"><span class=\"text-node\">4. Eduardo agradeceu a Trump e pediu san\u00e7\u00f5es via Lei Magnitsky<\/span><\/strong><\/p>\n<figure class=\"wp-block-image size-full pf-caption flex-width blockImage pf-size-full\" data-pf_style_display=\"block\" data-pf_style_visibility=\"visible\"><img data-recalc-dims=\"1\" decoding=\"async\" class=\"wp-image-722659 lazy pf-large-image caption-img blockImage\" src=\"https:\/\/i0.wp.com\/assets.brasildefato.com.br\/2025\/07\/bdf-20250718-175447-78a323-422x375.jpg?w=422&#038;ssl=1\" alt=\"\"  data-srcset=\"https:\/\/assets.brasildefato.com.br\/2025\/07\/bdf-20250718-175447-78a323-255x300.jpg 255w, https:\/\/assets.brasildefato.com.br\/2025\/07\/bdf-20250718-175447-78a323-422x375.jpg 422w\" data-sizes=\"(max-width: 422px) 100vw, 422px\" data-pf_style_display=\"inline\" data-pf_style_visibility=\"visible\" data-pf_rect_width=\"422\" data-pf_rect_height=\"497\" \/><figcaption class=\"wp-element-caption\" data-pf_style_display=\"block\" data-pf_style_visibility=\"visible\"><span class=\"text-node\">Reprodu\u00e7\u00e3o \/ STF<\/span><\/figcaption><\/figure>\n<p data-pf_style_display=\"block\" data-pf_style_visibility=\"visible\"><span class=\"text-node\">Em resposta a Trump, Eduardo pediu publicamente que o governo dos EUA aplicasse san\u00e7\u00f5es contra o ministro Alexandre de Moraes, com base em legisla\u00e7\u00e3o estadunidense. <\/span><\/p>\n<p data-pf_style_display=\"block\" data-pf_style_visibility=\"visible\"><strong data-pf_style_display=\"inline\" data-pf_style_visibility=\"visible\"><span class=\"text-node\">5. Bolsonaro comemorou tarifa imposta pelos EUA e carta de Tumo com ataques ao STF <\/span><\/strong><\/p>\n<figure class=\"wp-block-image size-full pf-caption flex-width blockImage pf-size-full\" data-pf_style_display=\"block\" data-pf_style_visibility=\"visible\"><img data-recalc-dims=\"1\" decoding=\"async\" class=\"wp-image-722661 lazy pf-large-image caption-img blockImage\" src=\"https:\/\/i0.wp.com\/assets.brasildefato.com.br\/2025\/07\/bdf-20250718-175554-a8ce69-529x375.jpg?w=529&#038;ssl=1\" alt=\"\"  data-srcset=\"https:\/\/assets.brasildefato.com.br\/2025\/07\/bdf-20250718-175554-a8ce69-300x259.jpg 300w, https:\/\/assets.brasildefato.com.br\/2025\/07\/bdf-20250718-175554-a8ce69-529x375.jpg 529w\" data-sizes=\"(max-width: 529px) 100vw, 529px\" data-pf_style_display=\"inline\" data-pf_style_visibility=\"visible\" data-pf_rect_width=\"529\" data-pf_rect_height=\"456\" \/><figcaption class=\"wp-element-caption\" data-pf_style_display=\"block\" data-pf_style_visibility=\"visible\"><span class=\"text-node\">Reprodu\u00e7\u00e3o \/ STF<\/span><\/figcaption><\/figure>\n<p data-pf_style_display=\"block\" data-pf_style_visibility=\"visible\"><strong data-pf_style_display=\"inline\" data-pf_style_visibility=\"visible\"><span class=\"text-node\">6. Eduardo afirma que sua articula\u00e7\u00e3o resultou no tarifa\u00e7o contra o Brasil<\/span><\/strong><\/p>\n<figure class=\"wp-block-image size-full pf-caption flex-width blockImage pf-size-full\" data-pf_style_display=\"block\" data-pf_style_visibility=\"visible\"><img data-recalc-dims=\"1\" decoding=\"async\" class=\"wp-image-722720 lazy pf-large-image caption-img blockImage\" src=\"https:\/\/i0.wp.com\/assets.brasildefato.com.br\/2025\/07\/bdf-20250718-184628-4251a0-523x375.jpeg?w=523&#038;ssl=1\" alt=\"\"  data-srcset=\"https:\/\/assets.brasildefato.com.br\/2025\/07\/bdf-20250718-184628-4251a0-300x295.jpeg 300w, https:\/\/assets.brasildefato.com.br\/2025\/07\/bdf-20250718-184628-4251a0-523x375.jpeg 523w\" data-sizes=\"(max-width: 523px) 100vw, 523px\" data-pf_style_display=\"inline\" data-pf_style_visibility=\"visible\" data-pf_rect_width=\"523\" data-pf_rect_height=\"515\" \/><figcaption class=\"wp-element-caption\" data-pf_style_display=\"block\" data-pf_style_visibility=\"visible\"><span class=\"text-node\">Reprodu\u00e7\u00e3o \\ STF | Reprodu\u00e7\u00e3o \/ STF<\/span><\/figcaption><\/figure>\n<p data-pf_style_display=\"block\" data-pf_style_visibility=\"visible\"><span class=\"text-node\">Nas redes sociais, Eduardo Bolsonaro declarou que foi sua atua\u00e7\u00e3o nos Estados Unidos, largamente divulgada, que levou ao an\u00fancio da tarifa de 50% sobre produtos brasileiros por parte dos EUA. <\/span><\/p>\n<p data-pf_style_display=\"block\" data-pf_style_visibility=\"visible\"><span class=\"text-node\">\u201cA implementa\u00e7\u00e3o do aumento de tarifas tem como finalidade a cria\u00e7\u00e3o de uma grave crise econ\u00f4mica no Brasil, para gerar uma press\u00e3o pol\u00edtica e social no Poder Judici\u00e1rio e impactar as rela\u00e7\u00f5es diplom\u00e1ticas entre o Brasil os Estados Unidos da Am\u00e9rica, bem como na interfer\u00eancia no andamento da AP 2.668\/DF \u2013 que se encontra em fase de alega\u00e7\u00f5es finais\u201d, disse o STF.<\/span><\/p>\n<p data-pf_style_display=\"block\" data-pf_style_visibility=\"visible\"><strong data-pf_style_display=\"inline\" data-pf_style_visibility=\"visible\"><span class=\"text-node\">7. Bolsonaro publicou entrevista de Trump e reiterou discurso de submiss\u00e3o do STF<\/span><\/strong><\/p>\n<figure class=\"wp-block-image size-full pf-caption flex-width blockImage pf-size-full\" data-pf_style_display=\"block\" data-pf_style_visibility=\"visible\"><img data-recalc-dims=\"1\" decoding=\"async\" class=\"wp-image-722664 lazy pf-large-image caption-img blockImage\" src=\"https:\/\/i0.wp.com\/assets.brasildefato.com.br\/2025\/07\/bdf-20250718-175747-b533fe-621x375.jpg?w=600&#038;ssl=1\" alt=\"\"  data-srcset=\"https:\/\/assets.brasildefato.com.br\/2025\/07\/bdf-20250718-175747-b533fe-300x248.jpg 300w, https:\/\/assets.brasildefato.com.br\/2025\/07\/bdf-20250718-175747-b533fe-621x375.jpg 621w\" data-sizes=\"(max-width: 621px) 100vw, 621px\" data-pf_style_display=\"inline\" data-pf_style_visibility=\"visible\" data-pf_rect_width=\"621\" data-pf_rect_height=\"513\" \/><figcaption class=\"wp-element-caption\" data-pf_style_display=\"block\" data-pf_style_visibility=\"visible\"><span class=\"text-node\">Reprodu\u00e7\u00e3o \/ STF<\/span><\/figcaption><\/figure>\n<p data-pf_style_display=\"block\" data-pf_style_visibility=\"visible\"><span class=\"text-node\">No dia 11 de julho, Bolsonaro compartilhou nas redes sociais um v\u00eddeo no qual Trump ataca a Suprema Corte brasileira e cobra o fim imediato do julgamento contra o ex-presidente. O Supremo entende a republica\u00e7\u00e3o como \u201ccoa\u00e7\u00e3o no curso do processo, obstru\u00e7\u00e3o da investiga\u00e7\u00e3o de infra\u00e7\u00e3o penal que envolva organiza\u00e7\u00e3o criminosa e atentado \u00e0 soberania\u201d.<\/span><\/p>\n<p data-pf_style_display=\"block\" data-pf_style_visibility=\"visible\"><strong data-pf_style_display=\"inline\" data-pf_style_visibility=\"visible\"><span class=\"text-node\">8. Bolsonaro d\u00e1 entrevista e condiciona fim das san\u00e7\u00f5es \u00e0 sua anistia<\/span><\/strong><\/p>\n<figure class=\"wp-block-image size-full pf-caption flex-width blockImage pf-size-full\" data-pf_style_display=\"block\" data-pf_style_visibility=\"visible\"><img data-recalc-dims=\"1\" decoding=\"async\" class=\"wp-image-722665 lazy pf-large-image caption-img blockImage\" src=\"https:\/\/i0.wp.com\/assets.brasildefato.com.br\/2025\/07\/bdf-20250718-175830-66e3c2.jpg?w=546&#038;ssl=1\" alt=\"\"  data-srcset=\"https:\/\/assets.brasildefato.com.br\/2025\/07\/bdf-20250718-175830-66e3c2-300x126.jpg 300w, https:\/\/assets.brasildefato.com.br\/2025\/07\/bdf-20250718-175830-66e3c2.jpg 546w\" data-sizes=\"(max-width: 546px) 100vw, 546px\" data-pf_style_display=\"inline\" data-pf_style_visibility=\"visible\" data-pf_rect_width=\"546\" data-pf_rect_height=\"229\" \/><figcaption class=\"wp-element-caption\" data-pf_style_display=\"block\" data-pf_style_visibility=\"visible\"><span class=\"text-node\">Reprodu\u00e7\u00e3o \/ STF<\/span><\/figcaption><\/figure>\n<p data-pf_style_display=\"block\" data-pf_style_visibility=\"visible\"><span class=\"text-node\">Segundo Moraes, Bolsonaro confessou sua atua\u00e7\u00e3o ao dizer, em entrevista coletiva \u00e0 imprensa, que o fim das tarifas estadunidenses sobre os produtos brasileiros dependeria de sua absolvi\u00e7\u00e3o ou anistia no Brasil. A <\/span><a href=\"https:\/\/www.brasildefato.com.br\/2025\/07\/17\/trump-volta-a-atacar-justica-brasileira-e-relaciona-tarifaco-a-bolsonaro-em-carta-ao-ex-presidente\/\" data-pf_style_display=\"inline\" data-pf_style_visibility=\"visible\"><span class=\"text-node\">declara\u00e7\u00e3o foi feita <\/span><\/a><span class=\"text-node\">nesta quinta-feira (17).<\/span><\/p>\n<p data-pf_style_display=\"block\" data-pf_style_visibility=\"visible\"><strong data-pf_style_display=\"inline\" data-pf_style_visibility=\"visible\"><span class=\"text-node\">9. Jair confirma envio de R$ 2 milh\u00f5es a Eduardo durante articula\u00e7\u00e3o nos EUA<\/span><\/strong><\/p>\n<figure class=\"wp-block-image size-full pf-caption flex-width blockImage pf-size-full\" data-pf_style_display=\"block\" data-pf_style_visibility=\"visible\"><img data-recalc-dims=\"1\" decoding=\"async\" class=\"wp-image-722670 lazy pf-large-image caption-img blockImage\" src=\"https:\/\/i0.wp.com\/assets.brasildefato.com.br\/2025\/07\/bdf-20250718-180201-97262c.jpg?w=600&#038;ssl=1\" alt=\"\"  data-srcset=\"https:\/\/assets.brasildefato.com.br\/2025\/07\/bdf-20250718-180201-97262c-300x106.jpg 300w, https:\/\/assets.brasildefato.com.br\/2025\/07\/bdf-20250718-180201-97262c.jpg 628w\" data-sizes=\"(max-width: 628px) 100vw, 628px\" data-pf_style_display=\"inline\" data-pf_style_visibility=\"visible\" data-pf_rect_width=\"628\" data-pf_rect_height=\"221\" \/><figcaption class=\"wp-element-caption\" data-pf_style_display=\"block\" data-pf_style_visibility=\"visible\"><span class=\"text-node\">Reprodu\u00e7\u00e3o \/ STF<\/span><\/figcaption><\/figure>\n<p data-pf_style_display=\"block\" data-pf_style_visibility=\"visible\"><span class=\"text-node\">O valor foi transferido por pix, para financiar as a\u00e7\u00f5es de Eduardo Bolsonaro nos Estados Unidos, conforme declara\u00e7\u00e3o do pr\u00f3prio Jair Bolsonaro ao STF.<\/span><\/p>\n<p data-pf_style_display=\"block\" data-pf_style_visibility=\"visible\"><strong data-pf_style_display=\"inline\" data-pf_style_visibility=\"visible\"><span class=\"text-node\">10. Eduardo Bolsonaro publica carta com Paulo Figueiredo para justificar tarifa contra o Brasil<\/span><\/strong><\/p>\n<p data-pf_style_display=\"block\" data-pf_style_visibility=\"visible\"><span class=\"text-node\">Em postagem nas redes sociais, Eduardo Bolsonaro afirmou que a imposi\u00e7\u00e3o da tarifa de 50% pelos Estados Unidos foi resultado direto de sua atua\u00e7\u00e3o. A publica\u00e7\u00e3o foi feita em conjunto com Paulo Figueiredo, foragido da Justi\u00e7a brasileira, e integra o conjunto de provas reunidas pela Pol\u00edcia Federal.<\/span><\/p>\n<div class=\"jeg_meta_post_footer\" data-pf_style_display=\"block\" data-pf_style_visibility=\"visible\">\n<div class=\"jeg_meta_editors\" data-pf_style_display=\"block\" data-pf_style_visibility=\"visible\"><span class=\"text-node\">Editado por: Geisa Marques e Nathallia Fonseca<\/span><\/div>\n<\/div>\n<div class=\"jeg_post_tags\" data-pf_style_display=\"block\" data-pf_style_visibility=\"visible\"><span data-pf_style_display=\"inline\" data-pf_style_visibility=\"visible\"><span class=\"text-node\">Tags:<\/span><\/span> <a href=\"https:\/\/www.brasildefato.com.br\/tag\/bolsonaro-pt\/\" rel=\"tag\" data-pf_style_display=\"inline\" data-pf_style_visibility=\"visible\"><span class=\"text-node\">bolsonaro<\/span><\/a><a href=\"https:\/\/www.brasildefato.com.br\/tag\/stf-pt\/\" rel=\"tag\" data-pf_style_display=\"inline\" data-pf_style_visibility=\"visible\"><span class=\"text-node\">stf<\/span><\/a><\/div>\n","protected":false},"excerpt":{"rendered":"<p>Brasil de Fato &#8211; A decis\u00e3o do ministro Alexandre de Moraes, que imp\u00f4s medidas cautelares ao ex-presidente Jair Bolsonaro nesta sexta-feira (18), apresenta uma s\u00e9rie de epis\u00f3dios registrados em redes sociais, entrevistas e mat\u00e9rias jornal\u00edsticas. Segundo o documento, Jair e Eduardo Bolsonaro atuaram de forma coordenada para pressionar o Supremo Tribunal Federal (STF) e interferir&#8230;<a class=\"more-link\" href=\"http:\/\/blogdalucianaoliveira.com.br\/blog\/2025\/07\/18\/10-vezes-em-que-jair-e-eduardo-bolsonaro-atentaram-contra-a-justica-brasileira-e-a-soberania-nacional-segundo-o-stf\/\">Continue a leitura <span class=\"meta-nav\">&raquo;<\/span><\/a><\/p>\n","protected":false},"author":1,"featured_media":0,"comment_status":"closed","ping_status":"open","sticky":false,"template":"","format":"standard","meta":{"_exactmetrics_skip_tracking":false,"_exactmetrics_sitenote_active":false,"_exactmetrics_sitenote_note":"","_exactmetrics_sitenote_category":0,"jetpack_post_was_ever_published":false,"_jetpack_newsletter_access":"","_jetpack_dont_email_post_to_subs":false,"_jetpack_newsletter_tier_id":0,"_jetpack_memberships_contains_paywalled_content":false,"_jetpack_memberships_contains_paid_content":false,"footnotes":"","jetpack_publicize_message":"","jetpack_publicize_feature_enabled":true,"jetpack_social_post_already_shared":true,"jetpack_social_options":{"image_generator_settings":{"template":"highway","enabled":false},"version":2}},"categories":[1],"tags":[390,53,1409],"class_list":["post-37062","post","type-post","status-publish","format-standard","hentry","category-notas","tag-ataques","tag-bolsonaro","tag-soberania"],"jetpack_publicize_connections":[],"jetpack_sharing_enabled":true,"jetpack_featured_media_url":"","jetpack_shortlink":"https:\/\/wp.me\/p7wKYW-9DM","jetpack-related-posts":[],"_links":{"self":[{"href":"http:\/\/blogdalucianaoliveira.com.br\/blog\/wp-json\/wp\/v2\/posts\/37062","targetHints":{"allow":["GET"]}}],"collection":[{"href":"http:\/\/blogdalucianaoliveira.com.br\/blog\/wp-json\/wp\/v2\/posts"}],"about":[{"href":"http:\/\/blogdalucianaoliveira.com.br\/blog\/wp-json\/wp\/v2\/types\/post"}],"author":[{"embeddable":true,"href":"http:\/\/blogdalucianaoliveira.com.br\/blog\/wp-json\/wp\/v2\/users\/1"}],"replies":[{"embeddable":true,"href":"http:\/\/blogdalucianaoliveira.com.br\/blog\/wp-json\/wp\/v2\/comments?post=37062"}],"version-history":[{"count":1,"href":"http:\/\/blogdalucianaoliveira.com.br\/blog\/wp-json\/wp\/v2\/posts\/37062\/revisions"}],"predecessor-version":[{"id":37064,"href":"http:\/\/blogdalucianaoliveira.com.br\/blog\/wp-json\/wp\/v2\/posts\/37062\/revisions\/37064"}],"wp:attachment":[{"href":"http:\/\/blogdalucianaoliveira.com.br\/blog\/wp-json\/wp\/v2\/media?parent=37062"}],"wp:term":[{"taxonomy":"category","embeddable":true,"href":"http:\/\/blogdalucianaoliveira.com.br\/blog\/wp-json\/wp\/v2\/categories?post=37062"},{"taxonomy":"post_tag","embeddable":true,"href":"http:\/\/blogdalucianaoliveira.com.br\/blog\/wp-json\/wp\/v2\/tags?post=37062"}],"curies":[{"name":"wp","href":"https:\/\/api.w.org\/{rel}","templated":true}]}}