{"id":37065,"date":"2025-07-18T20:17:32","date_gmt":"2025-07-19T00:17:32","guid":{"rendered":"https:\/\/blogdalucianaoliveira.com.br\/blog\/?p=37065"},"modified":"2025-07-18T20:17:32","modified_gmt":"2025-07-19T00:17:32","slug":"toc-toc-toc-da-pf-deixa-bolsonaro-a-flor-da-pele-antes-da-cadeia","status":"publish","type":"post","link":"http:\/\/blogdalucianaoliveira.com.br\/blog\/2025\/07\/18\/toc-toc-toc-da-pf-deixa-bolsonaro-a-flor-da-pele-antes-da-cadeia\/","title":{"rendered":"\u2018Toc toc toc\u2019 da PF deixa Bolsonaro \u00e0 flor da pele antes da cadeia"},"content":{"rendered":"<p><img data-recalc-dims=\"1\" loading=\"lazy\" decoding=\"async\" data-attachment-id=\"37066\" data-permalink=\"http:\/\/blogdalucianaoliveira.com.br\/blog\/2025\/07\/18\/toc-toc-toc-da-pf-deixa-bolsonaro-a-flor-da-pele-antes-da-cadeia\/img_4441\/\" data-orig-file=\"https:\/\/i0.wp.com\/blogdalucianaoliveira.com.br\/blog\/wp-content\/uploads\/2025\/07\/IMG_4441.webp?fit=1200%2C627\" data-orig-size=\"1200,627\" data-comments-opened=\"0\" data-image-meta=\"{&quot;aperture&quot;:&quot;0&quot;,&quot;credit&quot;:&quot;&quot;,&quot;camera&quot;:&quot;&quot;,&quot;caption&quot;:&quot;&quot;,&quot;created_timestamp&quot;:&quot;0&quot;,&quot;copyright&quot;:&quot;&quot;,&quot;focal_length&quot;:&quot;0&quot;,&quot;iso&quot;:&quot;0&quot;,&quot;shutter_speed&quot;:&quot;0&quot;,&quot;title&quot;:&quot;&quot;,&quot;orientation&quot;:&quot;0&quot;}\" data-image-title=\"IMG_4441\" data-image-description=\"\" data-image-caption=\"\" data-medium-file=\"https:\/\/i0.wp.com\/blogdalucianaoliveira.com.br\/blog\/wp-content\/uploads\/2025\/07\/IMG_4441.webp?fit=300%2C157\" data-large-file=\"https:\/\/i0.wp.com\/blogdalucianaoliveira.com.br\/blog\/wp-content\/uploads\/2025\/07\/IMG_4441.webp?fit=600%2C313\" class=\"alignnone size-medium wp-image-37066\" src=\"https:\/\/i0.wp.com\/blogdalucianaoliveira.com.br\/blog\/wp-content\/uploads\/2025\/07\/IMG_4441.webp?resize=300%2C157\" alt=\"\" width=\"300\" height=\"157\" srcset=\"https:\/\/i0.wp.com\/blogdalucianaoliveira.com.br\/blog\/wp-content\/uploads\/2025\/07\/IMG_4441.webp?resize=300%2C157 300w, https:\/\/i0.wp.com\/blogdalucianaoliveira.com.br\/blog\/wp-content\/uploads\/2025\/07\/IMG_4441.webp?resize=1024%2C535 1024w, https:\/\/i0.wp.com\/blogdalucianaoliveira.com.br\/blog\/wp-content\/uploads\/2025\/07\/IMG_4441.webp?resize=768%2C401 768w, https:\/\/i0.wp.com\/blogdalucianaoliveira.com.br\/blog\/wp-content\/uploads\/2025\/07\/IMG_4441.webp?resize=574%2C300 574w, https:\/\/i0.wp.com\/blogdalucianaoliveira.com.br\/blog\/wp-content\/uploads\/2025\/07\/IMG_4441.webp?w=1200 1200w\" sizes=\"auto, (max-width: 300px) 100vw, 300px\" \/><\/p>\n<p class=\"added-to-list1\" data-pf_style_display=\"block\" data-pf_style_visibility=\"visible\"><u data-pf_style_display=\"inline\" data-pf_style_visibility=\"visible\"><span class=\"text-node\">The Intercept Brasil &#8211; Jair Bolsonaro anda \u00e0 flor da pele.<\/span><\/u><span class=\"text-node\"> Nesta semana, ele apareceu na TV aos berros, bateu boca com um jornalista, chorou no Senado e pediu para que rezassem por ele. Ainda teve o famoso \u201ctoc toc toc\u201d da Pol\u00edcia Federal na sua casa e na sede do PL em Bras\u00edlia para o fazerem usar uma tornozeleira eletr\u00f4nica.\u00a0<\/span><!--more--><\/p>\n<p class=\"added-to-list1\" data-pf_style_display=\"block\" data-pf_style_visibility=\"visible\"><span class=\"text-node\">Os dias est\u00e3o cada vez mais dif\u00edceis para o l\u00edder golpista. Al\u00e9m do medo da cadeia vindoura, ele tem visto o bolsonarismo ser espancado no debate p\u00fablico ap\u00f3s o an\u00fancio do <\/span><a href=\"https:\/\/www.intercept.com.br\/2025\/07\/12\/tarifaco-trump-estrategia-mafiosa-golpista\/\" data-pf_style_display=\"inline\" data-pf_style_visibility=\"visible\"><span class=\"text-node\">tarifa\u00e7o golpista<\/span><\/a><span class=\"text-node\"> de Donald Trump.\u00a0<\/span><\/p>\n<p class=\"added-to-list1\" data-pf_style_display=\"block\" data-pf_style_visibility=\"visible\"><span class=\"text-node\">O presidente Lula, por outro lado, passou a semana altivo e tranquilo. Discursou em defesa da soberania nacional, imitou Eduardo Bolsonaro chorando e gravou v\u00eddeo oferecendo jabuticaba para o Trump. O bolsonarismo abriu o caminho para Lula desfilar como o l\u00edder que vai defender o pa\u00eds da amea\u00e7a estrangeira. A narrativa caiu no colo do presidente.\u00a0<\/span><\/p>\n<p class=\"added-to-list1\" data-pf_style_display=\"block\" data-pf_style_visibility=\"visible\"><span class=\"text-node\">Em pronunciamento em rede nacional, Lula chamou a ofensiva de Trump de \u201cataque \u00e0 soberania nacional\u201d e os pol\u00edticos brasileiros que o apoiam de \u201ctraidores da p\u00e1tria\u201d. Disse que atuar\u00e1 para que as big techs americanas respeitem as leis brasileiras e n\u00e3o aceitar\u00e1 ataques ao Pix.<\/span><\/p>\n<p class=\"added-to-list1\" data-pf_style_display=\"block\" data-pf_style_visibility=\"visible\"><span class=\"text-node\">Lula demonstrou que h\u00e1 duas vis\u00f5es claras sobre o Brasil em jogo e s\u00f3 uma delas \u00e9 patriota. Esse deve ser um dos principais motes das pr\u00f3ximas elei\u00e7\u00f5es. E a bandeira do patriotismo, dessa vez, estar\u00e1 com as candidaturas de esquerda.\u00a0<\/span><\/p>\n<p class=\"added-to-list1\" data-pf_style_display=\"block\" data-pf_style_visibility=\"visible\"><span class=\"text-node\">A vassalagem que a fam\u00edlia Bolsonaro demonstrou nos \u00faltimos dias foi tanta que constrangeu at\u00e9 mesmo seus aliados. \u201cN\u00e3o aceito que Trump meta o bedelho\u201d, <\/span><a href=\"https:\/\/www.cartacapital.com.br\/politica\/nao-aceito-que-trump-meta-o-bedelho-diz-mourao-sobre-processo-contra-bolsonaro\/\" data-pf_style_display=\"inline\" data-pf_style_visibility=\"visible\"><span class=\"text-node\">disse<\/span><\/a><span class=\"text-node\"> o general Hamilton Mour\u00e3o. At\u00e9 os presidentes da C\u00e2mara e do Senado se viram obrigados a <\/span><a href=\"https:\/\/agenciagov.ebc.com.br\/noticias\/202507\/com-alckmin-presidentes-do-senado-e-da-camara-garantem-apoio-contra-tarifaco-2\" data-pf_style_display=\"inline\" data-pf_style_visibility=\"visible\"><span class=\"text-node\">fechar com o governo<\/span><\/a><span class=\"text-node\"> na defesa da soberania nacional. Est\u00e1 ficando dif\u00edcil sustentar o malabarismo ret\u00f3rico que justifica a bandeira do patriotismo. A imagem que fica \u00e9 a do Tio Sam querendo taxar o Pix e a 25 de mar\u00e7o enquanto os Bolsonaros balan\u00e7am o rabinho.\u00a0<\/span><\/p>\n<p class=\"added-to-list1\" data-pf_style_display=\"block\" data-pf_style_visibility=\"visible\"><span class=\"text-node\">Pouco antes do pronunciamento de Lula, Trump escreveu uma carta aberta endere\u00e7ada a Bolsonaro. Disse que o \u201cjulgamento deveria acabar imediatamente\u201d e admitiu que o tarifa\u00e7o em cima do Brasil \u00e9 uma retalia\u00e7\u00e3o pol\u00edtica \u00e0 persegui\u00e7\u00e3o que Jair estaria sofrendo de um \u201cregime rid\u00edculo de censura\u201d.\u00a0<\/span><\/p>\n<p class=\"added-to-list1\" data-pf_style_display=\"block\" data-pf_style_visibility=\"visible\"><span class=\"text-node\">Ele terminou a ladainha com uma amea\u00e7a velada: \u201ccontinuarei observando de perto\u201d. Imediatamente, Eduardo Bolsonaro, que em breve ganhar\u00e1 o status de foragido da justi\u00e7a brasileira, <\/span><a href=\"https:\/\/www.metropoles.com\/mundo\/eduardo-se-manifesta-sobre-carta-de-trump-a-bolsonaro-obrigado\" data-pf_style_display=\"inline\" data-pf_style_visibility=\"visible\"><span class=\"text-node\">apareceu<\/span><\/a><span class=\"text-node\"> pulando e fazendo festinha pro presidente americano. \u201cObrigado, senhor presidente\u201d, disse ele. O deputado ainda deixou clara a sua influ\u00eancia na publica\u00e7\u00e3o da carta: \u201cao que parece s\u00e3o as autoridades brasileiras que est\u00e3o isoladas de Donald Trump, n\u00e3o eu\u201d. \u00c9 tudo muito rid\u00edculo.<\/span><\/p>\n<p class=\"added-to-list1\" data-pf_style_display=\"block\" data-pf_style_visibility=\"visible\"><span class=\"text-node\">Depois do pronunciamento de Lula, Eduardo Bolsonaro apareceu em um novo v\u00eddeo sugerindo ser o porta-voz de poss\u00edveis amea\u00e7as b\u00e9licas de Trump. Como se j\u00e1 n\u00e3o bastasse seu irm\u00e3o Fl\u00e1vio Bolsonaro falar em \u201cbombas at\u00f4micas\u201d, Eduardo agora <\/span><a href=\"https:\/\/x.com\/pesquisas_elige\/status\/1946034715598725546\" data-pf_style_display=\"inline\" data-pf_style_visibility=\"visible\"><span class=\"text-node\">traz a imagem de um \u201cporta-avi\u00f5es\u201d<\/span><\/a><span class=\"text-node\"> americano em Bras\u00edlia. \u201cEst\u00e1 muito mais f\u00e1cil um porta-avi\u00f5es chegar no lago Parano\u00e1 \u2013 se Deus quiser, chegar\u00e1 em breve, n\u00e9? \u2013 do que voc\u00eas serem recebidos com o Alckmin nos Estados Unidos\u201d, avisou o deputado, em tom de deboche.\u00a0<\/span><\/p>\n<p class=\"added-to-list1\" data-pf_style_display=\"block\" data-pf_style_visibility=\"visible\"><span class=\"text-node\">Trata-se de uma amea\u00e7a feita com base em uma fala de Alexandre de Moraes, que <\/span><a href=\"https:\/\/www.bbc.com\/portuguese\/articles\/c9qw4x88v7jo\" data-pf_style_display=\"inline\" data-pf_style_visibility=\"visible\"><span class=\"text-node\">disse, ironicamente,<\/span><\/a><span class=\"text-node\"> que o STF s\u00f3 seria influenciado pelos EUA se eles mandassem um porta-avi\u00f5es at\u00e9 o lago Parano\u00e1. Perceba que Eduardo diz que, \u201cse Deus quiser\u201d, os EUA mandar\u00e3o tropas para Bras\u00edlia \u201cem breve\u201d. Ele declaradamente est\u00e1 torcendo para que o Brasil vire alvo de uma a\u00e7\u00e3o militar da maior pot\u00eancia b\u00e9lica do mundo. Este \u00e9 um tipo de crist\u00e3o e patriota que s\u00f3 o bolsonarismo pode produzir.<\/span><\/p>\n<p class=\"added-to-list1\" data-pf_style_display=\"block\" data-pf_style_visibility=\"visible\"><span class=\"text-node\">As <\/span><a href=\"https:\/\/veja.abril.com.br\/coluna\/radar-economico\/nova-pesquisa-revela-vitoria-de-lula-e-que-populacao-apoia-reacao-a-trump\/\" data-pf_style_display=\"inline\" data-pf_style_visibility=\"visible\"><span class=\"text-node\">pesquisas<\/span><\/a><span class=\"text-node\"> indicam que a maioria da popula\u00e7\u00e3o est\u00e1 enxergando o \u00f3bvio. Segundo a Atlas\/Intel, 62,2% dos brasileiros acreditam que as medidas de Trump contra o Brasil s\u00e3o infundadas; 61,1% acreditam que o presidente Lula representa melhor o Brasil do que o ex-presidente Bolsonaro; 60,2% avaliam como boa a pol\u00edtica externa brasileira. A popula\u00e7\u00e3o n\u00e3o comprou o barulho do bolsonarismo.<\/p>\n<p><\/span><\/p>\n<p class=\"added-to-list1\" data-pf_style_display=\"block\" data-pf_style_visibility=\"visible\"><span class=\"text-node\">Pesquisa Quaest <\/span><a href=\"https:\/\/economia.uol.com.br\/noticias\/redacao\/2025\/07\/17\/amanda-klein-governo-lula-vira-o-jogo-com-ajuda-do-tarifaco-de-trump.htm\" data-pf_style_display=\"inline\" data-pf_style_visibility=\"visible\"><span class=\"text-node\">mostrou<\/span><\/a><span class=\"text-node\"> que a dist\u00e2ncia entre desaprova\u00e7\u00e3o e aprova\u00e7\u00e3o da administra\u00e7\u00e3o petista caiu de 17 pontos para 10 pontos de maio para julho. A recupera\u00e7\u00e3o da popularidade do governo aconteceu principalmente entre a classe m\u00e9dia do Sudeste com alta escolaridade.\u00a0<\/span><\/p>\n<p class=\"added-to-list1\" data-pf_style_display=\"block\" data-pf_style_visibility=\"visible\"><span class=\"text-node\">A vassalagem da fam\u00edlia Bolsonaro est\u00e1 custando cada vez mais caro para a direita golpista. Por outro lado, o custo econ\u00f4mico e social para o Brasil tamb\u00e9m ser\u00e1 alto. Apesar de analistas indicarem que o PIB do pa\u00eds n\u00e3o deva sofrer tantos abalos com o tarifa\u00e7o, n\u00e3o h\u00e1 o que comemorar. H\u00e1 setores da economia que ir\u00e3o penar gravemente.\u00a0<\/span><\/p>\n<p class=\"added-to-list1\" data-pf_style_display=\"block\" data-pf_style_visibility=\"visible\"><span class=\"text-node\">Os produtores do polo de fruticultura do Vale do S\u00e3o Francisco, que fica entre Pernambuco e Bahia, sinalizam que <\/span><a href=\"https:\/\/noticias.uol.com.br\/colunas\/carlos-madeiro\/2025\/07\/18\/fim-de-venda-aos-eua-pode-levar-polo-de-frutas-no-sao-francisco-a-colapso.htm\" data-pf_style_display=\"inline\" data-pf_style_visibility=\"visible\"><span class=\"text-node\">haver\u00e1 um colapso<\/span><\/a><span class=\"text-node\"> nos pr\u00f3ximos meses. O tarifa\u00e7o entrar\u00e1 em vigor no mesmo m\u00eas em que se inicia o per\u00edodo de exporta\u00e7\u00e3o de manga para os EUA. A regi\u00e3o movimenta cerca de R$ 2,7 bilh\u00f5es em exporta\u00e7\u00f5es por ano, gerando\u00a0 250 mil empregos diretos e 950 mil indiretos na regi\u00e3o.\u00a0<\/span><\/p>\n<p class=\"added-to-list1\" data-pf_style_display=\"block\" data-pf_style_visibility=\"visible\"><span class=\"text-node\">Milhares de brasileiros pagar\u00e3o com seus empregos pela aventura golpista do bolsonarismo em conluio com o governo americano. Trump declarou guerra tarif\u00e1ria para o mundo inteiro, mas deixou claro que, no Brasil, o tarifa\u00e7o ser\u00e1 maior por causa de Bolsonaro.\u00a0<\/span><\/p>\n<p class=\"added-to-list1\" data-pf_style_display=\"block\" data-pf_style_visibility=\"visible\"><span class=\"text-node\">Resta saber o qu\u00e3o disposto Trump est\u00e1 para fazer o jogo do bolsonarismo dentro da pol\u00edtica interna brasileira. O custo econ\u00f4mico e social para os EUA tamb\u00e9m pode ser relevante quando a reciprocidade for implantada.<\/span><\/p>\n<div class=\"single-content px-4 px-lg-0 pf-candidate\" data-pf_style_display=\"block\" data-pf_style_visibility=\"visible\">\n<p class=\"added-to-list1\" data-pf_style_display=\"block\" data-pf_style_visibility=\"visible\"><span class=\"text-node\">No dia seguinte \u00e0 carta pat\u00e9tica de Trump e ao showzinho emotivo do ex-presidente no Senado, a Pol\u00edcia Federal fez \u201ctoc toc toc\u201d na casa de Bolsonaro e na sede do PL em Bras\u00edlia. Os policiais cumpriram mandado de busca e apreens\u00e3o determinado pelo STF e obrigaram o l\u00edder golpista a usar tornozeleira eletr\u00f4nica.\u00a0<\/span><\/p>\n<p class=\"added-to-list1\" data-pf_style_display=\"block\" data-pf_style_visibility=\"visible\"><span class=\"text-node\">Segundo apura\u00e7\u00e3o da Folha de S.Paulo, \u201cas falas do norte-americano\u201d e o \u201cdesespero\u201d demonstrado por Bolsonaro foram determinantes para que o tribunal tomasse a medida. H\u00e1 fortes ind\u00edcios de que ele preparava uma fuga para os EUA sob a ben\u00e7\u00e3o de Donald Trump.\u00a0<\/span><\/p>\n<p class=\"added-to-list1\" data-pf_style_display=\"block\" data-pf_style_visibility=\"visible\"><span class=\"text-node\">A medida do STF \u00e9 um recado claro do estado brasileiro para os golpistas de c\u00e1 e de l\u00e1: a soberania do Brasil \u00e9 inegoci\u00e1vel. Enganou-se quem pensou que o pa\u00eds iria se curvar facilmente, como se fosse uma republiqueta das bananas.\u00a0<\/span><\/p>\n<p class=\"added-to-list1\" data-pf_style_display=\"block\" data-pf_style_visibility=\"visible\"><span class=\"text-node\">A bola agora est\u00e1 de volta no campo de Trump. Ele ir\u00e1 continuar puxando essa corda, que s\u00f3 prejudica a economia dos dois pa\u00edses, para defender a anistia de Bolsonaro? Trump \u00e9 imprevis\u00edvel, mas \u00e9 dif\u00edcil acreditar que ele seja primitivo a esse ponto.\u00a0<\/span><\/p>\n<p class=\"added-to-list1\" data-pf_style_display=\"block\" data-pf_style_visibility=\"visible\"><span class=\"text-node\">O que o americano far\u00e1 agora que Bolsonaro \u00e9 o mais novo usu\u00e1rio de tornozeleira eletr\u00f4nica? Aumentar\u00e1 o tarifa\u00e7o para 100%? Mandar\u00e1 o porta-avi\u00f5es desejado por Eduardo? Jogar\u00e1 as bombas at\u00f4micas de Fl\u00e1vio? Ou largar\u00e1 os Bolsonaros feridos na estrada? Aguardemos as cenas dos pr\u00f3ximos cap\u00edtulos.<\/span><\/p>\n<\/div>\n<section class=\"single-content-apoie-lg g-col-12 container-lg d-flex flex-column align-items-start bg-gray-50 mx-md-0 my-6 py-5 ps-4 ps-lg-0 pe-5 added-to-list1\" data-pf_style_display=\"flex\" data-pf_style_visibility=\"visible\">&nbsp;<\/p>\n<\/section>\n","protected":false},"excerpt":{"rendered":"<p>The Intercept Brasil &#8211; Jair Bolsonaro anda \u00e0 flor da pele. Nesta semana, ele apareceu na TV aos berros, bateu boca com um jornalista, chorou no Senado e pediu para que rezassem por ele. Ainda teve o famoso \u201ctoc toc toc\u201d da Pol\u00edcia Federal na sua casa e na sede do PL em Bras\u00edlia para&#8230;<a class=\"more-link\" href=\"http:\/\/blogdalucianaoliveira.com.br\/blog\/2025\/07\/18\/toc-toc-toc-da-pf-deixa-bolsonaro-a-flor-da-pele-antes-da-cadeia\/\">Continue a leitura <span class=\"meta-nav\">&raquo;<\/span><\/a><\/p>\n","protected":false},"author":1,"featured_media":0,"comment_status":"closed","ping_status":"open","sticky":false,"template":"","format":"standard","meta":{"_exactmetrics_skip_tracking":false,"_exactmetrics_sitenote_active":false,"_exactmetrics_sitenote_note":"","_exactmetrics_sitenote_category":0,"jetpack_post_was_ever_published":false,"_jetpack_newsletter_access":"","_jetpack_dont_email_post_to_subs":false,"_jetpack_newsletter_tier_id":0,"_jetpack_memberships_contains_paywalled_content":false,"_jetpack_memberships_contains_paid_content":false,"footnotes":"","jetpack_publicize_message":"","jetpack_publicize_feature_enabled":true,"jetpack_social_post_already_shared":true,"jetpack_social_options":{"image_generator_settings":{"template":"highway","enabled":false},"version":2}},"categories":[1],"tags":[],"class_list":["post-37065","post","type-post","status-publish","format-standard","hentry","category-notas"],"jetpack_publicize_connections":[],"jetpack_sharing_enabled":true,"jetpack_featured_media_url":"","jetpack_shortlink":"https:\/\/wp.me\/p7wKYW-9DP","jetpack-related-posts":[],"_links":{"self":[{"href":"http:\/\/blogdalucianaoliveira.com.br\/blog\/wp-json\/wp\/v2\/posts\/37065","targetHints":{"allow":["GET"]}}],"collection":[{"href":"http:\/\/blogdalucianaoliveira.com.br\/blog\/wp-json\/wp\/v2\/posts"}],"about":[{"href":"http:\/\/blogdalucianaoliveira.com.br\/blog\/wp-json\/wp\/v2\/types\/post"}],"author":[{"embeddable":true,"href":"http:\/\/blogdalucianaoliveira.com.br\/blog\/wp-json\/wp\/v2\/users\/1"}],"replies":[{"embeddable":true,"href":"http:\/\/blogdalucianaoliveira.com.br\/blog\/wp-json\/wp\/v2\/comments?post=37065"}],"version-history":[{"count":1,"href":"http:\/\/blogdalucianaoliveira.com.br\/blog\/wp-json\/wp\/v2\/posts\/37065\/revisions"}],"predecessor-version":[{"id":37067,"href":"http:\/\/blogdalucianaoliveira.com.br\/blog\/wp-json\/wp\/v2\/posts\/37065\/revisions\/37067"}],"wp:attachment":[{"href":"http:\/\/blogdalucianaoliveira.com.br\/blog\/wp-json\/wp\/v2\/media?parent=37065"}],"wp:term":[{"taxonomy":"category","embeddable":true,"href":"http:\/\/blogdalucianaoliveira.com.br\/blog\/wp-json\/wp\/v2\/categories?post=37065"},{"taxonomy":"post_tag","embeddable":true,"href":"http:\/\/blogdalucianaoliveira.com.br\/blog\/wp-json\/wp\/v2\/tags?post=37065"}],"curies":[{"name":"wp","href":"https:\/\/api.w.org\/{rel}","templated":true}]}}