{"id":37068,"date":"2025-07-21T07:56:24","date_gmt":"2025-07-21T11:56:24","guid":{"rendered":"https:\/\/blogdalucianaoliveira.com.br\/blog\/?p=37068"},"modified":"2025-07-21T07:56:24","modified_gmt":"2025-07-21T11:56:24","slug":"bullying-de-trump-contra-brasil-esta-saindo-pela-culatra-diz-jornal-americano-washington-post","status":"publish","type":"post","link":"http:\/\/blogdalucianaoliveira.com.br\/blog\/2025\/07\/21\/bullying-de-trump-contra-brasil-esta-saindo-pela-culatra-diz-jornal-americano-washington-post\/","title":{"rendered":"&#8216;Bullying de Trump contra Brasil est\u00e1 saindo pela culatra&#8217;, diz jornal americano Washington Post"},"content":{"rendered":"<p><img data-recalc-dims=\"1\" loading=\"lazy\" decoding=\"async\" data-attachment-id=\"37069\" data-permalink=\"http:\/\/blogdalucianaoliveira.com.br\/blog\/2025\/07\/21\/bullying-de-trump-contra-brasil-esta-saindo-pela-culatra-diz-jornal-americano-washington-post\/img_4506\/\" data-orig-file=\"https:\/\/i0.wp.com\/blogdalucianaoliveira.com.br\/blog\/wp-content\/uploads\/2025\/07\/IMG_4506.webp?fit=800%2C450\" data-orig-size=\"800,450\" data-comments-opened=\"0\" data-image-meta=\"{&quot;aperture&quot;:&quot;0&quot;,&quot;credit&quot;:&quot;&quot;,&quot;camera&quot;:&quot;&quot;,&quot;caption&quot;:&quot;&quot;,&quot;created_timestamp&quot;:&quot;0&quot;,&quot;copyright&quot;:&quot;&quot;,&quot;focal_length&quot;:&quot;0&quot;,&quot;iso&quot;:&quot;0&quot;,&quot;shutter_speed&quot;:&quot;0&quot;,&quot;title&quot;:&quot;&quot;,&quot;orientation&quot;:&quot;0&quot;}\" data-image-title=\"IMG_4506\" data-image-description=\"\" data-image-caption=\"\" data-medium-file=\"https:\/\/i0.wp.com\/blogdalucianaoliveira.com.br\/blog\/wp-content\/uploads\/2025\/07\/IMG_4506.webp?fit=300%2C169\" data-large-file=\"https:\/\/i0.wp.com\/blogdalucianaoliveira.com.br\/blog\/wp-content\/uploads\/2025\/07\/IMG_4506.webp?fit=600%2C338\" class=\"alignnone size-medium wp-image-37069\" src=\"https:\/\/i0.wp.com\/blogdalucianaoliveira.com.br\/blog\/wp-content\/uploads\/2025\/07\/IMG_4506.webp?resize=300%2C169\" alt=\"\" width=\"300\" height=\"169\" srcset=\"https:\/\/i0.wp.com\/blogdalucianaoliveira.com.br\/blog\/wp-content\/uploads\/2025\/07\/IMG_4506.webp?resize=300%2C169 300w, https:\/\/i0.wp.com\/blogdalucianaoliveira.com.br\/blog\/wp-content\/uploads\/2025\/07\/IMG_4506.webp?resize=768%2C432 768w, https:\/\/i0.wp.com\/blogdalucianaoliveira.com.br\/blog\/wp-content\/uploads\/2025\/07\/IMG_4506.webp?resize=533%2C300 533w, https:\/\/i0.wp.com\/blogdalucianaoliveira.com.br\/blog\/wp-content\/uploads\/2025\/07\/IMG_4506.webp?w=800 800w\" sizes=\"auto, (max-width: 300px) 100vw, 300px\" \/><\/p>\n<div class=\"bbc-19j92fr ebmt73l0\" dir=\"ltr\">\n<p class=\"bbc-hhl7in e17g058b0\" dir=\"ltr\">BBC &#8211; Um artigo do jornal americano The Washington Post publicado no domingo (21\/07) afirma que o &#8220;bullying praticado por [Donald] Trump contra o Brasil est\u00e1 saindo pela culatra&#8221; \u2014 em refer\u00eancia ao <a class=\"focusIndicatorReducedWidth bbc-n8oauk e1p3sufg0\" href=\"https:\/\/www.bbc.com\/portuguese\/articles\/c1k8lp00xe4o\">an\u00fancio de tarifas de 50% contra produtos brasileiros nos Estados Unidos<\/a> feito em protesto contra o julgamento de Jair Bolsonaro no Supremo Tribunal Federal brasileiro.<\/p>\n<\/div>\n<p><!--more--><\/p>\n<div class=\"bbc-19j92fr ebmt73l0\" dir=\"ltr\">\n<p class=\"bbc-hhl7in e17g058b0\" dir=\"ltr\">O artigo, que \u00e9 assinado pelo colunista de assuntos internacionais do jornal Ishaan Tharoor, afirma que a demonstra\u00e7\u00e3o de for\u00e7a do governo americano acabou fortalecendo o presidente brasileiro, Luiz In\u00e1cio Lula da Silva (PT), que vem <a class=\"focusIndicatorReducedWidth bbc-n8oauk e1p3sufg0\" href=\"https:\/\/www.bbc.com\/portuguese\/articles\/cvg14jje1ydo\">ganhando popularidade com o epis\u00f3dio<\/a> e at\u00e9 mesmo apoio de parte das elites do pa\u00eds.<\/p>\n<\/div>\n<div class=\"bbc-19j92fr ebmt73l0\" dir=\"ltr\">\n<p class=\"bbc-hhl7in e17g058b0\" dir=\"ltr\">Tharoor afirma que &#8220;as amea\u00e7as tarif\u00e1rias de Trump levaram outros pa\u00edses da regi\u00e3o a se curvarem a Washington&#8221;, mas que &#8220;a economia brasileira \u00e9 maior e mais diversificada do que a de seus vizinhos&#8221; e que <a class=\"focusIndicatorReducedWidth bbc-n8oauk e1p3sufg0\" href=\"https:\/\/www.bbc.com\/portuguese\/articles\/c75r0d6dkl5o\">Lula viu na crise uma oportunidade para travar um embate com os EUA<\/a>.<\/p>\n<\/div>\n<div class=\"bbc-19j92fr ebmt73l0\" dir=\"ltr\">\n<p class=\"bbc-hhl7in e17g058b0\" dir=\"ltr\">Segundo o jornal americano, a disputa diplom\u00e1tica entre os EUA e o Brasil n\u00e3o est\u00e1 caminhando para um desfecho r\u00e1pido, j\u00e1 que ambos os pa\u00edses est\u00e3o aumentando a intensidade de suas medidas.<\/p>\n<p dir=\"ltr\">Na sexta-feira passada, <a class=\"focusIndicatorReducedWidth bbc-n8oauk e1p3sufg0\" href=\"https:\/\/www.bbc.com\/portuguese\/articles\/c3enkxg5q1ko\">sob ordens do ministro do STF Alexandre de Moraes,<\/a> a Pol\u00edcia Federal fez buscas em endere\u00e7os de Jair Bolsonaro. O ex-presidente recebeu uma <a class=\"focusIndicatorReducedWidth bbc-n8oauk e1p3sufg0\" href=\"https:\/\/www.bbc.com\/portuguese\/articles\/c75rgg0x7w4o\">tornozeleira eletr\u00f4nica<\/a> e est\u00e1 impedido de deixar sua casa em determinados hor\u00e1rios. Ele tamb\u00e9m n\u00e3o pode fazer contato com envolvidos nas investiga\u00e7\u00f5es sobre suposto golpe de Estado ou com diplomatas de outros pa\u00edses.<\/p>\n<div class=\"bbc-19j92fr ebmt73l0\" dir=\"ltr\">\n<p class=\"bbc-hhl7in e17g058b0\" dir=\"ltr\">Os EUA reagiram no mesmo dia <a class=\"focusIndicatorReducedWidth bbc-n8oauk e1p3sufg0\" href=\"https:\/\/www.bbc.com\/portuguese\/articles\/c3vd0g92053o\">suspendendo o visto de entrada no pa\u00eds de Moraes<\/a>, alegando uma &#8220;ca\u00e7a \u00e0s bruxas pol\u00edtica&#8221; do STF contra Bolsonaro.<\/p>\n<\/div>\n<div class=\"bbc-19j92fr ebmt73l0\" dir=\"ltr\">\n<p class=\"bbc-hhl7in e17g058b0\" dir=\"ltr\">Fontes diplom\u00e1ticas que falaram sob condi\u00e7\u00e3o de anonimato ao Washington Post criticaram Trump pelas medidas contra o Brasil.<\/p>\n<p dir=\"ltr\">&#8220;\u00c9 dif\u00edcil conceber uma a\u00e7\u00e3o que o governo Trump possa tomar na rela\u00e7\u00e3o EUA-Brasil que seja mais prejudicial \u00e0 credibilidade dos EUA na promo\u00e7\u00e3o da democracia do que sancionar um juiz da Suprema Corte de um pa\u00eds estrangeiro por n\u00e3o gostarmos de suas posi\u00e7\u00f5es jur\u00eddicas&#8221;, disse uma autoridade do Departamento de Estado americano, segundo o Washington Post.<\/p>\n<div class=\"bbc-19j92fr ebmt73l0\" dir=\"ltr\">\n<p class=\"bbc-hhl7in e17g058b0\" dir=\"ltr\">O jornal da capital americana tamb\u00e9m destaca o fortalecimento de Lula na crise com os EUA.<\/p>\n<\/div>\n<div class=\"bbc-19j92fr ebmt73l0\" dir=\"ltr\">\n<p class=\"bbc-hhl7in e17g058b0\" dir=\"ltr\">&#8220;Para Lula, cujos aliados de esquerda enfrentam uma elei\u00e7\u00e3o dif\u00edcil em 2026, o momento \u00e9 uma b\u00ean\u00e7\u00e3o. Pesquisas mostram um apoio renovado ao seu governo diante da intimida\u00e7\u00e3o americana provocada por Bolsonaro. As tarifas tamb\u00e9m prejudicam os interesses das elites empresariais, que costumam ser os maiores incentivadores da oposi\u00e7\u00e3o conservadora a Lula&#8221;, afirma o artigo do jornal americano.<\/p>\n<\/div>\n<div class=\"bbc-19j92fr ebmt73l0\" dir=\"ltr\">\n<p class=\"bbc-hhl7in e17g058b0\" dir=\"ltr\">O Washington Post tamb\u00e9m cita uma fonte diplom\u00e1tica brasileira que, sob anonimato, disse que &#8220;o Papai Noel chegou cedo para o presidente Lula, e o presente foi enviado por Trump por meio desse ataque atrapalhado \u00e0 soberania do Brasil&#8221;.<\/p>\n<\/div>\n<div class=\"bbc-19j92fr ebmt73l0\" dir=\"ltr\">\n<p class=\"bbc-hhl7in e17g058b0\" dir=\"ltr\">As tarifas anunciadas por Trump no dia 9 de julho devem entrar em vigor em 1\u00ba de agosto. Os EUA s\u00e3o o <a class=\"focusIndicatorReducedWidth bbc-n8oauk e1p3sufg0\" href=\"https:\/\/www.bbc.com\/portuguese\/articles\/cwyg9nvnldpo\">terceiro maior parceiro comercial do Brasil<\/a>, atr\u00e1s apenas de China e Uni\u00e3o Europeia.<\/p>\n<\/div>\n<div class=\"bbc-19j92fr ebmt73l0\" dir=\"ltr\">\n<p class=\"bbc-hhl7in e17g058b0\" dir=\"ltr\">Autoridades do governo brasileiro e analistas disseram \u00e0 BBC News Brasil que, diante do agravamento da crise pol\u00edtica entre os pa\u00edses, <a class=\"focusIndicatorReducedWidth bbc-n8oauk e1p3sufg0\" href=\"https:\/\/www.bbc.com\/portuguese\/articles\/cy5wz7vnz5yo\">\u00e9 pouco prov\u00e1vel que o governo dos EUA recue nas tarifas<\/a> \u2014 como foi feito em <a class=\"focusIndicatorReducedWidth bbc-n8oauk e1p3sufg0\" href=\"https:\/\/www.bbc.com\/portuguese\/articles\/c98jvvzv7mno\">outros epis\u00f3dios recentes envolvendo amea\u00e7as tarif\u00e1rias a outras na\u00e7\u00f5es<\/a>.<\/p>\n<\/div>\n<\/div>\n<\/div>\n","protected":false},"excerpt":{"rendered":"<p>BBC &#8211; Um artigo do jornal americano The Washington Post publicado no domingo (21\/07) afirma que o &#8220;bullying praticado por [Donald] Trump contra o Brasil est\u00e1 saindo pela culatra&#8221; \u2014 em refer\u00eancia ao an\u00fancio de tarifas de 50% contra produtos brasileiros nos Estados Unidos feito em protesto contra o julgamento de Jair Bolsonaro no Supremo&#8230;<a class=\"more-link\" href=\"http:\/\/blogdalucianaoliveira.com.br\/blog\/2025\/07\/21\/bullying-de-trump-contra-brasil-esta-saindo-pela-culatra-diz-jornal-americano-washington-post\/\">Continue a leitura <span class=\"meta-nav\">&raquo;<\/span><\/a><\/p>\n","protected":false},"author":1,"featured_media":0,"comment_status":"closed","ping_status":"open","sticky":false,"template":"","format":"standard","meta":{"_exactmetrics_skip_tracking":false,"_exactmetrics_sitenote_active":false,"_exactmetrics_sitenote_note":"","_exactmetrics_sitenote_category":0,"jetpack_post_was_ever_published":false,"_jetpack_newsletter_access":"","_jetpack_dont_email_post_to_subs":false,"_jetpack_newsletter_tier_id":0,"_jetpack_memberships_contains_paywalled_content":false,"_jetpack_memberships_contains_paid_content":false,"footnotes":"","jetpack_publicize_message":"","jetpack_publicize_feature_enabled":true,"jetpack_social_post_already_shared":true,"jetpack_social_options":{"image_generator_settings":{"template":"highway","enabled":false},"version":2}},"categories":[1],"tags":[304,78,1410,220],"class_list":["post-37068","post","type-post","status-publish","format-standard","hentry","category-notas","tag-eua","tag-lula","tag-sancao","tag-trump"],"jetpack_publicize_connections":[],"jetpack_sharing_enabled":true,"jetpack_featured_media_url":"","jetpack_shortlink":"https:\/\/wp.me\/p7wKYW-9DS","jetpack-related-posts":[],"_links":{"self":[{"href":"http:\/\/blogdalucianaoliveira.com.br\/blog\/wp-json\/wp\/v2\/posts\/37068","targetHints":{"allow":["GET"]}}],"collection":[{"href":"http:\/\/blogdalucianaoliveira.com.br\/blog\/wp-json\/wp\/v2\/posts"}],"about":[{"href":"http:\/\/blogdalucianaoliveira.com.br\/blog\/wp-json\/wp\/v2\/types\/post"}],"author":[{"embeddable":true,"href":"http:\/\/blogdalucianaoliveira.com.br\/blog\/wp-json\/wp\/v2\/users\/1"}],"replies":[{"embeddable":true,"href":"http:\/\/blogdalucianaoliveira.com.br\/blog\/wp-json\/wp\/v2\/comments?post=37068"}],"version-history":[{"count":1,"href":"http:\/\/blogdalucianaoliveira.com.br\/blog\/wp-json\/wp\/v2\/posts\/37068\/revisions"}],"predecessor-version":[{"id":37070,"href":"http:\/\/blogdalucianaoliveira.com.br\/blog\/wp-json\/wp\/v2\/posts\/37068\/revisions\/37070"}],"wp:attachment":[{"href":"http:\/\/blogdalucianaoliveira.com.br\/blog\/wp-json\/wp\/v2\/media?parent=37068"}],"wp:term":[{"taxonomy":"category","embeddable":true,"href":"http:\/\/blogdalucianaoliveira.com.br\/blog\/wp-json\/wp\/v2\/categories?post=37068"},{"taxonomy":"post_tag","embeddable":true,"href":"http:\/\/blogdalucianaoliveira.com.br\/blog\/wp-json\/wp\/v2\/tags?post=37068"}],"curies":[{"name":"wp","href":"https:\/\/api.w.org\/{rel}","templated":true}]}}