{"id":37071,"date":"2025-07-21T08:09:27","date_gmt":"2025-07-21T12:09:27","guid":{"rendered":"https:\/\/blogdalucianaoliveira.com.br\/blog\/?p=37071"},"modified":"2025-07-21T08:09:27","modified_gmt":"2025-07-21T12:09:27","slug":"congresso-distribui-menos-emendas-a-cidades-que-mais-precisam","status":"publish","type":"post","link":"http:\/\/blogdalucianaoliveira.com.br\/blog\/2025\/07\/21\/congresso-distribui-menos-emendas-a-cidades-que-mais-precisam\/","title":{"rendered":"Congresso distribui menos emendas a cidades que mais precisam"},"content":{"rendered":"<p><img data-recalc-dims=\"1\" loading=\"lazy\" decoding=\"async\" data-attachment-id=\"37072\" data-permalink=\"http:\/\/blogdalucianaoliveira.com.br\/blog\/2025\/07\/21\/congresso-distribui-menos-emendas-a-cidades-que-mais-precisam\/img_4508\/\" data-orig-file=\"https:\/\/i0.wp.com\/blogdalucianaoliveira.com.br\/blog\/wp-content\/uploads\/2025\/07\/IMG_4508.webp?fit=300%2C300\" data-orig-size=\"300,300\" data-comments-opened=\"0\" data-image-meta=\"{&quot;aperture&quot;:&quot;0&quot;,&quot;credit&quot;:&quot;&quot;,&quot;camera&quot;:&quot;&quot;,&quot;caption&quot;:&quot;&quot;,&quot;created_timestamp&quot;:&quot;0&quot;,&quot;copyright&quot;:&quot;&quot;,&quot;focal_length&quot;:&quot;0&quot;,&quot;iso&quot;:&quot;0&quot;,&quot;shutter_speed&quot;:&quot;0&quot;,&quot;title&quot;:&quot;&quot;,&quot;orientation&quot;:&quot;0&quot;}\" data-image-title=\"IMG_4508\" data-image-description=\"\" data-image-caption=\"\" data-medium-file=\"https:\/\/i0.wp.com\/blogdalucianaoliveira.com.br\/blog\/wp-content\/uploads\/2025\/07\/IMG_4508.webp?fit=300%2C300\" data-large-file=\"https:\/\/i0.wp.com\/blogdalucianaoliveira.com.br\/blog\/wp-content\/uploads\/2025\/07\/IMG_4508.webp?fit=300%2C300\" class=\"alignnone size-full wp-image-37072\" src=\"https:\/\/i0.wp.com\/blogdalucianaoliveira.com.br\/blog\/wp-content\/uploads\/2025\/07\/IMG_4508.webp?resize=300%2C300\" alt=\"\" width=\"300\" height=\"300\" srcset=\"https:\/\/i0.wp.com\/blogdalucianaoliveira.com.br\/blog\/wp-content\/uploads\/2025\/07\/IMG_4508.webp?w=300 300w, https:\/\/i0.wp.com\/blogdalucianaoliveira.com.br\/blog\/wp-content\/uploads\/2025\/07\/IMG_4508.webp?resize=150%2C150 150w\" sizes=\"auto, (max-width: 300px) 100vw, 300px\" \/><\/p>\n<p class=\"bullet mt-0 added-to-list1\" data-v-232111b4=\"\" data-pf_style_display=\"block\" data-pf_style_visibility=\"visible\"><span class=\"text-node\">UOL, por Tiago Mali &#8211; A distribui\u00e7\u00e3o de emendas parlamentares nos \u00faltimos cinco anos foi feita de uma forma que ignorou o n\u00edvel de necessidades das cidades.<\/span><!--more--><\/p>\n<p class=\"bullet added-to-list1\" data-v-232111b4=\"\" data-pf_style_display=\"block\" data-pf_style_visibility=\"visible\"><span class=\"text-node\">Munic\u00edpios com graves problemas de infraestrutura e pobreza receberam menos recursos por habitante do que cidades com caracter\u00edsticas semelhantes e melhores \u00edndices de desenvolvimento.<\/span><\/p>\n<div data-metric-slot=\"text-2\" data-nosnippet=\"\" data-v-232111b4=\"\" data-pf_style_display=\"block\" data-pf_style_visibility=\"visible\">\n<p class=\"my-250 added-to-list1\"><span class=\"text-node\">Esta \u00e9 a conclus\u00e3o de levantamento do <\/span><strong data-pf_style_display=\"inline\" data-pf_style_visibility=\"visible\"><span class=\"text-node\">UOL<\/span><\/strong><span class=\"text-node\"> sobre a distribui\u00e7\u00e3o de R$ 106 bilh\u00f5es de pagamentos em emendas diretamente a munic\u00edpios, de janeiro de 2020 a maio de 2025, per\u00edodo em que os recursos atingiram o maior montante da s\u00e9rie hist\u00f3rica.<\/span><\/p>\n<\/div>\n<p class=\"bullet mt-0 added-to-list1\" data-v-232111b4=\"\" data-pf_style_display=\"block\" data-pf_style_visibility=\"visible\"><span class=\"text-node\">O quadro acima contrasta com o que tem dito o presidente da C\u00e2mara Hugo Motta (Republicanos-PB), nas ocasi\u00f5es em que defende as emendas contra o que chama de &#8220;criminaliza\u00e7\u00e3o do instrumento&#8221;.<\/span><\/p>\n<div data-metric-slot=\"text-4\" data-nosnippet=\"\" data-v-232111b4=\"\" data-pf_style_display=\"block\" data-pf_style_visibility=\"visible\">\n<p class=\"my-250 added-to-list1\">\n<p class=\"my-250 added-to-list1\">\n<\/div>\n<p class=\"bullet added-to-list1\" data-v-232111b4=\"\" data-pf_style_display=\"block\" data-pf_style_visibility=\"visible\"><span class=\"text-node\">Em 7 de abril, por exemplo, ele afirmou, durante fala na Associa\u00e7\u00e3o Comercial de S\u00e3o Paulo, que as emendas <\/span><a href=\"https:\/\/www.youtube.com\/live\/roP07GWmw9Y?t=10202s\" data-pf_style_display=\"inline\" data-pf_style_visibility=\"visible\"><span class=\"text-node\">d\u00e3o ao Congresso &#8220;a capacidade de poder fazer justi\u00e7a e levar [recursos] a quem mais precisa<\/span><\/a><span class=\"text-node\">, aos rinc\u00f5es do Brasil, atendendo \u00e0 necessidade da nossa popula\u00e7\u00e3o&#8221;.<\/span><\/p>\n<div data-metric-slot=\"text-5\" data-nosnippet=\"\" data-v-232111b4=\"\" data-pf_style_display=\"block\" data-pf_style_visibility=\"visible\">\n<p class=\"my-250 added-to-list1\">\n<\/div>\n<p class=\"bullet added-to-list1\" data-v-232111b4=\"\" data-pf_style_display=\"block\" data-pf_style_visibility=\"visible\"><span class=\"text-node\">A an\u00e1lise do <\/span><strong data-pf_style_display=\"inline\" data-pf_style_visibility=\"visible\"><span class=\"text-node\">UOL<\/span><\/strong><span class=\"text-node\"> mostra que as emendas nesses \u00faltimos cinco anos chegaram, sim, a praticamente todos os munic\u00edpios brasileiros. A quantidade recebida por cada um, por\u00e9m, n\u00e3o apresenta conex\u00e3o com seus indicadores de desenvolvimento \u2014formados por dados de sa\u00fade, educa\u00e7\u00e3o, renda e infraestrutura.<\/span><\/p>\n<div data-metric-slot=\"text-6\" data-nosnippet=\"\" data-v-232111b4=\"\" data-pf_style_display=\"block\" data-pf_style_visibility=\"visible\">\n<p class=\"my-250 added-to-list1\">\n<\/div>\n<p class=\"bullet added-to-list1\" data-v-232111b4=\"\" data-pf_style_display=\"block\" data-pf_style_visibility=\"visible\"><span class=\"text-node\">Com a orienta\u00e7\u00e3o de cientistas pol\u00edticos, a reportagem calculou a correla\u00e7\u00e3o entre o volume de emendas por habitante de cada munic\u00edpio e dois \u00edndices que medem o desenvolvimento do munic\u00edpio: o IFDM (\u00cdndice Firjan de Desenvolvimento Municipal) e o IPS (\u00cdndice de Progresso Social).<\/span><\/p>\n<p class=\"bullet added-to-list1\" data-v-232111b4=\"\" data-pf_style_display=\"block\" data-pf_style_visibility=\"visible\"><span class=\"text-node\">A correla\u00e7\u00e3o \u00e9 uma medida de 0 a 1, que mostra como as vari\u00e1veis se comportam juntas.<\/span><\/p>\n<p class=\"bullet added-to-list1\" data-v-232111b4=\"\" data-pf_style_display=\"block\" data-pf_style_visibility=\"visible\"><span class=\"text-node\">Quando n\u00e3o h\u00e1 rela\u00e7\u00e3o entre as vari\u00e1veis, o valor fica pr\u00f3ximo de zero.<\/span><\/p>\n<p class=\"bullet mt-0 added-to-list1\" data-v-232111b4=\"\" data-pf_style_display=\"block\" data-pf_style_visibility=\"visible\"><span class=\"text-node\">Se as emendas fossem distribu\u00eddas de acordo com o crit\u00e9rio de indicadores de desenvolvimento, a correla\u00e7\u00e3o estaria pr\u00f3xima de 1.<\/span><\/p>\n<p class=\"bullet added-to-list1\" data-v-232111b4=\"\" data-pf_style_display=\"block\" data-pf_style_visibility=\"visible\"><span class=\"text-node\">A an\u00e1lise dos pagamentos nos \u00faltimos anos mostra, no entanto, uma correla\u00e7\u00e3o inferior a 0,3 para ambos os \u00edndices.<\/span><\/p>\n<p class=\"bullet added-to-list1\" data-v-232111b4=\"\" data-pf_style_display=\"block\" data-pf_style_visibility=\"visible\"><span class=\"text-node\">Isso indica que o n\u00edvel de desenvolvimento de uma cidade, conforme esses indicadores, pouco influenciou o montante de emendas que recebeu.<\/span><\/p>\n<p class=\"bullet added-to-list1\" data-v-232111b4=\"\" data-pf_style_display=\"block\" data-pf_style_visibility=\"visible\"><span class=\"text-node\">Essa situa\u00e7\u00e3o \u00e9 diferente do que ocorre com outras pol\u00edticas p\u00fablicas geridas pelo governo federal.<\/span><\/p>\n<p class=\"bullet added-to-list1\" data-v-232111b4=\"\" data-pf_style_display=\"block\" data-pf_style_visibility=\"visible\"><span class=\"text-node\">Por exemplo, programas como o Bolsa Fam\u00edlia (0,8) e o Fundeb (0,6) apresentam uma correla\u00e7\u00e3o elevada com os mesmos indicadores de desenvolvimento.<\/span><\/p>\n<p class=\"bullet added-to-list1\" data-v-232111b4=\"\" data-pf_style_display=\"block\" data-pf_style_visibility=\"visible\"><span class=\"text-node\">Em outras palavras, quanto menos desenvolvida a cidade, mais recursos ela recebe desses programas.<\/span><\/p>\n<p class=\"bullet mt-0 added-to-list1\" data-v-232111b4=\"\" data-pf_style_display=\"block\" data-pf_style_visibility=\"visible\"><span class=\"text-node\">O <\/span><strong data-pf_style_display=\"inline\" data-pf_style_visibility=\"visible\"><span class=\"text-node\">UOL<\/span><\/strong><span class=\"text-node\"> tamb\u00e9m calculou como teria sido a distribui\u00e7\u00e3o dos recursos se houvesse uma rela\u00e7\u00e3o perfeita entre a necessidade (medida pelo IFDM) e a distribui\u00e7\u00e3o de emendas.<\/span><\/p>\n<p class=\"bullet added-to-list1\" data-v-232111b4=\"\" data-pf_style_display=\"block\" data-pf_style_visibility=\"visible\"><span class=\"text-node\">Caso a divis\u00e3o de recursos tivesse sido feita seguindo o indicador, 4.001 dos 5.571 munic\u00edpios brasileiros teriam recebido mais recursos.<\/span><\/p>\n<p class=\"bullet added-to-list1\" data-v-232111b4=\"\" data-pf_style_display=\"block\" data-pf_style_visibility=\"visible\"><span class=\"text-node\">Ou seja, a distribui\u00e7\u00e3o do dinheiro por crit\u00e9rios pol\u00edticos concentrou verbas num n\u00famero menor de cidades.<\/span><\/p>\n<h2 class=\"bullet\" data-v-232111b4=\"\" data-pf_style_display=\"block\" data-pf_style_visibility=\"visible\"><span class=\"text-node\">Primeira distor\u00e7\u00e3o: presen\u00e7a ou n\u00e3o de &#8216;padrinho&#8217;<\/span><\/h2>\n<p class=\"bullet added-to-list1\" data-v-232111b4=\"\" data-pf_style_display=\"block\" data-pf_style_visibility=\"visible\"><span class=\"text-node\">Mon\u00e7\u00e3o (MA) tem 27 mil habitantes e recebeu R$ 464 em emendas por morador, desde 2020.<\/span><\/p>\n<p class=\"bullet added-to-list1\" data-v-232111b4=\"\" data-pf_style_display=\"block\" data-pf_style_visibility=\"visible\"><span class=\"text-node\">A maior parte da popula\u00e7\u00e3o vive na zona rural, com estradas prec\u00e1rias. Nos per\u00edodos de chuva mais forte as crian\u00e7as n\u00e3o conseguem se deslocar at\u00e9 a escola.<\/span><\/p>\n<p class=\"bullet mt-0 added-to-list1\" data-v-232111b4=\"\" data-pf_style_display=\"block\" data-pf_style_visibility=\"visible\"><span class=\"text-node\">Pelo menos 40% das comunidades no munic\u00edpio n\u00e3o t\u00eam \u00e1gua encanada, segundo o presidente da C\u00e2mara, Da\u00e9rlio Oliveira (ML).<\/span><\/p>\n<p class=\"bullet added-to-list1\" data-v-232111b4=\"\" data-pf_style_display=\"block\" data-pf_style_visibility=\"visible\"><span class=\"text-node\">Z\u00e9 Doca (MA), cidade a duas horas dali, recebeu R$ 2.950 em emendas por morador \u2014 seis vezes o valor per capita de Mon\u00e7\u00e3o.<\/span><\/p>\n<p class=\"bullet added-to-list1\" data-v-232111b4=\"\" data-pf_style_display=\"block\" data-pf_style_visibility=\"visible\"><span class=\"text-node\">Mais desenvolvida e com mais infraestrutura, Z\u00e9 Doca foi mais beneficiada, embora tenha necessidades menos urgentes.<\/span><\/p>\n<p class=\"bullet added-to-list1\" data-v-232111b4=\"\" data-pf_style_display=\"block\" data-pf_style_visibility=\"visible\"><span class=\"text-node\">Contou a favor do munic\u00edpio ser governado, desde 2017, por parentes do deputado federal Josimar Maranh\u00e3ozinho (PL), parlamentar que mais enviou emendas a Z\u00e9 Doca nos \u00faltimos cinco anos.<\/span><\/p>\n<figure class=\"embed-wrapper solar-photo-content row-type embed embed-horizontal pf-caption flex-width blockImage pf-size-full\" data-v-15044903=\"\" data-v-90ea4179=\"\" data-v-232111b4=\"\" data-pf_style_display=\"block\" data-pf_style_visibility=\"visible\">\n<figure class=\"solar-responsive-image m-0 responsive-image pb-100 blockImage\" data-v-73d45db8=\"\" data-v-15044903=\"\" data-pf_style_display=\"block\" data-pf_style_visibility=\"visible\"><picture class=\"photo-image\" data-v-73d45db8=\"\" data-pf_style_display=\"inline\" data-pf_style_visibility=\"visible\"><source srcset=\"https:\/\/conteudo.imguol.com.br\/c\/tab\/38\/2025\/07\/18\/moncao-ze-doca---arte---emendas-parlamentares-1752854655926_v2_450x1.jpg.webp\" type=\"image\/webp\" media=\"(min-width: 1px)\" data-v-73d45db8=\"\" data-pf_style_display=\"inline\" data-pf_style_visibility=\"visible\" \/><source srcset=\"https:\/\/conteudo.imguol.com.br\/c\/tab\/38\/2025\/07\/18\/moncao-ze-doca---arte---emendas-parlamentares-1752854655926_v2_450x1.jpg\" type=\"image\/jpeg\" media=\"(min-width: 1px)\" data-v-73d45db8=\"\" data-pf_style_display=\"inline\" data-pf_style_visibility=\"visible\" \/><img data-recalc-dims=\"1\" decoding=\"async\" class=\"caption-img blockImage\" title=\"\" src=\"https:\/\/i0.wp.com\/conteudo.imguol.com.br\/c\/tab\/38\/2025\/07\/18\/moncao-ze-doca---arte---emendas-parlamentares-1752854655926_v2_450x1.jpg?w=450&#038;ssl=1\" srcset=\"https:\/\/conteudo.imguol.com.br\/c\/tab\/38\/2025\/07\/18\/moncao-ze-doca---arte---emendas-parlamentares-1752854655926_v2_450x1.jpg.webp\" alt=\"Imagem\"  data-v-73d45db8=\"\" data-pf_style_display=\"inline\" data-pf_style_visibility=\"visible\" data-pf_rect_width=\"81.03125\" data-pf_rect_height=\"20.6875\" \/><\/picture><\/figure><figcaption class=\"solar-caption regular-subtext\" data-v-524617ed=\"\" data-v-15044903=\"\" data-pf_style_display=\"flex\" data-pf_style_visibility=\"visible\"><span data-v-524617ed=\"\" data-pf_style_display=\"block\" data-pf_style_visibility=\"visible\"><span class=\"text-node\">Imagem: Arte\/UOL<\/span><\/span><\/figcaption><\/figure>\n<p class=\"bullet added-to-list1\" data-v-232111b4=\"\" data-pf_style_display=\"block\" data-pf_style_visibility=\"visible\"><span class=\"text-node\">Se os recursos de emendas tivessem sido distribu\u00eddos de acordo com o IFDM, Mon\u00e7\u00e3o receberia R$ 1.060 por habitante, mais do que o dobro do que recebeu (R$ 464). J\u00e1 Z\u00e9 Doca receberia R$ 856, menos de um ter\u00e7o do valor pago \u00e0 cidade nos \u00faltimos cinco anos (R$ 2.950).<\/span><\/p>\n<p class=\"bullet mt-0 added-to-list1\" data-v-232111b4=\"\" data-pf_style_display=\"block\" data-pf_style_visibility=\"visible\"><span class=\"text-node\">O <\/span><strong data-pf_style_display=\"inline\" data-pf_style_visibility=\"visible\"><span class=\"text-node\">UOL<\/span><\/strong><span class=\"text-node\"> identificou uma <\/span><a href=\"https:\/\/noticias.uol.com.br\/colunas\/tiago-mali\/2025\/07\/21\/para-em-cidade-esquecida-pelas-emendas-falta-raio-x-ultrassom-e-estradas.htm\" data-pf_style_display=\"inline\" data-pf_style_visibility=\"visible\"><span class=\"text-node\">s\u00e9rie de exemplos<\/span><\/a><span class=\"text-node\">dessas desigualdades no volume de recursos entre cidades pr\u00f3ximas.<\/span><\/p>\n<p class=\"bullet added-to-list1\" data-v-232111b4=\"\" data-pf_style_display=\"block\" data-pf_style_visibility=\"visible\"><span class=\"text-node\">&#8220;A l\u00f3gica dessa aloca\u00e7\u00e3o [de emendas] n\u00e3o \u00e9 baseada na necessidade, mas na sobreviv\u00eancia eleitoral. Cada parlamentar tem redes locais em munic\u00edpios e, ao longo do mandato, nutre essas redes com dinheiro&#8221;, diz Carlos Pereira, professor da FGV (Funda\u00e7\u00e3o Getulio Vargas) e p\u00f3s-doutor em ci\u00eancia pol\u00edtica pela Universidade de Oxford.<\/span><\/p>\n<h2 class=\"bullet\" data-v-232111b4=\"\" data-pf_style_display=\"block\" data-pf_style_visibility=\"visible\"><span class=\"text-node\">Segunda distor\u00e7\u00e3o: falta de representa\u00e7\u00e3o no Congresso<\/span><\/h2>\n<p class=\"bullet added-to-list1\" data-v-232111b4=\"\" data-pf_style_display=\"block\" data-pf_style_visibility=\"visible\"><span class=\"text-node\">Oeiras do Par\u00e1 (PA) \u00e9 listada nas piores posi\u00e7\u00f5es em todos os rankings de desenvolvimento dos munic\u00edpios. Tem grandes car\u00eancias em indicadores de sa\u00fade, educa\u00e7\u00e3o, renda e infraestrutura.<\/span><\/p>\n<p class=\"bullet added-to-list1\" data-v-232111b4=\"\" data-pf_style_display=\"block\" data-pf_style_visibility=\"visible\"><span class=\"text-node\">Com tantas dificuldades, recebeu R$ 4,5 milh\u00f5es de emendas nos \u00faltimos cinco anos, o que equivale a R$ 134 por pessoa, um dos menores valores entre munic\u00edpios brasileiros.<\/span><\/p>\n<p class=\"bullet added-to-list1\" data-v-232111b4=\"\" data-pf_style_display=\"block\" data-pf_style_visibility=\"visible\"><span class=\"text-node\">A cidade \u00e9 exemplo de um outro tipo de distor\u00e7\u00e3o: al\u00e9m de ser preterida por crit\u00e9rios pol\u00edticos, est\u00e1 no Par\u00e1, um dos estados cujas cidades receberam menos emendas proporcionalmente.<\/span><\/p>\n<p class=\"bullet mt-0 added-to-list1\" data-v-232111b4=\"\" data-pf_style_display=\"block\" data-pf_style_visibility=\"visible\"><span class=\"text-node\">H\u00e1 grande diferen\u00e7a na quantidade de recursos recebida por cada um dos estados.<\/span><\/p>\n<p class=\"bullet added-to-list1\" data-v-232111b4=\"\" data-pf_style_display=\"block\" data-pf_style_visibility=\"visible\"><span class=\"text-node\">Em algumas unidades da federa\u00e7\u00e3o, como o Par\u00e1, os recursos de emendas enviados \u00e0s cidades desde 2020 foram inferiores a R$ 500 por habitante. Em outros estados, como Roraima e Amap\u00e1, o valor superou R$ 2.000 por habitante.<\/span><\/p>\n<figure class=\"embed-wrapper solar-photo-content row-type embed embed-horizontal pf-caption flex-width blockImage pf-size-full\" data-v-15044903=\"\" data-v-90ea4179=\"\" data-v-232111b4=\"\" data-pf_style_display=\"block\" data-pf_style_visibility=\"visible\">\n<figure class=\"solar-responsive-image m-0 responsive-image pb-100 blockImage\" data-v-73d45db8=\"\" data-v-15044903=\"\" data-pf_style_display=\"block\" data-pf_style_visibility=\"visible\"><picture class=\"photo-image\" data-v-73d45db8=\"\" data-pf_style_display=\"inline\" data-pf_style_visibility=\"visible\"><source srcset=\"https:\/\/conteudo.imguol.com.br\/c\/tab\/9c\/2025\/07\/18\/estados-pequenos---emendas-parlamentares---arte-1752854606542_v2_450x1.jpg.webp\" type=\"image\/webp\" media=\"(min-width: 1px)\" data-v-73d45db8=\"\" data-pf_style_display=\"inline\" data-pf_style_visibility=\"visible\" \/><source srcset=\"https:\/\/conteudo.imguol.com.br\/c\/tab\/9c\/2025\/07\/18\/estados-pequenos---emendas-parlamentares---arte-1752854606542_v2_450x1.jpg\" type=\"image\/jpeg\" media=\"(min-width: 1px)\" data-v-73d45db8=\"\" data-pf_style_display=\"inline\" data-pf_style_visibility=\"visible\" \/><img data-recalc-dims=\"1\" decoding=\"async\" class=\"caption-img blockImage\" title=\"\" src=\"https:\/\/i0.wp.com\/conteudo.imguol.com.br\/c\/tab\/9c\/2025\/07\/18\/estados-pequenos---emendas-parlamentares---arte-1752854606542_v2_450x1.jpg?w=450&#038;ssl=1\" srcset=\"https:\/\/conteudo.imguol.com.br\/c\/tab\/9c\/2025\/07\/18\/estados-pequenos---emendas-parlamentares---arte-1752854606542_v2_450x1.jpg.webp\" alt=\"Imagem\"  data-v-73d45db8=\"\" data-pf_style_display=\"inline\" data-pf_style_visibility=\"visible\" data-pf_rect_width=\"81.03125\" data-pf_rect_height=\"20.6875\" \/><\/picture><\/figure><figcaption class=\"solar-caption regular-subtext\" data-v-524617ed=\"\" data-v-15044903=\"\" data-pf_style_display=\"flex\" data-pf_style_visibility=\"visible\"><span data-v-524617ed=\"\" data-pf_style_display=\"block\" data-pf_style_visibility=\"visible\"><span class=\"text-node\">Imagem: Arte\/UOL<\/span><\/span><\/figcaption><\/figure>\n<p class=\"bullet added-to-list1\" data-v-232111b4=\"\" data-pf_style_display=\"block\" data-pf_style_visibility=\"visible\"><span class=\"text-node\">N\u00e3o \u00e9 coincid\u00eancia que, entre os dez munic\u00edpios mais &#8220;ricos&#8221; em emendas, quatro estejam em Roraima e quatro estejam no Amap\u00e1.<\/span><\/p>\n<p class=\"bullet added-to-list1\" data-v-232111b4=\"\" data-pf_style_display=\"block\" data-pf_style_visibility=\"visible\"><span class=\"text-node\">Esses estados menos populosos e com poucos munic\u00edpios t\u00eam maior representatividade no Congresso \u2014e, com isso, proporcionalmente mais recursos de emendas para distribuir.<\/span><\/p>\n<p class=\"bullet added-to-list1\" data-v-232111b4=\"\" data-pf_style_display=\"block\" data-pf_style_visibility=\"visible\"><span class=\"text-node\">Por exemplo, os tr\u00eas senadores de Roraima t\u00eam direito a distribuir anualmente R$ 205 milh\u00f5es em emendas entre 15 munic\u00edpios com 636 mil habitantes somados.<\/span><\/p>\n<p class=\"bullet mt-0 added-to-list1\" data-v-232111b4=\"\" data-pf_style_display=\"block\" data-pf_style_visibility=\"visible\"><span class=\"text-node\">Os tr\u00eas senadores de S\u00e3o Paulo t\u00eam o mesmo valor para distribuir entre 645 munic\u00edpios com 44 milh\u00f5es de pessoas.<\/span><\/p>\n<p class=\"bullet added-to-list1\" data-v-232111b4=\"\" data-pf_style_display=\"block\" data-pf_style_visibility=\"visible\"><span class=\"text-node\">Pode-se argumentar que o estado de S\u00e3o Paulo, por exemplo, \u00e9 mais rico e tem menor n\u00famero de cidades de baixo desenvolvimento.<\/span><\/p>\n<p class=\"bullet added-to-list1\" data-v-232111b4=\"\" data-pf_style_display=\"block\" data-pf_style_visibility=\"visible\"><span class=\"text-node\">\u00c9 verdade, mas h\u00e1 estados populosos com grande n\u00famero de munic\u00edpios subdesenvolvidos, como Par\u00e1, Bahia e Minas Gerais, que acabam sendo prejudicados na divis\u00e3o de recursos.<\/span><\/p>\n<p class=\"bullet added-to-list1\" data-v-232111b4=\"\" data-pf_style_display=\"block\" data-pf_style_visibility=\"visible\"><span class=\"text-node\">Nem todos os recursos est\u00e3o sujeitos a essa distor\u00e7\u00e3o. As emendas individuais e de bancada estadual s\u00e3o mais sens\u00edveis \u00e0 diferen\u00e7a de representatividade do Congresso e representam 70% dos R$ 106 bilh\u00f5es analisados pelo <\/span><strong data-pf_style_display=\"inline\" data-pf_style_visibility=\"visible\"><span class=\"text-node\">UOL<\/span><\/strong><span class=\"text-node\">.<\/span><\/p>\n<p class=\"bullet added-to-list1\" data-v-232111b4=\"\" data-pf_style_display=\"block\" data-pf_style_visibility=\"visible\"><span class=\"text-node\">O restante dos recursos se refere a emendas de comiss\u00e3o e relator \u2014de menor transpar\u00eancia e maior discricionariedade. Esse tipo de emenda \u00e9 mais suscet\u00edvel \u00e0 l\u00f3gica da negocia\u00e7\u00e3o pol\u00edtica.<\/span><\/p>\n<h2 class=\"bullet\" data-v-232111b4=\"\" data-pf_style_display=\"block\" data-pf_style_visibility=\"visible\"><span class=\"text-node\">O crit\u00e9rio de distribui\u00e7\u00e3o<\/span><\/h2>\n<p class=\"bullet added-to-list1\" data-v-232111b4=\"\" data-pf_style_display=\"block\" data-pf_style_visibility=\"visible\"><span class=\"text-node\">No in\u00edcio da d\u00e9cada passada, cientistas pol\u00edticos constataram efeitos ben\u00e9ficos na aplica\u00e7\u00e3o dos recursos. &#8220;Havia tanto crit\u00e9rio t\u00e9cnico quanto pol\u00edtico na aloca\u00e7\u00e3o de emendas&#8221;, diz Lucio Renn\u00f3, autor de estudo com Carlos Pereira sobre a distribui\u00e7\u00e3o de emendas parlamentares de 1998 a 2010.<\/span><\/p>\n<p class=\"bullet mt-0 added-to-list1\" data-v-232111b4=\"\" data-pf_style_display=\"block\" data-pf_style_visibility=\"visible\"><span class=\"text-node\">Mas, j\u00e1 naquele momento, havia ind\u00edcios de distor\u00e7\u00f5es. &#8220;Na medida em que o munic\u00edpio ia recebendo mais emendas, esse efeito ben\u00e9fico diminu\u00eda&#8221;, diz.<\/span><\/p>\n<p class=\"bullet added-to-list1\" data-v-232111b4=\"\" data-pf_style_display=\"block\" data-pf_style_visibility=\"visible\">\n<p class=\"pf-br-replacement\"><span class=\"text-node\">E os munic\u00edpios passaram a receber muito mais dinheiro de emendas desde ent\u00e3o.<\/span><\/p>\n<p data-v-232111b4=\"\" data-pf_style_display=\"block\" data-pf_style_visibility=\"visible\"><span class=\"text-node\">De R$ 3 bilh\u00f5es empenhados (reservados no Or\u00e7amento) em 2015, as emendas passaram para R$ 45 bilh\u00f5es em 2024.<\/span><\/p>\n<p>&nbsp;<\/p>\n<figure class=\"embed-wrapper solar-photo-content row-type embed embed-horizontal pf-caption flex-width blockImage pf-size-full\" data-v-15044903=\"\" data-v-90ea4179=\"\" data-v-232111b4=\"\" data-pf_style_display=\"block\" data-pf_style_visibility=\"visible\">\n<figure class=\"solar-responsive-image m-0 responsive-image pb-100 blockImage\" data-v-73d45db8=\"\" data-v-15044903=\"\" data-pf_style_display=\"block\" data-pf_style_visibility=\"visible\"><picture class=\"photo-image\" data-v-73d45db8=\"\" data-pf_style_display=\"inline\" data-pf_style_visibility=\"visible\"><source srcset=\"https:\/\/conteudo.imguol.com.br\/c\/tab\/c7\/2025\/07\/18\/valor-emendas-parlamentares-empenhadas---arte-1752854875692_v2_750x1.jpg.webp\" type=\"image\/webp\" media=\"(min-width: 1px)\" data-v-73d45db8=\"\" data-pf_style_display=\"inline\" data-pf_style_visibility=\"visible\" \/><source srcset=\"https:\/\/conteudo.imguol.com.br\/c\/tab\/c7\/2025\/07\/18\/valor-emendas-parlamentares-empenhadas---arte-1752854875692_v2_750x1.jpg\" type=\"image\/jpeg\" media=\"(min-width: 1px)\" data-v-73d45db8=\"\" data-pf_style_display=\"inline\" data-pf_style_visibility=\"visible\" \/><img data-recalc-dims=\"1\" decoding=\"async\" class=\"caption-img blockImage\" title=\"\" src=\"https:\/\/i0.wp.com\/conteudo.imguol.com.br\/c\/tab\/c7\/2025\/07\/18\/valor-emendas-parlamentares-empenhadas---arte-1752854875692_v2_750x1.jpg?w=600&#038;ssl=1\" srcset=\"https:\/\/conteudo.imguol.com.br\/c\/tab\/c7\/2025\/07\/18\/valor-emendas-parlamentares-empenhadas---arte-1752854875692_v2_750x1.jpg.webp\" alt=\"Imagem\"  data-v-73d45db8=\"\" data-pf_style_display=\"inline\" data-pf_style_visibility=\"visible\" data-pf_rect_width=\"81.03125\" data-pf_rect_height=\"20.6875\" \/><\/picture><\/figure><figcaption class=\"solar-caption regular-subtext\" data-v-524617ed=\"\" data-v-15044903=\"\" data-pf_style_display=\"flex\" data-pf_style_visibility=\"visible\"><span data-v-524617ed=\"\" data-pf_style_display=\"block\" data-pf_style_visibility=\"visible\"><span class=\"text-node\">Imagem: Imagem: Arte\/UOL<\/span><\/span><\/figcaption><\/figure>\n<p class=\"bullet added-to-list1\" data-v-232111b4=\"\" data-pf_style_display=\"block\" data-pf_style_visibility=\"visible\"><br data-pf_style_display=\"inline\" data-pf_style_visibility=\"visible\" \/><span class=\"text-node\">No ano passado, R$ 1 de cada R$ 4 investidos pela Uni\u00e3o veio de emenda parlamentar. Ou seja, uma fatia cada vez maior do Or\u00e7amento est\u00e1 seguindo os crit\u00e9rios do Congresso em vez de seguir os crit\u00e9rios de outras pol\u00edticas p\u00fablicas do governo.<\/span><\/p>\n<p class=\"bullet added-to-list1\" data-v-232111b4=\"\" data-pf_style_display=\"block\" data-pf_style_visibility=\"visible\"><span class=\"text-node\">A cr\u00edtica de especialistas \u00e9 que essa aloca\u00e7\u00e3o de recursos feita pelo Congresso tende a ser menos eficiente. O aumento da parcela do Or\u00e7amento destinado por meio de emendas poderia, assim, estar piorando a efici\u00eancia do gasto p\u00fablico.<\/span><\/p>\n<p class=\"bullet added-to-list1\" data-v-232111b4=\"\" data-pf_style_display=\"block\" data-pf_style_visibility=\"visible\"><span class=\"text-node\">&#8220;Se algu\u00e9m faz um investimento para resolver um problema, usa os indicadores dispon\u00edveis para dar mais dinheiro \u00e0s cidades com notas ruins nessa m\u00e9trica. Se os congressistas n\u00e3o usam essas m\u00e9tricas [como \u00edndices de desenvolvimento], fica mais dif\u00edcil acertar&#8221;, afirma Beto Ver\u00edssimo, diretor do \u00cdndice de Progresso Social, um dos indicadores de desenvolvimento usados pela reportagem.<\/span><\/p>\n<p class=\"bullet mt-0 added-to-list1\" data-v-232111b4=\"\" data-pf_style_display=\"block\" data-pf_style_visibility=\"visible\"><span class=\"text-node\">Trabalho recente dos economistas H\u00e9lio Tollini e Marcos Mendes mostra que n\u00e3o h\u00e1 paralelo, em 11 pa\u00edses da OCDE (Organiza\u00e7\u00e3o para Coopera\u00e7\u00e3o e Desenvolvimento Econ\u00f4mico), com o volume de recursos destinados por emendas pelo Brasil.<\/span><\/p>\n<p class=\"bullet added-to-list1\" data-v-232111b4=\"\" data-pf_style_display=\"block\" data-pf_style_visibility=\"visible\"><span class=\"text-node\">&#8220;Um alto poder de emendar o or\u00e7amento gerar\u00e1 pulveriza\u00e7\u00e3o de recursos em pequenos itens de despesa, prioriza\u00e7\u00e3o de projetos pol\u00edticos individuais em detrimento de pol\u00edticas p\u00fablicas de interesse geral, uso de recursos federais para pol\u00edticas que deveriam ser financiadas pelos governos locais, rigidez da despesa induzindo desequil\u00edbrio fiscal cr\u00f4nico e propens\u00e3o \u00e0 corrup\u00e7\u00e3o&#8221;, diz o estudo.<\/span><\/p>\n<p class=\"bullet added-to-list1\" data-v-232111b4=\"\" data-pf_style_display=\"block\" data-pf_style_visibility=\"visible\"><span class=\"text-node\">N\u00e3o \u00e9 que as emendas deixem de trazer benef\u00edcios para a cidade que as recebem. \u00c9 certo que trazem.<\/span><\/p>\n<p class=\"bullet added-to-list1\" data-v-232111b4=\"\" data-pf_style_display=\"block\" data-pf_style_visibility=\"visible\"><span class=\"text-node\">A quest\u00e3o apontada por especialistas \u00e9 que os mais beneficiados n\u00e3o s\u00e3o necessariamente os que mais precisam. Quem mais recebe \u00e9 quem est\u00e1 estrategicamente mais bem posicionado para dar retorno eleitoral aos congressistas.<\/span><\/p>\n<p class=\"bullet added-to-list1\" data-v-232111b4=\"\" data-pf_style_display=\"block\" data-pf_style_visibility=\"visible\"><span class=\"text-node\">Cientistas pol\u00edticos dizem que n\u00e3o h\u00e1 de se considerar certos ou errados os crit\u00e9rios de envio de emendas, mas que a concentra\u00e7\u00e3o de dinheiro distribu\u00eddo pelo Congresso traz consequ\u00eancias.<\/span><\/p>\n<p class=\"bullet added-to-list1\" data-v-232111b4=\"\" data-pf_style_display=\"block\" data-pf_style_visibility=\"visible\"><span class=\"text-node\">&#8220;Voc\u00ea n\u00e3o vai encontrar uma correla\u00e7\u00e3o positiva entre necessidade e aloca\u00e7\u00e3o de recurso porque esse n\u00e3o \u00e9 o crit\u00e9rio que o parlamentar utiliza&#8221;, diz Carlos Pereira.<\/span><\/p>\n<p data-v-232111b4=\"\" data-pf_style_display=\"block\" data-pf_style_visibility=\"visible\">E continua: &#8220;Existem verdadeiros munic\u00edpios esquecidos. H\u00e1 cidades muito pobres que recebem muito pouco. Por qu\u00ea? Porque esse parlamentar n\u00e3o tem uma rede local neste munic\u00edpio e n\u00e3o tem interesse em enviar recursos para l\u00e1&#8221;, afirma o pesquisador.<\/p>\n","protected":false},"excerpt":{"rendered":"<p>UOL, por Tiago Mali &#8211; A distribui\u00e7\u00e3o de emendas parlamentares nos \u00faltimos cinco anos foi feita de uma forma que ignorou o n\u00edvel de necessidades das cidades.<\/p>\n","protected":false},"author":1,"featured_media":0,"comment_status":"closed","ping_status":"open","sticky":false,"template":"","format":"standard","meta":{"_exactmetrics_skip_tracking":false,"_exactmetrics_sitenote_active":false,"_exactmetrics_sitenote_note":"","_exactmetrics_sitenote_category":0,"jetpack_post_was_ever_published":false,"_jetpack_newsletter_access":"","_jetpack_dont_email_post_to_subs":false,"_jetpack_newsletter_tier_id":0,"_jetpack_memberships_contains_paywalled_content":false,"_jetpack_memberships_contains_paid_content":false,"footnotes":"","jetpack_publicize_message":"","jetpack_publicize_feature_enabled":true,"jetpack_social_post_already_shared":true,"jetpack_social_options":{"image_generator_settings":{"template":"highway","enabled":false},"version":2}},"categories":[1],"tags":[288,506,1411],"class_list":["post-37071","post","type-post","status-publish","format-standard","hentry","category-notas","tag-congresso","tag-desigualdade","tag-emendas"],"jetpack_publicize_connections":[],"jetpack_sharing_enabled":true,"jetpack_featured_media_url":"","jetpack_shortlink":"https:\/\/wp.me\/p7wKYW-9DV","jetpack-related-posts":[],"_links":{"self":[{"href":"http:\/\/blogdalucianaoliveira.com.br\/blog\/wp-json\/wp\/v2\/posts\/37071","targetHints":{"allow":["GET"]}}],"collection":[{"href":"http:\/\/blogdalucianaoliveira.com.br\/blog\/wp-json\/wp\/v2\/posts"}],"about":[{"href":"http:\/\/blogdalucianaoliveira.com.br\/blog\/wp-json\/wp\/v2\/types\/post"}],"author":[{"embeddable":true,"href":"http:\/\/blogdalucianaoliveira.com.br\/blog\/wp-json\/wp\/v2\/users\/1"}],"replies":[{"embeddable":true,"href":"http:\/\/blogdalucianaoliveira.com.br\/blog\/wp-json\/wp\/v2\/comments?post=37071"}],"version-history":[{"count":1,"href":"http:\/\/blogdalucianaoliveira.com.br\/blog\/wp-json\/wp\/v2\/posts\/37071\/revisions"}],"predecessor-version":[{"id":37073,"href":"http:\/\/blogdalucianaoliveira.com.br\/blog\/wp-json\/wp\/v2\/posts\/37071\/revisions\/37073"}],"wp:attachment":[{"href":"http:\/\/blogdalucianaoliveira.com.br\/blog\/wp-json\/wp\/v2\/media?parent=37071"}],"wp:term":[{"taxonomy":"category","embeddable":true,"href":"http:\/\/blogdalucianaoliveira.com.br\/blog\/wp-json\/wp\/v2\/categories?post=37071"},{"taxonomy":"post_tag","embeddable":true,"href":"http:\/\/blogdalucianaoliveira.com.br\/blog\/wp-json\/wp\/v2\/tags?post=37071"}],"curies":[{"name":"wp","href":"https:\/\/api.w.org\/{rel}","templated":true}]}}