{"id":37075,"date":"2025-07-22T12:20:23","date_gmt":"2025-07-22T16:20:23","guid":{"rendered":"https:\/\/blogdalucianaoliveira.com.br\/blog\/?p=37075"},"modified":"2025-07-22T12:26:37","modified_gmt":"2025-07-22T16:26:37","slug":"deputada-claudia-de-jesus-destina-recurso-para-o-bloco-pirarucu-do-madeira","status":"publish","type":"post","link":"http:\/\/blogdalucianaoliveira.com.br\/blog\/2025\/07\/22\/deputada-claudia-de-jesus-destina-recurso-para-o-bloco-pirarucu-do-madeira\/","title":{"rendered":"Deputada Cl\u00e1udia de Jesus destina recurso para o Bloco Pirarucu do Madeira"},"content":{"rendered":"<p style=\"text-align: left;\"><img data-recalc-dims=\"1\" loading=\"lazy\" decoding=\"async\" data-attachment-id=\"37077\" data-permalink=\"http:\/\/blogdalucianaoliveira.com.br\/blog\/2025\/07\/22\/deputada-claudia-de-jesus-destina-recurso-para-o-bloco-pirarucu-do-madeira\/c0006t01\/\" data-orig-file=\"https:\/\/i0.wp.com\/blogdalucianaoliveira.com.br\/blog\/wp-content\/uploads\/2025\/07\/C0006T01.jpeg?fit=1280%2C720\" data-orig-size=\"1280,720\" data-comments-opened=\"0\" data-image-meta=\"{&quot;aperture&quot;:&quot;0&quot;,&quot;credit&quot;:&quot;&quot;,&quot;camera&quot;:&quot;ILCE-6400&quot;,&quot;caption&quot;:&quot;&quot;,&quot;created_timestamp&quot;:&quot;1740330256&quot;,&quot;copyright&quot;:&quot;&quot;,&quot;focal_length&quot;:&quot;0&quot;,&quot;iso&quot;:&quot;0&quot;,&quot;shutter_speed&quot;:&quot;0&quot;,&quot;title&quot;:&quot;&quot;,&quot;orientation&quot;:&quot;1&quot;}\" data-image-title=\"C0006T01\" data-image-description=\"\" data-image-caption=\"\" data-medium-file=\"https:\/\/i0.wp.com\/blogdalucianaoliveira.com.br\/blog\/wp-content\/uploads\/2025\/07\/C0006T01.jpeg?fit=300%2C169\" data-large-file=\"https:\/\/i0.wp.com\/blogdalucianaoliveira.com.br\/blog\/wp-content\/uploads\/2025\/07\/C0006T01.jpeg?fit=600%2C338\" class=\"alignnone size-medium wp-image-37077\" src=\"https:\/\/i0.wp.com\/blogdalucianaoliveira.com.br\/blog\/wp-content\/uploads\/2025\/07\/C0006T01.jpeg?resize=300%2C169\" alt=\"\" width=\"300\" height=\"169\" srcset=\"https:\/\/i0.wp.com\/blogdalucianaoliveira.com.br\/blog\/wp-content\/uploads\/2025\/07\/C0006T01.jpeg?resize=300%2C169 300w, https:\/\/i0.wp.com\/blogdalucianaoliveira.com.br\/blog\/wp-content\/uploads\/2025\/07\/C0006T01.jpeg?resize=1024%2C576 1024w, https:\/\/i0.wp.com\/blogdalucianaoliveira.com.br\/blog\/wp-content\/uploads\/2025\/07\/C0006T01.jpeg?resize=768%2C432 768w, https:\/\/i0.wp.com\/blogdalucianaoliveira.com.br\/blog\/wp-content\/uploads\/2025\/07\/C0006T01.jpeg?resize=533%2C300 533w, https:\/\/i0.wp.com\/blogdalucianaoliveira.com.br\/blog\/wp-content\/uploads\/2025\/07\/C0006T01.jpeg?w=1280 1280w, https:\/\/i0.wp.com\/blogdalucianaoliveira.com.br\/blog\/wp-content\/uploads\/2025\/07\/C0006T01.jpeg?w=1200 1200w\" sizes=\"auto, (max-width: 300px) 100vw, 300px\" \/><\/p>\n<p class=\"p1\">A iniciativa \u00e9 pela promo\u00e7\u00e3o da cultura popular, considerando que o Bloco Pirarucu do Madeira \u00e9 reconhecido Patrim\u00f4nio Cultural de natureza Imaterial de Porto Velho. Sem finalidade lucrativa, o bloco fundado h\u00e1 32 anos depende de apoio do poder p\u00fablico para manter a tradi\u00e7\u00e3o de seu desfile. O desfile n\u00e3o tem cordas nem venda de abad\u00e1s.<!--more-->O recurso na ordem de R$ 60 mil para a Associa\u00e7\u00e3o Cultural Pirarucu do Madeira ser\u00e1 utilizado na realiza\u00e7\u00e3o do tradicional desfile do bloco carnavalesco em fevereiro de 2026.<\/p>\n<p>Ao destinar a emenda a deputada estadual Cl\u00e1udia de Jesus (PT) reconhece a finalidade social do bloco que garante uma folia totalmente gratuita, com apelo inclusivo e democr\u00e1tico.<\/p>\n<p class=\"p1\"><span class=\"s2\">\u201cTodos os anos contamos com o apoio da prefeitura de Porto Velho \u00e0 grande <\/span><span class=\"s2\">parte da estrutura do desfile, mas muitas despesas s\u00e3o suportadas com doa\u00e7\u00f5es de empres\u00e1rios, apoiadores e dirigentes do bloco.<\/span><\/p>\n<p class=\"p1\"><span class=\"s2\">O bloco cresceu e as despesas com seguran\u00e7as, cordeiros, Banda, apoios de alegorias, ambul\u00e2ncia e bombeiro civil aumentaram. O apoio do poder p\u00fablico \u00e9 fundamental e agradecemos a deputada pela sensibilidade em destinar a emenda. \u201d, disse Ernande Segismundo, presidente do bloco.<\/span><\/p>\n<p class=\"p1\"><span class=\"s2\">O repasse est\u00e1 condicionado \u00e0 apresenta\u00e7\u00e3o do projeto pela associa\u00e7\u00e3o e \u00e0 aprova\u00e7\u00e3o da SEJUCEL, conforme exig\u00eancias legais. Para Cl\u00e1udia, investir na cultura popular \u00e9 fortalecer a identidade do povo rondoniense.<\/span><\/p>\n<p><img data-recalc-dims=\"1\" loading=\"lazy\" decoding=\"async\" data-attachment-id=\"37089\" data-permalink=\"http:\/\/blogdalucianaoliveira.com.br\/blog\/2025\/07\/22\/deputada-claudia-de-jesus-destina-recurso-para-o-bloco-pirarucu-do-madeira\/screenshot-2\/\" data-orig-file=\"https:\/\/i0.wp.com\/blogdalucianaoliveira.com.br\/blog\/wp-content\/uploads\/2025\/07\/IMG_4525-1.jpeg?fit=949%2C1231\" data-orig-size=\"949,1231\" data-comments-opened=\"0\" data-image-meta=\"{&quot;aperture&quot;:&quot;0&quot;,&quot;credit&quot;:&quot;&quot;,&quot;camera&quot;:&quot;&quot;,&quot;caption&quot;:&quot;Screenshot&quot;,&quot;created_timestamp&quot;:&quot;1728661585&quot;,&quot;copyright&quot;:&quot;&quot;,&quot;focal_length&quot;:&quot;0&quot;,&quot;iso&quot;:&quot;0&quot;,&quot;shutter_speed&quot;:&quot;0&quot;,&quot;title&quot;:&quot;Screenshot&quot;,&quot;orientation&quot;:&quot;1&quot;}\" data-image-title=\"Screenshot\" data-image-description=\"\" data-image-caption=\"&lt;p&gt;Screenshot&lt;\/p&gt;\n\" data-medium-file=\"https:\/\/i0.wp.com\/blogdalucianaoliveira.com.br\/blog\/wp-content\/uploads\/2025\/07\/IMG_4525-1.jpeg?fit=231%2C300\" data-large-file=\"https:\/\/i0.wp.com\/blogdalucianaoliveira.com.br\/blog\/wp-content\/uploads\/2025\/07\/IMG_4525-1.jpeg?fit=600%2C779\" class=\"size-medium wp-image-37089 alignleft\" src=\"https:\/\/i0.wp.com\/blogdalucianaoliveira.com.br\/blog\/wp-content\/uploads\/2025\/07\/IMG_4525-1.jpeg?resize=231%2C300\" alt=\"\" width=\"231\" height=\"300\" srcset=\"https:\/\/i0.wp.com\/blogdalucianaoliveira.com.br\/blog\/wp-content\/uploads\/2025\/07\/IMG_4525-1.jpeg?resize=231%2C300 231w, https:\/\/i0.wp.com\/blogdalucianaoliveira.com.br\/blog\/wp-content\/uploads\/2025\/07\/IMG_4525-1.jpeg?resize=789%2C1024 789w, https:\/\/i0.wp.com\/blogdalucianaoliveira.com.br\/blog\/wp-content\/uploads\/2025\/07\/IMG_4525-1.jpeg?resize=768%2C996 768w, https:\/\/i0.wp.com\/blogdalucianaoliveira.com.br\/blog\/wp-content\/uploads\/2025\/07\/IMG_4525-1.jpeg?w=949 949w\" sizes=\"auto, (max-width: 231px) 100vw, 231px\" \/><\/p>\n<p class=\"p1\"><span class=\"s2\">O <\/span><span class=\"s2\">Pirarucu do Madeira \u00e9 uma express\u00e3o viva da nossa hist\u00f3ria e merece ser valorizado\u201d, afirmou. <\/span>O bloco \u00e9 um dos mais tradicionais de Porto Velho e re\u00fane milhares de pessoas em uma festa marcada por alegria, irrever\u00eancia e resist\u00eancia cultural.<\/p>\n<p class=\"p1\"><span class=\"s2\">No carnaval de 2025, de forma in\u00e9dita, uma campanha educativa em parceria com a Ecopor\u00e9, durante o desfile garantiu 6 mil mudas para recupera\u00e7\u00e3o de \u00e1reas degradadas. <\/span><\/p>\n<p class=\"p1\"><span class=\"s2\">\u201cN\u00e3o somos s\u00f3 entretenimento. Nosso desfile protege mem\u00f3ria e identidade, homenageia pessoas importantes da cultura popular e promove campanhas pela diversidade, prote\u00e7\u00e3o do meio ambiente, contra o ass\u00e9dio no carnaval e por respeito aos povos ind\u00edgenas\u201d, disse a vice-presidenta do bloco Luciana Oliveira.<\/span><\/p>\n","protected":false},"excerpt":{"rendered":"<p>A iniciativa \u00e9 pela promo\u00e7\u00e3o da cultura popular, considerando que o Bloco Pirarucu do Madeira \u00e9 reconhecido Patrim\u00f4nio Cultural de natureza Imaterial de Porto Velho. Sem finalidade lucrativa, o bloco fundado h\u00e1 32 anos depende de apoio do poder p\u00fablico para manter a tradi\u00e7\u00e3o de seu desfile. O desfile n\u00e3o tem cordas nem venda de&#8230;<a class=\"more-link\" href=\"http:\/\/blogdalucianaoliveira.com.br\/blog\/2025\/07\/22\/deputada-claudia-de-jesus-destina-recurso-para-o-bloco-pirarucu-do-madeira\/\">Continue a leitura <span class=\"meta-nav\">&raquo;<\/span><\/a><\/p>\n","protected":false},"author":1,"featured_media":0,"comment_status":"closed","ping_status":"open","sticky":false,"template":"","format":"standard","meta":{"_exactmetrics_skip_tracking":false,"_exactmetrics_sitenote_active":false,"_exactmetrics_sitenote_note":"","_exactmetrics_sitenote_category":0,"jetpack_post_was_ever_published":false,"_jetpack_newsletter_access":"","_jetpack_dont_email_post_to_subs":false,"_jetpack_newsletter_tier_id":0,"_jetpack_memberships_contains_paywalled_content":false,"_jetpack_memberships_contains_paid_content":false,"footnotes":"","jetpack_publicize_message":"","jetpack_publicize_feature_enabled":true,"jetpack_social_post_already_shared":true,"jetpack_social_options":{"image_generator_settings":{"template":"highway","enabled":false},"version":2}},"categories":[1],"tags":[1413,1412,821,77],"class_list":["post-37075","post","type-post","status-publish","format-standard","hentry","category-notas","tag-apoio","tag-bloco-pi","tag-bloco-pirarucu-do-madeira","tag-cultura"],"jetpack_publicize_connections":[],"jetpack_sharing_enabled":true,"jetpack_featured_media_url":"","jetpack_shortlink":"https:\/\/wp.me\/p7wKYW-9DZ","jetpack-related-posts":[],"_links":{"self":[{"href":"http:\/\/blogdalucianaoliveira.com.br\/blog\/wp-json\/wp\/v2\/posts\/37075","targetHints":{"allow":["GET"]}}],"collection":[{"href":"http:\/\/blogdalucianaoliveira.com.br\/blog\/wp-json\/wp\/v2\/posts"}],"about":[{"href":"http:\/\/blogdalucianaoliveira.com.br\/blog\/wp-json\/wp\/v2\/types\/post"}],"author":[{"embeddable":true,"href":"http:\/\/blogdalucianaoliveira.com.br\/blog\/wp-json\/wp\/v2\/users\/1"}],"replies":[{"embeddable":true,"href":"http:\/\/blogdalucianaoliveira.com.br\/blog\/wp-json\/wp\/v2\/comments?post=37075"}],"version-history":[{"count":8,"href":"http:\/\/blogdalucianaoliveira.com.br\/blog\/wp-json\/wp\/v2\/posts\/37075\/revisions"}],"predecessor-version":[{"id":37092,"href":"http:\/\/blogdalucianaoliveira.com.br\/blog\/wp-json\/wp\/v2\/posts\/37075\/revisions\/37092"}],"wp:attachment":[{"href":"http:\/\/blogdalucianaoliveira.com.br\/blog\/wp-json\/wp\/v2\/media?parent=37075"}],"wp:term":[{"taxonomy":"category","embeddable":true,"href":"http:\/\/blogdalucianaoliveira.com.br\/blog\/wp-json\/wp\/v2\/categories?post=37075"},{"taxonomy":"post_tag","embeddable":true,"href":"http:\/\/blogdalucianaoliveira.com.br\/blog\/wp-json\/wp\/v2\/tags?post=37075"}],"curies":[{"name":"wp","href":"https:\/\/api.w.org\/{rel}","templated":true}]}}