{"id":37093,"date":"2025-07-22T16:50:19","date_gmt":"2025-07-22T20:50:19","guid":{"rendered":"https:\/\/blogdalucianaoliveira.com.br\/blog\/?p=37093"},"modified":"2025-07-22T17:01:04","modified_gmt":"2025-07-22T21:01:04","slug":"compositora-de-rondonia-e-finalista-no-premio-nilson-chaves-do-festival-toca-2025","status":"publish","type":"post","link":"http:\/\/blogdalucianaoliveira.com.br\/blog\/2025\/07\/22\/compositora-de-rondonia-e-finalista-no-premio-nilson-chaves-do-festival-toca-2025\/","title":{"rendered":"COMPOSITORA DE ROND\u00d4NIA \u00c9 FINALISTA NO PR\u00caMIO NILSON CHAVES DO FESTIVAL TOCA 2025"},"content":{"rendered":"<p><img data-recalc-dims=\"1\" loading=\"lazy\" decoding=\"async\" data-attachment-id=\"37094\" data-permalink=\"http:\/\/blogdalucianaoliveira.com.br\/blog\/2025\/07\/22\/compositora-de-rondonia-e-finalista-no-premio-nilson-chaves-do-festival-toca-2025\/99f7a801-05bc-4f9c-8099-6465642edccc\/\" data-orig-file=\"https:\/\/i0.wp.com\/blogdalucianaoliveira.com.br\/blog\/wp-content\/uploads\/2025\/07\/99f7a801-05bc-4f9c-8099-6465642edccc.jpeg?fit=1599%2C1066\" data-orig-size=\"1599,1066\" data-comments-opened=\"0\" data-image-meta=\"{&quot;aperture&quot;:&quot;0&quot;,&quot;credit&quot;:&quot;&quot;,&quot;camera&quot;:&quot;&quot;,&quot;caption&quot;:&quot;&quot;,&quot;created_timestamp&quot;:&quot;1753217300&quot;,&quot;copyright&quot;:&quot;&quot;,&quot;focal_length&quot;:&quot;0&quot;,&quot;iso&quot;:&quot;0&quot;,&quot;shutter_speed&quot;:&quot;0&quot;,&quot;title&quot;:&quot;&quot;,&quot;orientation&quot;:&quot;0&quot;}\" data-image-title=\"99f7a801-05bc-4f9c-8099-6465642edccc\" data-image-description=\"\" data-image-caption=\"\" data-medium-file=\"https:\/\/i0.wp.com\/blogdalucianaoliveira.com.br\/blog\/wp-content\/uploads\/2025\/07\/99f7a801-05bc-4f9c-8099-6465642edccc.jpeg?fit=300%2C200\" data-large-file=\"https:\/\/i0.wp.com\/blogdalucianaoliveira.com.br\/blog\/wp-content\/uploads\/2025\/07\/99f7a801-05bc-4f9c-8099-6465642edccc.jpeg?fit=600%2C400\" class=\"alignnone size-medium wp-image-37094\" src=\"https:\/\/i0.wp.com\/blogdalucianaoliveira.com.br\/blog\/wp-content\/uploads\/2025\/07\/99f7a801-05bc-4f9c-8099-6465642edccc.jpeg?resize=300%2C200\" alt=\"\" width=\"300\" height=\"200\" srcset=\"https:\/\/i0.wp.com\/blogdalucianaoliveira.com.br\/blog\/wp-content\/uploads\/2025\/07\/99f7a801-05bc-4f9c-8099-6465642edccc.jpeg?resize=300%2C200 300w, https:\/\/i0.wp.com\/blogdalucianaoliveira.com.br\/blog\/wp-content\/uploads\/2025\/07\/99f7a801-05bc-4f9c-8099-6465642edccc.jpeg?resize=1024%2C683 1024w, https:\/\/i0.wp.com\/blogdalucianaoliveira.com.br\/blog\/wp-content\/uploads\/2025\/07\/99f7a801-05bc-4f9c-8099-6465642edccc.jpeg?resize=768%2C512 768w, https:\/\/i0.wp.com\/blogdalucianaoliveira.com.br\/blog\/wp-content\/uploads\/2025\/07\/99f7a801-05bc-4f9c-8099-6465642edccc.jpeg?resize=1536%2C1024 1536w, https:\/\/i0.wp.com\/blogdalucianaoliveira.com.br\/blog\/wp-content\/uploads\/2025\/07\/99f7a801-05bc-4f9c-8099-6465642edccc.jpeg?resize=450%2C300 450w, https:\/\/i0.wp.com\/blogdalucianaoliveira.com.br\/blog\/wp-content\/uploads\/2025\/07\/99f7a801-05bc-4f9c-8099-6465642edccc.jpeg?w=1599 1599w, https:\/\/i0.wp.com\/blogdalucianaoliveira.com.br\/blog\/wp-content\/uploads\/2025\/07\/99f7a801-05bc-4f9c-8099-6465642edccc.jpeg?w=1200 1200w\" sizes=\"auto, (max-width: 300px) 100vw, 300px\" \/><\/p>\n<p>\u00danica representante de Rond\u00f4nia, depende do voto popular para chegar ao ranking das mais votadas na premia\u00e7\u00e3o<!--more--><\/p>\n<p>A cantora e compositora Izabela Lima, ap\u00f3s lan\u00e7ar seu mais recente trabalho autoral CANTO EM MIM, agora \u00e9 finalista do Pr\u00eamio do Festival TOCA, que neste ano tem como objetivo dar visibilidade aos compositores da Amaz\u00f4nia.<\/p>\n<p>O Festival TOCA 2025 recebeu mais de 1 mil inscritos, onde quase metade foi da regi\u00e3o sudeste (46%) e somente 12% da regi\u00e3o Norte, a composi\u00e7\u00e3o TOR\u00d3 de Izabela Lima passou pela curadoria de artistas renomados nas etapas dos 50 finalistas e dos 10 finalistas do pr\u00eamio.<\/p>\n<p>Agora na etapa do VOTO POPULAR iniciada nesta segunda-feira (21\/07) na p\u00e1gina do festival <a href=\"https:\/\/festivaltoca.com.br\/autores-selecionados\">https:\/\/festivaltoca.com.br\/autores-selecionados<\/a>, depende do p\u00fablico para levar Rond\u00f4nia ao topo das 4 can\u00e7\u00f5es mais votadas, garantindo assim a premia\u00e7\u00e3o da can\u00e7\u00e3o da Amaz\u00f4nia no festival.<\/p>\n<p>Sobre o Festival TODA CAN\u00c7\u00c3O &#8211; TOCA<\/p>\n<p>O TOCA 2025 ser\u00e1 realizado nos dias 14 a 17 de agosto, no Rio de Janeiro, na sua quinta edi\u00e7\u00e3o com um foco especial: a m\u00fasica da Amaz\u00f4nia Legal. Reunir\u00e1 num s\u00f3 lugar Nilson Chaves, Dona Onete, Patr\u00edcia Bastos, Djuena Tikuna, A\u00edla, Gaby Amarantos e Gag do eletro, Noites do Norte, Aturi\u00e1, Rita Benneditto, Suraras do Tapaj\u00f3s e muito mais.<\/p>\n<p>A edi\u00e7\u00e3o 2025 dar\u00e1 mais visibilidade aos artistas amaz\u00f4nidas, que inclui estados como Acre, Amazonas, Par\u00e1, Maranh\u00e3o, Amap\u00e1, Roraima, Rond\u00f4nia, Tocantins e Mato Grosso.<\/p>\n<p><img data-recalc-dims=\"1\" loading=\"lazy\" decoding=\"async\" data-attachment-id=\"37096\" data-permalink=\"http:\/\/blogdalucianaoliveira.com.br\/blog\/2025\/07\/22\/compositora-de-rondonia-e-finalista-no-premio-nilson-chaves-do-festival-toca-2025\/0e272674-05bd-4bd3-a398-68f6d35e9809\/\" data-orig-file=\"https:\/\/i0.wp.com\/blogdalucianaoliveira.com.br\/blog\/wp-content\/uploads\/2025\/07\/0e272674-05bd-4bd3-a398-68f6d35e9809.jpeg?fit=750%2C500\" data-orig-size=\"750,500\" data-comments-opened=\"0\" data-image-meta=\"{&quot;aperture&quot;:&quot;0&quot;,&quot;credit&quot;:&quot;&quot;,&quot;camera&quot;:&quot;&quot;,&quot;caption&quot;:&quot;&quot;,&quot;created_timestamp&quot;:&quot;1753217571&quot;,&quot;copyright&quot;:&quot;&quot;,&quot;focal_length&quot;:&quot;0&quot;,&quot;iso&quot;:&quot;0&quot;,&quot;shutter_speed&quot;:&quot;0&quot;,&quot;title&quot;:&quot;&quot;,&quot;orientation&quot;:&quot;0&quot;}\" data-image-title=\"0e272674-05bd-4bd3-a398-68f6d35e9809\" data-image-description=\"\" data-image-caption=\"\" data-medium-file=\"https:\/\/i0.wp.com\/blogdalucianaoliveira.com.br\/blog\/wp-content\/uploads\/2025\/07\/0e272674-05bd-4bd3-a398-68f6d35e9809.jpeg?fit=300%2C200\" data-large-file=\"https:\/\/i0.wp.com\/blogdalucianaoliveira.com.br\/blog\/wp-content\/uploads\/2025\/07\/0e272674-05bd-4bd3-a398-68f6d35e9809.jpeg?fit=600%2C400\" class=\"alignnone size-medium wp-image-37096\" src=\"https:\/\/i0.wp.com\/blogdalucianaoliveira.com.br\/blog\/wp-content\/uploads\/2025\/07\/0e272674-05bd-4bd3-a398-68f6d35e9809.jpeg?resize=300%2C200\" alt=\"\" width=\"300\" height=\"200\" srcset=\"https:\/\/i0.wp.com\/blogdalucianaoliveira.com.br\/blog\/wp-content\/uploads\/2025\/07\/0e272674-05bd-4bd3-a398-68f6d35e9809.jpeg?resize=300%2C200 300w, https:\/\/i0.wp.com\/blogdalucianaoliveira.com.br\/blog\/wp-content\/uploads\/2025\/07\/0e272674-05bd-4bd3-a398-68f6d35e9809.jpeg?resize=450%2C300 450w, https:\/\/i0.wp.com\/blogdalucianaoliveira.com.br\/blog\/wp-content\/uploads\/2025\/07\/0e272674-05bd-4bd3-a398-68f6d35e9809.jpeg?w=750 750w\" sizes=\"auto, (max-width: 300px) 100vw, 300px\" \/><\/p>\n<p>O Pr\u00eamio TOCA 2025 busca celebrar os compositores e compositoras respons\u00e1veis pelas can\u00e7\u00f5es que marcam as nossas vidas. Nesta edi\u00e7\u00e3o com uma premia\u00e7\u00e3o especial dedicada a artistas amaz\u00f4nidas, refor\u00e7ando o compromisso do festival com a pluralidade e o fortalecimento da cena musical nacional. Essa nova categoria leva o nome de PR\u00caMIO NILSON CHAVES, em homenagem a um dos grandes nomes da m\u00fasica amaz\u00f4nida.<\/p>\n<p>Mais informa\u00e7\u00f5es acesse<\/p>\n<p><a href=\"https:\/\/www.instagram.com\/zabelimacanta\/\">https:\/\/www.instagram.com\/zabelimacanta\/<\/a><\/p>\n<p><a href=\"https:\/\/festivaltoca.com.br\/#section_1\">https:\/\/festivaltoca.com.br\/#section_1<\/a><\/p>\n<p><a href=\"https:\/\/www.instagram.com\/festivaltoca\">https:\/\/www.instagram.com\/festivaltoca<\/a><\/p>\n","protected":false},"excerpt":{"rendered":"<p>\u00danica representante de Rond\u00f4nia, depende do voto popular para chegar ao ranking das mais votadas na premia\u00e7\u00e3o<\/p>\n","protected":false},"author":1,"featured_media":0,"comment_status":"closed","ping_status":"open","sticky":false,"template":"","format":"standard","meta":{"_exactmetrics_skip_tracking":false,"_exactmetrics_sitenote_active":false,"_exactmetrics_sitenote_note":"","_exactmetrics_sitenote_category":0,"jetpack_post_was_ever_published":false,"_jetpack_newsletter_access":"","_jetpack_dont_email_post_to_subs":false,"_jetpack_newsletter_tier_id":0,"_jetpack_memberships_contains_paywalled_content":false,"_jetpack_memberships_contains_paid_content":false,"footnotes":"","jetpack_publicize_message":"","jetpack_publicize_feature_enabled":true,"jetpack_social_post_already_shared":true,"jetpack_social_options":{"image_generator_settings":{"template":"highway","enabled":false},"version":2}},"categories":[1],"tags":[1049,1344,1414],"class_list":["post-37093","post","type-post","status-publish","format-standard","hentry","category-notas","tag-festival","tag-izabela-lima","tag-toca"],"jetpack_publicize_connections":[],"jetpack_sharing_enabled":true,"jetpack_featured_media_url":"","jetpack_shortlink":"https:\/\/wp.me\/p7wKYW-9Eh","jetpack-related-posts":[],"_links":{"self":[{"href":"http:\/\/blogdalucianaoliveira.com.br\/blog\/wp-json\/wp\/v2\/posts\/37093","targetHints":{"allow":["GET"]}}],"collection":[{"href":"http:\/\/blogdalucianaoliveira.com.br\/blog\/wp-json\/wp\/v2\/posts"}],"about":[{"href":"http:\/\/blogdalucianaoliveira.com.br\/blog\/wp-json\/wp\/v2\/types\/post"}],"author":[{"embeddable":true,"href":"http:\/\/blogdalucianaoliveira.com.br\/blog\/wp-json\/wp\/v2\/users\/1"}],"replies":[{"embeddable":true,"href":"http:\/\/blogdalucianaoliveira.com.br\/blog\/wp-json\/wp\/v2\/comments?post=37093"}],"version-history":[{"count":2,"href":"http:\/\/blogdalucianaoliveira.com.br\/blog\/wp-json\/wp\/v2\/posts\/37093\/revisions"}],"predecessor-version":[{"id":37097,"href":"http:\/\/blogdalucianaoliveira.com.br\/blog\/wp-json\/wp\/v2\/posts\/37093\/revisions\/37097"}],"wp:attachment":[{"href":"http:\/\/blogdalucianaoliveira.com.br\/blog\/wp-json\/wp\/v2\/media?parent=37093"}],"wp:term":[{"taxonomy":"category","embeddable":true,"href":"http:\/\/blogdalucianaoliveira.com.br\/blog\/wp-json\/wp\/v2\/categories?post=37093"},{"taxonomy":"post_tag","embeddable":true,"href":"http:\/\/blogdalucianaoliveira.com.br\/blog\/wp-json\/wp\/v2\/tags?post=37093"}],"curies":[{"name":"wp","href":"https:\/\/api.w.org\/{rel}","templated":true}]}}