{"id":37099,"date":"2025-07-22T17:20:07","date_gmt":"2025-07-22T21:20:07","guid":{"rendered":"https:\/\/blogdalucianaoliveira.com.br\/blog\/?p=37099"},"modified":"2025-07-22T17:20:07","modified_gmt":"2025-07-22T21:20:07","slug":"as-vesperas-de-tarifaco-deputados-exibem-bandeira-de-trump-para-defender-bolsonaro-na-camara","status":"publish","type":"post","link":"http:\/\/blogdalucianaoliveira.com.br\/blog\/2025\/07\/22\/as-vesperas-de-tarifaco-deputados-exibem-bandeira-de-trump-para-defender-bolsonaro-na-camara\/","title":{"rendered":"\u00c0s v\u00e9speras de tarifa\u00e7o, deputados exibem bandeira de Trump para defender Bolsonaro na C\u00e2mara"},"content":{"rendered":"<p><img data-recalc-dims=\"1\" loading=\"lazy\" decoding=\"async\" data-attachment-id=\"37100\" data-permalink=\"http:\/\/blogdalucianaoliveira.com.br\/blog\/2025\/07\/22\/as-vesperas-de-tarifaco-deputados-exibem-bandeira-de-trump-para-defender-bolsonaro-na-camara\/img_4535\/\" data-orig-file=\"https:\/\/i0.wp.com\/blogdalucianaoliveira.com.br\/blog\/wp-content\/uploads\/2025\/07\/IMG_4535.webp?fit=414%2C280\" data-orig-size=\"414,280\" data-comments-opened=\"0\" data-image-meta=\"{&quot;aperture&quot;:&quot;0&quot;,&quot;credit&quot;:&quot;&quot;,&quot;camera&quot;:&quot;&quot;,&quot;caption&quot;:&quot;&quot;,&quot;created_timestamp&quot;:&quot;0&quot;,&quot;copyright&quot;:&quot;&quot;,&quot;focal_length&quot;:&quot;0&quot;,&quot;iso&quot;:&quot;0&quot;,&quot;shutter_speed&quot;:&quot;0&quot;,&quot;title&quot;:&quot;&quot;,&quot;orientation&quot;:&quot;0&quot;}\" data-image-title=\"IMG_4535\" data-image-description=\"\" data-image-caption=\"\" data-medium-file=\"https:\/\/i0.wp.com\/blogdalucianaoliveira.com.br\/blog\/wp-content\/uploads\/2025\/07\/IMG_4535.webp?fit=300%2C203\" data-large-file=\"https:\/\/i0.wp.com\/blogdalucianaoliveira.com.br\/blog\/wp-content\/uploads\/2025\/07\/IMG_4535.webp?fit=414%2C280\" class=\"alignnone size-medium wp-image-37100\" src=\"https:\/\/i0.wp.com\/blogdalucianaoliveira.com.br\/blog\/wp-content\/uploads\/2025\/07\/IMG_4535.webp?resize=300%2C203\" alt=\"\" width=\"300\" height=\"203\" srcset=\"https:\/\/i0.wp.com\/blogdalucianaoliveira.com.br\/blog\/wp-content\/uploads\/2025\/07\/IMG_4535.webp?resize=300%2C203 300w, https:\/\/i0.wp.com\/blogdalucianaoliveira.com.br\/blog\/wp-content\/uploads\/2025\/07\/IMG_4535.webp?w=414 414w\" sizes=\"auto, (max-width: 300px) 100vw, 300px\" \/><\/p>\n<h2 class=\"jeg_post_subtitle\">Deputado do PL que presidia comiss\u00e3o mandou retirar faixa por considerar \u201cfora do foco\u201d da reuni\u00e3o<\/h2>\n<p><!--more--><\/p>\n<p>Brasil de Fato &#8211; Parlamentares da oposi\u00e7\u00e3o exibiram nesta ter\u00e7a-feira (22), na C\u00e2mara dos Deputados, uma bandeira em apoio ao presidente dos Estados Unidos, Donald Trump, durante um ato contra a decis\u00e3o do presidente da Casa, Hugo Motta (Republicanos-PB), que <a href=\"https:\/\/www.brasildefato.com.br\/2025\/07\/22\/hugo-motta-barra-comissoes-e-impede-atos-de-apoio-a-bolsonaro-na-camara\/\" target=\"_blank\" rel=\"noopener noreferrer\">proibiu reuni\u00f5es de comiss\u00f5es at\u00e9 1\u00ba de agosto<\/a>. O gesto causou diverg\u00eancia dentro da pr\u00f3pria bancada bolsonarista.<\/p>\n<p>A faixa foi estendida pelo deputado Delegado Caveira (PL-PA), integrante da Comiss\u00e3o de Seguran\u00e7a P\u00fablica e Combate ao Crime Organizado. Pouco depois, o presidente da comiss\u00e3o, deputado Paulo Bilynskyj (PL-SP), determinou a retirada do material. Segundo ele, a bandeira n\u00e3o dizia respeito \u201cao foco da reuni\u00e3o\u201d, que pretendia aprovar mo\u00e7\u00f5es de apoio a Jair Bolsonaro (PL) em resposta \u00e0s recentes decis\u00f5es do Supremo Tribunal Federal (STF).<\/p>\n<div class=\"jeg_ad jeg_ad_article jnews_content_inline_ads  \">\n<div class=\"ads-wrapper align-center \">\n<div class=\"ads_shortcode\">\n<div class=\"ads-region-container\" data-slot=\"artigos-leaderboard-incontent-1-mobile\" data-region=\"br\" data-slot-name=\"artigos-leaderboard-incontent-1-mobile-br\">\n<div id=\"div-gpt-ad-artigos-mobile_rectangle_mobile_1\" class=\"ad-slot\"><\/div>\n<\/div>\n<\/div>\n<\/div>\n<\/div>\n<p>Mesmo durante o recesso informal do Legislativo, a oposi\u00e7\u00e3o havia convocado sess\u00f5es para esta ter\u00e7a-feira nas comiss\u00f5es de Seguran\u00e7a P\u00fablica e de Rela\u00e7\u00f5es Exteriores. As duas s\u00e3o presididas por parlamentares do PL e tinham como principal item da pauta mo\u00e7\u00f5es de louvor e solidariedade a Bolsonaro, alvo de novas <a href=\"https:\/\/www.brasildefato.com.br\/2025\/07\/21\/moraes-bolsonaro-pode-ser-preso-se-usar-rede-social-de-outras-pessoas\/\" target=\"_blank\" rel=\"noopener noreferrer\">medidas cautelares impostas pelo ministro Alexandre de Moraes<\/a>, do STF.<\/p>\n<p>A decis\u00e3o de Hugo Motta, oficializada em<a href=\"https:\/\/imagem.camara.leg.br\/Imagem\/d\/pdf\/DCD0020250722001330000.PDF#page=\" target=\"_blank\" rel=\"noopener noreferrer\"> edi\u00e7\u00e3o extra do Di\u00e1rio da C\u00e2mara<\/a>, vetou qualquer reuni\u00e3o de comiss\u00f5es entre os dias 22 de julho e 1\u00ba de agosto, per\u00edodo de recesso do meio do ano. Parlamentares do PL reagiram e organizaram um protesto no sal\u00e3o verde da C\u00e2mara, onde concederam coletiva de imprensa. O l\u00edder do partido na Casa, deputado S\u00f3stenes Cavalcante (PL-RJ), classificou a decis\u00e3o como \u201cilegal e antirregimental\u201d.<\/p>\n<div class=\"jeg_ad jeg_ad_article jnews_content_inline_2_ads  \">\n<div class=\"ads-wrapper align-center \">\n<div class=\"ads_shortcode\">\n<div class=\"ads-region-container\" data-slot=\"artigos-leaderboard-incontent-2-mobile\" data-region=\"br\" data-slot-name=\"artigos-leaderboard-incontent-2-mobile-br\">\n<div id=\"div-gpt-ad-artigos-mobile_rectangle_mobile_2\" class=\"ad-slot\"><\/div>\n<\/div>\n<\/div>\n<\/div>\n<\/div>\n<h4 class=\"wp-block-heading\">Oposi\u00e7\u00e3o promete retomar mo\u00e7\u00f5es em agosto<\/h4>\n<p>Durante o protesto, deputados do PL reafirmaram que pretendem votar as mo\u00e7\u00f5es favor\u00e1veis a Bolsonaro assim que o recesso for encerrado. A iniciativa faz parte de uma estrat\u00e9gia articulada com o ex-presidente em reuni\u00e3o realizada na segunda-feira (21), que tamb\u00e9m discutiu a apresenta\u00e7\u00e3o de novos pedidos de impeachment contra ministros do STF e a defesa da proposta de <a href=\"https:\/\/www.brasildefato.com.br\/2025\/04\/06\/maioria-dos-brasileiros-e-contra-anistia-para-envolvidos-nos-atos-golpistas-de-8-1-aponta-quaest\/\" target=\"_blank\" rel=\"noopener noreferrer\">anistia a condenados pelos atos golpistas de 8 de janeiro<\/a>.<\/p>\n<p>Jair Bolsonaro havia sinalizado presen\u00e7a nas sess\u00f5es desta ter\u00e7a-feira, mas cancelou a ida \u00e0 C\u00e2mara ap\u00f3s ser advertido por Alexandre de Moraes sobre o risco de pris\u00e3o por descumprir medidas cautelares.<\/p>\n<div class=\"jeg_meta_post_footer\">\n<div class=\"jeg_meta_editors\">Editado por: Maria Teresa Cruz<\/div>\n<\/div>\n","protected":false},"excerpt":{"rendered":"<p>Deputado do PL que presidia comiss\u00e3o mandou retirar faixa por considerar \u201cfora do foco\u201d da reuni\u00e3o<\/p>\n","protected":false},"author":1,"featured_media":0,"comment_status":"closed","ping_status":"open","sticky":false,"template":"","format":"standard","meta":{"_exactmetrics_skip_tracking":false,"_exactmetrics_sitenote_active":false,"_exactmetrics_sitenote_note":"","_exactmetrics_sitenote_category":0,"jetpack_post_was_ever_published":false,"_jetpack_newsletter_access":"","_jetpack_dont_email_post_to_subs":false,"_jetpack_newsletter_tier_id":0,"_jetpack_memberships_contains_paywalled_content":false,"_jetpack_memberships_contains_paid_content":false,"footnotes":"","jetpack_publicize_message":"","jetpack_publicize_feature_enabled":true,"jetpack_social_post_already_shared":true,"jetpack_social_options":{"image_generator_settings":{"template":"highway","enabled":false},"version":2}},"categories":[1],"tags":[1415,503,220],"class_list":["post-37099","post","type-post","status-publish","format-standard","hentry","category-notas","tag-bandeira","tag-deputados","tag-trump"],"jetpack_publicize_connections":[],"jetpack_sharing_enabled":true,"jetpack_featured_media_url":"","jetpack_shortlink":"https:\/\/wp.me\/p7wKYW-9En","jetpack-related-posts":[],"_links":{"self":[{"href":"http:\/\/blogdalucianaoliveira.com.br\/blog\/wp-json\/wp\/v2\/posts\/37099","targetHints":{"allow":["GET"]}}],"collection":[{"href":"http:\/\/blogdalucianaoliveira.com.br\/blog\/wp-json\/wp\/v2\/posts"}],"about":[{"href":"http:\/\/blogdalucianaoliveira.com.br\/blog\/wp-json\/wp\/v2\/types\/post"}],"author":[{"embeddable":true,"href":"http:\/\/blogdalucianaoliveira.com.br\/blog\/wp-json\/wp\/v2\/users\/1"}],"replies":[{"embeddable":true,"href":"http:\/\/blogdalucianaoliveira.com.br\/blog\/wp-json\/wp\/v2\/comments?post=37099"}],"version-history":[{"count":1,"href":"http:\/\/blogdalucianaoliveira.com.br\/blog\/wp-json\/wp\/v2\/posts\/37099\/revisions"}],"predecessor-version":[{"id":37101,"href":"http:\/\/blogdalucianaoliveira.com.br\/blog\/wp-json\/wp\/v2\/posts\/37099\/revisions\/37101"}],"wp:attachment":[{"href":"http:\/\/blogdalucianaoliveira.com.br\/blog\/wp-json\/wp\/v2\/media?parent=37099"}],"wp:term":[{"taxonomy":"category","embeddable":true,"href":"http:\/\/blogdalucianaoliveira.com.br\/blog\/wp-json\/wp\/v2\/categories?post=37099"},{"taxonomy":"post_tag","embeddable":true,"href":"http:\/\/blogdalucianaoliveira.com.br\/blog\/wp-json\/wp\/v2\/tags?post=37099"}],"curies":[{"name":"wp","href":"https:\/\/api.w.org\/{rel}","templated":true}]}}