{"id":37103,"date":"2025-07-23T17:24:08","date_gmt":"2025-07-23T21:24:08","guid":{"rendered":"https:\/\/blogdalucianaoliveira.com.br\/blog\/?p=37103"},"modified":"2025-07-23T17:24:08","modified_gmt":"2025-07-23T21:24:08","slug":"brasil-denuncia-na-omc-tarifaco-de-trump-e-alerta-atalho-perigoso-para-a-guerra","status":"publish","type":"post","link":"http:\/\/blogdalucianaoliveira.com.br\/blog\/2025\/07\/23\/brasil-denuncia-na-omc-tarifaco-de-trump-e-alerta-atalho-perigoso-para-a-guerra\/","title":{"rendered":"Brasil denuncia na OMC tarifa\u00e7o de Trump e alerta: \u2018Atalho perigoso para a guerra\u2019"},"content":{"rendered":"<p><img data-recalc-dims=\"1\" loading=\"lazy\" decoding=\"async\" data-attachment-id=\"37104\" data-permalink=\"http:\/\/blogdalucianaoliveira.com.br\/blog\/2025\/07\/23\/brasil-denuncia-na-omc-tarifaco-de-trump-e-alerta-atalho-perigoso-para-a-guerra\/img_4625\/\" data-orig-file=\"https:\/\/i0.wp.com\/blogdalucianaoliveira.com.br\/blog\/wp-content\/uploads\/2025\/07\/IMG_4625.jpeg?fit=750%2C536\" data-orig-size=\"750,536\" data-comments-opened=\"0\" data-image-meta=\"{&quot;aperture&quot;:&quot;0&quot;,&quot;credit&quot;:&quot;&quot;,&quot;camera&quot;:&quot;&quot;,&quot;caption&quot;:&quot;&quot;,&quot;created_timestamp&quot;:&quot;0&quot;,&quot;copyright&quot;:&quot;&quot;,&quot;focal_length&quot;:&quot;0&quot;,&quot;iso&quot;:&quot;0&quot;,&quot;shutter_speed&quot;:&quot;0&quot;,&quot;title&quot;:&quot;&quot;,&quot;orientation&quot;:&quot;0&quot;}\" data-image-title=\"IMG_4625\" data-image-description=\"\" data-image-caption=\"\" data-medium-file=\"https:\/\/i0.wp.com\/blogdalucianaoliveira.com.br\/blog\/wp-content\/uploads\/2025\/07\/IMG_4625.jpeg?fit=300%2C214\" data-large-file=\"https:\/\/i0.wp.com\/blogdalucianaoliveira.com.br\/blog\/wp-content\/uploads\/2025\/07\/IMG_4625.jpeg?fit=600%2C429\" class=\"alignnone size-medium wp-image-37104\" src=\"https:\/\/i0.wp.com\/blogdalucianaoliveira.com.br\/blog\/wp-content\/uploads\/2025\/07\/IMG_4625.jpeg?resize=300%2C214\" alt=\"\" width=\"300\" height=\"214\" srcset=\"https:\/\/i0.wp.com\/blogdalucianaoliveira.com.br\/blog\/wp-content\/uploads\/2025\/07\/IMG_4625.jpeg?resize=300%2C214 300w, https:\/\/i0.wp.com\/blogdalucianaoliveira.com.br\/blog\/wp-content\/uploads\/2025\/07\/IMG_4625.jpeg?resize=420%2C300 420w, https:\/\/i0.wp.com\/blogdalucianaoliveira.com.br\/blog\/wp-content\/uploads\/2025\/07\/IMG_4625.jpeg?w=750 750w\" sizes=\"auto, (max-width: 300px) 100vw, 300px\" \/><\/p>\n<p>Brasil de Fato &#8211; O Brasil fez um duro discurso nesta quarta-feira (23), em Genebra, durante a reuni\u00e3o do Conselho Geral da Organiza\u00e7\u00e3o Mundial do Com\u00e9rcio (OMC), ao denunciar o <a href=\"https:\/\/www.brasildefato.com.br\/2025\/07\/23\/colocar-instituicoes-em-xeque-e-modus-operandi-do-bolsonarismo-diz-cientista-politica-sobre-impeachment-de-moraes\/\" target=\"_blank\" rel=\"noopener noreferrer\">tarifa\u00e7o de 50% sobre produtos brasileiros <\/a>imposto pelo <a href=\"https:\/\/www.brasildefato.com.br\/2025\/07\/23\/trump-ameaca-mais-de-145-mil-empregos-no-rio-grande-do-sul\/\" target=\"_blank\" rel=\"noopener noreferrer\">presidente dos Estados Unidos, Donald Trump<\/a>. Ao lado de cerca de 40 pa\u00edses e blocos econ\u00f4micos, como Uni\u00e3o Europeia, China, R\u00fassia, \u00cdndia, Canad\u00e1 e Austr\u00e1lia, a delega\u00e7\u00e3o brasileira classificou a medida como arbitr\u00e1ria, ilegal e uma amea\u00e7a ao com\u00e9rcio global.<!--more--><\/p>\n<p>Sem citar diretamente os EUA, o secret\u00e1rio de Assuntos Econ\u00f4micos e Financeiros do Itamaraty, Philip Fox-Drummond Gough, afirmou que o mundo vive uma \u201cmudan\u00e7a extremamente perigosa\u201d, marcada pelo <a href=\"https:\/\/www.brasildefato.com.br\/2025\/07\/22\/tarifaco-nao-reduziu-deficit-comercial\/\" target=\"_blank\" rel=\"noopener noreferrer\">uso de tarifas <\/a>como ferramenta para pressionar governos e interferir em decis\u00f5es soberanas. A fala ocorre ap\u00f3s Trump acusar a Justi\u00e7a brasileira de perseguir o ex-presidente Jair Bolsonaro (PL) e retaliar o pa\u00eds com barreiras comerciais e suspens\u00e3o de vistos a ministros do Supremo Tribunal Federal (STF).<\/p>\n<p>\u201cNegocia\u00e7\u00f5es baseadas em jogo de poder s\u00e3o um atalho perigoso para a instabilidade e a guerra. Diante da amea\u00e7a de fragmenta\u00e7\u00e3o, a defesa consistente do multilateralismo \u00e9 o caminho a seguir\u201d, disse o diplomata.<\/p>\n<p>Gough destacou que as sobretaxas, aplicadas de forma \u201cca\u00f3tica\u201d, violam as regras da OMC, interrompem cadeias globais de valor e podem levar a uma \u201cespiral de pre\u00e7os altos e estagna\u00e7\u00e3o\u201d. Para o Brasil, a <a href=\"https:\/\/www.brasildefato.com.br\/2025\/07\/17\/trump-volta-a-atacar-justica-brasileira-e-relaciona-tarifaco-a-bolsonaro-em-carta-ao-ex-presidente\/\" target=\"_blank\" rel=\"noopener noreferrer\">rea\u00e7\u00e3o dos EUA representa um \u201cataque sem precedentes\u201d<\/a> ao sistema multilateral de com\u00e9rcio, que deveria garantir previsibilidade e seguran\u00e7a jur\u00eddica.<\/p>\n<div class=\"jeg_ad jeg_ad_article jnews_content_inline_ads  \">\n<div class=\"ads-wrapper align-center \">\n<div class=\"ads_shortcode\">\n<div class=\"ads-region-container\" data-slot=\"artigos-leaderboard-incontent-1-mobile\" data-region=\"br\" data-slot-name=\"artigos-leaderboard-incontent-1-mobile-br\">\n<div id=\"div-gpt-ad-artigos-mobile_rectangle_mobile_1\" class=\"ad-slot\"><\/div>\n<\/div>\n<\/div>\n<\/div>\n<\/div>\n<p>O governo brasileiro anunciou que vai acionar formalmente a OMC contra a decis\u00e3o de Trump. \u201c\u00c9 essencial que a organiza\u00e7\u00e3o recupere seu papel como espa\u00e7o para resolver disputas por meio do di\u00e1logo e da negocia\u00e7\u00e3o, e n\u00e3o pela<a href=\"https:\/\/www.brasildefato.com.br\/2025\/07\/22\/tarifa-dos-eua-contra-brasil-e-improcedente-e-ameaca-cadeia-produtiva-avalia-economista\/\" target=\"_blank\" rel=\"noopener noreferrer\">imposi\u00e7\u00e3o unilateral de tarifas<\/a>\u201d, refor\u00e7ou o Itamaraty em nota.<\/p>\n<p>A estrat\u00e9gia do governo brasileiro tem sido manter press\u00e3o no campo diplom\u00e1tico sem fechar as portas para negocia\u00e7\u00f5es bilaterais. O objetivo \u00e9 duplo: reverter a tarifa de 50% e aproveitar a crise para defender uma reforma estrutural da OMC, tema que o pa\u00eds considera urgente.<\/p>\n<div class=\"jeg_ad jeg_ad_article jnews_content_inline_2_ads  \">\n<div class=\"ads-wrapper align-center \">\n<div class=\"ads_shortcode\">\n<div class=\"ads-region-container\" data-slot=\"artigos-leaderboard-incontent-2-mobile\" data-region=\"br\" data-slot-name=\"artigos-leaderboard-incontent-2-mobile-br\">\n<div id=\"div-gpt-ad-artigos-mobile_rectangle_mobile_2\" class=\"ad-slot\"><\/div>\n<\/div>\n<\/div>\n<\/div>\n<\/div>\n<p>Durante a reuni\u00e3o, delega\u00e7\u00f5es de pa\u00edses europeus, asi\u00e1ticos e africanos tamb\u00e9m criticaram Washington. J\u00e1 os representantes dos Estados Unidos reagiram, afirmando que suas empresas est\u00e3o \u201cfor\u00e7adas a competir em condi\u00e7\u00f5es desiguais\u201d e sinalizaram que s\u00f3 haver\u00e1 mudan\u00e7as para quem aceitar negociar diretamente com o governo Trump.<\/p>\n<div class=\"jeg_meta_post_footer\">\n<div class=\"jeg_meta_editors\">Editado por: Maria Teresa Cruz<\/div>\n<\/div>\n","protected":false},"excerpt":{"rendered":"<p>Brasil de Fato &#8211; O Brasil fez um duro discurso nesta quarta-feira (23), em Genebra, durante a reuni\u00e3o do Conselho Geral da Organiza\u00e7\u00e3o Mundial do Com\u00e9rcio (OMC), ao denunciar o tarifa\u00e7o de 50% sobre produtos brasileiros imposto pelo presidente dos Estados Unidos, Donald Trump. Ao lado de cerca de 40 pa\u00edses e blocos econ\u00f4micos, como&#8230;<a class=\"more-link\" href=\"http:\/\/blogdalucianaoliveira.com.br\/blog\/2025\/07\/23\/brasil-denuncia-na-omc-tarifaco-de-trump-e-alerta-atalho-perigoso-para-a-guerra\/\">Continue a leitura <span class=\"meta-nav\">&raquo;<\/span><\/a><\/p>\n","protected":false},"author":1,"featured_media":0,"comment_status":"closed","ping_status":"open","sticky":false,"template":"","format":"standard","meta":{"_exactmetrics_skip_tracking":false,"_exactmetrics_sitenote_active":false,"_exactmetrics_sitenote_note":"","_exactmetrics_sitenote_category":0,"jetpack_post_was_ever_published":false,"_jetpack_newsletter_access":"","_jetpack_dont_email_post_to_subs":false,"_jetpack_newsletter_tier_id":0,"_jetpack_memberships_contains_paywalled_content":false,"_jetpack_memberships_contains_paid_content":false,"footnotes":"","jetpack_publicize_message":"","jetpack_publicize_feature_enabled":true,"jetpack_social_post_already_shared":true,"jetpack_social_options":{"image_generator_settings":{"template":"highway","enabled":false},"version":2}},"categories":[1],"tags":[5,1416,1298],"class_list":["post-37103","post","type-post","status-publish","format-standard","hentry","category-notas","tag-brasil","tag-omc","tag-tarifaco"],"jetpack_publicize_connections":[],"jetpack_sharing_enabled":true,"jetpack_featured_media_url":"","jetpack_shortlink":"https:\/\/wp.me\/p7wKYW-9Er","jetpack-related-posts":[],"_links":{"self":[{"href":"http:\/\/blogdalucianaoliveira.com.br\/blog\/wp-json\/wp\/v2\/posts\/37103","targetHints":{"allow":["GET"]}}],"collection":[{"href":"http:\/\/blogdalucianaoliveira.com.br\/blog\/wp-json\/wp\/v2\/posts"}],"about":[{"href":"http:\/\/blogdalucianaoliveira.com.br\/blog\/wp-json\/wp\/v2\/types\/post"}],"author":[{"embeddable":true,"href":"http:\/\/blogdalucianaoliveira.com.br\/blog\/wp-json\/wp\/v2\/users\/1"}],"replies":[{"embeddable":true,"href":"http:\/\/blogdalucianaoliveira.com.br\/blog\/wp-json\/wp\/v2\/comments?post=37103"}],"version-history":[{"count":1,"href":"http:\/\/blogdalucianaoliveira.com.br\/blog\/wp-json\/wp\/v2\/posts\/37103\/revisions"}],"predecessor-version":[{"id":37105,"href":"http:\/\/blogdalucianaoliveira.com.br\/blog\/wp-json\/wp\/v2\/posts\/37103\/revisions\/37105"}],"wp:attachment":[{"href":"http:\/\/blogdalucianaoliveira.com.br\/blog\/wp-json\/wp\/v2\/media?parent=37103"}],"wp:term":[{"taxonomy":"category","embeddable":true,"href":"http:\/\/blogdalucianaoliveira.com.br\/blog\/wp-json\/wp\/v2\/categories?post=37103"},{"taxonomy":"post_tag","embeddable":true,"href":"http:\/\/blogdalucianaoliveira.com.br\/blog\/wp-json\/wp\/v2\/tags?post=37103"}],"curies":[{"name":"wp","href":"https:\/\/api.w.org\/{rel}","templated":true}]}}