{"id":37114,"date":"2025-07-24T07:27:24","date_gmt":"2025-07-24T11:27:24","guid":{"rendered":"https:\/\/blogdalucianaoliveira.com.br\/blog\/?p=37114"},"modified":"2025-07-24T07:27:24","modified_gmt":"2025-07-24T11:27:24","slug":"tarifaco-de-trump-nao-serve-sequer-para-ajudar-bolsonaro-diz-colunista-do-financial-times","status":"publish","type":"post","link":"http:\/\/blogdalucianaoliveira.com.br\/blog\/2025\/07\/24\/tarifaco-de-trump-nao-serve-sequer-para-ajudar-bolsonaro-diz-colunista-do-financial-times\/","title":{"rendered":"Tarifa\u00e7o de Trump n\u00e3o serve sequer para ajudar Bolsonaro, diz colunista do \u2018Financial Times\u2019"},"content":{"rendered":"<p><img data-recalc-dims=\"1\" loading=\"lazy\" decoding=\"async\" data-attachment-id=\"37115\" data-permalink=\"http:\/\/blogdalucianaoliveira.com.br\/blog\/2025\/07\/24\/tarifaco-de-trump-nao-serve-sequer-para-ajudar-bolsonaro-diz-colunista-do-financial-times\/img_4650\/\" data-orig-file=\"https:\/\/i0.wp.com\/blogdalucianaoliveira.com.br\/blog\/wp-content\/uploads\/2025\/07\/IMG_4650.jpeg?fit=1200%2C720\" data-orig-size=\"1200,720\" data-comments-opened=\"0\" data-image-meta=\"{&quot;aperture&quot;:&quot;0&quot;,&quot;credit&quot;:&quot;&quot;,&quot;camera&quot;:&quot;&quot;,&quot;caption&quot;:&quot;&quot;,&quot;created_timestamp&quot;:&quot;0&quot;,&quot;copyright&quot;:&quot;&quot;,&quot;focal_length&quot;:&quot;0&quot;,&quot;iso&quot;:&quot;0&quot;,&quot;shutter_speed&quot;:&quot;0&quot;,&quot;title&quot;:&quot;&quot;,&quot;orientation&quot;:&quot;0&quot;}\" data-image-title=\"IMG_4650\" data-image-description=\"\" data-image-caption=\"\" data-medium-file=\"https:\/\/i0.wp.com\/blogdalucianaoliveira.com.br\/blog\/wp-content\/uploads\/2025\/07\/IMG_4650.jpeg?fit=300%2C180\" data-large-file=\"https:\/\/i0.wp.com\/blogdalucianaoliveira.com.br\/blog\/wp-content\/uploads\/2025\/07\/IMG_4650.jpeg?fit=600%2C360\" class=\"alignnone size-medium wp-image-37115\" src=\"https:\/\/i0.wp.com\/blogdalucianaoliveira.com.br\/blog\/wp-content\/uploads\/2025\/07\/IMG_4650.jpeg?resize=300%2C180\" alt=\"\" width=\"300\" height=\"180\" srcset=\"https:\/\/i0.wp.com\/blogdalucianaoliveira.com.br\/blog\/wp-content\/uploads\/2025\/07\/IMG_4650.jpeg?resize=300%2C180 300w, https:\/\/i0.wp.com\/blogdalucianaoliveira.com.br\/blog\/wp-content\/uploads\/2025\/07\/IMG_4650.jpeg?resize=1024%2C614 1024w, https:\/\/i0.wp.com\/blogdalucianaoliveira.com.br\/blog\/wp-content\/uploads\/2025\/07\/IMG_4650.jpeg?resize=768%2C461 768w, https:\/\/i0.wp.com\/blogdalucianaoliveira.com.br\/blog\/wp-content\/uploads\/2025\/07\/IMG_4650.jpeg?resize=500%2C300 500w, https:\/\/i0.wp.com\/blogdalucianaoliveira.com.br\/blog\/wp-content\/uploads\/2025\/07\/IMG_4650.jpeg?w=1200 1200w\" sizes=\"auto, (max-width: 300px) 100vw, 300px\" \/><\/p>\n<p class=\"added-to-list1\" data-pf_style_display=\"block\" data-pf_style_visibility=\"visible\"><span class=\"text-node\">Carta Capital &#8211; Um artigo publicado pelo <\/span><em data-pf_style_display=\"inline\" data-pf_style_visibility=\"visible\"><a href=\"https:\/\/www.ft.com\/content\/9a767e19-27a7-4357-a598-3ac1895695e6\" data-pf_style_display=\"inline\" data-pf_style_visibility=\"visible\"><span class=\"text-node\">Financial Times<\/span><\/a><\/em><span class=\"text-node\">,\u00a0um dos di\u00e1rios econ\u00f4micos mais influentes do planeta sustenta que o tarifa\u00e7o contra o Brasil anunciado pelo presidente dos Estados Unidos, <\/span><a href=\"https:\/\/www.cartacapital.com.br\/opiniao\/trump-e-a-china\/\" data-pf_style_display=\"inline\" data-pf_style_visibility=\"visible\"><span class=\"text-node\">Donald Trump<\/span><\/a><span class=\"text-node\">, n\u00e3o tem l\u00f3gica comercial e sequer ajuda o ex-presidente <\/span><a href=\"https:\/\/www.cartacapital.com.br\/politica\/a-resposta-de-bolsonaro-a-moraes-para-evitar-prisao-preventiva\/\" data-pf_style_display=\"inline\" data-pf_style_visibility=\"visible\"><span class=\"text-node\">Jair Bolsonaro<\/span><\/a><span class=\"text-node\"> (PL), que tenta se apegar ao magnata para se livrar do julgamento por liderar uma tentativa de golpe.<\/span><!--more--><\/p>\n<p class=\"added-to-list1\" data-pf_style_display=\"block\" data-pf_style_visibility=\"visible\"><span class=\"text-node\">O autor do texto \u00e9 o jornalista brit\u00e2nico\u00a0<\/span><strong data-pf_style_display=\"inline\" data-pf_style_visibility=\"visible\"><span class=\"text-node\">Edward Luce<\/span><\/strong><span class=\"text-node\">, baseado em Washington. Al\u00e9m de uma longa carreira no <\/span><em data-pf_style_display=\"inline\" data-pf_style_visibility=\"visible\"><span class=\"text-node\">FT<\/span><\/em><span class=\"text-node\">, ele conheceu por dentro o governo norte-americano quando trabalhou como redator de discursos de Lawrence Summers, ent\u00e3o secret\u00e1rio de Tesouro dos Estados Unidos, entre 1999 e 2001.<\/span><\/p>\n<p class=\"added-to-list1\" data-pf_style_display=\"block\" data-pf_style_visibility=\"visible\"><span class=\"text-node\">Luce aponta tamb\u00e9m a hipocrisia do secret\u00e1rio de Estado de Trump, Marco Rubio, que se apresentava como defensor dos valores democr\u00e1ticos norte-americanos e do Estado de Direito. Na \u00faltima sexta-feira 18, Rubio\u00a0<\/span><a href=\"https:\/\/www.cartacapital.com.br\/politica\/decisao-dos-eua-de-suspender-vistos-atinge-8-dos-11-ministros-do-stf\/\" data-pf_style_display=\"inline\" data-pf_style_visibility=\"visible\"><span class=\"text-node\">anunciou a revoga\u00e7\u00e3o de vistos<\/span><\/a><span class=\"text-node\"> de ministros do Supremo Tribunal Federal porque a Corte julgar\u00e1 Bolsonaro pela conspira\u00e7\u00e3o de 2022.<\/span><\/p>\n<p class=\"added-to-list1\" data-pf_style_display=\"block\" data-pf_style_visibility=\"visible\"><span class=\"text-node\">\u201cMesmo nos termos mercantilistas de Trump, suas a\u00e7\u00f5es n\u00e3o fazem sentido. Os Estados Unidos t\u00eam um super\u00e1vit comercial com o Brasil. O pa\u00eds de Lula deveria, portanto, ter sido isento das tarifas\u201d, argumenta o articulista.<\/span><\/p>\n<p class=\"added-to-list1\" data-pf_style_display=\"block\" data-pf_style_visibility=\"visible\"><span class=\"text-node\">Esse \u00e9 um dos pontos enfatizados pelo Brasil na dif\u00edcil tarefa de negociar por meios diplom\u00e1ticos para barrar a san\u00e7\u00e3o de 50% \u00e0s suas exporta\u00e7\u00f5es aos norte-americanos a partir de 1\u00ba de agosto. Em <\/span><a href=\"https:\/\/www.cartacapital.com.br\/politica\/indignacao-com-chantagem-repudio-a-traidores-e-defesa-do-pix-o-discurso-de-lula-na-tv\/\" data-pf_style_display=\"inline\" data-pf_style_visibility=\"visible\"><span class=\"text-node\">pronunciamento na TV<\/span><\/a><span class=\"text-node\"> na \u00faltima quinta-feira 17, o presidente <\/span><a href=\"https:\/\/www.cartacapital.com.br\/politica\/no-chile-lula-pede-unidade-contra-a-extrema-direita-e-suas-praticas-intervencionistas\/\" data-pf_style_display=\"inline\" data-pf_style_visibility=\"visible\"><span class=\"text-node\">Lula<\/span><\/a><span class=\"text-node\"> (PT) refor\u00e7ou: \u201cOs Estados Unidos acumulam, h\u00e1 mais de 15 anos, robusto super\u00e1vit comercial de 410 bilh\u00f5es de d\u00f3lares\u201d.<\/span><\/p>\n<p class=\"added-to-list1\" data-pf_style_display=\"block\" data-pf_style_visibility=\"visible\"><span class=\"text-node\">Se o objetivo de Trump,\u00a0prosseguiu Edward Luce, for acudir seu amigo autorit\u00e1rio, tampouco haver\u00e1 l\u00f3gica. \u201cEntre as principais v\u00edtimas de uma tarifa americana de 50% sobre o Brasil estariam os pecuaristas e os exportadores de caf\u00e9. Ambos os setores s\u00e3o redutos de Bolsonaro. <\/span><mark data-pf_style_display=\"inline\" data-pf_style_visibility=\"visible\"><span class=\"text-node\">Trump est\u00e1, portanto, impulsionando a posi\u00e7\u00e3o de Lula, n\u00e3o a de Bolsonaro.<\/span><\/mark><span class=\"text-node\">\u201d<\/span><\/p>\n<p class=\"added-to-list1\" data-pf_style_display=\"block\" data-pf_style_visibility=\"visible\"><span class=\"text-node\">N\u00e3o \u00e9 surpresa, avalia o jornalista, que a popularidade de Lula <\/span><a href=\"https:\/\/www.cartacapital.com.br\/politica\/quaest-reforca-recuperacao-na-popularidade-do-governo-lula-em-meio-ao-tarifaco-de-trump\/\" data-pf_style_display=\"inline\" data-pf_style_visibility=\"visible\"><span class=\"text-node\">tenha melhorado nas \u00faltimas semanas<\/span><\/a><span class=\"text-node\">.<\/span><\/p>\n<p class=\"added-to-list1\" data-pf_style_display=\"block\" data-pf_style_visibility=\"visible\"><span class=\"text-node\">O artigo aponta ser necess\u00e1rio tamb\u00e9m compreender a <\/span><mark data-pf_style_display=\"inline\" data-pf_style_visibility=\"visible\"><span class=\"text-node\">\u201cincontin\u00eancia imperial\u201d<\/span><\/mark><span class=\"text-node\"> na pol\u00edtica comercial de Trump, que v\u00ea as tarifas como um instrumento de vantagem sobre o restante do mundo.<\/span><\/p>\n<p class=\"added-to-list1\" data-pf_style_display=\"block\" data-pf_style_visibility=\"visible\"><span class=\"text-node\">\u201cO autorit\u00e1rio turco Recep Tayyip Erdo\u011fan tem de lidar com uma tarifa de apenas 10%, apesar do d\u00e9ficit comercial dos EUA com a Turquia, diferentemente do Brasil\u201d, destaca Luce. \u201cO caminho de Erdogan rumo \u00e0 autocracia pode at\u00e9 ter levado o presidente dos EUA a ter uma vis\u00e3o mais favor\u00e1vel da Turquia.\u201d<\/span><\/p>\n<p class=\"added-to-list1\" data-pf_style_display=\"block\" data-pf_style_visibility=\"visible\"><span class=\"text-node\">Isso se explica, na avalia\u00e7\u00e3o de Luce, com a inclina\u00e7\u00e3o de Trump pela promo\u00e7\u00e3o da autocracia, o que deixa as \u201cdemocracias parceiras\u201d alarmadas.<\/span><\/p>\n<p class=\"added-to-list1\" data-pf_style_display=\"block\" data-pf_style_visibility=\"visible\"><span class=\"text-node\">\u201cAs reclama\u00e7\u00f5es mais veementes deveriam vir dos conselheiros protecionistas de Trump. Se eles se manifestarem, poder\u00e3o apontar que Trump atrapalha sua pr\u00f3pria agenda. Na vis\u00e3o deles, as tarifas buscam o desenvolvimento da capacidade interna dos EUA. Trump, por outro lado, usa essa ferramenta para o que lhe apetecer\u201d, conclui o jornalista.<\/span><\/p>\n","protected":false},"excerpt":{"rendered":"<p>Carta Capital &#8211; Um artigo publicado pelo Financial Times,\u00a0um dos di\u00e1rios econ\u00f4micos mais influentes do planeta sustenta que o tarifa\u00e7o contra o Brasil anunciado pelo presidente dos Estados Unidos, Donald Trump, n\u00e3o tem l\u00f3gica comercial e sequer ajuda o ex-presidente Jair Bolsonaro (PL), que tenta se apegar ao magnata para se livrar do julgamento por&#8230;<a class=\"more-link\" href=\"http:\/\/blogdalucianaoliveira.com.br\/blog\/2025\/07\/24\/tarifaco-de-trump-nao-serve-sequer-para-ajudar-bolsonaro-diz-colunista-do-financial-times\/\">Continue a leitura <span class=\"meta-nav\">&raquo;<\/span><\/a><\/p>\n","protected":false},"author":1,"featured_media":0,"comment_status":"closed","ping_status":"open","sticky":false,"template":"","format":"standard","meta":{"_exactmetrics_skip_tracking":false,"_exactmetrics_sitenote_active":false,"_exactmetrics_sitenote_note":"","_exactmetrics_sitenote_category":0,"jetpack_post_was_ever_published":false,"_jetpack_newsletter_access":"","_jetpack_dont_email_post_to_subs":false,"_jetpack_newsletter_tier_id":0,"_jetpack_memberships_contains_paywalled_content":false,"_jetpack_memberships_contains_paid_content":false,"footnotes":"","jetpack_publicize_message":"","jetpack_publicize_feature_enabled":true,"jetpack_social_post_already_shared":true,"jetpack_social_options":{"image_generator_settings":{"template":"highway","enabled":false},"version":2}},"categories":[1],"tags":[607,5,304,1298],"class_list":["post-37114","post","type-post","status-publish","format-standard","hentry","category-notas","tag-agro","tag-brasil","tag-eua","tag-tarifaco"],"jetpack_publicize_connections":[],"jetpack_sharing_enabled":true,"jetpack_featured_media_url":"","jetpack_shortlink":"https:\/\/wp.me\/p7wKYW-9EC","jetpack-related-posts":[],"_links":{"self":[{"href":"http:\/\/blogdalucianaoliveira.com.br\/blog\/wp-json\/wp\/v2\/posts\/37114","targetHints":{"allow":["GET"]}}],"collection":[{"href":"http:\/\/blogdalucianaoliveira.com.br\/blog\/wp-json\/wp\/v2\/posts"}],"about":[{"href":"http:\/\/blogdalucianaoliveira.com.br\/blog\/wp-json\/wp\/v2\/types\/post"}],"author":[{"embeddable":true,"href":"http:\/\/blogdalucianaoliveira.com.br\/blog\/wp-json\/wp\/v2\/users\/1"}],"replies":[{"embeddable":true,"href":"http:\/\/blogdalucianaoliveira.com.br\/blog\/wp-json\/wp\/v2\/comments?post=37114"}],"version-history":[{"count":1,"href":"http:\/\/blogdalucianaoliveira.com.br\/blog\/wp-json\/wp\/v2\/posts\/37114\/revisions"}],"predecessor-version":[{"id":37116,"href":"http:\/\/blogdalucianaoliveira.com.br\/blog\/wp-json\/wp\/v2\/posts\/37114\/revisions\/37116"}],"wp:attachment":[{"href":"http:\/\/blogdalucianaoliveira.com.br\/blog\/wp-json\/wp\/v2\/media?parent=37114"}],"wp:term":[{"taxonomy":"category","embeddable":true,"href":"http:\/\/blogdalucianaoliveira.com.br\/blog\/wp-json\/wp\/v2\/categories?post=37114"},{"taxonomy":"post_tag","embeddable":true,"href":"http:\/\/blogdalucianaoliveira.com.br\/blog\/wp-json\/wp\/v2\/tags?post=37114"}],"curies":[{"name":"wp","href":"https:\/\/api.w.org\/{rel}","templated":true}]}}