{"id":37117,"date":"2025-07-25T07:26:11","date_gmt":"2025-07-25T11:26:11","guid":{"rendered":"https:\/\/blogdalucianaoliveira.com.br\/blog\/?p=37117"},"modified":"2025-07-25T07:26:11","modified_gmt":"2025-07-25T11:26:11","slug":"violencia-contra-criancas-e-adolescentes-aumenta-em-rondonia-alerta-anuario-2025","status":"publish","type":"post","link":"http:\/\/blogdalucianaoliveira.com.br\/blog\/2025\/07\/25\/violencia-contra-criancas-e-adolescentes-aumenta-em-rondonia-alerta-anuario-2025\/","title":{"rendered":"Viol\u00eancia Contra Crian\u00e7as e Adolescentes Aumenta em Rond\u00f4nia, Alerta Anu\u00e1rio 2025"},"content":{"rendered":"<p><img data-recalc-dims=\"1\" loading=\"lazy\" decoding=\"async\" data-attachment-id=\"37118\" data-permalink=\"http:\/\/blogdalucianaoliveira.com.br\/blog\/2025\/07\/25\/violencia-contra-criancas-e-adolescentes-aumenta-em-rondonia-alerta-anuario-2025\/img_4684\/\" data-orig-file=\"https:\/\/i0.wp.com\/blogdalucianaoliveira.com.br\/blog\/wp-content\/uploads\/2025\/07\/IMG_4684.jpeg?fit=603%2C443\" data-orig-size=\"603,443\" data-comments-opened=\"0\" data-image-meta=\"{&quot;aperture&quot;:&quot;0&quot;,&quot;credit&quot;:&quot;&quot;,&quot;camera&quot;:&quot;&quot;,&quot;caption&quot;:&quot;&quot;,&quot;created_timestamp&quot;:&quot;0&quot;,&quot;copyright&quot;:&quot;&quot;,&quot;focal_length&quot;:&quot;0&quot;,&quot;iso&quot;:&quot;0&quot;,&quot;shutter_speed&quot;:&quot;0&quot;,&quot;title&quot;:&quot;&quot;,&quot;orientation&quot;:&quot;1&quot;}\" data-image-title=\"IMG_4684\" data-image-description=\"\" data-image-caption=\"\" data-medium-file=\"https:\/\/i0.wp.com\/blogdalucianaoliveira.com.br\/blog\/wp-content\/uploads\/2025\/07\/IMG_4684.jpeg?fit=300%2C220\" data-large-file=\"https:\/\/i0.wp.com\/blogdalucianaoliveira.com.br\/blog\/wp-content\/uploads\/2025\/07\/IMG_4684.jpeg?fit=600%2C441\" class=\"alignnone size-medium wp-image-37118\" src=\"https:\/\/i0.wp.com\/blogdalucianaoliveira.com.br\/blog\/wp-content\/uploads\/2025\/07\/IMG_4684.jpeg?resize=300%2C220\" alt=\"\" width=\"300\" height=\"220\" srcset=\"https:\/\/i0.wp.com\/blogdalucianaoliveira.com.br\/blog\/wp-content\/uploads\/2025\/07\/IMG_4684.jpeg?resize=300%2C220 300w, https:\/\/i0.wp.com\/blogdalucianaoliveira.com.br\/blog\/wp-content\/uploads\/2025\/07\/IMG_4684.jpeg?resize=408%2C300 408w, https:\/\/i0.wp.com\/blogdalucianaoliveira.com.br\/blog\/wp-content\/uploads\/2025\/07\/IMG_4684.jpeg?w=603 603w\" sizes=\"auto, (max-width: 300px) 100vw, 300px\" \/><\/p>\n<p>O panorama da seguran\u00e7a p\u00fablica em Rond\u00f4nia revela um cen\u00e1rio preocupante para crian\u00e7as e adolescentes, com aumentos significativos em crimes contra esse grupo vulner\u00e1vel.<!--more--><\/p>\n<p>Dados extra\u00eddos do 19\u00ba Anu\u00e1rio Brasileiro de Seguran\u00e7a P\u00fablica, referente ao ano de 2025, indicam uma escalada na viol\u00eancia sexual e nas mortes violentas intencionais que afetam a popula\u00e7\u00e3o de 0 a 17 anos no estado.<\/p>\n<p>&#8220;Um dos pontos de maior gravidade \u00e9 o alarmante crescimento nos casos de agress\u00e3o sexual contra crian\u00e7as e adolescentes&#8221;, afirmou Thais Campos, m\u00e9dica e integrante do Centro de Defesa da Crian\u00e7a e do Adolescente Maria dos Anjos, organiza\u00e7\u00e3o que atua com direitos humanos.<\/p>\n<p>Rond\u00f4nia registrou um aumento de 48,3% no n\u00famero de v\u00edtimas entre 2023 e 2024, passando de 147 para 218 v\u00edtimas.<\/p>\n<p>&#8220;Em 2024, a taxa de agress\u00e3o sexual para essa faixa et\u00e1ria atingiu 36,9 por 100 mil habitantes, evidenciando a crescente vulnerabilidade de jovens e crian\u00e7as no estado&#8221;, continuou o professor Vinicius Miguel, tamb\u00e9m integrante do Cedeca Maria dos Anjos.<\/p>\n<p>As Mortes Violentas Intencionais (MVI) que vitimam crian\u00e7as e adolescentes tamb\u00e9m apresentaram um crescimento em Rond\u00f4nia.<\/p>\n<p>O n\u00famero de v\u00edtimas de MVI de 0 a 17 anos subiu de 15 em 2023 para 16 em 2024, representando um aumento de 6,7%.<\/p>\n<p>A taxa para 2024 foi de 2,7 v\u00edtimas por 100 mil habitantes na respectiva faixa et\u00e1ria. Embora o n\u00famero absoluto seja menor em compara\u00e7\u00e3o com outros crimes, a tend\u00eancia de alta \u00e9 um indicativo de falhas nas estrat\u00e9gias de prote\u00e7\u00e3o.<\/p>\n<p>No que se refere ao sistema socioeducativo, o estado tamb\u00e9m observou um aumento no n\u00famero de adolescentes em cumprimento de medidas.<\/p>\n<p>Rond\u00f4nia passou de 133 adolescentes em 2023 para 139 em 2024, uma varia\u00e7\u00e3o de 4,5%.<\/p>\n<p>A taxa em 2024 foi de 23,5 adolescentes por 100 mil habitantes. Esse crescimento, embora possa refletir maior responsabiliza\u00e7\u00e3o, tamb\u00e9m aponta para desafios na preven\u00e7\u00e3o da criminalidade juvenil e na oferta de oportunidades para essa popula\u00e7\u00e3o.<\/p>\n<p>Os dados do Anu\u00e1rio Brasileiro de Seguran\u00e7a P\u00fablica 2025 sublinham a necessidade urgente de pol\u00edticas p\u00fablicas mais eficazes e abrangentes em Rond\u00f4nia, focadas na prote\u00e7\u00e3o de crian\u00e7as e adolescentes, na preven\u00e7\u00e3o da viol\u00eancia sexual e na garantia de um ambiente seguro e de desenvolvimento para as futuras gera\u00e7\u00f5es.<\/p>\n<p>Fonte: 19\u00ba Anu\u00e1rio Brasileiro de Seguran\u00e7a P\u00fablica &#8211; 2025, F\u00f3rum Brasileiro de Seguran\u00e7a P\u00fablica.<\/p>\n<p>Da assessoria<\/p>\n","protected":false},"excerpt":{"rendered":"<p>O panorama da seguran\u00e7a p\u00fablica em Rond\u00f4nia revela um cen\u00e1rio preocupante para crian\u00e7as e adolescentes, com aumentos significativos em crimes contra esse grupo vulner\u00e1vel.<\/p>\n","protected":false},"author":1,"featured_media":0,"comment_status":"closed","ping_status":"open","sticky":false,"template":"","format":"standard","meta":{"_exactmetrics_skip_tracking":false,"_exactmetrics_sitenote_active":false,"_exactmetrics_sitenote_note":"","_exactmetrics_sitenote_category":0,"jetpack_post_was_ever_published":false,"_jetpack_newsletter_access":"","_jetpack_dont_email_post_to_subs":false,"_jetpack_newsletter_tier_id":0,"_jetpack_memberships_contains_paywalled_content":false,"_jetpack_memberships_contains_paid_content":false,"footnotes":"","jetpack_publicize_message":"","jetpack_publicize_feature_enabled":true,"jetpack_social_post_already_shared":true,"jetpack_social_options":{"image_generator_settings":{"template":"highway","enabled":false},"version":2}},"categories":[1],"tags":[],"class_list":["post-37117","post","type-post","status-publish","format-standard","hentry","category-notas"],"jetpack_publicize_connections":[],"jetpack_sharing_enabled":true,"jetpack_featured_media_url":"","jetpack_shortlink":"https:\/\/wp.me\/p7wKYW-9EF","jetpack-related-posts":[],"_links":{"self":[{"href":"http:\/\/blogdalucianaoliveira.com.br\/blog\/wp-json\/wp\/v2\/posts\/37117","targetHints":{"allow":["GET"]}}],"collection":[{"href":"http:\/\/blogdalucianaoliveira.com.br\/blog\/wp-json\/wp\/v2\/posts"}],"about":[{"href":"http:\/\/blogdalucianaoliveira.com.br\/blog\/wp-json\/wp\/v2\/types\/post"}],"author":[{"embeddable":true,"href":"http:\/\/blogdalucianaoliveira.com.br\/blog\/wp-json\/wp\/v2\/users\/1"}],"replies":[{"embeddable":true,"href":"http:\/\/blogdalucianaoliveira.com.br\/blog\/wp-json\/wp\/v2\/comments?post=37117"}],"version-history":[{"count":1,"href":"http:\/\/blogdalucianaoliveira.com.br\/blog\/wp-json\/wp\/v2\/posts\/37117\/revisions"}],"predecessor-version":[{"id":37119,"href":"http:\/\/blogdalucianaoliveira.com.br\/blog\/wp-json\/wp\/v2\/posts\/37117\/revisions\/37119"}],"wp:attachment":[{"href":"http:\/\/blogdalucianaoliveira.com.br\/blog\/wp-json\/wp\/v2\/media?parent=37117"}],"wp:term":[{"taxonomy":"category","embeddable":true,"href":"http:\/\/blogdalucianaoliveira.com.br\/blog\/wp-json\/wp\/v2\/categories?post=37117"},{"taxonomy":"post_tag","embeddable":true,"href":"http:\/\/blogdalucianaoliveira.com.br\/blog\/wp-json\/wp\/v2\/tags?post=37117"}],"curies":[{"name":"wp","href":"https:\/\/api.w.org\/{rel}","templated":true}]}}