{"id":37120,"date":"2025-07-25T09:46:18","date_gmt":"2025-07-25T13:46:18","guid":{"rendered":"https:\/\/blogdalucianaoliveira.com.br\/blog\/?p=37120"},"modified":"2025-07-25T09:54:09","modified_gmt":"2025-07-25T13:54:09","slug":"bar-do-calixto-e-incluido-em-zona-de-permissao-especial-da-capital","status":"publish","type":"post","link":"http:\/\/blogdalucianaoliveira.com.br\/blog\/2025\/07\/25\/bar-do-calixto-e-incluido-em-zona-de-permissao-especial-da-capital\/","title":{"rendered":"BAR DO CALIXTO \u00c9 INCLU\u00cdDO EM ZONA DE PERMISS\u00c3O ESPECIAL DA CAPITAL"},"content":{"rendered":"<p>&nbsp;<\/p>\n<p><img data-recalc-dims=\"1\" loading=\"lazy\" decoding=\"async\" data-attachment-id=\"37124\" data-permalink=\"http:\/\/blogdalucianaoliveira.com.br\/blog\/2025\/07\/25\/bar-do-calixto-e-incluido-em-zona-de-permissao-especial-da-capital\/img_4690-2\/\" data-orig-file=\"https:\/\/i0.wp.com\/blogdalucianaoliveira.com.br\/blog\/wp-content\/uploads\/2025\/07\/IMG_4690.jpeg?fit=1179%2C628\" data-orig-size=\"1179,628\" data-comments-opened=\"0\" data-image-meta=\"{&quot;aperture&quot;:&quot;0&quot;,&quot;credit&quot;:&quot;&quot;,&quot;camera&quot;:&quot;&quot;,&quot;caption&quot;:&quot;&quot;,&quot;created_timestamp&quot;:&quot;0&quot;,&quot;copyright&quot;:&quot;&quot;,&quot;focal_length&quot;:&quot;0&quot;,&quot;iso&quot;:&quot;0&quot;,&quot;shutter_speed&quot;:&quot;0&quot;,&quot;title&quot;:&quot;&quot;,&quot;orientation&quot;:&quot;1&quot;}\" data-image-title=\"IMG_4690\" data-image-description=\"\" data-image-caption=\"\" data-medium-file=\"https:\/\/i0.wp.com\/blogdalucianaoliveira.com.br\/blog\/wp-content\/uploads\/2025\/07\/IMG_4690.jpeg?fit=300%2C160\" data-large-file=\"https:\/\/i0.wp.com\/blogdalucianaoliveira.com.br\/blog\/wp-content\/uploads\/2025\/07\/IMG_4690.jpeg?fit=600%2C319\" class=\"alignnone size-medium wp-image-37124\" src=\"https:\/\/i0.wp.com\/blogdalucianaoliveira.com.br\/blog\/wp-content\/uploads\/2025\/07\/IMG_4690.jpeg?resize=300%2C160\" alt=\"\" width=\"300\" height=\"160\" srcset=\"https:\/\/i0.wp.com\/blogdalucianaoliveira.com.br\/blog\/wp-content\/uploads\/2025\/07\/IMG_4690.jpeg?resize=300%2C160 300w, https:\/\/i0.wp.com\/blogdalucianaoliveira.com.br\/blog\/wp-content\/uploads\/2025\/07\/IMG_4690.jpeg?resize=1024%2C545 1024w, https:\/\/i0.wp.com\/blogdalucianaoliveira.com.br\/blog\/wp-content\/uploads\/2025\/07\/IMG_4690.jpeg?resize=768%2C409 768w, https:\/\/i0.wp.com\/blogdalucianaoliveira.com.br\/blog\/wp-content\/uploads\/2025\/07\/IMG_4690.jpeg?resize=563%2C300 563w, https:\/\/i0.wp.com\/blogdalucianaoliveira.com.br\/blog\/wp-content\/uploads\/2025\/07\/IMG_4690.jpeg?w=1179 1179w\" sizes=\"auto, (max-width: 300px) 100vw, 300px\" \/><\/p>\n<p class=\"p1\"><!--more--><\/p>\n<p class=\"p1\"><span class=\"s1\">BLO, Luciana Oliveira &#8211; A iniciativa para regulamenta\u00e7\u00e3o das Zonas de Permiss\u00e3o para Emiss\u00f5es Sonoras com limites diferenciados em Porto Velho\/RO partiu do secret\u00e1rio de meio ambiente, Vinicius Miguel.<\/span><\/p>\n<p class=\"p1\"><span class=\"s1\">Teve apoio imediato do prefeito L\u00e9o Moraes, que fez quest\u00e3o de anunciar a novidade h\u00e1 cerca de dez dias no reduto do samba e Patrim\u00f4nio Cultural de Porto Velho, o Bar do Calixto.\u00a0<\/span><\/p>\n<p class=\"p1\"><span class=\"s1\">Desde o dia cinco de julho que o bar suspendeu a tradicional Roda de Samba, ap\u00f3s autua\u00e7\u00e3o, multa e apreens\u00e3o de equipamentos sonoros. <\/span><\/p>\n<p class=\"p1\"><span class=\"s1\">A campanha popular nas redes sociais em defesa do bar, levou \u00e0 propositura do decreto que<span class=\"Apple-converted-space\">\u00a0 <\/span>delimita espa\u00e7os, hor\u00e1rios e crit\u00e9rios para autoriza\u00e7\u00e3o de sons acima dos limites gerais previstos em lei.<\/span><\/p>\n<p><img data-recalc-dims=\"1\" loading=\"lazy\" decoding=\"async\" data-attachment-id=\"37125\" data-permalink=\"http:\/\/blogdalucianaoliveira.com.br\/blog\/2025\/07\/25\/bar-do-calixto-e-incluido-em-zona-de-permissao-especial-da-capital\/img_4700\/\" data-orig-file=\"https:\/\/i0.wp.com\/blogdalucianaoliveira.com.br\/blog\/wp-content\/uploads\/2025\/07\/IMG_4700.jpeg?fit=1179%2C906\" data-orig-size=\"1179,906\" data-comments-opened=\"0\" data-image-meta=\"{&quot;aperture&quot;:&quot;0&quot;,&quot;credit&quot;:&quot;&quot;,&quot;camera&quot;:&quot;&quot;,&quot;caption&quot;:&quot;&quot;,&quot;created_timestamp&quot;:&quot;0&quot;,&quot;copyright&quot;:&quot;&quot;,&quot;focal_length&quot;:&quot;0&quot;,&quot;iso&quot;:&quot;0&quot;,&quot;shutter_speed&quot;:&quot;0&quot;,&quot;title&quot;:&quot;&quot;,&quot;orientation&quot;:&quot;1&quot;}\" data-image-title=\"IMG_4700\" data-image-description=\"\" data-image-caption=\"\" data-medium-file=\"https:\/\/i0.wp.com\/blogdalucianaoliveira.com.br\/blog\/wp-content\/uploads\/2025\/07\/IMG_4700.jpeg?fit=300%2C231\" data-large-file=\"https:\/\/i0.wp.com\/blogdalucianaoliveira.com.br\/blog\/wp-content\/uploads\/2025\/07\/IMG_4700.jpeg?fit=600%2C461\" class=\"alignnone size-medium wp-image-37125\" src=\"https:\/\/i0.wp.com\/blogdalucianaoliveira.com.br\/blog\/wp-content\/uploads\/2025\/07\/IMG_4700.jpeg?resize=300%2C231\" alt=\"\" width=\"300\" height=\"231\" srcset=\"https:\/\/i0.wp.com\/blogdalucianaoliveira.com.br\/blog\/wp-content\/uploads\/2025\/07\/IMG_4700.jpeg?resize=300%2C231 300w, https:\/\/i0.wp.com\/blogdalucianaoliveira.com.br\/blog\/wp-content\/uploads\/2025\/07\/IMG_4700.jpeg?resize=1024%2C787 1024w, https:\/\/i0.wp.com\/blogdalucianaoliveira.com.br\/blog\/wp-content\/uploads\/2025\/07\/IMG_4700.jpeg?resize=768%2C590 768w, https:\/\/i0.wp.com\/blogdalucianaoliveira.com.br\/blog\/wp-content\/uploads\/2025\/07\/IMG_4700.jpeg?resize=390%2C300 390w, https:\/\/i0.wp.com\/blogdalucianaoliveira.com.br\/blog\/wp-content\/uploads\/2025\/07\/IMG_4700.jpeg?w=1179 1179w\" sizes=\"auto, (max-width: 300px) 100vw, 300px\" \/><\/p>\n<p class=\"p1\"><span class=\"s1\">Na justificativa, a Sema destacou que a inten\u00e7\u00e3o \u00e9 proteger a ocorr\u00eancia de manifesta\u00e7\u00f5es <\/span>culturais, religiosas e populares que constituem mem\u00f3ria e identidade local.<\/p>\n<p>Os limites para emiss\u00e3o de som e hor\u00e1rio de funcionamento de atuais interrompiam muitas atividades culturais.<\/p>\n<p class=\"p1\"><span class=\"s1\">O decreto estabelece que:<\/span><\/p>\n<p class=\"p1\"><span class=\"s2\">Art. 3\u00ba<\/span><span class=\"s1\"> Nas Zonas de Permiss\u00e3o, ser\u00e1 autorizada a realiza\u00e7\u00e3o de<\/span><\/p>\n<p class=\"p1\"><span class=\"s1\">manifesta\u00e7\u00f5es culturais populares, tais como rodas de samba, rodas de<\/span><\/p>\n<p class=\"p1\"><span class=\"s1\">capoeira, maracatus, congadas e outros cortejos tradicionais, desde<\/span><\/p>\n<p class=\"p1\"><span class=\"s1\">que:<\/span><\/p>\n<p class=\"p1\"><span class=\"s1\">I \u2013 tenham car\u00e1ter espont\u00e2neo, gratuito e aberto ao p\u00fablico;<\/span><\/p>\n<p class=\"p1\"><span class=\"s1\">II \u2013 n\u00e3o obstruam permanentemente vias p\u00fablicas ou causem riscos \u00e0<\/span><\/p>\n<p class=\"p1\"><span class=\"s1\">seguran\u00e7a local; e<\/span><\/p>\n<p class=\"p1\"><span class=\"s1\">III \u2013 n\u00e3o utilizem som amplificado superior a 85 (oitenta e cinco)<\/span><\/p>\n<p class=\"p1\"><span class=\"s1\">decib\u00e9is (dB) a 7 (sete) metros de dist\u00e2ncia, salvo autoriza\u00e7\u00e3o<\/span><\/p>\n<p class=\"p1\"><span class=\"s1\">espec\u00edfica.<\/span><\/p>\n<p class=\"p1\"><span class=\"s1\">A regulamenta\u00e7\u00e3o das Zonas especiais alcan\u00e7a outros locais p\u00fablicos e privados que s\u00e3o palcos de eventos da cultura popular. <\/span><\/p>\n<p class=\"p1\"><span class=\"s1\">\u2013 Espa\u00e7os P\u00fablicos<\/span><\/p>\n<p class=\"p1\"><span class=\"s1\">a) Catedral do Sagrado Cora\u00e7\u00e3o de Jesus \u2013 Rua Pedro II \u2013 Centro;<\/span><\/p>\n<p class=\"p1\"><span class=\"s1\">b) EFMM (complexo interior e exterior) \u2013 Av. Sete de Setembro com Rua<\/span><\/p>\n<p class=\"p1\"><span class=\"s1\">c) Escadaria da UNIR \u2013 Av. Presidente Dutra \u2013 Centro,<\/span><\/p>\n<p class=\"p1\"><span class=\"s1\">d) Espa\u00e7o Alternativo \u2013 Av. Governador Jorge Teixeira;<\/span><\/p>\n<p class=\"p1\"><span class=\"s1\">e) Feiras Livres (Feiras dos Produtores) \u2013 pontos diversos;<\/span><\/p>\n<p class=\"p1\"><span class=\"s1\">f) Mercado Cultural \u2013 Centro;<\/span><\/p>\n<p class=\"p1\"><span class=\"s1\">g) Parque da Cidade \u2013 Av. Calama \u2013 Bairro Flodoaldo Pontes Pinto;<\/span><\/p>\n<p class=\"p1\"><span class=\"s1\">h) Parque Ecol\u00f3gico \u2013 Parque Natural;<\/span><\/p>\n<p class=\"p1\"><span class=\"s1\">i) Pra\u00e7a Alu\u00edzio Ferreira \u2013 Bairro Caiari;<\/span><\/p>\n<p class=\"p1\"><span class=\"s1\">j) Pra\u00e7a CEU \u2013 Zona Leste;<\/span><\/p>\n<p class=\"p1\"><span class=\"s1\">k) Pra\u00e7a das Tr\u00eas Caixas D\u2019\u00c1gua \u2013 Bairro Caiari \u2013 Centro<\/span><\/p>\n<p class=\"p1\"><span class=\"s1\">l) Pra\u00e7a S\u00e3o Jos\u00e9 \u2013 Bairro Mocambo<\/span><\/p>\n<p class=\"p1\"><span class=\"s1\">m) Skate Park \u2013 Av. Jos\u00e9 Vieira Ca\u00fala com Av. Guapor\u00e9 \u2013 Bairro Cuni\u00e3.<\/span><\/p>\n<p class=\"p1\"><span class=\"s1\">II \u2013 Espa\u00e7os Privados:<\/span><\/p>\n<p class=\"p1\"><span class=\"s1\">a) Bar do Calixto (Patrim\u00f4nio Cultural de Natureza Imaterial) \u2013 Rua Bras\u00edlia com<\/span><\/p>\n<p class=\"p1\"><span class=\"s1\">Rua Jaci Paran\u00e1 \u2013 Bairro Santa B\u00e1rbara;<\/span><\/p>\n<p class=\"p1\"><span class=\"s1\">b) Castanheira \u2013 Rua Rui Barbosa \u2013 Bairro Arigol\u00e2ndia;<\/span><\/p>\n<p class=\"p1\"><span class=\"s1\">c) Circuitos de Carnaval \u2013 Circuitos Centro, Sul e Leste;<\/span><\/p>\n<p class=\"p1\"><span class=\"s1\">d) GRES Asfalt\u00e3o \u2013 Rua Jaci Paran\u00e1 entre Rua Bras\u00edlia e Rua Jo\u00e3o Goulart \u2013<\/span><\/p>\n<p class=\"p1\"><span class=\"s1\">Bairro Nossa Senhora das Gra\u00e7as.<\/span><\/p>\n<p class=\"p1\"><span class=\"s1\">O decreto regulamenta os artigos 213, 215 e 222 da Lei Complementar n\u00ba 138\/2001, que institui o<\/span><\/p>\n<p class=\"p1\"><span class=\"s1\">C\u00f3digo Municipal de Meio Ambiente.<\/span><\/p>\n<p><img data-recalc-dims=\"1\" loading=\"lazy\" decoding=\"async\" data-attachment-id=\"37126\" data-permalink=\"http:\/\/blogdalucianaoliveira.com.br\/blog\/2025\/07\/25\/bar-do-calixto-e-incluido-em-zona-de-permissao-especial-da-capital\/68f19cfd-bddd-4544-83cb-8c5d2a3043c3\/\" data-orig-file=\"https:\/\/i0.wp.com\/blogdalucianaoliveira.com.br\/blog\/wp-content\/uploads\/2025\/07\/68f19cfd-bddd-4544-83cb-8c5d2a3043c3.jpeg?fit=1600%2C900\" data-orig-size=\"1600,900\" data-comments-opened=\"0\" data-image-meta=\"{&quot;aperture&quot;:&quot;0&quot;,&quot;credit&quot;:&quot;&quot;,&quot;camera&quot;:&quot;&quot;,&quot;caption&quot;:&quot;&quot;,&quot;created_timestamp&quot;:&quot;0&quot;,&quot;copyright&quot;:&quot;&quot;,&quot;focal_length&quot;:&quot;0&quot;,&quot;iso&quot;:&quot;0&quot;,&quot;shutter_speed&quot;:&quot;0&quot;,&quot;title&quot;:&quot;&quot;,&quot;orientation&quot;:&quot;1&quot;}\" data-image-title=\"68f19cfd-bddd-4544-83cb-8c5d2a3043c3\" data-image-description=\"\" data-image-caption=\"\" data-medium-file=\"https:\/\/i0.wp.com\/blogdalucianaoliveira.com.br\/blog\/wp-content\/uploads\/2025\/07\/68f19cfd-bddd-4544-83cb-8c5d2a3043c3.jpeg?fit=300%2C169\" data-large-file=\"https:\/\/i0.wp.com\/blogdalucianaoliveira.com.br\/blog\/wp-content\/uploads\/2025\/07\/68f19cfd-bddd-4544-83cb-8c5d2a3043c3.jpeg?fit=600%2C338\" class=\"alignnone size-medium wp-image-37126\" src=\"https:\/\/i0.wp.com\/blogdalucianaoliveira.com.br\/blog\/wp-content\/uploads\/2025\/07\/68f19cfd-bddd-4544-83cb-8c5d2a3043c3.jpeg?resize=300%2C169\" alt=\"\" width=\"300\" height=\"169\" srcset=\"https:\/\/i0.wp.com\/blogdalucianaoliveira.com.br\/blog\/wp-content\/uploads\/2025\/07\/68f19cfd-bddd-4544-83cb-8c5d2a3043c3.jpeg?resize=300%2C169 300w, https:\/\/i0.wp.com\/blogdalucianaoliveira.com.br\/blog\/wp-content\/uploads\/2025\/07\/68f19cfd-bddd-4544-83cb-8c5d2a3043c3.jpeg?resize=1024%2C576 1024w, https:\/\/i0.wp.com\/blogdalucianaoliveira.com.br\/blog\/wp-content\/uploads\/2025\/07\/68f19cfd-bddd-4544-83cb-8c5d2a3043c3.jpeg?resize=768%2C432 768w, https:\/\/i0.wp.com\/blogdalucianaoliveira.com.br\/blog\/wp-content\/uploads\/2025\/07\/68f19cfd-bddd-4544-83cb-8c5d2a3043c3.jpeg?resize=1536%2C864 1536w, https:\/\/i0.wp.com\/blogdalucianaoliveira.com.br\/blog\/wp-content\/uploads\/2025\/07\/68f19cfd-bddd-4544-83cb-8c5d2a3043c3.jpeg?resize=533%2C300 533w, https:\/\/i0.wp.com\/blogdalucianaoliveira.com.br\/blog\/wp-content\/uploads\/2025\/07\/68f19cfd-bddd-4544-83cb-8c5d2a3043c3.jpeg?w=1600 1600w, https:\/\/i0.wp.com\/blogdalucianaoliveira.com.br\/blog\/wp-content\/uploads\/2025\/07\/68f19cfd-bddd-4544-83cb-8c5d2a3043c3.jpeg?w=1200 1200w\" sizes=\"auto, (max-width: 300px) 100vw, 300px\" \/><\/p>\n<p class=\"p1\"><span class=\"s1\">\u201c\u00c9 uma not\u00edcia que nos alivia o cora\u00e7\u00e3o, pois \u00e9 muito triste n\u00e3o dar o que o povo pede e precisa: a tradi\u00e7\u00e3o da nossa roda de samba. \u00c9 nos espa\u00e7os de cultura que o povo se alegram e a sua mem\u00f3ria vai sendo constru\u00edda. Nossa gratid\u00e3o \u00e9 eterna ao prefeito L\u00e9o Moraes e ao secret\u00e1rio da Sema, Vin\u00edcius Miguel\u201d, disse Francil\u00e9ia Mota, propriet\u00e1ria do bar. <\/span><\/p>\n","protected":false},"excerpt":{"rendered":"<p>&nbsp;<\/p>\n","protected":false},"author":1,"featured_media":0,"comment_status":"closed","ping_status":"open","sticky":false,"template":"","format":"standard","meta":{"_exactmetrics_skip_tracking":false,"_exactmetrics_sitenote_active":false,"_exactmetrics_sitenote_note":"","_exactmetrics_sitenote_category":0,"jetpack_post_was_ever_published":false,"_jetpack_newsletter_access":"","_jetpack_dont_email_post_to_subs":false,"_jetpack_newsletter_tier_id":0,"_jetpack_memberships_contains_paywalled_content":false,"_jetpack_memberships_contains_paid_content":false,"footnotes":"","jetpack_publicize_message":"","jetpack_publicize_feature_enabled":true,"jetpack_social_post_already_shared":true,"jetpack_social_options":{"image_generator_settings":{"template":"highway","enabled":false},"version":2}},"categories":[1],"tags":[691,77,1228,398],"class_list":["post-37120","post","type-post","status-publish","format-standard","hentry","category-notas","tag-bar-do-calixto","tag-cultura","tag-leo-moraes","tag-vinicius-miguel"],"jetpack_publicize_connections":[],"jetpack_sharing_enabled":true,"jetpack_featured_media_url":"","jetpack_shortlink":"https:\/\/wp.me\/p7wKYW-9EI","jetpack-related-posts":[],"_links":{"self":[{"href":"http:\/\/blogdalucianaoliveira.com.br\/blog\/wp-json\/wp\/v2\/posts\/37120","targetHints":{"allow":["GET"]}}],"collection":[{"href":"http:\/\/blogdalucianaoliveira.com.br\/blog\/wp-json\/wp\/v2\/posts"}],"about":[{"href":"http:\/\/blogdalucianaoliveira.com.br\/blog\/wp-json\/wp\/v2\/types\/post"}],"author":[{"embeddable":true,"href":"http:\/\/blogdalucianaoliveira.com.br\/blog\/wp-json\/wp\/v2\/users\/1"}],"replies":[{"embeddable":true,"href":"http:\/\/blogdalucianaoliveira.com.br\/blog\/wp-json\/wp\/v2\/comments?post=37120"}],"version-history":[{"count":5,"href":"http:\/\/blogdalucianaoliveira.com.br\/blog\/wp-json\/wp\/v2\/posts\/37120\/revisions"}],"predecessor-version":[{"id":37129,"href":"http:\/\/blogdalucianaoliveira.com.br\/blog\/wp-json\/wp\/v2\/posts\/37120\/revisions\/37129"}],"wp:attachment":[{"href":"http:\/\/blogdalucianaoliveira.com.br\/blog\/wp-json\/wp\/v2\/media?parent=37120"}],"wp:term":[{"taxonomy":"category","embeddable":true,"href":"http:\/\/blogdalucianaoliveira.com.br\/blog\/wp-json\/wp\/v2\/categories?post=37120"},{"taxonomy":"post_tag","embeddable":true,"href":"http:\/\/blogdalucianaoliveira.com.br\/blog\/wp-json\/wp\/v2\/tags?post=37120"}],"curies":[{"name":"wp","href":"https:\/\/api.w.org\/{rel}","templated":true}]}}