{"id":37130,"date":"2025-07-28T13:00:54","date_gmt":"2025-07-28T17:00:54","guid":{"rendered":"https:\/\/blogdalucianaoliveira.com.br\/blog\/?p=37130"},"modified":"2025-07-28T13:00:54","modified_gmt":"2025-07-28T17:00:54","slug":"sob-lula-brasil-deixa-o-mapa-da-fome-pela-segunda-vez","status":"publish","type":"post","link":"http:\/\/blogdalucianaoliveira.com.br\/blog\/2025\/07\/28\/sob-lula-brasil-deixa-o-mapa-da-fome-pela-segunda-vez\/","title":{"rendered":"Sob Lula, Brasil deixa o Mapa da Fome pela segunda vez"},"content":{"rendered":"<p><img data-recalc-dims=\"1\" loading=\"lazy\" decoding=\"async\" data-attachment-id=\"37131\" data-permalink=\"http:\/\/blogdalucianaoliveira.com.br\/blog\/2025\/07\/28\/sob-lula-brasil-deixa-o-mapa-da-fome-pela-segunda-vez\/img_4875-2\/\" data-orig-file=\"https:\/\/i0.wp.com\/blogdalucianaoliveira.com.br\/blog\/wp-content\/uploads\/2025\/07\/IMG_4875.webp?fit=500%2C240\" data-orig-size=\"500,240\" data-comments-opened=\"0\" data-image-meta=\"{&quot;aperture&quot;:&quot;0&quot;,&quot;credit&quot;:&quot;&quot;,&quot;camera&quot;:&quot;&quot;,&quot;caption&quot;:&quot;&quot;,&quot;created_timestamp&quot;:&quot;0&quot;,&quot;copyright&quot;:&quot;&quot;,&quot;focal_length&quot;:&quot;0&quot;,&quot;iso&quot;:&quot;0&quot;,&quot;shutter_speed&quot;:&quot;0&quot;,&quot;title&quot;:&quot;&quot;,&quot;orientation&quot;:&quot;0&quot;}\" data-image-title=\"IMG_4875\" data-image-description=\"\" data-image-caption=\"\" data-medium-file=\"https:\/\/i0.wp.com\/blogdalucianaoliveira.com.br\/blog\/wp-content\/uploads\/2025\/07\/IMG_4875.webp?fit=300%2C144\" data-large-file=\"https:\/\/i0.wp.com\/blogdalucianaoliveira.com.br\/blog\/wp-content\/uploads\/2025\/07\/IMG_4875.webp?fit=500%2C240\" class=\"alignnone size-medium wp-image-37131\" src=\"https:\/\/i0.wp.com\/blogdalucianaoliveira.com.br\/blog\/wp-content\/uploads\/2025\/07\/IMG_4875.webp?resize=300%2C144\" alt=\"\" width=\"300\" height=\"144\" srcset=\"https:\/\/i0.wp.com\/blogdalucianaoliveira.com.br\/blog\/wp-content\/uploads\/2025\/07\/IMG_4875.webp?resize=300%2C144 300w, https:\/\/i0.wp.com\/blogdalucianaoliveira.com.br\/blog\/wp-content\/uploads\/2025\/07\/IMG_4875.webp?w=500 500w\" sizes=\"auto, (max-width: 300px) 100vw, 300px\" \/><\/p>\n<p><b>247 &#8211; <\/b>O Brasil est\u00e1 oficialmente fora do Mapa da Fome das Na\u00e7\u00f5es Unidas. O an\u00fancio foi feito nesta segunda-feira (28) pela Organiza\u00e7\u00e3o das Na\u00e7\u00f5es Unidas para a Alimenta\u00e7\u00e3o e a Agricultura (FAO), durante a 2\u00aa C\u00fapula de Sistemas Alimentares (UNFSS+4), em Adis Abeba, na Eti\u00f3pia. A informa\u00e7\u00e3o foi divulgada no Relat\u00f3rio O Estado da Seguran\u00e7a Alimentar e Nutricional no Mundo 2025 (SOFI 2025), que se baseia em m\u00e9dias trienais \u2014 neste caso, de 2022 a 2024. Segundo a FAO, o Brasil reduziu para menos de 2,5% o percentual de sua popula\u00e7\u00e3o em risco de subnutri\u00e7\u00e3o.<!--more--><\/p>\n<p>A conquista foi alcan\u00e7ada em tempo recorde. Em 2022, o Brasil enfrentava um cen\u00e1rio cr\u00edtico de inseguran\u00e7a alimentar. Ainda assim, em apenas dois anos de governo, o pa\u00eds conseguiu reverter esse quadro, gra\u00e7as a uma combina\u00e7\u00e3o de pol\u00edticas sociais, incentivo ao trabalho e valoriza\u00e7\u00e3o da agricultura familiar.<\/p>\n<p>\u201cSair do Mapa da Fome era o objetivo primeiro do presidente Lula ao iniciar o seu mandato em janeiro de 2023. A meta era fazer isso at\u00e9 o fim de 2026\u201d, relembrou o ministro do Desenvolvimento e Assist\u00eancia Social, Fam\u00edlia e Combate \u00e0 Fome, Wellington Dias. \u201cMostramos que, com o Plano Brasil Sem Fome, muito trabalho duro e pol\u00edticas p\u00fablicas robustas, foi poss\u00edvel alcan\u00e7ar esse objetivo em apenas dois anos. N\u00e3o h\u00e1 soberania sem justi\u00e7a alimentar. E n\u00e3o h\u00e1 justi\u00e7a social sem democracia.\u201d<\/p>\n<p><b>Avan\u00e7os no combate \u00e0 pobreza<\/b> &#8211; Segundo dados do IBGE e do Minist\u00e9rio do Desenvolvimento Social, entre 2022 e 2024, cerca de 24 milh\u00f5es de brasileiros sa\u00edram da inseguran\u00e7a alimentar grave. Em paralelo, a pobreza extrema foi reduzida a 4,4% em 2023, o menor \u00edndice da s\u00e9rie hist\u00f3rica, tirando quase 10 milh\u00f5es de pessoas dessa condi\u00e7\u00e3o desde 2021.<\/p>\n<p>O bom desempenho econ\u00f4mico tamb\u00e9m contribuiu para os resultados. Em 2024, o Brasil alcan\u00e7ou a menor taxa de desemprego desde 2012 (6,6%) e bateu recordes de renda domiciliar per capita, que chegou a R$ 2.020. A desigualdade tamb\u00e9m recuou: o \u00edndice de Gini caiu para 0,506, impulsionado pelo crescimento de 10,7% na renda do trabalho dos 10% mais pobres \u2014 um ritmo 50% superior ao dos mais ricos.<\/p>\n<p>Boa parte dessa transforma\u00e7\u00e3o tem origem no fortalecimento dos programas sociais. Segundo o Caged, 98,8% das 1,7 milh\u00e3o de vagas com carteira assinada criadas em 2024 foram ocupadas por pessoas registradas no Cadastro \u00danico, sendo que 1,27 milh\u00e3o eram benefici\u00e1rias do Bolsa Fam\u00edlia. Com o aumento da renda, cerca de um milh\u00e3o de fam\u00edlias deixaram de receber o benef\u00edcio em julho de 2025.<\/p>\n<p>De acordo com Wellington Dias, o sucesso do combate \u00e0 fome est\u00e1 diretamente ligado \u00e0 articula\u00e7\u00e3o de pol\u00edticas complementares: \u201cEssa vit\u00f3ria \u00e9 fruto de pol\u00edticas p\u00fablicas eficazes, como o Plano Brasil Sem Fome, que engloba o Bolsa Fam\u00edlia, o Programa de Aquisi\u00e7\u00e3o de Alimentos, o Programa Cozinha Solid\u00e1ria, a valoriza\u00e7\u00e3o do sal\u00e1rio m\u00ednimo, o cr\u00e9dito para a agricultura familiar, o incentivo \u00e0 qualifica\u00e7\u00e3o profissional, ao emprego e ao empreendedorismo, al\u00e9m do fortalecimento da alimenta\u00e7\u00e3o escolar.\u201d<\/p>\n<p>O feito de 2025 marca a segunda vez que o Brasil sai do Mapa da Fome sob a lideran\u00e7a do presidente Luiz In\u00e1cio Lula da Silva \u2014 a primeira foi em 2014. O retorno ao mapa ocorreu a partir do tri\u00eanio 2018-2020, ap\u00f3s o desmonte de diversas pol\u00edticas sociais.<\/p>\n<p><b>Alian\u00e7a Global Contra a Fome e a Pobreza &#8211; <\/b>Durante sua presid\u00eancia no G20 em 2024, o Brasil prop\u00f4s a cria\u00e7\u00e3o da Alian\u00e7a Global contra a Fome e a Pobreza, que j\u00e1 re\u00fane mais de 100 pa\u00edses, al\u00e9m de funda\u00e7\u00f5es, organiza\u00e7\u00f5es e institui\u00e7\u00f5es financeiras internacionais. A meta da Alian\u00e7a \u00e9 contribuir para o cumprimento dos Objetivos de Desenvolvimento Sustent\u00e1vel (ODS) at\u00e9 2030, especialmente os que tratam da erradica\u00e7\u00e3o da fome e da pobreza.<\/p>\n<p>\u201cO exemplo brasileiro pode ser adaptado em muitos pa\u00edses ao redor do globo. No Brasil, sair do Mapa da Fome \u00e9 s\u00f3 o come\u00e7o. Queremos justi\u00e7a alimentar, soberania e bem-estar para todos\u201d, afirmou Wellington Dias.<\/p>\n<p>O ministro tamb\u00e9m destacou que, ao unir pol\u00edticas p\u00fablicas eficazes com esfor\u00e7os internacionais, o Brasil reafirma seu compromisso com a Agenda 2030 da ONU, buscando a constru\u00e7\u00e3o de um mundo mais justo, igualit\u00e1rio e livre da fome.<\/p>\n","protected":false},"excerpt":{"rendered":"<p>247 &#8211; O Brasil est\u00e1 oficialmente fora do Mapa da Fome das Na\u00e7\u00f5es Unidas. O an\u00fancio foi feito nesta segunda-feira (28) pela Organiza\u00e7\u00e3o das Na\u00e7\u00f5es Unidas para a Alimenta\u00e7\u00e3o e a Agricultura (FAO), durante a 2\u00aa C\u00fapula de Sistemas Alimentares (UNFSS+4), em Adis Abeba, na Eti\u00f3pia. A informa\u00e7\u00e3o foi divulgada no Relat\u00f3rio O Estado da&#8230;<a class=\"more-link\" href=\"http:\/\/blogdalucianaoliveira.com.br\/blog\/2025\/07\/28\/sob-lula-brasil-deixa-o-mapa-da-fome-pela-segunda-vez\/\">Continue a leitura <span class=\"meta-nav\">&raquo;<\/span><\/a><\/p>\n","protected":false},"author":1,"featured_media":0,"comment_status":"closed","ping_status":"open","sticky":false,"template":"","format":"standard","meta":{"_exactmetrics_skip_tracking":false,"_exactmetrics_sitenote_active":false,"_exactmetrics_sitenote_note":"","_exactmetrics_sitenote_category":0,"jetpack_post_was_ever_published":false,"_jetpack_newsletter_access":"","_jetpack_dont_email_post_to_subs":false,"_jetpack_newsletter_tier_id":0,"_jetpack_memberships_contains_paywalled_content":false,"_jetpack_memberships_contains_paid_content":false,"footnotes":"","jetpack_publicize_message":"","jetpack_publicize_feature_enabled":true,"jetpack_social_post_already_shared":true,"jetpack_social_options":{"image_generator_settings":{"template":"highway","enabled":false},"version":2}},"categories":[1],"tags":[541,78,173],"class_list":["post-37130","post","type-post","status-publish","format-standard","hentry","category-notas","tag-fome","tag-lula","tag-onu"],"jetpack_publicize_connections":[],"jetpack_sharing_enabled":true,"jetpack_featured_media_url":"","jetpack_shortlink":"https:\/\/wp.me\/p7wKYW-9ES","jetpack-related-posts":[],"_links":{"self":[{"href":"http:\/\/blogdalucianaoliveira.com.br\/blog\/wp-json\/wp\/v2\/posts\/37130","targetHints":{"allow":["GET"]}}],"collection":[{"href":"http:\/\/blogdalucianaoliveira.com.br\/blog\/wp-json\/wp\/v2\/posts"}],"about":[{"href":"http:\/\/blogdalucianaoliveira.com.br\/blog\/wp-json\/wp\/v2\/types\/post"}],"author":[{"embeddable":true,"href":"http:\/\/blogdalucianaoliveira.com.br\/blog\/wp-json\/wp\/v2\/users\/1"}],"replies":[{"embeddable":true,"href":"http:\/\/blogdalucianaoliveira.com.br\/blog\/wp-json\/wp\/v2\/comments?post=37130"}],"version-history":[{"count":1,"href":"http:\/\/blogdalucianaoliveira.com.br\/blog\/wp-json\/wp\/v2\/posts\/37130\/revisions"}],"predecessor-version":[{"id":37132,"href":"http:\/\/blogdalucianaoliveira.com.br\/blog\/wp-json\/wp\/v2\/posts\/37130\/revisions\/37132"}],"wp:attachment":[{"href":"http:\/\/blogdalucianaoliveira.com.br\/blog\/wp-json\/wp\/v2\/media?parent=37130"}],"wp:term":[{"taxonomy":"category","embeddable":true,"href":"http:\/\/blogdalucianaoliveira.com.br\/blog\/wp-json\/wp\/v2\/categories?post=37130"},{"taxonomy":"post_tag","embeddable":true,"href":"http:\/\/blogdalucianaoliveira.com.br\/blog\/wp-json\/wp\/v2\/tags?post=37130"}],"curies":[{"name":"wp","href":"https:\/\/api.w.org\/{rel}","templated":true}]}}