{"id":37136,"date":"2025-07-29T08:42:49","date_gmt":"2025-07-29T12:42:49","guid":{"rendered":"https:\/\/blogdalucianaoliveira.com.br\/blog\/?p=37136"},"modified":"2025-07-29T08:42:49","modified_gmt":"2025-07-29T12:42:49","slug":"tarifaco-dos-eua-pode-encarecer-alimentacao-em-bares-e-restaurantes","status":"publish","type":"post","link":"http:\/\/blogdalucianaoliveira.com.br\/blog\/2025\/07\/29\/tarifaco-dos-eua-pode-encarecer-alimentacao-em-bares-e-restaurantes\/","title":{"rendered":"Tarifa\u00e7o dos EUA pode encarecer alimenta\u00e7\u00e3o em bares e restaurantes"},"content":{"rendered":"<p><img data-recalc-dims=\"1\" loading=\"lazy\" decoding=\"async\" data-attachment-id=\"37137\" data-permalink=\"http:\/\/blogdalucianaoliveira.com.br\/blog\/2025\/07\/29\/tarifaco-dos-eua-pode-encarecer-alimentacao-em-bares-e-restaurantes\/img_4909\/\" data-orig-file=\"https:\/\/i0.wp.com\/blogdalucianaoliveira.com.br\/blog\/wp-content\/uploads\/2025\/07\/IMG_4909.webp?fit=1170%2C700\" data-orig-size=\"1170,700\" data-comments-opened=\"0\" data-image-meta=\"{&quot;aperture&quot;:&quot;0&quot;,&quot;credit&quot;:&quot;&quot;,&quot;camera&quot;:&quot;&quot;,&quot;caption&quot;:&quot;&quot;,&quot;created_timestamp&quot;:&quot;0&quot;,&quot;copyright&quot;:&quot;&quot;,&quot;focal_length&quot;:&quot;0&quot;,&quot;iso&quot;:&quot;0&quot;,&quot;shutter_speed&quot;:&quot;0&quot;,&quot;title&quot;:&quot;&quot;,&quot;orientation&quot;:&quot;0&quot;}\" data-image-title=\"IMG_4909\" data-image-description=\"\" data-image-caption=\"\" data-medium-file=\"https:\/\/i0.wp.com\/blogdalucianaoliveira.com.br\/blog\/wp-content\/uploads\/2025\/07\/IMG_4909.webp?fit=300%2C179\" data-large-file=\"https:\/\/i0.wp.com\/blogdalucianaoliveira.com.br\/blog\/wp-content\/uploads\/2025\/07\/IMG_4909.webp?fit=600%2C359\" class=\"alignnone size-medium wp-image-37137\" src=\"https:\/\/i0.wp.com\/blogdalucianaoliveira.com.br\/blog\/wp-content\/uploads\/2025\/07\/IMG_4909.webp?resize=300%2C179\" alt=\"\" width=\"300\" height=\"179\" srcset=\"https:\/\/i0.wp.com\/blogdalucianaoliveira.com.br\/blog\/wp-content\/uploads\/2025\/07\/IMG_4909.webp?resize=300%2C179 300w, https:\/\/i0.wp.com\/blogdalucianaoliveira.com.br\/blog\/wp-content\/uploads\/2025\/07\/IMG_4909.webp?resize=1024%2C613 1024w, https:\/\/i0.wp.com\/blogdalucianaoliveira.com.br\/blog\/wp-content\/uploads\/2025\/07\/IMG_4909.webp?resize=768%2C459 768w, https:\/\/i0.wp.com\/blogdalucianaoliveira.com.br\/blog\/wp-content\/uploads\/2025\/07\/IMG_4909.webp?resize=501%2C300 501w, https:\/\/i0.wp.com\/blogdalucianaoliveira.com.br\/blog\/wp-content\/uploads\/2025\/07\/IMG_4909.webp?w=1170 1170w\" sizes=\"auto, (max-width: 300px) 100vw, 300px\" \/><br \/>\nAvalia\u00e7\u00e3o \u00e9 da Federa\u00e7\u00e3o de Hot\u00e9is, Restaurantes e Bares do estado<!--more--><\/p>\n<p>EBC &#8211; A Federa\u00e7\u00e3o de Hot\u00e9is, Restaurantes e Bares do Estado de S\u00e3o Paulo (Fhoresp) avalia que o tarifa\u00e7o dos Estados Unidos contra o Brasil, previsto para entrar em vigor no pr\u00f3ximo dia 1\u00ba, dever\u00e1 encarecer a alimenta\u00e7\u00e3o em restaurantes, bares e lanchonetes. <img data-recalc-dims=\"1\" decoding=\"async\" src=\"https:\/\/i0.wp.com\/agenciabrasil.ebc.com.br\/ebc.png?w=600&#038;ssl=1\" \/><img data-recalc-dims=\"1\" decoding=\"async\" src=\"https:\/\/i0.wp.com\/agenciabrasil.ebc.com.br\/ebc.gif?w=600&#038;ssl=1\" \/><\/p>\n<p><strong>De acordo com a entidade, o tarifa\u00e7o exercer\u00e1 press\u00e3o no mercado interno sobre produtos considerados carros-chefes da exporta\u00e7\u00e3o brasileira, como caf\u00e9, carnes, pescados e suco de laranja.<\/strong><\/p>\n<p>\u201cEstes alimentos ter\u00e3o toda a cadeia produtiva impactada. O caf\u00e9, por exemplo, pode perder at\u00e9 30% da sua produ\u00e7\u00e3o em exporta\u00e7\u00e3o, o que acarretaria num aumento de at\u00e9 6% no pre\u00e7o interno. Num poss\u00edvel cen\u00e1rio de recess\u00e3o econ\u00f4mica, carnes [bovina e su\u00edna] e pescados tamb\u00e9m dever\u00e3o ter os pre\u00e7os reajustados ao mercado interno para cobrir custos de produ\u00e7\u00e3o\u201d, explica a entidade em nota.<\/p>\n<p>A Fhoresp projeta que os impactos nos pre\u00e7os internos aconte\u00e7am a m\u00e9dio e a longo prazos sobre o setor de alimenta\u00e7\u00e3o fora do lar. A estimativa \u00e9 de um aumento que pode chegar a casa dos 10% no card\u00e1pio do brasileiro.<\/p>\n<blockquote><p>\u201cTemos de colocar todos os cen\u00e1rios \u00e0 mesa, para que o Brasil entenda o que pode estar por vir, inclusive, um quadro de recess\u00e3o econ\u00f4mica. No m\u00e9dio e longo prazo, o mercado interno deve sofrer com impactos em toda a cadeia produtiva, sobretudo no agroneg\u00f3cio\u201d, disse o diretor-executivo da entidade, Edson Pinto.<\/p><\/blockquote>\n<p>Ele disse ver como \u201ccatastr\u00f3fica\u201d a taxa\u00e7\u00e3o estadunidense.<\/p>\n<p>\u201cUm franco ataque \u00e0 cadeia do agroneg\u00f3cio brasileiro\u201d, afirmou, defendendo uma a\u00e7\u00e3o diplom\u00e1tica e estrat\u00e9gica em defesa dos interesses nacionais.<\/p>\n","protected":false},"excerpt":{"rendered":"<p>Avalia\u00e7\u00e3o \u00e9 da Federa\u00e7\u00e3o de Hot\u00e9is, Restaurantes e Bares do estado<\/p>\n","protected":false},"author":1,"featured_media":0,"comment_status":"closed","ping_status":"open","sticky":false,"template":"","format":"standard","meta":{"_exactmetrics_skip_tracking":false,"_exactmetrics_sitenote_active":false,"_exactmetrics_sitenote_note":"","_exactmetrics_sitenote_category":0,"jetpack_post_was_ever_published":false,"_jetpack_newsletter_access":"","_jetpack_dont_email_post_to_subs":false,"_jetpack_newsletter_tier_id":0,"_jetpack_memberships_contains_paywalled_content":false,"_jetpack_memberships_contains_paid_content":false,"footnotes":"","jetpack_publicize_message":"","jetpack_publicize_feature_enabled":true,"jetpack_social_post_already_shared":true,"jetpack_social_options":{"image_generator_settings":{"template":"highway","enabled":false},"version":2}},"categories":[1],"tags":[],"class_list":["post-37136","post","type-post","status-publish","format-standard","hentry","category-notas"],"jetpack_publicize_connections":[],"jetpack_sharing_enabled":true,"jetpack_featured_media_url":"","jetpack_shortlink":"https:\/\/wp.me\/p7wKYW-9EY","jetpack-related-posts":[],"_links":{"self":[{"href":"http:\/\/blogdalucianaoliveira.com.br\/blog\/wp-json\/wp\/v2\/posts\/37136","targetHints":{"allow":["GET"]}}],"collection":[{"href":"http:\/\/blogdalucianaoliveira.com.br\/blog\/wp-json\/wp\/v2\/posts"}],"about":[{"href":"http:\/\/blogdalucianaoliveira.com.br\/blog\/wp-json\/wp\/v2\/types\/post"}],"author":[{"embeddable":true,"href":"http:\/\/blogdalucianaoliveira.com.br\/blog\/wp-json\/wp\/v2\/users\/1"}],"replies":[{"embeddable":true,"href":"http:\/\/blogdalucianaoliveira.com.br\/blog\/wp-json\/wp\/v2\/comments?post=37136"}],"version-history":[{"count":1,"href":"http:\/\/blogdalucianaoliveira.com.br\/blog\/wp-json\/wp\/v2\/posts\/37136\/revisions"}],"predecessor-version":[{"id":37138,"href":"http:\/\/blogdalucianaoliveira.com.br\/blog\/wp-json\/wp\/v2\/posts\/37136\/revisions\/37138"}],"wp:attachment":[{"href":"http:\/\/blogdalucianaoliveira.com.br\/blog\/wp-json\/wp\/v2\/media?parent=37136"}],"wp:term":[{"taxonomy":"category","embeddable":true,"href":"http:\/\/blogdalucianaoliveira.com.br\/blog\/wp-json\/wp\/v2\/categories?post=37136"},{"taxonomy":"post_tag","embeddable":true,"href":"http:\/\/blogdalucianaoliveira.com.br\/blog\/wp-json\/wp\/v2\/tags?post=37136"}],"curies":[{"name":"wp","href":"https:\/\/api.w.org\/{rel}","templated":true}]}}