{"id":37143,"date":"2025-07-29T14:07:05","date_gmt":"2025-07-29T18:07:05","guid":{"rendered":"https:\/\/blogdalucianaoliveira.com.br\/blog\/?p=37143"},"modified":"2025-07-29T14:07:05","modified_gmt":"2025-07-29T18:07:05","slug":"a-anatomia-de-um-traidor","status":"publish","type":"post","link":"http:\/\/blogdalucianaoliveira.com.br\/blog\/2025\/07\/29\/a-anatomia-de-um-traidor\/","title":{"rendered":"A Anatomia de um Traidor"},"content":{"rendered":"<p><img data-recalc-dims=\"1\" loading=\"lazy\" decoding=\"async\" data-attachment-id=\"37144\" data-permalink=\"http:\/\/blogdalucianaoliveira.com.br\/blog\/2025\/07\/29\/a-anatomia-de-um-traidor\/61e813db-121b-4fe7-a1bd-251164472d3c\/\" data-orig-file=\"https:\/\/i0.wp.com\/blogdalucianaoliveira.com.br\/blog\/wp-content\/uploads\/2025\/07\/61e813db-121b-4fe7-a1bd-251164472d3c.jpeg?fit=851%2C1280\" data-orig-size=\"851,1280\" data-comments-opened=\"0\" data-image-meta=\"{&quot;aperture&quot;:&quot;0&quot;,&quot;credit&quot;:&quot;&quot;,&quot;camera&quot;:&quot;&quot;,&quot;caption&quot;:&quot;&quot;,&quot;created_timestamp&quot;:&quot;0&quot;,&quot;copyright&quot;:&quot;&quot;,&quot;focal_length&quot;:&quot;0&quot;,&quot;iso&quot;:&quot;0&quot;,&quot;shutter_speed&quot;:&quot;0&quot;,&quot;title&quot;:&quot;&quot;,&quot;orientation&quot;:&quot;0&quot;}\" data-image-title=\"61e813db-121b-4fe7-a1bd-251164472d3c\" data-image-description=\"\" data-image-caption=\"\" data-medium-file=\"https:\/\/i0.wp.com\/blogdalucianaoliveira.com.br\/blog\/wp-content\/uploads\/2025\/07\/61e813db-121b-4fe7-a1bd-251164472d3c.jpeg?fit=199%2C300\" data-large-file=\"https:\/\/i0.wp.com\/blogdalucianaoliveira.com.br\/blog\/wp-content\/uploads\/2025\/07\/61e813db-121b-4fe7-a1bd-251164472d3c.jpeg?fit=600%2C902\" class=\"size-medium wp-image-37144 alignleft\" src=\"https:\/\/i0.wp.com\/blogdalucianaoliveira.com.br\/blog\/wp-content\/uploads\/2025\/07\/61e813db-121b-4fe7-a1bd-251164472d3c.jpeg?resize=199%2C300\" alt=\"\" width=\"199\" height=\"300\" srcset=\"https:\/\/i0.wp.com\/blogdalucianaoliveira.com.br\/blog\/wp-content\/uploads\/2025\/07\/61e813db-121b-4fe7-a1bd-251164472d3c.jpeg?resize=199%2C300 199w, https:\/\/i0.wp.com\/blogdalucianaoliveira.com.br\/blog\/wp-content\/uploads\/2025\/07\/61e813db-121b-4fe7-a1bd-251164472d3c.jpeg?resize=681%2C1024 681w, https:\/\/i0.wp.com\/blogdalucianaoliveira.com.br\/blog\/wp-content\/uploads\/2025\/07\/61e813db-121b-4fe7-a1bd-251164472d3c.jpeg?resize=768%2C1155 768w, https:\/\/i0.wp.com\/blogdalucianaoliveira.com.br\/blog\/wp-content\/uploads\/2025\/07\/61e813db-121b-4fe7-a1bd-251164472d3c.jpeg?w=851 851w\" sizes=\"auto, (max-width: 199px) 100vw, 199px\" \/><\/p>\n<p>Por Ant\u00f4nio Carlos Tavernard &#8211; Eduardo Bolsonaro foi eleito deputado federal para representar os interesses do povo brasileiro. Levantou a bandeira do patriotismo, usou o verde e amarelo como s\u00edmbolo de sua causa e prometeu defender o Brasil acima de tudo. No entanto, hoje, age de forma contr\u00e1ria ao que prometeu. Nos Estados Unidos, ele articula com aliados do ex-presidente Donald Trump medidas que podem prejudicar diretamente o Brasil, como san\u00e7\u00f5es econ\u00f4micas e tarifas sobre produtos nacionais.<!--more--><\/p>\n<p>Essa atua\u00e7\u00e3o \u00e9 mais do que irrespons\u00e1vel. \u00c9 um ataque direto aos interesses do pa\u00eds. Ao pedir puni\u00e7\u00f5es contra a pr\u00f3pria na\u00e7\u00e3o, Eduardo coloca sua lealdade ideol\u00f3gica acima da lealdade \u00e0 p\u00e1tria. Est\u00e1 tentando transformar o Brasil em alvo de press\u00f5es externas que podem causar desemprego, queda na produ\u00e7\u00e3o, perda de mercados internacionais e empobrecimento de setores fundamentais como o agroneg\u00f3cio e a ind\u00fastria.<\/p>\n<p>N\u00e3o se trata apenas de diverg\u00eancias pol\u00edticas. A cr\u00edtica ao governo, quando feita de maneira leg\u00edtima, \u00e9 parte da democracia. O que Eduardo est\u00e1 fazendo, no entanto, \u00e9 algo completamente diferente. \u00c9 lobby contra o seu pr\u00f3prio povo, sabotagem diplom\u00e1tica e submiss\u00e3o a interesses estrangeiros. Est\u00e1 usando seu prest\u00edgio pol\u00edtico para minar negocia\u00e7\u00f5es comerciais e provocar um isolamento internacional que pode custar caro \u00e0 popula\u00e7\u00e3o brasileira.<\/p>\n<p>A incoer\u00eancia \u00e9 evidente. Aquele que se dizia patriota agora age como inimigo do Brasil. Quem usava a palavra &#8220;soberania&#8221; como lema hoje trabalha para enfraquecer a imagem do pa\u00eds no exterior. Essa conduta revela a anatomia de um traidor: algu\u00e9m que se aproveita do cargo p\u00fablico e da confian\u00e7a popular para servir a interesses privados e externos.<\/p>\n<p>A hist\u00f3ria j\u00e1 mostrou que trai\u00e7\u00f5es desse tipo n\u00e3o s\u00e3o esquecidas. E neste caso, a trai\u00e7\u00e3o \u00e9 tripla: \u00e0 Constitui\u00e7\u00e3o, ao povo que o elegeu e \u00e0 pr\u00f3pria ideia de na\u00e7\u00e3o. Eduardo Bolsonaro est\u00e1 fazendo exatamente aquilo que ele pr\u00f3prio acusava seus advers\u00e1rios de fazer. A diferen\u00e7a \u00e9 que agora o dano \u00e9 real, concreto e mensur\u00e1vel.<\/p>\n<p>Defender o Brasil significa trabalhar por sua prosperidade, sua estabilidade e seu respeito internacional. Colocar obst\u00e1culos nesse caminho, de forma deliberada, \u00e9 agir contra o pa\u00eds. E n\u00e3o h\u00e1 outro nome para isso: \u00e9 trai\u00e7\u00e3o.<\/p>\n","protected":false},"excerpt":{"rendered":"<p>Por Ant\u00f4nio Carlos Tavernard &#8211; Eduardo Bolsonaro foi eleito deputado federal para representar os interesses do povo brasileiro. Levantou a bandeira do patriotismo, usou o verde e amarelo como s\u00edmbolo de sua causa e prometeu defender o Brasil acima de tudo. No entanto, hoje, age de forma contr\u00e1ria ao que prometeu. Nos Estados Unidos, ele&#8230;<a class=\"more-link\" href=\"http:\/\/blogdalucianaoliveira.com.br\/blog\/2025\/07\/29\/a-anatomia-de-um-traidor\/\">Continue a leitura <span class=\"meta-nav\">&raquo;<\/span><\/a><\/p>\n","protected":false},"author":1,"featured_media":0,"comment_status":"closed","ping_status":"open","sticky":false,"template":"","format":"standard","meta":{"_exactmetrics_skip_tracking":false,"_exactmetrics_sitenote_active":false,"_exactmetrics_sitenote_note":"","_exactmetrics_sitenote_category":0,"jetpack_post_was_ever_published":false,"_jetpack_newsletter_access":"","_jetpack_dont_email_post_to_subs":false,"_jetpack_newsletter_tier_id":0,"_jetpack_memberships_contains_paywalled_content":false,"_jetpack_memberships_contains_paid_content":false,"footnotes":"","jetpack_publicize_message":"","jetpack_publicize_feature_enabled":true,"jetpack_social_post_already_shared":true,"jetpack_social_options":{"image_generator_settings":{"template":"highway","enabled":false},"version":2}},"categories":[1],"tags":[],"class_list":["post-37143","post","type-post","status-publish","format-standard","hentry","category-notas"],"jetpack_publicize_connections":[],"jetpack_sharing_enabled":true,"jetpack_featured_media_url":"","jetpack_shortlink":"https:\/\/wp.me\/p7wKYW-9F5","jetpack-related-posts":[],"_links":{"self":[{"href":"http:\/\/blogdalucianaoliveira.com.br\/blog\/wp-json\/wp\/v2\/posts\/37143","targetHints":{"allow":["GET"]}}],"collection":[{"href":"http:\/\/blogdalucianaoliveira.com.br\/blog\/wp-json\/wp\/v2\/posts"}],"about":[{"href":"http:\/\/blogdalucianaoliveira.com.br\/blog\/wp-json\/wp\/v2\/types\/post"}],"author":[{"embeddable":true,"href":"http:\/\/blogdalucianaoliveira.com.br\/blog\/wp-json\/wp\/v2\/users\/1"}],"replies":[{"embeddable":true,"href":"http:\/\/blogdalucianaoliveira.com.br\/blog\/wp-json\/wp\/v2\/comments?post=37143"}],"version-history":[{"count":1,"href":"http:\/\/blogdalucianaoliveira.com.br\/blog\/wp-json\/wp\/v2\/posts\/37143\/revisions"}],"predecessor-version":[{"id":37145,"href":"http:\/\/blogdalucianaoliveira.com.br\/blog\/wp-json\/wp\/v2\/posts\/37143\/revisions\/37145"}],"wp:attachment":[{"href":"http:\/\/blogdalucianaoliveira.com.br\/blog\/wp-json\/wp\/v2\/media?parent=37143"}],"wp:term":[{"taxonomy":"category","embeddable":true,"href":"http:\/\/blogdalucianaoliveira.com.br\/blog\/wp-json\/wp\/v2\/categories?post=37143"},{"taxonomy":"post_tag","embeddable":true,"href":"http:\/\/blogdalucianaoliveira.com.br\/blog\/wp-json\/wp\/v2\/tags?post=37143"}],"curies":[{"name":"wp","href":"https:\/\/api.w.org\/{rel}","templated":true}]}}