{"id":37146,"date":"2025-07-29T15:31:35","date_gmt":"2025-07-29T19:31:35","guid":{"rendered":"https:\/\/blogdalucianaoliveira.com.br\/blog\/?p=37146"},"modified":"2025-07-29T15:33:13","modified_gmt":"2025-07-29T19:33:13","slug":"em-10-anos-de-camara-eduardo-bolsonaro-teve-2-projetos-que-viraram-lei","status":"publish","type":"post","link":"http:\/\/blogdalucianaoliveira.com.br\/blog\/2025\/07\/29\/em-10-anos-de-camara-eduardo-bolsonaro-teve-2-projetos-que-viraram-lei\/","title":{"rendered":"Em 10 anos de C\u00e2mara, Eduardo Bolsonaro teve 2 projetos que viraram lei"},"content":{"rendered":"<p><img data-recalc-dims=\"1\" loading=\"lazy\" decoding=\"async\" data-attachment-id=\"37147\" data-permalink=\"http:\/\/blogdalucianaoliveira.com.br\/blog\/2025\/07\/29\/em-10-anos-de-camara-eduardo-bolsonaro-teve-2-projetos-que-viraram-lei\/img_4920\/\" data-orig-file=\"https:\/\/i0.wp.com\/blogdalucianaoliveira.com.br\/blog\/wp-content\/uploads\/2025\/07\/IMG_4920.webp?fit=1280%2C789\" data-orig-size=\"1280,789\" data-comments-opened=\"0\" data-image-meta=\"{&quot;aperture&quot;:&quot;0&quot;,&quot;credit&quot;:&quot;&quot;,&quot;camera&quot;:&quot;&quot;,&quot;caption&quot;:&quot;&quot;,&quot;created_timestamp&quot;:&quot;0&quot;,&quot;copyright&quot;:&quot;&quot;,&quot;focal_length&quot;:&quot;0&quot;,&quot;iso&quot;:&quot;0&quot;,&quot;shutter_speed&quot;:&quot;0&quot;,&quot;title&quot;:&quot;&quot;,&quot;orientation&quot;:&quot;0&quot;}\" data-image-title=\"IMG_4920\" data-image-description=\"\" data-image-caption=\"\" data-medium-file=\"https:\/\/i0.wp.com\/blogdalucianaoliveira.com.br\/blog\/wp-content\/uploads\/2025\/07\/IMG_4920.webp?fit=300%2C185\" data-large-file=\"https:\/\/i0.wp.com\/blogdalucianaoliveira.com.br\/blog\/wp-content\/uploads\/2025\/07\/IMG_4920.webp?fit=600%2C370\" class=\"alignnone size-medium wp-image-37147\" src=\"https:\/\/i0.wp.com\/blogdalucianaoliveira.com.br\/blog\/wp-content\/uploads\/2025\/07\/IMG_4920.webp?resize=300%2C185\" alt=\"\" width=\"300\" height=\"185\" srcset=\"https:\/\/i0.wp.com\/blogdalucianaoliveira.com.br\/blog\/wp-content\/uploads\/2025\/07\/IMG_4920.webp?resize=300%2C185 300w, https:\/\/i0.wp.com\/blogdalucianaoliveira.com.br\/blog\/wp-content\/uploads\/2025\/07\/IMG_4920.webp?resize=1024%2C631 1024w, https:\/\/i0.wp.com\/blogdalucianaoliveira.com.br\/blog\/wp-content\/uploads\/2025\/07\/IMG_4920.webp?resize=768%2C473 768w, https:\/\/i0.wp.com\/blogdalucianaoliveira.com.br\/blog\/wp-content\/uploads\/2025\/07\/IMG_4920.webp?resize=487%2C300 487w, https:\/\/i0.wp.com\/blogdalucianaoliveira.com.br\/blog\/wp-content\/uploads\/2025\/07\/IMG_4920.webp?w=1280 1280w, https:\/\/i0.wp.com\/blogdalucianaoliveira.com.br\/blog\/wp-content\/uploads\/2025\/07\/IMG_4920.webp?w=1200 1200w\" sizes=\"auto, (max-width: 300px) 100vw, 300px\" \/><\/p>\n<p>Licen\u00e7a n\u00e3o remunerada do deputado federal Eduardo Bolsonaro terminou em 20 de julho<!--more-->A P\u00fablica &#8211; Ao longo de quase <a href=\"https:\/\/www.camara.leg.br\/deputados\/92346\" target=\"_blank\" rel=\"noreferrer noopener\">10 anos como deputado federal,<\/a> Eduardo Bolsonaro (PL-SP) <a href=\"https:\/\/www.camara.leg.br\/internet\/sileg\/Prop_lista.asp?Autor=0&amp;ideCadastro=92346&amp;Limite=N&amp;tipoProp=2\" target=\"_blank\" rel=\"noreferrer noopener\">teve\u00a0apenas\u00a0tr\u00eas\u00a0projetos<\/a>transformados em norma jur\u00eddica (duas leis e uma resolu\u00e7\u00e3o interna da C\u00e2mara) e nenhum tem qualquer rela\u00e7\u00e3o com a agenda tradicionalmente defendida pela direita radical nem beneficiam diretamente o estado que o elegeu pela primeira vez em 2014 \u2014 apesar de carioca, ele foi eleito pelo estado de S\u00e3o Paulo.<\/p>\n<p>Na metade do terceiro mandato, o parlamentar mudou-se com a fam\u00edlia para os Estados Unidos e licenciou-se do cargo para\u00a0atuar junto ao governo do republicano <a href=\"https:\/\/apublica.org\/tag\/donald-trump\/\" target=\"_blank\" rel=\"noreferrer noopener\">Donald Trump<\/a>\u00a0e ser o porta-voz do bolsonarismo. A estrat\u00e9gia tinha um alvo: pressionar o Judici\u00e1rio brasileiro,\u00a0especialmente o ministro Alexandre de Moraes, do Supremo Tribunal Federal (STF), a anistiar os condenados pela tentativa de golpe de Estado em 8 de janeiro de 2023. Por tabela, evitar uma poss\u00edvel condena\u00e7\u00e3o do pai, o ex-presidente Jair Bolsonaro (PL).<\/p>\n<p>A articula\u00e7\u00e3o tem dado frutos. Embora tenha\u00a0mirado Moraes,\u00a0acertou em todo o Brasil. Em mais de uma ocasi\u00e3o, Eduardo\u00a0admitiu saber das san\u00e7\u00f5es\u00a0tarif\u00e1rias impostas ao Brasil\u00a0anunciadas por Trump\u00a0em 9 de julho.<\/p>\n<p>Em meio a isso, o\u00a0futuro de Eduardo Bolsonaro na C\u00e2mara \u00e9 incerto, j\u00e1 que sua licen\u00e7a oficial n\u00e3o remunerada chegou ao fim em 20 de julho e desde o dia 21 Eduardo voltou a ser um custo para a popula\u00e7\u00e3o brasileira, mesmo vivendo fora do pa\u00eds. O deputado agora planeja os pr\u00f3ximos passos, que incluem uma\u00a0poss\u00edvel nomea\u00e7\u00e3o como secret\u00e1rio estadual\u00a0para evitar a\u00a0suspens\u00e3o do mandato. Em resposta \u00e0\u00a0reportagem da Folha de S. Paulo, nesta sexta-feira (25), a C\u00e2mara informou que com base nas atuais regras, o deputado n\u00e3o perder\u00e1 o mandato em 2025 por excesso de faltas, mesmo que deixe de comparecer \u00e0s sess\u00f5es sem justificativa. O motivo \u00e9 o\u00a0Ato da Mesa 19\/2017, que estabelece que os relat\u00f3rios de frequ\u00eancia dos parlamentares s\u00f3 sejam analisados a partir de mar\u00e7o do ano seguinte.<\/p>\n<p>Se a articula\u00e7\u00e3o com os norte-americanos o levou a ser\u00a0investigado pelo STF\u00a0e amea\u00e7a a sua perman\u00eancia na C\u00e2mara, por outro lado, o catapultou como lideran\u00e7a forte da extrema-direita.<\/p>\n<p>Para entender a trajet\u00f3ria pol\u00edtica do filho 03 de Bolsonaro, a\u00a0Lupa\u00a0analisou a atua\u00e7\u00e3o de Eduardo ao longo de tr\u00eas mandatos. Eleito pela primeira vez em 2014 pelo PSC do estado de S\u00e3o Paulo. A sua passagem pela C\u00e2mara foi marcada pela defesa da pauta armamentista e da seguran\u00e7a p\u00fablica. Ele tamb\u00e9m atuou nos \u00faltimos anos em conjunto com pares da extrema-direita para limitar direitos de crian\u00e7as e adolescentes v\u00edtimas de abuso sexual por meio de\u00a0Projetos de Decreto Legislativo (PDLs).<\/p>\n<p>Em\u00a0uma d\u00e9cada no cargo, foi autor ou coautor\u00a0de 116 Projetos de Lei (PL), Projetos de Lei Complementar (PLP), Propostas de Emenda \u00e0 Constitui\u00e7\u00e3o (PEC) e Projeto de Decreto Legislativo (PDL).\u00a0Veja quais foram as principais propostas e temas defendidos na C\u00e2mara.<\/p>\n<h3 class=\"wp-block-heading\"><strong>A atua\u00e7\u00e3o de Eduardo em n\u00fameros: seguran\u00e7a p\u00fablica e armas em 1\u00ba lugar\u00a0<\/strong><\/h3>\n<p>Das 116 propostas legislativas \u2014 entre projetos de lei, projetos de decreto legislativo e 18 propostas de emenda \u00e0 Constitui\u00e7\u00e3o (PECs) \u2014, 52 trataram do tema da seguran\u00e7a p\u00fablica, sendo 15 delas relacionadas, em alguma medida, ao porte e \u00e0 posse de armas por civis ou for\u00e7as policiais.<\/p>\n<p>O segundo tema mais abordado foi a sa\u00fade, em alguns casos com enfoques restritivos, como nos casos relacionados ao direito ao aborto. A economia recebeu aten\u00e7\u00e3o em nove propostas, enquanto a educa\u00e7\u00e3o foi o tema central em cinco projetos.<\/p>\n<p>Outras 35 proposi\u00e7\u00f5es tratam, em sua maioria, de temas ligados a direitos humanos \u2013 geralmente de restri\u00e7\u00e3o, como o\u00a0PL 269\/2023, que prop\u00f4s a proibi\u00e7\u00e3o de bloqueio hormonal \u201cem crian\u00e7as e adolescentes em processo transexualizador e de terapia hormonal e cirurgia de redesigna\u00e7\u00e3o sexual, respectivamente a menores de 18 e 21 anos\u201d, rela\u00e7\u00f5es internacionais ou quest\u00f5es diretamente relacionadas ao funcionamento do poder p\u00fablico. Em alguns casos, houve sobreposi\u00e7\u00e3o tem\u00e1tica, mas, para fins desta an\u00e1lise, a reportagem considerou apenas o tema principal de cada proposta.<\/p>\n<p>Do total de projetos, 48 foram apresentados individualmente e 68 em coautoria. Com seu pai, Jair Bolsonaro, ele assinou 14 propostas \u2014 sendo oito apenas entre os dois, e outras seis com a participa\u00e7\u00e3o de mais parlamentares.<\/p>\n<p>Dos projetos de autoria \u00fanica, apenas um foi transformado em norma jur\u00eddica. Considerando todas as 116 proposi\u00e7\u00f5es \u2014 incluindo as apresentadas em coautoria com outros parlamentares \u2014, apenas tr\u00eas resultaram em normas legais.<\/p>\n<h3 class=\"wp-block-heading\"><strong>Relatorias<\/strong><\/h3>\n<p>Desde o primeiro mandato, Bolsonaro tamb\u00e9m relatou 30 proposi\u00e7\u00f5es parlamentares, das quais 21 eram projetos de lei ou de decreto legislativo. Entre esses, 14 tratavam de seguran\u00e7a p\u00fablica ou de armas de fogo, nove abordavam rela\u00e7\u00f5es internacionais, especialmente acordos entre o Brasil e outros pa\u00edses, e sete estavam relacionados ao meio ambiente.<\/p>\n<p>Outras nove proposi\u00e7\u00f5es relatadas foram Mensagens (MSC) enviadas pelo Poder Executivo ao Congresso, referentes a acordos, conv\u00eanios, tratados e atos internacionais negociados entre o Brasil e outras na\u00e7\u00f5es ou organiza\u00e7\u00f5es internacionais. Tr\u00eas delas, entre 2019 e 2021, tratavam de acordos com Israel sobre seguran\u00e7a p\u00fablica e prote\u00e7\u00e3o de informa\u00e7\u00f5es classificadas (podem colocar em risco a sociedade ou o Estado).<\/p>\n<h3 class=\"wp-block-heading\"><strong>Comiss\u00f5es<\/strong><\/h3>\n<p>Desde 2015, ele participou de 37 comiss\u00f5es em 66 oportunidades, atuando como titular ou suplente \u2014 e, em 4 dessas ocasi\u00f5es, ocupou a presid\u00eancia (1) ou vice-presid\u00eancia (3) da comiss\u00e3o. Das 37 comiss\u00f5es, 12 eram permanentes em suas respectivas legislaturas. Entre as comiss\u00f5es permanentes, a principal atua\u00e7\u00e3o do parlamentar foi na Comiss\u00e3o de Seguran\u00e7a P\u00fablica e Combate ao Crime Organizado, onde permaneceu, ao todo, por cerca de seis anos. A segunda maior atua\u00e7\u00e3o foi na Comiss\u00e3o de Rela\u00e7\u00f5es Exteriores e de Defesa Nacional, onde esteve por pouco mais de cinco anos.<\/p>\n<h3 class=\"wp-block-heading\"><strong>De ensino domiciliar a permiss\u00e3o para civis entrarem armados em avi\u00f5es<\/strong><\/h3>\n<p>Nos primeiros quatro anos como deputado federal, as pautas defendidas por Eduardo Bolsonaro foram, na maioria, ligadas \u00e0 seguran\u00e7a p\u00fablica e \u00e0 causa armamentista.<\/p>\n<p>J\u00e1 no primeiro ano, contudo, prop\u00f4s um PL para autorizar o ensino domiciliar na educa\u00e7\u00e3o b\u00e1sica (PL 3261\/2015, atualmente arquivado), assunto que viria a ser\u00a0defendido com mais afinco pelo bolsonarismo\u00a0nos anos seguintes. Naquele ano, usou o argumento que foi uma das marcas do pai na primeira vez que disputou uma elei\u00e7\u00e3o presidencial, em 2018: a\u00a0quest\u00e3o ideol\u00f3gica\u00a0e o medo de uma suposta\u00a0doutrina\u00e7\u00e3o da esquerda nas escolas.<\/p>\n<p>Um dos projetos pol\u00eamicos do primeiro mandato foi o\u00a0PL 9902\/2018, que prev\u00ea a possibilidade de cidad\u00e3os comuns com porte de arma entrarem armados em voos comerciais dom\u00e9sticos. Atualmente, a Ag\u00eancia Nacional de Avia\u00e7\u00e3o Civil (Anac) determina que apenas agentes p\u00fablicos que possuam porte de arma ou pol\u00edcias federais na ativa t\u00eam permiss\u00e3o (Resolu\u00e7\u00e3o n.\u00ba 461\/2018) mediante comprova\u00e7\u00e3o de necessidade. Embora\u00a0rejeitada pela Comiss\u00e3o de Transportes\u00a0e alvo de cr\u00edticas em raz\u00e3o do risco de incidentes a bordo, a mat\u00e9ria segue em tramita\u00e7\u00e3o.<\/p>\n<h3 class=\"wp-block-heading\"><strong>Deputado criticou vandalismo em PL, mas minimizou depreda\u00e7\u00e3o em 8\/1 em Bras\u00edlia\u00a0<\/strong><\/h3>\n<p>No segundo mandato, entre 2019 e 2022, Eduardo Bolsonaro mergulhou na pauta conservadora. Com a entrada de parlamentares de direita eleitos na\u00a0onda bolsonarista de 2018, assinou como coautor propostas que defendiam desde a declara\u00e7\u00e3o da Princesa Isabel como patrona da Aboli\u00e7\u00e3o da Escravatura no Brasil (PL 2824\/2019) \u2014 uma provoca\u00e7\u00e3o ao\u00a0Movimento Negro, que rejeita a monarca como hero\u00edna\u00a0\u2014 at\u00e9 criminaliza\u00e7\u00e3o da apologia ao comunismo (PL 4425\/2020).<\/p>\n<p>Chama aten\u00e7\u00e3o nesse per\u00edodo um projeto de lei (PL 1192\/2019) no qual condena atos de vandalismo ao patrim\u00f4nio p\u00fablico e prop\u00f5e que estudantes condenados por essas a\u00e7\u00f5es percam vagas e n\u00e3o possam se matricular. Na justificativa, Eduardo defende:<\/p>\n<div class=\"my-5 fs-6 fst-sans-serif position-relative blockquote-custom\">\n<div class=\"d-flex\">\n<div class=\"d-flex flex-column me-3\">\n<p>&nbsp;<\/p>\n<div class=\"flex-grow-1 border-end border-primary border-3\"><\/div>\n<\/div>\n<div class=\"\">\n<div class=\"fs-4 fst-serif-alt mb-3\">(\u2026) \u00e9 preciso ser feito algo contra esta onda desenfreada de vandalismo ao Patrim\u00f4nio P\u00fablico\u201d e que \u201c\u00e9 preciso agir e prevenir os atos de vandalismo, punindo de forma exemplar estes criminosos.\u201d<\/div>\n<div class=\"byline fst-italic fs-5 text-end text-lg-start lh-sm mb-3\">Trecho de justificativa do PL 1192\/2019, proposto por Eduardo Bolsonaro<\/div>\n<\/div>\n<\/div>\n<\/div>\n<p>Ironicamente, quatro anos depois ele minimizou atos de vandalismo ao patrim\u00f4nio de Bras\u00edlia em 8 de janeiro de 2023. Eduardo costuma se referir aos golpistas que depredaram os Tr\u00eas Poderes de \u201cidosos, pastores, pipoqueiro, cabeleireira, vendedor de picol\u00e9, autista, morador de rua e todo tipo de pessoa inocente\u201d.<\/p>\n<div class=\"wp-block-image\">\n<figure class=\"aligncenter size-full wp-lightbox-container\" data-wp-context=\"{&quot;imageId&quot;:&quot;68891f7478c0c&quot;}\" data-wp-interactive=\"core\/image\">\n<div class=\"image-and-source position-relative\">\n<div class=\"inline-image-source position-absolute image-source text-end text-light m-1 d-flex align-items-center justify-content-center border-0\"><\/div>\n<p><a class=\"image-with-source border-0\" href=\"https:\/\/apublica.org\/2025\/07\/em-10-anos-de-camara-eduardo-bolsonaro-teve-2-projetos-que-viraram-lei\/#_\"><img loading=\"lazy\" decoding=\"async\" class=\"wp-image-195470\" src=\"https:\/\/i0.wp.com\/apublica.org\/wp-content\/uploads\/2025\/07\/Foto1-Em-10-anos-de-Camara-Eduardo-Bolsonaro-teve-2-projetos-que-viraram-lei.webp?resize=440%2C205&amp;ssl=1\" sizes=\"auto, (max-width: 440px) 85vw, 440px\" srcset=\"https:\/\/i0.wp.com\/apublica.org\/wp-content\/uploads\/2025\/07\/Foto1-Em-10-anos-de-Camara-Eduardo-Bolsonaro-teve-2-projetos-que-viraram-lei.webp?w=440&amp;ssl=1 440w, https:\/\/i0.wp.com\/apublica.org\/wp-content\/uploads\/2025\/07\/Foto1-Em-10-anos-de-Camara-Eduardo-Bolsonaro-teve-2-projetos-que-viraram-lei.webp?resize=150%2C70&amp;ssl=1 150w\" alt=\"Post de Eduardo Bolsonaro no X sobre pessoas que depredaram os Tr\u00eas Poderes em 8 de janeiro de 2023\" width=\"440\" height=\"205\" data-recalc-dims=\"1\" data-wp-class--hide=\"state.isContentHidden\" data-wp-class--show=\"state.isContentVisible\" data-wp-init=\"callbacks.setButtonStyles\" data-wp-on-async--click=\"actions.showLightbox\" data-wp-on-async--load=\"callbacks.setButtonStyles\" data-wp-on-async-window--resize=\"callbacks.setButtonStyles\" \/><button class=\"lightbox-trigger\" type=\"button\" aria-haspopup=\"dialog\" aria-label=\"Ampliar\" data-wp-init=\"callbacks.initTriggerButton\" data-wp-on-async--click=\"actions.showLightbox\" data-wp-style--right=\"state.imageButtonRight\" data-wp-style--top=\"state.imageButtonTop\"><\/button><\/a><\/p>\n<\/div><figcaption class=\"wp-element-caption\">Post de Eduardo Bolsonaro no X sobre pessoas que depredaram os Tr\u00eas Poderes em 8 de janeiro de 2023<\/figcaption><\/figure>\n<\/div>\n<h3 class=\"wp-block-heading\"><strong>Pedidos de anistia a pol\u00edticos e tentativa de diminuir tempo de inelegibilidade\u00a0<\/strong><\/h3>\n<p>Em 2022, ano de elei\u00e7\u00f5es presidenciais, algumas propostas parecem antever os atos que o pai e outros pol\u00edticos bolsonaristas cometeriam para assegurar a perman\u00eancia de Jair Bolsonaro no cargo.<\/p>\n<p>O\u00a0PL 1102\/2022, por exemplo, pautado pela deputada licenciada Carla Zambelli (PL-SP),\u00a0foragida da Justi\u00e7a no exterior desde o in\u00edcio de junho\u00a0e do qual Eduardo \u00e9 coautor, prop\u00f5e anistia \u201ca todos aqueles que, no per\u00edodo entre 1\u00ba de janeiro de 2019 e 21 de abril de 2022\u201d \u2014 ou seja, durante a gest\u00e3o de Jair Bolsonaro na presid\u00eancia \u2014 \u201ctenham praticado atos que sejam investigados ou processados sob a forma de crimes de natureza pol\u00edtica ou conexo (\u2026) bem como aos que sejam praticados por motiva\u00e7\u00e3o pol\u00edtica (\u2026)\u201d.<\/p>\n<p>Na justificativa da mat\u00e9ria est\u00e3o supostas \u201cindevidas interfer\u00eancias do Poder Judici\u00e1rio nas compet\u00eancias e prerrogativas do Poder Legislativo nos \u00faltimos anos\u201d e o exemplo da cassa\u00e7\u00e3o de mandato do\u00a0ex-deputado Daniel Silveira\u00a0(PTB-RJ),\u00a0condenado em 2021 pelo Supremo\u00a0pelos crimes de amea\u00e7a ao estado democr\u00e1tico de direito e de coa\u00e7\u00e3o no curso do processo, \u201cpor opini\u00f5es expressadas no contexto de sua atividade parlamentar.\u201d O texto ainda diz que \u201ca anistia \u00e9 aplicada em \u00e9pocas de grande conturba\u00e7\u00e3o e visa a restaura\u00e7\u00e3o da paz social entre as institui\u00e7\u00f5es democr\u00e1ticas\u201d.<\/p>\n<p>Essa n\u00e3o foi a \u00fanica proposta nesse sentido. Em 2023, o\u00a0Projeto de Lei Complementar (PLP) 141\/2023, do qual \u00e9 coautor, prop\u00f5e a redu\u00e7\u00e3o do prazo da san\u00e7\u00e3o de inelegibilidade para pol\u00edticos que cometeram algum abuso para somente at\u00e9 dois anos subsequentes \u00e0 elei\u00e7\u00e3o, alterando a\u00a0Lei da Ficha Limpa\u00a0que, atualmente, estabelece\u00a0prazo de oito anos.<\/p>\n<p>No mesmo ano, outro\u00a0PLP (185\/2023)\u00a0tamb\u00e9m previu altera\u00e7\u00e3o na Lei da Ficha Limpa ao prop\u00f4r que a exist\u00eancia de um processo administrativo disciplinar pendente de decis\u00e3o n\u00e3o seja motivo para a inelegibilidade.<\/p>\n<p>Junto a aliados na C\u00e2mara, Eduardo tamb\u00e9m buscou conter a atua\u00e7\u00e3o do STF no julgamento de parlamentares por meio de Propostas de Emendas \u00e0 Constitui\u00e7\u00e3o (PECs). Em 2021, por exemplo, foi coautor da\u00a0PEC 3\/2021, que trata da imunidade parlamentar e tamb\u00e9m cita, como exemplo, o caso do\u00a0ex-deputado Daniel Silveira. A proposta gerou pol\u00eamica porque, segundo opositores, poderia ampliar a impunidade e\u00a0colocar pol\u00edticos acima da lei.<\/p>\n<p>Em 2023, a\u00a0PEC 50\/2023\u00a0foi apresentada por Eduardo e colegas propondo alterar o artigo 49 da Constitui\u00e7\u00e3o Federal e dar ao Congresso Nacional o poder de sustar decis\u00f5es do STF. Na mesma linha, a\u00a0PEC 28\/2024, na qual tamb\u00e9m assina como coautor, permite que o Congresso suspenda julgamentos da Suprema Corte.<\/p>\n<p>Vale o destaque para uma PEC mais recente, a\u00a0PEC 48\/2024, apresentada pelo grupo bolsonarista na C\u00e2mara. Prev\u00ea altera\u00e7\u00e3o no\u00a0artigo 53 da Constitui\u00e7\u00e3o\u00a0e estabelece que o Congresso pode sustar decis\u00f5es monocr\u00e1ticas ou colegiadas do STF que extrapolem suas atribui\u00e7\u00f5es. Opositores a consideram um\u00a0ataque \u00e0 independ\u00eancia do Judici\u00e1rio\u00a0e um risco \u00e0 democracia.<\/p>\n<h3 class=\"wp-block-heading\"><strong>Ataques aos direitos de minorias e crian\u00e7as v\u00edtimas de abuso sexual<\/strong><\/h3>\n<p>No contexto legislativo, o deputado atuou em conjunto com pares da extrema-direita para limitar direitos a minorias e crian\u00e7as v\u00edtimas de abuso sexual por meio de\u00a0Projetos de Decreto Legislativo (PDLs), instrumento bastante acionado para fiscalizar e limitar a\u00e7\u00f5es de outros poderes, como o Executivo.<\/p>\n<p>\u00c9 o caso do\u00a0PDL 197\/2023, que pediu a suspens\u00e3o da\u00a0Resolu\u00e7\u00e3o n.\u00ba 715 de 2023 do Conselho Nacional de Sa\u00fade (CNS). Essa resolu\u00e7\u00e3o aborda temas como direitos sexuais e reprodutivos e a aten\u00e7\u00e3o integral \u00e0 sa\u00fade da popula\u00e7\u00e3o LGBTQIA+. \u00c9 composta por 59 diretrizes que visam orientar a formula\u00e7\u00e3o e execu\u00e7\u00e3o das pol\u00edticas de sa\u00fade no Brasil.\u00a0Eduardo alegou que a medida teria\u00a0\u201cvi\u00e9s pol\u00edtico\u201d.<\/p>\n<p>Outro exemplo \u00e9 o\u00a0PDL 24\/2024, do qual \u00e9 coautor, que pede a suspens\u00e3o de uma\u00a0Nota T\u00e9cnica\u00a0do Minist\u00e9rio da Sa\u00fade que trata sobre a preven\u00e7\u00e3o da gravidez na adolesc\u00eancia e aborda a quest\u00e3o do aborto legal, orientando sobre os procedimentos e a garantia dos direitos sexuais e reprodutivos, especialmente em casos de viol\u00eancia sexual. Essa nota foi, por fim,\u00a0revogada\u00a0pela pasta.<\/p>\n<p>J\u00e1 em 2025, pouco antes de licenciar-se do cargo, Eduardo Bolsonaro assinou como coautor dois PDLs que\u00a0afetam diretamente os direitos de crian\u00e7as v\u00edtimas de viol\u00eancia sexual: o\u00a0PDL 3\/2025\u00a0e o\u00a0PDL 25\/2025. Essas propostas pedem a suspens\u00e3o de uma\u00a0resolu\u00e7\u00e3o do Conselho Nacional dos Direitos da Crian\u00e7a e do Adolescente (Conanda)\u00a0sobre o encaminhamento de crian\u00e7as e adolescentes gestantes menores de 14 anos para servi\u00e7os de aborto.<\/p>\n<p>Vale pontuar que as normativas do Conanda estabelecem protocolos para a interrup\u00e7\u00e3o da gesta\u00e7\u00e3o j\u00e1\u00a0previstas em lei,\u00a0entre eles a orienta\u00e7\u00e3o de que crian\u00e7as e adolescentes devem ter prioridade nos servi\u00e7os de aborto legal em caso de viol\u00eancia sexual, \u201csem a imposi\u00e7\u00e3o de barreiras sem previs\u00e3o legal\u201d.<\/p>\n<p>O deputado foi procurado por meio dos contatos dispon\u00edveis no gabinete da C\u00e2mara e n\u00e3o respondeu at\u00e9 a publica\u00e7\u00e3o da reportagem.<\/p>\n","protected":false},"excerpt":{"rendered":"<p>Licen\u00e7a n\u00e3o remunerada do deputado federal Eduardo Bolsonaro terminou em 20 de julho<\/p>\n","protected":false},"author":1,"featured_media":0,"comment_status":"closed","ping_status":"open","sticky":false,"template":"","format":"standard","meta":{"_exactmetrics_skip_tracking":false,"_exactmetrics_sitenote_active":false,"_exactmetrics_sitenote_note":"","_exactmetrics_sitenote_category":0,"jetpack_post_was_ever_published":false,"_jetpack_newsletter_access":"","_jetpack_dont_email_post_to_subs":false,"_jetpack_newsletter_tier_id":0,"_jetpack_memberships_contains_paywalled_content":false,"_jetpack_memberships_contains_paid_content":false,"footnotes":"","jetpack_publicize_message":"","jetpack_publicize_feature_enabled":true,"jetpack_social_post_already_shared":true,"jetpack_social_options":{"image_generator_settings":{"template":"highway","enabled":false},"version":2}},"categories":[1],"tags":[1421,1420,1422],"class_list":["post-37146","post","type-post","status-publish","format-standard","hentry","category-notas","tag-atuacao","tag-eduardo-bolsonaro","tag-pifia"],"jetpack_publicize_connections":[],"jetpack_sharing_enabled":true,"jetpack_featured_media_url":"","jetpack_shortlink":"https:\/\/wp.me\/p7wKYW-9F8","jetpack-related-posts":[],"_links":{"self":[{"href":"http:\/\/blogdalucianaoliveira.com.br\/blog\/wp-json\/wp\/v2\/posts\/37146","targetHints":{"allow":["GET"]}}],"collection":[{"href":"http:\/\/blogdalucianaoliveira.com.br\/blog\/wp-json\/wp\/v2\/posts"}],"about":[{"href":"http:\/\/blogdalucianaoliveira.com.br\/blog\/wp-json\/wp\/v2\/types\/post"}],"author":[{"embeddable":true,"href":"http:\/\/blogdalucianaoliveira.com.br\/blog\/wp-json\/wp\/v2\/users\/1"}],"replies":[{"embeddable":true,"href":"http:\/\/blogdalucianaoliveira.com.br\/blog\/wp-json\/wp\/v2\/comments?post=37146"}],"version-history":[{"count":2,"href":"http:\/\/blogdalucianaoliveira.com.br\/blog\/wp-json\/wp\/v2\/posts\/37146\/revisions"}],"predecessor-version":[{"id":37149,"href":"http:\/\/blogdalucianaoliveira.com.br\/blog\/wp-json\/wp\/v2\/posts\/37146\/revisions\/37149"}],"wp:attachment":[{"href":"http:\/\/blogdalucianaoliveira.com.br\/blog\/wp-json\/wp\/v2\/media?parent=37146"}],"wp:term":[{"taxonomy":"category","embeddable":true,"href":"http:\/\/blogdalucianaoliveira.com.br\/blog\/wp-json\/wp\/v2\/categories?post=37146"},{"taxonomy":"post_tag","embeddable":true,"href":"http:\/\/blogdalucianaoliveira.com.br\/blog\/wp-json\/wp\/v2\/tags?post=37146"}],"curies":[{"name":"wp","href":"https:\/\/api.w.org\/{rel}","templated":true}]}}