{"id":37151,"date":"2025-07-30T10:59:17","date_gmt":"2025-07-30T14:59:17","guid":{"rendered":"https:\/\/blogdalucianaoliveira.com.br\/blog\/?p=37151"},"modified":"2025-07-30T11:13:19","modified_gmt":"2025-07-30T15:13:19","slug":"bolsonaro-e-o-boi-de-piranha-de-trump","status":"publish","type":"post","link":"http:\/\/blogdalucianaoliveira.com.br\/blog\/2025\/07\/30\/bolsonaro-e-o-boi-de-piranha-de-trump\/","title":{"rendered":"Bolsonaro \u00e9 o boi de piranha de Trump"},"content":{"rendered":"<div class=\"single-head grid g-col-12\">\n<p><img data-recalc-dims=\"1\" decoding=\"async\" src=\"https:\/\/i0.wp.com\/uploads.intercept.com.br\/2025\/07\/0g0a2197.webp?w=600&#038;ssl=1\" \/><\/p>\n<p class=\"content-excert text-gray-500 mt-4 mb-0\">Tarifa\u00e7o repete a l\u00f3gica imperial da Guerra Fria: EUA querem enfraquecer os Brics e o nosso poder contra as big techs.<\/p>\n<\/div>\n<p><!--more--><\/p>\n<div class=\"single-head-bottom g-col-12 pt-4 d-flex flex-column flex-lg-row align-content-center\">\n<div class=\"g-col-12 g-col-lg-4 single-head-bottom-left d-flex flex-1 align-items-center justify-content-start\">\n<div class=\"single-authors d-flex flex-wrap gap-3 w-100\">\n<div class=\"single-authors-imgs gap-3 d-flex flex-wrap\"><span class=\"text-node\"><span dir=\"auto\"><span class=\"\" dir=\"auto\"><strong>The Intercept Brasil, por Orlando Calheiros<\/strong> &#8211; Manuel Pio Corr\u00eaa \u00e9 um daqueles personagens que voc\u00ea nunca ouviu falar nas aulas de Hist\u00f3ria, mas que certamente estaria no topo da lista dos \u201cbrasileiros controversos\u201d que merecem um document\u00e1rio investigativo.\u00a0<\/span><\/span><\/span><\/div>\n<\/div>\n<\/div>\n<\/div>\n<p class=\"added-to-list1\" data-pf_style_display=\"block\" data-pf_style_visibility=\"visible\"><span class=\"text-node\"><span dir=\"auto\">Oficialmente? Uma diplomata de terno bem passado, que atingiu o topo de sua carreira durante a Ditadura Militar. Frequentador ass\u00edduo das altas c\u00fapulas da pol\u00edtica latina de seu tempo. Extraoficialmente? O arquiteto de uma rede de espionagem internacional \u2013 a Ciex \u2013 \u00e9 parcialmente respons\u00e1vel por transformar \u201cdesaparecidos pol\u00edticos\u201d em uma categoria demogr\u00e1fica na Am\u00e9rica Latina.<\/span><\/span><\/p>\n<p class=\"added-to-list1\" data-pf_style_display=\"block\" data-pf_style_visibility=\"visible\"><span class=\"text-node\"><span dir=\"auto\"><span class=\"\" dir=\"auto\">N\u00e3o bastasse a vida dupla, havia ainda uma terceira dimens\u00e3o, pois existem fortes declara\u00e7\u00f5es de que o embaixador era um agente da CIA. Inclusive, \u00e9 isso que afirma categoricamente o ex-espi\u00e3o Phillip Agee, em seu livro de mem\u00f3rias \u2013 diga-se de passagem, uma leitura pouco recomendada para quem se dirige aos EUA.\u00a0<\/span><\/span><\/span><\/p>\n<p class=\"added-to-list1\" data-pf_style_display=\"block\" data-pf_style_visibility=\"visible\"><span class=\"text-node\"><span dir=\"auto\"><span class=\"\" dir=\"auto\">Segundo o ex-agente da CIA, Pio Corr\u00eaa n\u00e3o foi apenas \u201cpatrocinado\u201d pela ag\u00eancia de intelig\u00eancia dos EUA, como segundo seus interesses para espalhar a \u201cdemocracia americana\u201d (leia-se: golpes militares) pelo Cone Sul.\u00a0<\/span><\/span><\/span><\/p>\n<p class=\"added-to-list1\" data-pf_style_display=\"block\" data-pf_style_visibility=\"visible\"><span class=\"text-node\"><span dir=\"auto\"><span class=\"\" dir=\"auto\">E antes que voc\u00ea pense que se trata de mais uma teoria da conspira\u00e7\u00e3o, saiba que o poss\u00edvel \u201cpatroc\u00ednio\u201d de Pio Corr\u00eaa seria apenas uma entre interfer\u00eancias norte-americanas na pol\u00edtica brasileira da \u00e9poca.\u00a0<\/span><\/span><\/span><\/p>\n<p class=\"added-to-list1\" data-pf_style_display=\"block\" data-pf_style_visibility=\"visible\"><span class=\"text-node\"><span dir=\"auto\">Importante lembrar, por exemplo, que antes mesmo do golpe de 64, os EUA j\u00e1 financiavam pol\u00edticos, institutos e campanhas no Brasil, tudo em nome da \u201cluta anticomunista\u201d \u2013 que, convenhamos, era mais proteger sobre seus interesses econ\u00f4micos do que salvar o mundo do fantasma vermelho.<\/span><\/span><\/p>\n<p class=\"added-to-list1\" data-pf_style_display=\"block\" data-pf_style_visibility=\"visible\"><span class=\"text-node\"><span dir=\"auto\">Como n\u00e3o bastasse, os Estados Unidos tamb\u00e9m atuaram ativamente para sabotar o pa\u00eds, empobrecendo-o. Nos anos pr\u00e9-golpe, os EUA n\u00e3o apenas cortaram investimentos diretos no Brasil como obtiveram sua influ\u00eancia para congelar empr\u00e9stimos no FMI e fechar as portas do Banco Mundial para o governo de Jo\u00e3o Goulart.\u00a0<\/span><\/span><\/p>\n<p class=\"added-to-list1\" data-pf_style_display=\"block\" data-pf_style_visibility=\"visible\"><span class=\"text-node\"><span dir=\"auto\">E para a surpresa de absolutamente ningu\u00e9m, mal os militares assumiram o poder em 1964, em quest\u00e3o de poucas semanas uma chuva de d\u00f3lares come\u00e7ou a irrigar a economia brasileira. Num passe de m\u00e1gica, linhas de cr\u00e9dito internacionais se abriram para o pa\u00eds.\u00a0\u00a0<\/span><\/span><\/p>\n<div class=\"wp-block-image\" data-pf_style_display=\"block\" data-pf_style_visibility=\"visible\">\n<figure class=\"alignright size-large is-resized pf-caption flex-width blockImage pf-size-full\" data-pf_style_display=\"table\" data-pf_style_visibility=\"visible\"><img data-recalc-dims=\"1\" decoding=\"async\" class=\"wp-image-439342 pf-large-image caption-img blockImage pf-size-large\" src=\"https:\/\/i0.wp.com\/uploads.intercept.com.br\/2025\/07\/1964_marcha-698x1024.jpg?w=600&#038;ssl=1\" alt=\"\"  data-lazy-srcset=\"https:\/\/www.intercept.com.br\/wp-content\/plugins\/seox-image-magick\/imagick_convert.php?width=204&amp;height=300&amp;format=webp&amp;quality=91&amp;imagick=uploads.intercept.com.br\/2025\/07\/1964_marcha-204x300.jpg 204w, https:\/\/www.intercept.com.br\/wp-content\/plugins\/seox-image-magick\/imagick_convert.php?width=698&amp;height=1024&amp;format=webp&amp;quality=91&amp;imagick=uploads.intercept.com.br\/2025\/07\/1964_marcha-698x1024.jpg 698w, https:\/\/www.intercept.com.br\/wp-content\/plugins\/seox-image-magick\/imagick_convert.php?width=768&amp;height=1127&amp;format=webp&amp;quality=91&amp;imagick=uploads.intercept.com.br\/2025\/07\/1964_marcha-768x1127.jpg 768w, https:\/\/www.intercept.com.br\/wp-content\/plugins\/seox-image-magick\/imagick_convert.php?width=800&amp;height=1174&amp;format=webp&amp;quality=91&amp;imagick=uploads.intercept.com.br\/2025\/07\/1964_marcha.jpg 800w\" data-lazy-sizes=\"(max-width: 698px) 100vw, 698px\" data-pf_style_display=\"inline\" data-pf_style_visibility=\"visible\" data-pf_rect_width=\"498\" data-pf_rect_height=\"730.578125\" data-original-width=\"698\" \/><figcaption class=\"wp-element-caption\" data-pf_style_display=\"table-caption\" data-pf_style_visibility=\"visible\"><span class=\"text-node\"><span dir=\"auto\">Marcha pela Fam\u00edlia em 1964.<\/span><\/span><\/figcaption><\/figure>\n<\/div>\n<p class=\"added-to-list1\" data-pf_style_display=\"block\" data-pf_style_visibility=\"visible\"><span class=\"text-node\"><span dir=\"auto\">Sabe aquele famoso \u201cmilagre econ\u00f4mico\u201d que o seu tio hidrof\u00f3bico adora citar no almo\u00e7o de domingo para celebrar a Ditadura Militar? Nada mais que uma maquiagem cont\u00e1bil com esses bilh\u00f5es de d\u00f3lares que os EUA fizeram chover no Brasil.\u00a0<\/span><\/span><\/p>\n<p class=\"added-to-list1\" data-pf_style_display=\"block\" data-pf_style_visibility=\"visible\"><span class=\"text-node\"><span dir=\"auto\">A essa altura, voc\u00ea provavelmente est\u00e1 pensando: \u201cmas isso n\u00e3o \u00e9 novidade, os EUA s\u00e3o conhecidos por &#8216;exportarem democracia&#8217; para o mundo fora\u201d. E sim, voc\u00ea tem raz\u00e3o. Mas o caso brasileiro tem um tempero especial: nossa relev\u00e2ncia geopol\u00edtica.\u00a0<\/span><\/span><\/p>\n<p class=\"added-to-list1\" data-pf_style_display=\"block\" data-pf_style_visibility=\"visible\"><span class=\"text-node\"><span dir=\"auto\">Ao contr\u00e1rio do que nosso \u201cnarcisismo \u00e0s avessas\u201d \u2013 como diria Nelson Rodrigues \u2013 nos faz acreditar, o Brasil \u00e9 uma pot\u00eancia mundial, especialmente no Cone Sul. Importante lembrar que n\u00e3o somos apenas a maior economia da Am\u00e9rica Latina, como detemos um poder de influ\u00eancia direta sobre as na\u00e7\u00f5es vizinhas, para n\u00e3o falarmos de imensas reservas estrat\u00e9gicas de petr\u00f3leo e minerais.\u00a0<\/span><\/span><\/p>\n<p class=\"added-to-list1\" data-pf_style_display=\"block\" data-pf_style_visibility=\"visible\"><span class=\"text-node\"><span dir=\"auto\">N\u00e3o \u00e0 toa, os EUA temiam que o Brasil virasse uma \u201cChina das Am\u00e9ricas\u201d ainda nos anos 1960. E isso n\u00e3o sou eu quem est\u00e1 dizendo: esse temor est\u00e1 registrado numa comunica\u00e7\u00e3o secreta do embaixador americano \u00e0 \u00e9poca do golpe. Junto com o temor de que se o Brasil ca\u00edsse nas m\u00e3os do comunismo, os outros pa\u00edses latino-americanos seguiriam a tend\u00eancia e se tornariam as pr\u00f3ximas pe\u00e7as do domin\u00f3, transformando-se em novas Cubas.\u00a0<\/span><\/span><\/p>\n<p class=\"added-to-list1\" data-pf_style_display=\"block\" data-pf_style_visibility=\"visible\"><span class=\"text-node\"><span dir=\"auto\">E por isso domin\u00e1-lo, melhor, nos dominar, era praticamente o item n\u00famero um na lista de a\u00e7\u00f5es imperialistas dos EUA na Am\u00e9rica Latina.\u00a0<\/span><\/span><\/p>\n<p class=\"added-to-list1\" data-pf_style_display=\"block\" data-pf_style_visibility=\"visible\"><span class=\"text-node\"><span dir=\"auto\">Era e ainda \u00e9. Pois trago essa discuss\u00e3o hist\u00f3rica para dizer algo que deveria ser \u00f3bvio: as tarifas impostas por Trump ao Brasil seguem a mesma l\u00f3gica imperial da Guerra Fria, apenas com uma roupagem do s\u00e9culo 21.<\/span><\/span><\/p>\n","protected":false},"excerpt":{"rendered":"<p>Tarifa\u00e7o repete a l\u00f3gica imperial da Guerra Fria: EUA querem enfraquecer os Brics e o nosso poder contra as big techs.<\/p>\n","protected":false},"author":1,"featured_media":0,"comment_status":"closed","ping_status":"open","sticky":false,"template":"","format":"standard","meta":{"_exactmetrics_skip_tracking":false,"_exactmetrics_sitenote_active":false,"_exactmetrics_sitenote_note":"","_exactmetrics_sitenote_category":0,"jetpack_post_was_ever_published":false,"_jetpack_newsletter_access":"","_jetpack_dont_email_post_to_subs":false,"_jetpack_newsletter_tier_id":0,"_jetpack_memberships_contains_paywalled_content":false,"_jetpack_memberships_contains_paid_content":false,"footnotes":"","jetpack_publicize_message":"","jetpack_publicize_feature_enabled":true,"jetpack_social_post_already_shared":true,"jetpack_social_options":{"image_generator_settings":{"template":"highway","enabled":false},"version":2}},"categories":[1],"tags":[1424,1298,1423],"class_list":["post-37151","post","type-post","status-publish","format-standard","hentry","category-notas","tag-guerra-fria","tag-tarifaco","tag-trump-bolsonaro"],"jetpack_publicize_connections":[],"jetpack_sharing_enabled":true,"jetpack_featured_media_url":"","jetpack_shortlink":"https:\/\/wp.me\/p7wKYW-9Fd","jetpack-related-posts":[],"_links":{"self":[{"href":"http:\/\/blogdalucianaoliveira.com.br\/blog\/wp-json\/wp\/v2\/posts\/37151","targetHints":{"allow":["GET"]}}],"collection":[{"href":"http:\/\/blogdalucianaoliveira.com.br\/blog\/wp-json\/wp\/v2\/posts"}],"about":[{"href":"http:\/\/blogdalucianaoliveira.com.br\/blog\/wp-json\/wp\/v2\/types\/post"}],"author":[{"embeddable":true,"href":"http:\/\/blogdalucianaoliveira.com.br\/blog\/wp-json\/wp\/v2\/users\/1"}],"replies":[{"embeddable":true,"href":"http:\/\/blogdalucianaoliveira.com.br\/blog\/wp-json\/wp\/v2\/comments?post=37151"}],"version-history":[{"count":3,"href":"http:\/\/blogdalucianaoliveira.com.br\/blog\/wp-json\/wp\/v2\/posts\/37151\/revisions"}],"predecessor-version":[{"id":37156,"href":"http:\/\/blogdalucianaoliveira.com.br\/blog\/wp-json\/wp\/v2\/posts\/37151\/revisions\/37156"}],"wp:attachment":[{"href":"http:\/\/blogdalucianaoliveira.com.br\/blog\/wp-json\/wp\/v2\/media?parent=37151"}],"wp:term":[{"taxonomy":"category","embeddable":true,"href":"http:\/\/blogdalucianaoliveira.com.br\/blog\/wp-json\/wp\/v2\/categories?post=37151"},{"taxonomy":"post_tag","embeddable":true,"href":"http:\/\/blogdalucianaoliveira.com.br\/blog\/wp-json\/wp\/v2\/tags?post=37151"}],"curies":[{"name":"wp","href":"https:\/\/api.w.org\/{rel}","templated":true}]}}