{"id":37153,"date":"2025-07-30T11:06:13","date_gmt":"2025-07-30T15:06:13","guid":{"rendered":"https:\/\/blogdalucianaoliveira.com.br\/blog\/?p=37153"},"modified":"2025-07-30T11:06:13","modified_gmt":"2025-07-30T15:06:13","slug":"as-empresas-e-politicos-dos-eua-que-tentam-convencer-trump-a-desistir-de-tarifas-devastadoras-contra-o-brasil","status":"publish","type":"post","link":"http:\/\/blogdalucianaoliveira.com.br\/blog\/2025\/07\/30\/as-empresas-e-politicos-dos-eua-que-tentam-convencer-trump-a-desistir-de-tarifas-devastadoras-contra-o-brasil\/","title":{"rendered":"As empresas e pol\u00edticos dos EUA que tentam convencer Trump a desistir de tarifas &#8216;devastadoras&#8217; contra o Brasil"},"content":{"rendered":"<div class=\"bbc-19j92fr ebmt73l0\" dir=\"ltr\">\n<p dir=\"ltr\"><img data-recalc-dims=\"1\" decoding=\"async\" src=\"https:\/\/i0.wp.com\/ichef.bbci.co.uk\/ace\/ws\/640\/cpsprodpb\/c85f\/live\/e92818b0-6ca8-11f0-ab09-87b6632159bc.jpg.webp?w=600&#038;ssl=1\" alt=\"Sacas de caf\u00e9s do Brasil\" \/><\/p>\n<p dir=\"ltr\">\n<p class=\"bbc-hhl7in e17g058b0\" dir=\"ltr\"><strong>BBC &#8211; por <\/strong><span role=\"text\"><span class=\"bbc-of1z6f\"><strong>Marina Rossi e Rute Pina<\/strong> &#8211; <\/span><\/span>Em semana decisiva para as negocia\u00e7\u00f5es em torno das <a class=\"focusIndicatorReducedWidth bbc-n8oauk e1p3sufg0\" href=\"https:\/\/www.bbc.com\/portuguese\/articles\/c1k8lp00xe4o\">tarifas de importa\u00e7\u00e3o de 50%<\/a>\u00a0sobre produtos do Brasil, pol\u00edticos, representantes de entidades e empresas de diferentes segmentos brasileiros est\u00e3o se movendo para tentar evitar o tarifa\u00e7o.<\/p>\n<\/div>\n<p><!--more--><\/p>\n<div class=\"bbc-19j92fr ebmt73l0\" dir=\"ltr\">\n<p class=\"bbc-hhl7in e17g058b0\" dir=\"ltr\">Mas tamb\u00e9m existem vozes no empresariado e no mundo pol\u00edtico americano que est\u00e3o tentando convencer o presidente americano\u00a0<a class=\"focusIndicatorReducedWidth bbc-n8oauk e1p3sufg0\" href=\"https:\/\/www.bbc.com\/portuguese\/topics\/cdr56r28jgvt\">Donald Trump<\/a>\u00a0a reduzir ou desistir das tarifas contra o Brasil, que devem entrar em vigor na sexta-feira (01\/08).<\/p>\n<\/div>\n<div class=\"bbc-19j92fr ebmt73l0\" dir=\"ltr\">\n<p class=\"bbc-hhl7in e17g058b0\" dir=\"ltr\">Desde que Trump anunciou, em 9 de julho, que uma nova sobretaxa de 50% ser\u00e1 imposta, ele e o presidente brasileiro,\u00a0<a class=\"focusIndicatorReducedWidth bbc-n8oauk e1p3sufg0\" href=\"https:\/\/www.bbc.com\/portuguese\/topics\/cpzd4zx0272t\">Luiz In\u00e1cio Lula da Silva (PT)<\/a>, ainda n\u00e3o conversaram para tentar chegar a um acordo, algo que vem sendo cobrado amplamente.<\/p>\n<\/div>\n<div class=\"bbc-19j92fr ebmt73l0\" dir=\"ltr\">\n<p class=\"bbc-hhl7in e17g058b0\" dir=\"ltr\">E, nesta quarta (30), o presidente americano postou na sua rede social, Truth Social, que o prazo para a entrada em vigor das tarifas continua a ser 1\u00ba de agosto.<\/p>\n<\/div>\n<section class=\"bbc-geybui\" role=\"region\" aria-label=\"Publicidade 2\" aria-hidden=\"true\" data-e2e=\"advertisement\"><\/section>\n<div class=\"bbc-19j92fr ebmt73l0\" dir=\"ltr\">\n<p class=\"bbc-hhl7in e17g058b0\" dir=\"ltr\">&#8220;O prazo de primeiro de agosto \u00e9 o prazo de primeiro de agosto- ele permanece forte e n\u00e3o ser\u00e1 prorrogado. Um grande dia para a Am\u00e9rica&#8221;, escreveu Trump, sem mencionar o Brasil.<\/p>\n<\/div>\n<section class=\"bbc-1o3v5ug\" role=\"region\" data-e2e=\"recommendations-heading\" aria-labelledby=\"recommendations-heading\">\n<div class=\"bbc-bjn8wh eveec6k2\">\n<div class=\"bbc-19j92fr ebmt73l0\" dir=\"ltr\">\n<p class=\"bbc-hhl7in e17g058b0\" dir=\"ltr\">O di\u00e1logo entre Trump e Lula foi pedido pela U.S. Chamber of Commerce e pela C\u00e2mara Americana de Com\u00e9rcio para o Brasil (Amcham Brasil), duas das principais organiza\u00e7\u00f5es que representam os interesses do setor privado americano.<\/p>\n<\/div>\n<div class=\"bbc-19j92fr ebmt73l0\" dir=\"ltr\">\n<p class=\"bbc-hhl7in e17g058b0\" dir=\"ltr\">As entidades publicaram uma nota conjunta solicitando que os dois pa\u00edses &#8220;se engajem em negocia\u00e7\u00f5es de alto n\u00edvel a fim de evitar a implementa\u00e7\u00e3o da tarifa de 50%&#8221;.<\/p>\n<\/div>\n<div class=\"bbc-4quw3x e1rfboeq7\" dir=\"ltr\" data-e2e=\"podcast-promo\">\n<section class=\"e1rfboeq6 bbc-12e4ke4 e1s8ztj50\" role=\"region\" aria-labelledby=\"podcast-promo\">\n<div class=\"bbc-bjn8wh eveec6k2\">\n<div class=\"bbc-19j92fr ebmt73l0\" dir=\"ltr\">\n<p class=\"bbc-hhl7in e17g058b0\" dir=\"ltr\">&#8220;Mais de 6,5 mil pequenas empresas nos Estados Unidos dependem de produtos importados do Brasil, enquanto 3,9 mil empresas americanas t\u00eam investimentos naquele pa\u00eds&#8221;, disseram as entidades em nota.<\/p>\n<\/div>\n<div class=\"bbc-19j92fr ebmt73l0\" dir=\"ltr\">\n<p class=\"bbc-hhl7in e17g058b0\" dir=\"ltr\">&#8220;O Brasil est\u00e1 entre os dez principais mercados para exporta\u00e7\u00f5es dos Estados Unidos e \u00e9 destino, a cada ano, de cerca de US$ 60 bilh\u00f5es em bens e servi\u00e7os americanos.&#8221;<\/p>\n<\/div>\n<div class=\"bbc-19j92fr ebmt73l0\" dir=\"ltr\">\n<p class=\"bbc-hhl7in e17g058b0\" dir=\"ltr\">Diante do impasse, outros empres\u00e1rios americanos tamb\u00e9m se mobilizaram. As importadoras de suco de laranja Johanna Foods e Johanna Beverage Company foram ao Tribunal de Com\u00e9rcio Internacional (CIT, na sigla em ingl\u00eas) dos Estados Unidos pedir al\u00edvio emergencial diante da poss\u00edvel alta nos pre\u00e7os com a nova tarifa.<\/p>\n<\/div>\n<div class=\"bbc-19j92fr ebmt73l0\" dir=\"ltr\">\n<p class=\"bbc-hhl7in e17g058b0\" dir=\"ltr\">Com produ\u00e7\u00e3o em queda nos EUA, o\u00a0<a class=\"focusIndicatorReducedWidth bbc-n8oauk e1p3sufg0\" href=\"https:\/\/www.bbc.com\/portuguese\/articles\/cqjqpw9wr21o\">Brasil se tornou o principal fornecedor de suco de laranja para o mercado americano<\/a>, que responde por 41,7% das exporta\u00e7\u00f5es brasileiras.<\/p>\n<\/div>\n<div class=\"bbc-19j92fr ebmt73l0\" dir=\"ltr\">\n<p class=\"bbc-hhl7in e17g058b0\" dir=\"ltr\">No documento, as empresas afirmam que novas taxa\u00e7\u00f5es poder\u00e3o for\u00e7ar um aumento de 20 a 25% no pre\u00e7o final para o consumidor e colocariam em risco 700 empregos.<\/p>\n<\/div>\n<section class=\"bbc-1n4f7vm ebmt73l0\" dir=\"ltr\" role=\"region\" aria-label=\"Hist\u00f3rias relacionadas\" data-e2e=\"scrollable-promos\">\n<div class=\"bbc-1otfsj9 e145786u2\"><main class=\"bbc-1i6u33\" role=\"main\"><\/p>\n<div class=\"bbc-19j92fr ebmt73l0\" dir=\"ltr\">\n<p class=\"bbc-hhl7in e17g058b0\" dir=\"ltr\">As proje\u00e7\u00f5es pessimistas est\u00e3o surgindo nas mais variadas dimens\u00f5es. Da imensa ind\u00fastria do suco de laranja a um pequeno caf\u00e9 no Maine, extremo nordeste dos EUA.<\/p>\n<\/div>\n<div class=\"bbc-19j92fr ebmt73l0\" dir=\"ltr\">\n<p class=\"bbc-hhl7in e17g058b0\" dir=\"ltr\">Ali, a propriet\u00e1ria do Rock City, Jessie Northgraves, publicou nas redes sociais um comunicado aos seus clientes na semana passada com m\u00e1s not\u00edcias.<\/p>\n<\/div>\n<div class=\"bbc-19j92fr ebmt73l0\" dir=\"ltr\">\n<p class=\"bbc-hhl7in e17g058b0\" dir=\"ltr\">&#8220;Nossos pre\u00e7os aumentar\u00e3o na pr\u00f3xima semana e esperamos tamb\u00e9m compensar a possibilidade iminente de uma tarifa de 50% sobre os gr\u00e3os de caf\u00e9 do Brasil.&#8221;<\/p>\n<\/div>\n<div class=\"bbc-19j92fr ebmt73l0\" dir=\"ltr\">\n<p class=\"bbc-hhl7in e17g058b0\" dir=\"ltr\">No comunicado, Northgraves explica que nos \u00faltimos seis meses o pre\u00e7o do caf\u00e9 vinha subindo como nunca antes. Mudan\u00e7as clim\u00e1ticas e aumento no consumo da bebida\u00a0<a class=\"focusIndicatorReducedWidth bbc-n8oauk e1p3sufg0\" href=\"https:\/\/www.bbc.com\/portuguese\/articles\/cp83lzlgwr5o\">explicam esse aumento.<\/a><\/p>\n<\/div>\n<div class=\"bbc-19j92fr ebmt73l0\" dir=\"ltr\">\n<p class=\"bbc-hhl7in e17g058b0\" dir=\"ltr\">O caf\u00e9, assim como o suco de laranja, \u00e9 um dos produtos mais sens\u00edveis ao tarifa\u00e7o porque os Estados Unidos importam em grande quantidade do Brasil.<\/p>\n<\/div>\n<div class=\"bbc-19j92fr ebmt73l0\" dir=\"ltr\">\n<p class=\"bbc-hhl7in e17g058b0\" dir=\"ltr\">O pa\u00eds \u00e9 o maior comprador do produto brasileiro. No ano passado, os EUA receberam\u00a0<a class=\"focusIndicatorReducedWidth bbc-n8oauk e1p3sufg0\" href=\"https:\/\/www.cecafe.com.br\/publicacoes\/noticias\/cecafe-exportacao-safra-2024-25-20250716\/\" aria-label=\"16,4% das exporta\u00e7\u00f5es de caf\u00e9, externo\">16,4% das exporta\u00e7\u00f5es de caf\u00e9<\/a>\u00a0do Brasil, segundo o Conselho dos Exportadores de Caf\u00e9 do Brasil (Cecaf\u00e9).<\/p>\n<\/div>\n<div class=\"bbc-19j92fr ebmt73l0\" dir=\"ltr\">\n<p class=\"bbc-hhl7in e17g058b0\" dir=\"ltr\">Diante das taxas j\u00e1 impostas por Trump sobre diversos produtos e na imin\u00eancia de novas tarifas, o reajuste teve de ser repassado aos consumidores. E as perspectivas n\u00e3o s\u00e3o animadoras.<\/p>\n<\/div>\n<div class=\"bbc-19j92fr ebmt73l0\" dir=\"ltr\">\n<p class=\"bbc-hhl7in e17g058b0\" dir=\"ltr\">&#8220;Na minha opini\u00e3o, a situa\u00e7\u00e3o toda parece estar se agravando. J\u00e1 estamos pagando tarifas de 10% sobre os gr\u00e3os provenientes de todos os lugares de onde os adquirimos, e parece haver o risco de as tarifas do Brasil aumentarem para 50%, o que seria devastador&#8221;, disse Northgraves \u00e0 BBC News Brasil.<\/p>\n<\/div>\n<div class=\"bbc-19j92fr ebmt73l0\" dir=\"ltr\">\n<p class=\"bbc-hhl7in e17g058b0\" dir=\"ltr\">No setor de avia\u00e7\u00e3o, a SkyWest, companhia a\u00e9rea dos Estados Unidos que encomendou 74 avi\u00f5es da Embraer, tamb\u00e9m criticou o tarifa\u00e7o.<\/p>\n<\/div>\n<div class=\"bbc-19j92fr ebmt73l0\" dir=\"ltr\">\n<p class=\"bbc-hhl7in e17g058b0\" dir=\"ltr\">Na semana passada, o CEO da empresa, Chip Childs, afirmou que n\u00e3o pretende pagar a tarifa de 50% sobre jatos encomendados at\u00e9 2032 com a empresa brasileira, caso a medida entre em vigor.<\/p>\n<\/div>\n<div class=\"bbc-19j92fr ebmt73l0\" dir=\"ltr\">\n<p class=\"bbc-hhl7in e17g058b0\" dir=\"ltr\">A declara\u00e7\u00e3o foi dada durante a apresenta\u00e7\u00e3o do balan\u00e7o financeiro do segundo trimestre da empresa.<\/p>\n<\/div>\n<div class=\"bbc-19j92fr ebmt73l0\" dir=\"ltr\">\n<p class=\"bbc-hhl7in e17g058b0\" dir=\"ltr\">&#8220;Temos a sensa\u00e7\u00e3o de que as pessoas est\u00e3o entendendo a import\u00e2ncia disso para pequenas comunidades nos Estados Unidos, o impacto econ\u00f4mico disso para o nosso pa\u00eds&#8221;, disse Childs.<\/p>\n<\/div>\n<div class=\"bbc-19j92fr ebmt73l0\" dir=\"ltr\">\n<p class=\"bbc-hhl7in e17g058b0\" dir=\"ltr\">&#8220;Vamos continuar lutando muito para avan\u00e7ar nessa frente das tarifas.&#8221;<\/p>\n<\/div>\n<div class=\"bbc-19j92fr ebmt73l0\" dir=\"ltr\">\n<p class=\"bbc-hhl7in e17g058b0\" dir=\"ltr\">Na mesma reuni\u00e3o, o diretor comercial da SkyWest, Wade Steele, tamb\u00e9m admitiu a possibilidade de adiar entregas combinadas com a empresa brasileira.<\/p>\n<\/div>\n<div class=\"bbc-19j92fr ebmt73l0\" dir=\"ltr\">\n<p class=\"bbc-hhl7in e17g058b0\" dir=\"ltr\">&#8220;Se a tarifa de 50% com o Brasil for implementada, planejamos trabalhar com nossos principais parceiros e a Embraer para adiar a entrega at\u00e9 que a situa\u00e7\u00e3o tarif\u00e1ria seja resolvida&#8221;, disse.<\/p>\n<\/div>\n<div class=\"bbc-19j92fr ebmt73l0\" dir=\"ltr\">\n<p class=\"bbc-hhl7in e17g058b0\" dir=\"ltr\">Em abril, Trump j\u00e1\u00a0<a class=\"focusIndicatorReducedWidth bbc-n8oauk e1p3sufg0\" href=\"https:\/\/www.bbc.com\/portuguese\/articles\/cpq7dnyjj3vo\">havia anunciado tarifas de 10%<\/a>\u00a0sobre produtos brasileiros. A SkyWest j\u00e1 teve que arcar com essas tarifas, com custos adicionais em dois jatos entregues no segundo trimestre.<\/p>\n<\/div>\n<div class=\"bbc-19j92fr ebmt73l0\" dir=\"ltr\">\n<p class=\"bbc-hhl7in e17g058b0\" dir=\"ltr\">A Embraer \u00e9 a\u00a0<a class=\"focusIndicatorReducedWidth bbc-n8oauk e1p3sufg0\" href=\"https:\/\/www.bbc.com\/portuguese\/articles\/c80pnz99y29o\">principal exportadora de bens de alto valor agregado do Brasil<\/a>\u00a0e tem nos Estados Unidos seu mercado mais importante.<\/p>\n<\/div>\n<div class=\"bbc-19j92fr ebmt73l0\" dir=\"ltr\">\n<p class=\"bbc-hhl7in e17g058b0\" dir=\"ltr\">As exporta\u00e7\u00f5es para clientes americanos representam 45% nos jatos comerciais e 70% nos jatos executivos da empresa brasileira.<\/p>\n<\/div>\n<div class=\"bbc-19j92fr ebmt73l0\" dir=\"ltr\">\n<p class=\"bbc-hhl7in e17g058b0\" dir=\"ltr\">Segundo estimativas da pr\u00f3pria Embraer, caso a tarifa de Trump se confirme em 50%, a empresa ter\u00e1 um custo adicional de US$ 9 milh\u00f5es (cerca de R$ 50 milh\u00f5es) ao pre\u00e7o de cada aeronave para seus clientes.<\/p>\n<\/div>\n<div class=\"bbc-19j92fr ebmt73l0\" dir=\"ltr\">\n<h2 id=\"Abuso-de-poder\" class=\"bbc-1lgzob2 eglt09e0\" tabindex=\"-1\">&#8216;Abuso de poder&#8217;<\/h2>\n<\/div>\n<div class=\"bbc-19j92fr ebmt73l0\" dir=\"ltr\">\n<p class=\"bbc-hhl7in e17g058b0\" dir=\"ltr\">No Congresso americano, tamb\u00e9m h\u00e1 movimenta\u00e7\u00f5es em curso. Na quinta-feira passada (24\/07), um grupo de 11 senadores democratas enviou uma carta a Trump pedindo o fim do tarifa\u00e7o comercial contra produtos brasileiros, mencionando &#8220;abuso de poder&#8221; contra o Brasil.<\/p>\n<\/div>\n<div class=\"bbc-19j92fr ebmt73l0\" dir=\"ltr\">\n<p class=\"bbc-hhl7in e17g058b0\" dir=\"ltr\">Segundo os parlamentares, a taxa\u00e7\u00e3o vai aumentar os custos para fam\u00edlias e empresas americanas.<\/p>\n<\/div>\n<div class=\"bbc-19j92fr ebmt73l0\" dir=\"ltr\">\n<p class=\"bbc-hhl7in e17g058b0\" dir=\"ltr\">&#8220;Os americanos importam mais de 40 bilh\u00f5es de d\u00f3lares anualmente do Brasil, incluindo quase 2 bilh\u00f5es de d\u00f3lares em caf\u00e9. O com\u00e9rcio entre EUA e Brasil sustenta cerca de 130 mil empregos nos Estados Unidos, que est\u00e3o amea\u00e7ados com a imposi\u00e7\u00e3o de tarifas elevadas&#8221;, diz o grupo na carta.<\/p>\n<\/div>\n<div class=\"bbc-19j92fr ebmt73l0\" dir=\"ltr\">\n<p class=\"bbc-hhl7in e17g058b0\" dir=\"ltr\">&#8220;O Brasil tamb\u00e9m prometeu retaliar, e o senhor antecipadamente prometeu responder na mesma moeda \u2014 o que significa que os exportadores americanos sair\u00e3o prejudicados e que os impostos sobre importa\u00e7\u00f5es pagos pelos americanos ultrapassar\u00e3o os 50% que o senhor amea\u00e7ou impor.&#8221;<\/p>\n<\/div>\n<div class=\"bbc-19j92fr ebmt73l0\" dir=\"ltr\">\n<p class=\"bbc-hhl7in e17g058b0\" dir=\"ltr\">Os senadores acrescentaram que tinham &#8220;s\u00e9rias preocupa\u00e7\u00f5es quanto ao claro abuso de poder presente em sua recente amea\u00e7a de iniciar uma guerra comercial com o Brasil&#8221;.<\/p>\n<\/div>\n<div class=\"bbc-19j92fr ebmt73l0\" dir=\"ltr\">\n<p class=\"bbc-hhl7in e17g058b0\" dir=\"ltr\">&#8220;Os Estados Unidos e o Brasil t\u00eam quest\u00f5es comerciais leg\u00edtimas que devem ser discutidas e negociadas. No entanto, a amea\u00e7a tarif\u00e1ria do seu governo claramente n\u00e3o diz respeito a isso&#8221;, escreveram os senadores.<\/p>\n<\/div>\n<div class=\"bbc-19j92fr ebmt73l0\" dir=\"ltr\">\n<p class=\"bbc-hhl7in e17g058b0\" dir=\"ltr\">J\u00e1 os deputados que presidem o Congressional Coffee Caucus, uma esp\u00e9cie de comiss\u00e3o no congresso americano para debater temas relacionados ao setor de caf\u00e9, enviaram no fim de junho uma carta com apoio bipartid\u00e1rio ao embaixador do com\u00e9rcio dos EUA, pedindo a isen\u00e7\u00e3o do produto das tarifas atuais e futuras.<\/p>\n<p dir=\"ltr\"><img data-recalc-dims=\"1\" decoding=\"async\" src=\"https:\/\/i0.wp.com\/ichef.bbci.co.uk\/ace\/ws\/640\/cpsprodpb\/6ffb\/live\/784f5a50-6ca7-11f0-ab09-87b6632159bc.jpg.webp?w=600&#038;ssl=1\" alt=\"Um homem de chap\u00e9u olha para centenas de laranjas\" \/><\/p>\n<\/div>\n<figure class=\"bbc-1qn0xuy\"><\/figure>\n<div class=\"bbc-19j92fr ebmt73l0\" dir=\"ltr\">\n<p class=\"bbc-hhl7in e17g058b0\" dir=\"ltr\">Na carta, os deputados Jill Tokuda (democrata, Hava\u00ed) e William Timmons (republicano, Carolina do Sul) disseram ao representante comercial dos EUA, Jamieson Greer, indicado por Donald Trump, que a isen\u00e7\u00e3o \u00e9 necess\u00e1ria &#8220;para proteger os empregos americanos e garantir a vitalidade cont\u00ednua de uma ind\u00fastria que depende quase inteiramente de importa\u00e7\u00f5es&#8221;.<\/p>\n<\/div>\n<div class=\"bbc-19j92fr ebmt73l0\" dir=\"ltr\">\n<p class=\"bbc-hhl7in e17g058b0\" dir=\"ltr\">Eles lembram que, ao contr\u00e1rio de outros produtos afetados pelas novas tarifas, o caf\u00e9 nos Estados Unidos n\u00e3o \u00e9 produzido em escala capaz de suprir a demanda interna. De acordo com o documento, a produ\u00e7\u00e3o americana de caf\u00e9, cultivado no Hava\u00ed e em Porto Rico, n\u00e3o representa nem 1% do consumo da bebida no pa\u00eds.<\/p>\n<\/div>\n<div class=\"bbc-19j92fr ebmt73l0\" dir=\"ltr\">\n<p class=\"bbc-hhl7in e17g058b0\" dir=\"ltr\">Nesta ter\u00e7a, o secret\u00e1rio de Com\u00e9rcio dos Estados Unidos, Howard Lutnick afirmou \u00e0 rede CNBC que alguns produtos n\u00e3o cultivados nos EUA poderiam estar isentos das taxa\u00e7\u00f5es. Dentre eles o caf\u00e9, a manga, o abacaxi e o cacau.<\/p>\n<\/div>\n<div class=\"bbc-19j92fr ebmt73l0\" dir=\"ltr\">\n<p class=\"bbc-hhl7in e17g058b0\" dir=\"ltr\">Lutnick, no entanto, n\u00e3o mencionou o Brasil. &#8220;Se vamos negociar com um pa\u00eds que produz manga ou abacaxi, ent\u00e3o eles podem entrar sem tarifa. Caf\u00e9 e cacau s\u00e3o outros exemplos de recursos naturais&#8221;, completou.<\/p>\n<\/div>\n<div class=\"bbc-19j92fr ebmt73l0\" dir=\"ltr\">\n<p class=\"bbc-hhl7in e17g058b0\" dir=\"ltr\">Portanto, ainda n\u00e3o \u00e9 poss\u00edvel saber a dimens\u00e3o do impacto que a nova tarifa causar\u00e1 no bolso dos consumidores americanos, acostumados a tomar ao menos tr\u00eas x\u00edcaras da bebida por dia.<\/p>\n<\/div>\n<div class=\"bbc-19j92fr ebmt73l0\" dir=\"ltr\">\n<p class=\"bbc-hhl7in e17g058b0\" dir=\"ltr\">Mas ao menos os clientes do Rock City Coffee j\u00e1 est\u00e3o pagando mais caro pela bebida.<\/p>\n<\/div>\n<div class=\"bbc-19j92fr ebmt73l0\" dir=\"ltr\">\n<p class=\"bbc-hhl7in e17g058b0\" dir=\"ltr\">&#8220;As tarifas prejudicar\u00e3o nossos neg\u00f3cios, pois n\u00e3o conseguiremos manter nossas margens de lucro sem aumentar os pre\u00e7os \u2013 e, se esses pre\u00e7os subirem o suficiente, poderemos perder clientes para empresas maiores e mais capazes de absorver custos e manter os pre\u00e7os baixos&#8221;, afirmou Northgraves.<\/p>\n<\/div>\n<div class=\"bbc-19j92fr ebmt73l0\" dir=\"ltr\">\n<h2 id=\"Tarifa-proibitiva\" class=\"bbc-1lgzob2 eglt09e0\" tabindex=\"-1\">&#8216;Tarifa proibitiva&#8217;<\/h2>\n<\/div>\n<div class=\"bbc-19j92fr ebmt73l0\" dir=\"ltr\">\n<p class=\"bbc-hhl7in e17g058b0\" dir=\"ltr\">O National Foreign Trade Council (Conselho Nacional de Com\u00e9rcio Exterior) j\u00e1 considera a tarifa de 10% imposta pelo governo Trump ap\u00f3s 2 de abril uma mudan\u00e7a muito significativa na capacidade das empresas americanas de importarem do Brasil.<\/p>\n<\/div>\n<div class=\"bbc-19j92fr ebmt73l0\" dir=\"ltr\">\n<p class=\"bbc-hhl7in e17g058b0\" dir=\"ltr\">Agora, a tarifa de 50% prevista para entrar em vigor em 1\u00ba de agosto pode inviabilizar neg\u00f3cios com o parceiro comercial. \u00c9 o que afirma Tiffany Smith, vice-presidente de Com\u00e9rcio da entidade, que representa grandes empresas em temas de com\u00e9rcio e investimento internacional.<\/p>\n<\/div>\n<div class=\"bbc-19j92fr ebmt73l0\" dir=\"ltr\">\n<p class=\"bbc-hhl7in e17g058b0\" dir=\"ltr\">&#8220;O Brasil tem mantido super\u00e1vit comercial com os Estados Unidos. E uma tarifa de 50% coloca o pa\u00eds entre os que enfrentam as taxas mais altas no atual ambiente de tarifas rec\u00edprocas. \u00c9 algo que consideramos bastante preocupante&#8221;, disse \u00e0 BBC News Brasil.<\/p>\n<\/div>\n<div class=\"bbc-19j92fr ebmt73l0\" dir=\"ltr\">\n<p class=\"bbc-hhl7in e17g058b0\" dir=\"ltr\">&#8220;Uma tarifa nesse n\u00edvel seria proibitiva para a maioria dos produtos. A expectativa \u00e9 que as importa\u00e7\u00f5es do Brasil parem, em muitos casos, enquanto essa tarifa estiver em vigor. Pode haver alguns produtos que suportem uma tarifa t\u00e3o alta, mas n\u00e3o seriam muitos.&#8221;<\/p>\n<\/div>\n<div class=\"bbc-19j92fr ebmt73l0\" dir=\"ltr\">\n<p class=\"bbc-hhl7in e17g058b0\" dir=\"ltr\">Segundo ela, empresas americanas podem tentar minimizar os impactos transferindo a produ\u00e7\u00e3o para outros pa\u00edses. Mas essa alternativa nem sempre \u00e9 vi\u00e1vel, principalmente a curto prazo.<\/p>\n<\/div>\n<div class=\"bbc-19j92fr ebmt73l0\" dir=\"ltr\">\n<p class=\"bbc-hhl7in e17g058b0\" dir=\"ltr\">&#8220;Por conta de contratos em vigor ou exig\u00eancias t\u00e9cnicas, como pe\u00e7as automotivas que precisam atender a padr\u00f5es espec\u00edficos de seguran\u00e7a. Essas adapta\u00e7\u00f5es n\u00e3o ocorrem rapidamente&#8221;, afirma Smith.<\/p>\n<\/div>\n<div class=\"bbc-19j92fr ebmt73l0\" dir=\"ltr\">\n<p class=\"bbc-hhl7in e17g058b0\" dir=\"ltr\">&#8220;Nesses casos, as empresas teriam que repassar os custos para os consumidores ou absorver perdas significativas em suas margens de lucro.&#8221;<\/p>\n<\/div>\n<div class=\"bbc-19j92fr ebmt73l0\" dir=\"ltr\">\n<p class=\"bbc-hhl7in e17g058b0\" dir=\"ltr\">Smith avalia que a pol\u00edtica tarif\u00e1ria reflete uma &#8220;convic\u00e7\u00e3o forte do presidente&#8221; de que os parceiros comerciais precisam abrir mais seus mercados para empresas americanas.<\/p>\n<\/div>\n<div class=\"bbc-19j92fr ebmt73l0\" dir=\"ltr\">\n<p class=\"bbc-hhl7in e17g058b0\" dir=\"ltr\">&#8220;No caso do Brasil, a ideia \u00e9 que, mesmo com super\u00e1vit, poderia haver espa\u00e7o para ampliar as exporta\u00e7\u00f5es dos EUA. Mas a linguagem da carta sugere que considera\u00e7\u00f5es pol\u00edticas tamb\u00e9m podem ter influenciado a decis\u00e3o.&#8221;<\/p>\n<\/div>\n<div class=\"bbc-19j92fr ebmt73l0\" dir=\"ltr\">\n<p class=\"bbc-hhl7in e17g058b0\" dir=\"ltr\">Ela ressalta que a tarifa de 50% pode ser apenas o in\u00edcio de uma mudan\u00e7a mais ampla na rela\u00e7\u00e3o comercial entre os dois pa\u00edses.<\/p>\n<\/div>\n<div class=\"bbc-19j92fr ebmt73l0\" dir=\"ltr\">\n<p class=\"bbc-hhl7in e17g058b0\" dir=\"ltr\">&#8220;O resultado desse processo, que deve levar alguns meses, pode resultar na imposi\u00e7\u00e3o de novas tarifas ou outras medidas, al\u00e9m da tarifa j\u00e1 anunciada.&#8221;<\/p>\n<\/div>\n<figure class=\"bbc-1qn0xuy\">\n<div class=\"bbc-1gbs0ve\"><img data-recalc-dims=\"1\" loading=\"lazy\" decoding=\"async\" class=\"bbc-139onq\" src=\"https:\/\/i0.wp.com\/ichef.bbci.co.uk\/ace\/ws\/640\/cpsprodpb\/ffd4\/live\/1789d6a0-6c9d-11f0-9a27-87bb9aa7e3da.jpg.webp?resize=600%2C338&#038;ssl=1\" sizes=\"auto, (min-width: 1008px) 760px, 100vw\" srcset=\"https:\/\/ichef.bbci.co.uk\/ace\/ws\/240\/cpsprodpb\/ffd4\/live\/1789d6a0-6c9d-11f0-9a27-87bb9aa7e3da.jpg.webp 240w, https:\/\/ichef.bbci.co.uk\/ace\/ws\/320\/cpsprodpb\/ffd4\/live\/1789d6a0-6c9d-11f0-9a27-87bb9aa7e3da.jpg.webp 320w, https:\/\/ichef.bbci.co.uk\/ace\/ws\/480\/cpsprodpb\/ffd4\/live\/1789d6a0-6c9d-11f0-9a27-87bb9aa7e3da.jpg.webp 480w, https:\/\/ichef.bbci.co.uk\/ace\/ws\/624\/cpsprodpb\/ffd4\/live\/1789d6a0-6c9d-11f0-9a27-87bb9aa7e3da.jpg.webp 624w, https:\/\/ichef.bbci.co.uk\/ace\/ws\/800\/cpsprodpb\/ffd4\/live\/1789d6a0-6c9d-11f0-9a27-87bb9aa7e3da.jpg.webp 800w\" alt=\"Senadores brasileiros sentados em uma mesa em uma sala de reuni\u00e3o com pol\u00edticos americanos\" width=\"600\" height=\"338\" \/><\/p>\n<p class=\"bbc-by8ykd\" role=\"text\"><span class=\"bbc-m04vo2\">Cr\u00e9dito,<\/span><span lang=\"en-GB\">Assessoria da Comiss\u00e3o Tempor\u00e1ria Brasil-EUA<\/span><\/p>\n<\/div><figcaption class=\"bbc-15f1ujd\" dir=\"ltr\"><span role=\"text\"><span class=\"bbc-m04vo2\">Legenda da foto,<\/span><span data-testid=\"caption-paragraph\">Parte da comitiva de senadores brasileiros nos EUA nesta ter\u00e7a, da direita para a esquerda: Fernando Farias (MDB-AL), Jaques Wagner (PT-BA), Esperidi\u00e3o Amin (PP-SC) e Astronauta Marcos Pontes (PL-SP)<\/span><\/span><\/figcaption><\/figure>\n<div class=\"bbc-19j92fr ebmt73l0\" dir=\"ltr\">\n<p class=\"bbc-hhl7in e17g058b0\" dir=\"ltr\">Nesta segunda-feira (28\/07), uma miss\u00e3o especial do Senado esteve na C\u00e2mara Americana do Com\u00e9rcio, em Washington, para uma reuni\u00e3o com lideran\u00e7as empresariais e representantes do Conselho Empresarial Brasil-Estados Unidos.<\/p>\n<\/div>\n<div class=\"bbc-19j92fr ebmt73l0\" dir=\"ltr\">\n<p class=\"bbc-hhl7in e17g058b0\" dir=\"ltr\">Ap\u00f3s a reuni\u00e3o, o senador Carlos Viana (Podemos-MG) afirmou que uma conversa entre Trump e Lula est\u00e1 sobre a mesa.<\/p>\n<\/div>\n<div class=\"bbc-19j92fr ebmt73l0\" dir=\"ltr\">\n<p class=\"bbc-hhl7in e17g058b0\" dir=\"ltr\">&#8220;N\u00f3s estamos dialogando neste momento&#8221;, afirmou o vice-presidente Geraldo Alckmin (PSB), no fim da tarde de segunda-feira (28\/7) em entrevista coletiva.<\/p>\n<\/div>\n<div class=\"bbc-19j92fr ebmt73l0\" dir=\"ltr\">\n<p class=\"bbc-hhl7in e17g058b0\" dir=\"ltr\">Ao ser perguntado se havia falado com Lula sobre a possibilidade de uma conversa entre ele e Trump, afirmou que ainda n\u00e3o. &#8220;Mas o presidente Lula \u00e9 o homem do di\u00e1logo. Sempre defendeu o di\u00e1logo&#8221;, disse.<\/p>\n<\/div>\n<p><\/main><\/p>\n<aside class=\"bbc-1wsxggw e5jcirq1\" role=\"complementary\" data-testid=\"related-topics\" aria-labelledby=\"related-topics\">\n<div class=\"e5jcirq0 bbc-1f2ds04 e1m6nvxw1\">\n<h2 id=\"section-label-heading-related-topics\" class=\"bbc-a5e1ct e1m6nvxw0\" tabindex=\"-1\"><\/h2>\n<\/div>\n<\/aside>\n<\/div>\n<\/section>\n<\/div>\n<\/section>\n<\/div>\n<\/div>\n<\/section>\n","protected":false},"excerpt":{"rendered":"<p>BBC &#8211; por Marina Rossi e Rute Pina &#8211; Em semana decisiva para as negocia\u00e7\u00f5es em torno das tarifas de importa\u00e7\u00e3o de 50%\u00a0sobre produtos do Brasil, pol\u00edticos, representantes de entidades e empresas de diferentes segmentos brasileiros est\u00e3o se movendo para tentar evitar o tarifa\u00e7o.<\/p>\n","protected":false},"author":1,"featured_media":0,"comment_status":"closed","ping_status":"open","sticky":false,"template":"","format":"standard","meta":{"_exactmetrics_skip_tracking":false,"_exactmetrics_sitenote_active":false,"_exactmetrics_sitenote_note":"","_exactmetrics_sitenote_category":0,"jetpack_post_was_ever_published":false,"_jetpack_newsletter_access":"","_jetpack_dont_email_post_to_subs":false,"_jetpack_newsletter_tier_id":0,"_jetpack_memberships_contains_paywalled_content":false,"_jetpack_memberships_contains_paid_content":false,"footnotes":"","jetpack_publicize_message":"","jetpack_publicize_feature_enabled":true,"jetpack_social_post_already_shared":true,"jetpack_social_options":{"image_generator_settings":{"template":"highway","enabled":false},"version":2}},"categories":[1],"tags":[1426,475,1425,1298,220],"class_list":["post-37153","post","type-post","status-publish","format-standard","hentry","category-notas","tag-americanas","tag-empresas","tag-entidades","tag-tarifaco","tag-trump"],"jetpack_publicize_connections":[],"jetpack_sharing_enabled":true,"jetpack_featured_media_url":"","jetpack_shortlink":"https:\/\/wp.me\/p7wKYW-9Ff","jetpack-related-posts":[],"_links":{"self":[{"href":"http:\/\/blogdalucianaoliveira.com.br\/blog\/wp-json\/wp\/v2\/posts\/37153","targetHints":{"allow":["GET"]}}],"collection":[{"href":"http:\/\/blogdalucianaoliveira.com.br\/blog\/wp-json\/wp\/v2\/posts"}],"about":[{"href":"http:\/\/blogdalucianaoliveira.com.br\/blog\/wp-json\/wp\/v2\/types\/post"}],"author":[{"embeddable":true,"href":"http:\/\/blogdalucianaoliveira.com.br\/blog\/wp-json\/wp\/v2\/users\/1"}],"replies":[{"embeddable":true,"href":"http:\/\/blogdalucianaoliveira.com.br\/blog\/wp-json\/wp\/v2\/comments?post=37153"}],"version-history":[{"count":1,"href":"http:\/\/blogdalucianaoliveira.com.br\/blog\/wp-json\/wp\/v2\/posts\/37153\/revisions"}],"predecessor-version":[{"id":37154,"href":"http:\/\/blogdalucianaoliveira.com.br\/blog\/wp-json\/wp\/v2\/posts\/37153\/revisions\/37154"}],"wp:attachment":[{"href":"http:\/\/blogdalucianaoliveira.com.br\/blog\/wp-json\/wp\/v2\/media?parent=37153"}],"wp:term":[{"taxonomy":"category","embeddable":true,"href":"http:\/\/blogdalucianaoliveira.com.br\/blog\/wp-json\/wp\/v2\/categories?post=37153"},{"taxonomy":"post_tag","embeddable":true,"href":"http:\/\/blogdalucianaoliveira.com.br\/blog\/wp-json\/wp\/v2\/tags?post=37153"}],"curies":[{"name":"wp","href":"https:\/\/api.w.org\/{rel}","templated":true}]}}