{"id":37164,"date":"2025-07-31T08:38:38","date_gmt":"2025-07-31T12:38:38","guid":{"rendered":"https:\/\/blogdalucianaoliveira.com.br\/blog\/?p=37164"},"modified":"2025-07-31T08:39:16","modified_gmt":"2025-07-31T12:39:16","slug":"eduardo-bolsonaro-inimigo-do-brasil","status":"publish","type":"post","link":"http:\/\/blogdalucianaoliveira.com.br\/blog\/2025\/07\/31\/eduardo-bolsonaro-inimigo-do-brasil\/","title":{"rendered":"Eduardo Bolsonaro, inimigo do Brasil"},"content":{"rendered":"<p><img data-recalc-dims=\"1\" loading=\"lazy\" decoding=\"async\" data-attachment-id=\"37165\" data-permalink=\"http:\/\/blogdalucianaoliveira.com.br\/blog\/2025\/07\/31\/eduardo-bolsonaro-inimigo-do-brasil\/img_4950\/\" data-orig-file=\"https:\/\/i0.wp.com\/blogdalucianaoliveira.com.br\/blog\/wp-content\/uploads\/2025\/07\/IMG_4950.jpeg?fit=768%2C512\" data-orig-size=\"768,512\" data-comments-opened=\"0\" data-image-meta=\"{&quot;aperture&quot;:&quot;0&quot;,&quot;credit&quot;:&quot;&quot;,&quot;camera&quot;:&quot;&quot;,&quot;caption&quot;:&quot;&quot;,&quot;created_timestamp&quot;:&quot;0&quot;,&quot;copyright&quot;:&quot;&quot;,&quot;focal_length&quot;:&quot;0&quot;,&quot;iso&quot;:&quot;0&quot;,&quot;shutter_speed&quot;:&quot;0&quot;,&quot;title&quot;:&quot;&quot;,&quot;orientation&quot;:&quot;0&quot;}\" data-image-title=\"IMG_4950\" data-image-description=\"\" data-image-caption=\"\" data-medium-file=\"https:\/\/i0.wp.com\/blogdalucianaoliveira.com.br\/blog\/wp-content\/uploads\/2025\/07\/IMG_4950.jpeg?fit=300%2C200\" data-large-file=\"https:\/\/i0.wp.com\/blogdalucianaoliveira.com.br\/blog\/wp-content\/uploads\/2025\/07\/IMG_4950.jpeg?fit=600%2C400\" class=\"alignnone size-medium wp-image-37165\" src=\"https:\/\/i0.wp.com\/blogdalucianaoliveira.com.br\/blog\/wp-content\/uploads\/2025\/07\/IMG_4950.jpeg?resize=300%2C200\" alt=\"\" width=\"300\" height=\"200\" srcset=\"https:\/\/i0.wp.com\/blogdalucianaoliveira.com.br\/blog\/wp-content\/uploads\/2025\/07\/IMG_4950.jpeg?resize=300%2C200 300w, https:\/\/i0.wp.com\/blogdalucianaoliveira.com.br\/blog\/wp-content\/uploads\/2025\/07\/IMG_4950.jpeg?resize=450%2C300 450w, https:\/\/i0.wp.com\/blogdalucianaoliveira.com.br\/blog\/wp-content\/uploads\/2025\/07\/IMG_4950.jpeg?w=768 768w\" sizes=\"auto, (max-width: 300px) 100vw, 300px\" \/><\/p>\n<p data-pf_style_display=\"block\" data-pf_style_visibility=\"visible\"><span class=\"text-node\">Folha de S\u00e3o Paulo em editorial &#8211; O deputado federal <\/span><a href=\"https:\/\/www1.folha.uol.com.br\/folha-topicos\/eduardo-bolsonaro\/\" data-pf_style_display=\"inline\" data-pf_style_visibility=\"visible\"><span class=\"text-node\">Eduardo Bolsonaro<\/span><\/a><span class=\"text-node\"> (<\/span><a href=\"https:\/\/www1.folha.uol.com.br\/folha-topicos\/pl\/\" data-pf_style_display=\"inline\" data-pf_style_visibility=\"visible\"><span class=\"text-node\">PL<\/span><\/a><span class=\"text-node\">-SP) transformou-se em inimigo do Brasil. Perdido no labirinto de seus del\u00edrios, ele faz de tudo para defender a pr\u00f3pria fam\u00edlia e n\u00e3o se importa de mandar \u00e0s favas os interesses nacionais.<\/span><!--more--><\/p>\n<p data-pf_style_display=\"block\" data-pf_style_visibility=\"visible\"><span class=\"text-node\">Em seu horizonte desponta um \u00fanico prop\u00f3sito: livrar o pai da cadeia. Como se sabe, tramita no Supremo Tribunal Federal (<\/span><a href=\"https:\/\/www1.folha.uol.com.br\/folha-topicos\/stf\/\" data-pf_style_display=\"inline\" data-pf_style_visibility=\"visible\"><span class=\"text-node\">STF<\/span><\/a><span class=\"text-node\">) o processo em que <\/span><a href=\"https:\/\/www1.folha.uol.com.br\/folha-topicos\/jair-bolsonaro\/\" data-pf_style_display=\"inline\" data-pf_style_visibility=\"visible\"><span class=\"text-node\">Jair Bolsonaro<\/span><\/a><span class=\"text-node\"> (PL) responde por tentativa de golpe contra as institui\u00e7\u00f5es democr\u00e1ticas, entre outros crimes.<\/span><\/p>\n<p data-pf_style_display=\"block\" data-pf_style_visibility=\"visible\"><span class=\"text-node\">Eduardo n\u00e3o demonstra pudores nesse mister. Tal qual um buf\u00e3o aos p\u00e9s de trono estrangeiro, adula o presidente <\/span><a href=\"https:\/\/www1.folha.uol.com.br\/folha-topicos\/donald-trump\/\" data-pf_style_display=\"inline\" data-pf_style_visibility=\"visible\"><span class=\"text-node\">Donald Trump<\/span><\/a><span class=\"text-node\"> e, alheio aos abusos cometidos contra sua pr\u00f3pria p\u00e1tria, comemorou o tarifa\u00e7o de 50% que o americano prometeu impor ao Brasil se o Supremo n\u00e3o arquivasse o julgamento de Bolsonaro.<\/span><\/p>\n<div class=\"c-advertising c-advertising--300x250 u-hidden-xs rs_skip\" data-pf_style_display=\"block\" data-pf_style_visibility=\"visible\"><\/div>\n<p data-pf_style_display=\"block\" data-pf_style_visibility=\"visible\"><span class=\"text-node\">Ap\u00f3s tal chantagem, que revela ignor\u00e2ncia quanto \u00e0 separa\u00e7\u00e3o de Poderes que fundamenta as democracias modernas, o republicano decretou <\/span><a href=\"https:\/\/www1.folha.uol.com.br\/mercado\/2025\/07\/trump-assina-decreto-que-aplica-sobretaxa-de-50-sobre-produtos-brasileiros.shtml\" target=\"\" rel=\"\" data-pf_style_display=\"inline\" data-pf_style_visibility=\"visible\"><span class=\"text-node\">taxa\u00e7\u00e3o de 50% sobre apenas parte das exporta\u00e7\u00f5es<\/span><\/a><span class=\"text-node\"> brasileiras nesta quarta (20).<\/span><\/p>\n<p data-pf_style_display=\"block\" data-pf_style_visibility=\"visible\"><span class=\"text-node\">Um tarifa\u00e7o pleno amea\u00e7aria bem mais a economia do Brasil, j\u00e1 que 9.500 empresas enviam produtos para os <\/span><a href=\"https:\/\/www1.folha.uol.com.br\/folha-topicos\/estados-unidos\/\" data-pf_style_display=\"inline\" data-pf_style_visibility=\"visible\"><span class=\"text-node\">Estados Unidos<\/span><\/a><span class=\"text-node\"> e 30 setores direcionam para l\u00e1 pelo menos um quarto de suas exporta\u00e7\u00f5es \u2014as quais, no ano passado, montaram a US$ 20,3 bilh\u00f5es.<\/span><\/p>\n<p data-pf_style_display=\"block\" data-pf_style_visibility=\"visible\"><a href=\"https:\/\/www1.folha.uol.com.br\/folha-topicos\/sao-paulo\/\" data-pf_style_display=\"inline\" data-pf_style_visibility=\"visible\"><span class=\"text-node\">S\u00e3o Paulo<\/span><\/a><span class=\"text-node\">, estado que Eduardo deveria representar se honrasse seu mandato, sofreria de forma especial. O governador <\/span><a href=\"https:\/\/www1.folha.uol.com.br\/folha-topicos\/tarcisio-de-freitas\/\" data-pf_style_display=\"inline\" data-pf_style_visibility=\"visible\"><span class=\"text-node\">Tarc\u00edsio de Freitas<\/span><\/a><span class=\"text-node\">(<\/span><a href=\"https:\/\/www1.folha.uol.com.br\/folha-topicos\/republicanos\/\" data-pf_style_display=\"inline\" data-pf_style_visibility=\"visible\"><span class=\"text-node\">Republicanos<\/span><\/a><span class=\"text-node\">) estimou impacto que poderia variar de 0,3% a 2,7% do PIB, com 44 mil a 120 mil empregos a menos.<\/span><\/p>\n<p data-pf_style_display=\"block\" data-pf_style_visibility=\"visible\"><span class=\"text-node\">Tarc\u00edsio, que a princ\u00edpio hesitou diante da inaceit\u00e1vel chantagem de Trump, passou a procurar maneiras de atenuar os preju\u00edzos. Outros governadores, como Ratinho Junior (PSD), do Paran\u00e1, tamb\u00e9m adotaram iniciativas nesse sentido \u2014e, por \u00f3bvio, n\u00e3o fizeram mais que a obriga\u00e7\u00e3o.<\/span><\/p>\n<p data-pf_style_display=\"block\" data-pf_style_visibility=\"visible\"><span class=\"text-node\">E o que fez Eduardo? <\/span><a href=\"https:\/\/www1.folha.uol.com.br\/opiniao\/2025\/07\/tarcisio-se-queima-no-tiroteio-entre-trump-e-lula.shtml\" target=\"\" rel=\"\" data-pf_style_display=\"inline\" data-pf_style_visibility=\"visible\"><span class=\"text-node\">Disparou cr\u00edticas contra eles<\/span><\/a><span class=\"text-node\">, como se tentar proteger a popula\u00e7\u00e3o brasileira constitu\u00edsse um defeito, n\u00e3o uma qualidade. Logo se v\u00ea que o deputado fugitivo inverteu a escala de valores e n\u00e3o consegue mais distinguir o certo do errado.<\/span><\/p>\n<p data-pf_style_display=\"block\" data-pf_style_visibility=\"visible\"><span class=\"text-node\">Nesse mundo de ilus\u00f5es, ele considerou apropriado, por exemplo, misturar bravata com ret\u00f3rica miliciana para dizer que <\/span><a href=\"https:\/\/www1.folha.uol.com.br\/folha-topicos\/hugo-motta\/\" data-pf_style_display=\"inline\" data-pf_style_visibility=\"visible\"><span class=\"text-node\">Hugo Motta<\/span><\/a><span class=\"text-node\">(Republicanos-PB) e <\/span><a href=\"https:\/\/www1.folha.uol.com.br\/folha-topicos\/davi-alcolumbre\/\" data-pf_style_display=\"inline\" data-pf_style_visibility=\"visible\"><span class=\"text-node\">Davi Alcolumbre<\/span><\/a><span class=\"text-node\"> (Uni\u00e3o-AP), respectivamente presidentes da <\/span><a href=\"https:\/\/www1.folha.uol.com.br\/folha-topicos\/camara-dos-deputados\/\" data-pf_style_display=\"inline\" data-pf_style_visibility=\"visible\"><span class=\"text-node\">C\u00e2mara dos Deputados<\/span><\/a><span class=\"text-node\"> e do <\/span><a href=\"https:\/\/www1.folha.uol.com.br\/folha-topicos\/senado\/\" data-pf_style_display=\"inline\" data-pf_style_visibility=\"visible\"><span class=\"text-node\">Senado<\/span><\/a><span class=\"text-node\">, podem sofrer san\u00e7\u00f5es americanas se n\u00e3o agirem em prol de Jair Bolsonaro.<\/span><\/p>\n<p data-pf_style_display=\"block\" data-pf_style_visibility=\"visible\"><span class=\"text-node\">Para piorar, disse que atuar\u00e1 contra a comitiva de senadores que foi aos EUA com a miss\u00e3o de conter a taxa\u00e7\u00e3o de produtos brasileiros. &#8220;Eu trabalho para que eles n\u00e3o encontrem di\u00e1logo&#8221;, afirmou em entrevista ao SBT News.<\/span><\/p>\n<p data-pf_style_display=\"block\" data-pf_style_visibility=\"visible\"><span class=\"text-node\">De todo modo, a sombra do tarifa\u00e7o j\u00e1 afetou diversos setores. Uma crise t\u00e3o complexa nunca tem um \u00fanico culpado, mas<\/span><a href=\"https:\/\/www1.folha.uol.com.br\/poder\/2025\/07\/sensacao-de-missao-cumprida-diz-eduardo-bolsonaro-apos-sancao-de-trump-a-moraes.shtml\" target=\"\" rel=\"\" data-pf_style_display=\"inline\" data-pf_style_visibility=\"visible\"><span class=\"text-node\"> ningu\u00e9m est\u00e1 mais associado a ela do que Eduardo Bolsonaro<\/span><\/a><span class=\"text-node\"> \u2014cuja estrat\u00e9gia delirante, como se evidencia a cada dia, mais atrapalha do que ajuda seu pai.<\/span><\/p>\n","protected":false},"excerpt":{"rendered":"<p>Folha de S\u00e3o Paulo em editorial &#8211; O deputado federal Eduardo Bolsonaro (PL-SP) transformou-se em inimigo do Brasil. Perdido no labirinto de seus del\u00edrios, ele faz de tudo para defender a pr\u00f3pria fam\u00edlia e n\u00e3o se importa de mandar \u00e0s favas os interesses nacionais.<\/p>\n","protected":false},"author":1,"featured_media":0,"comment_status":"closed","ping_status":"open","sticky":false,"template":"","format":"standard","meta":{"_exactmetrics_skip_tracking":false,"_exactmetrics_sitenote_active":false,"_exactmetrics_sitenote_note":"","_exactmetrics_sitenote_category":0,"jetpack_post_was_ever_published":false,"_jetpack_newsletter_access":"","_jetpack_dont_email_post_to_subs":false,"_jetpack_newsletter_tier_id":0,"_jetpack_memberships_contains_paywalled_content":false,"_jetpack_memberships_contains_paid_content":false,"footnotes":"","jetpack_publicize_message":"","jetpack_publicize_feature_enabled":true,"jetpack_social_post_already_shared":true,"jetpack_social_options":{"image_generator_settings":{"template":"highway","enabled":false},"version":2}},"categories":[1],"tags":[1420,1427,1428],"class_list":["post-37164","post","type-post","status-publish","format-standard","hentry","category-notas","tag-eduardo-bolsonaro","tag-inimigo","tag-povo"],"jetpack_publicize_connections":[],"jetpack_sharing_enabled":true,"jetpack_featured_media_url":"","jetpack_shortlink":"https:\/\/wp.me\/p7wKYW-9Fq","jetpack-related-posts":[],"_links":{"self":[{"href":"http:\/\/blogdalucianaoliveira.com.br\/blog\/wp-json\/wp\/v2\/posts\/37164","targetHints":{"allow":["GET"]}}],"collection":[{"href":"http:\/\/blogdalucianaoliveira.com.br\/blog\/wp-json\/wp\/v2\/posts"}],"about":[{"href":"http:\/\/blogdalucianaoliveira.com.br\/blog\/wp-json\/wp\/v2\/types\/post"}],"author":[{"embeddable":true,"href":"http:\/\/blogdalucianaoliveira.com.br\/blog\/wp-json\/wp\/v2\/users\/1"}],"replies":[{"embeddable":true,"href":"http:\/\/blogdalucianaoliveira.com.br\/blog\/wp-json\/wp\/v2\/comments?post=37164"}],"version-history":[{"count":2,"href":"http:\/\/blogdalucianaoliveira.com.br\/blog\/wp-json\/wp\/v2\/posts\/37164\/revisions"}],"predecessor-version":[{"id":37167,"href":"http:\/\/blogdalucianaoliveira.com.br\/blog\/wp-json\/wp\/v2\/posts\/37164\/revisions\/37167"}],"wp:attachment":[{"href":"http:\/\/blogdalucianaoliveira.com.br\/blog\/wp-json\/wp\/v2\/media?parent=37164"}],"wp:term":[{"taxonomy":"category","embeddable":true,"href":"http:\/\/blogdalucianaoliveira.com.br\/blog\/wp-json\/wp\/v2\/categories?post=37164"},{"taxonomy":"post_tag","embeddable":true,"href":"http:\/\/blogdalucianaoliveira.com.br\/blog\/wp-json\/wp\/v2\/tags?post=37164"}],"curies":[{"name":"wp","href":"https:\/\/api.w.org\/{rel}","templated":true}]}}