{"id":37168,"date":"2025-07-31T13:36:50","date_gmt":"2025-07-31T17:36:50","guid":{"rendered":"https:\/\/blogdalucianaoliveira.com.br\/blog\/?p=37168"},"modified":"2025-07-31T13:36:50","modified_gmt":"2025-07-31T17:36:50","slug":"e-com-lula-que-o-brasil-anda-pra-frente-ponte-internacional-em-rondonia-e-conquista-historica-do-governo-federal","status":"publish","type":"post","link":"http:\/\/blogdalucianaoliveira.com.br\/blog\/2025\/07\/31\/e-com-lula-que-o-brasil-anda-pra-frente-ponte-internacional-em-rondonia-e-conquista-historica-do-governo-federal\/","title":{"rendered":"\u00c9 com Lula que o Brasil anda pra frente: Ponte internacional em Rond\u00f4nia \u00e9 conquista hist\u00f3rica do governo federal"},"content":{"rendered":"<p><img data-recalc-dims=\"1\" loading=\"lazy\" decoding=\"async\" data-attachment-id=\"37169\" data-permalink=\"http:\/\/blogdalucianaoliveira.com.br\/blog\/2025\/07\/31\/e-com-lula-que-o-brasil-anda-pra-frente-ponte-internacional-em-rondonia-e-conquista-historica-do-governo-federal\/img_4966-2\/\" data-orig-file=\"https:\/\/i0.wp.com\/blogdalucianaoliveira.com.br\/blog\/wp-content\/uploads\/2025\/07\/IMG_4966.jpeg?fit=1620%2C1080\" data-orig-size=\"1620,1080\" data-comments-opened=\"0\" data-image-meta=\"{&quot;aperture&quot;:&quot;0&quot;,&quot;credit&quot;:&quot;&quot;,&quot;camera&quot;:&quot;&quot;,&quot;caption&quot;:&quot;&quot;,&quot;created_timestamp&quot;:&quot;0&quot;,&quot;copyright&quot;:&quot;&quot;,&quot;focal_length&quot;:&quot;0&quot;,&quot;iso&quot;:&quot;0&quot;,&quot;shutter_speed&quot;:&quot;0&quot;,&quot;title&quot;:&quot;&quot;,&quot;orientation&quot;:&quot;1&quot;}\" data-image-title=\"IMG_4966\" data-image-description=\"\" data-image-caption=\"\" data-medium-file=\"https:\/\/i0.wp.com\/blogdalucianaoliveira.com.br\/blog\/wp-content\/uploads\/2025\/07\/IMG_4966.jpeg?fit=300%2C200\" data-large-file=\"https:\/\/i0.wp.com\/blogdalucianaoliveira.com.br\/blog\/wp-content\/uploads\/2025\/07\/IMG_4966.jpeg?fit=600%2C400\" class=\"alignnone size-medium wp-image-37169\" src=\"https:\/\/i0.wp.com\/blogdalucianaoliveira.com.br\/blog\/wp-content\/uploads\/2025\/07\/IMG_4966.jpeg?resize=300%2C200\" alt=\"\" width=\"300\" height=\"200\" srcset=\"https:\/\/i0.wp.com\/blogdalucianaoliveira.com.br\/blog\/wp-content\/uploads\/2025\/07\/IMG_4966.jpeg?resize=300%2C200 300w, https:\/\/i0.wp.com\/blogdalucianaoliveira.com.br\/blog\/wp-content\/uploads\/2025\/07\/IMG_4966.jpeg?resize=1024%2C683 1024w, https:\/\/i0.wp.com\/blogdalucianaoliveira.com.br\/blog\/wp-content\/uploads\/2025\/07\/IMG_4966.jpeg?resize=768%2C512 768w, https:\/\/i0.wp.com\/blogdalucianaoliveira.com.br\/blog\/wp-content\/uploads\/2025\/07\/IMG_4966.jpeg?resize=1536%2C1024 1536w, https:\/\/i0.wp.com\/blogdalucianaoliveira.com.br\/blog\/wp-content\/uploads\/2025\/07\/IMG_4966.jpeg?resize=450%2C300 450w, https:\/\/i0.wp.com\/blogdalucianaoliveira.com.br\/blog\/wp-content\/uploads\/2025\/07\/IMG_4966.jpeg?w=1620 1620w, https:\/\/i0.wp.com\/blogdalucianaoliveira.com.br\/blog\/wp-content\/uploads\/2025\/07\/IMG_4966.jpeg?w=1200 1200w\" sizes=\"auto, (max-width: 300px) 100vw, 300px\" \/><\/p>\n<p>Deputada Cl\u00e1udia de Jesus destaca que s\u00f3 um governo do povo seria capaz de tirar essa obra hist\u00f3rica do papel.<!--more-->Da Assessoria &#8211; O Brasil voltou a crescer, a integrar e a se conectar com o mundo. Rond\u00f4nia est\u00e1 no mapa das grandes transforma\u00e7\u00f5es lideradas pelo governo do presidente Luiz In\u00e1cio Lula da Silva. Prova disso \u00e9 a retomada e o avan\u00e7o da constru\u00e7\u00e3o da ponte internacional entre Guajar\u00e1-Mirim (RO) e Guayaramer\u00edn, na Bol\u00edvia. Uma obra estrat\u00e9gica, hist\u00f3rica e simb\u00f3lica que finalmente vai se tornar realidade sob um governo que prioriza o povo, a integra\u00e7\u00e3o latino-americana e o desenvolvimento regional.<\/p>\n<p>Em 2023, o edital da obra foi assinado pelo Ministro dos Transportes do governo Lula. A obra faz parte do Novo Programa de Acelera\u00e7\u00e3o do Crescimento (Novo PAC), que j\u00e1 movimenta o Brasil inteiro com investimentos em infraestrutura, transporte, educa\u00e7\u00e3o, sa\u00fade e energia. A ponte cumpre um acordo centen\u00e1rio entre os dois pa\u00edses, mas apenas agora, com um governo popular e comprometido, a integra\u00e7\u00e3o come\u00e7a a sair do papel.<\/p>\n<table class=\"tr-caption-container\" cellspacing=\"0\" cellpadding=\"0\" align=\"center\">\n<tbody>\n<tr>\n<td><a href=\"https:\/\/i0.wp.com\/blogger.googleusercontent.com\/img\/b\/R29vZ2xl\/AVvXsEg_O9JF2H2wjbwLWhk7sUNHsTlljGgvDjDuNGBquB1n8fkV41JNCNpPmU5Pska3yqaDWJ6eUJOl9ScmSIux04_qnzeNsRYLFaZ_g3pxoy9RQHC4JCBesaqs_WLBpCwb6MivZ6bMzwKeyoQCBx2otl6Sl9XGx6kpcfimliP2QrZNY0jI6TJ4IdddEFQ0Av0\/s984\/WhatsApp%2520Image%25202025-07-31%2520at%252010.44.49.jpeg?ssl=1\"><img data-recalc-dims=\"1\" decoding=\"async\" src=\"https:\/\/i0.wp.com\/blogger.googleusercontent.com\/img\/b\/R29vZ2xl\/AVvXsEg_O9JF2H2wjbwLWhk7sUNHsTlljGgvDjDuNGBquB1n8fkV41JNCNpPmU5Pska3yqaDWJ6eUJOl9ScmSIux04_qnzeNsRYLFaZ_g3pxoy9RQHC4JCBesaqs_WLBpCwb6MivZ6bMzwKeyoQCBx2otl6Sl9XGx6kpcfimliP2QrZNY0jI6TJ4IdddEFQ0Av0\/s16000\/WhatsApp%2520Image%25202025-07-31%2520at%252010.44.49.jpeg?w=600&#038;ssl=1\" border=\"0\" data-original-height=\"510\" data-original-width=\"984\" \/><\/a><\/td>\n<\/tr>\n<tr>\n<td class=\"tr-caption\">Projeto da ponte entre Brasil e Bol\u00edvia \u2014 Foto: Minist\u00e9rio dos Transporte\/Divulga\u00e7\u00e3o<\/td>\n<\/tr>\n<\/tbody>\n<\/table>\n<p>A deputada estadual Cl\u00e1udia de Jesus (PT), que acompanha de perto o andamento das obras em todo o estado de Rond\u00f4nia, foi enf\u00e1tica ao destacar o papel de Lula nessa conquista:<\/p>\n<p>\u201cA verdade tem que ser dita. Lula lan\u00e7ou obras em todo o Brasil e em Rond\u00f4nia n\u00e3o foi diferente. Muitos parlamentares ajudam, mas sem Lula, a ponte simplesmente n\u00e3o aconteceria. Ele tem compromisso com o povo, com a Amaz\u00f4nia e com a nossa soberania. \u00c9 Lula quem faz o Brasil andar\u201d, afirmou.<\/p>\n<p>A ponte, que ser\u00e1 constru\u00edda pelo Cons\u00f3rcio Mamor\u00e9, ter\u00e1 1,22 km de extens\u00e3o sobre o rio Mamor\u00e9. A licita\u00e7\u00e3o foi retomada ap\u00f3s libera\u00e7\u00e3o do Tribunal de Contas da Uni\u00e3o (TCU) e o investimento total ser\u00e1 de R$ 421 milh\u00f5es. A estrutura conectar\u00e1 os dois pa\u00edses, permitindo que o Brasil tenha acesso ao Oceano Pac\u00edfico e a Bol\u00edvia, ao Atl\u00e2ntico. Isso reduz custos log\u00edsticos, estimula o com\u00e9rcio e fortalece a presen\u00e7a brasileira na Am\u00e9rica do Sul.<\/p>\n<p>Durante visita oficial \u00e0 Bol\u00edvia em julho de 2024, o presidente Lula se reuniu com o presidente boliviano, Luis Arce e refor\u00e7ou seu compromisso com a integra\u00e7\u00e3o latino-americana.<\/p>\n<table class=\"tr-caption-container\" cellspacing=\"0\" cellpadding=\"0\" align=\"center\">\n<tbody>\n<tr>\n<td><a href=\"https:\/\/i0.wp.com\/blogger.googleusercontent.com\/img\/b\/R29vZ2xl\/AVvXsEgT_xyb3oNQDwQYss6qTzKA5SU3XJCA40dmDZo7pS2jKWpy6KtKKhdO2l0k7jHaAGUpNNDCL0SMdVp6WOZNM_MDKd1QdyE4C_M0clqAYzNdLlLrhyphenhyphenMTo4NqXXvI2xTJuLl66Zb186hbi5xfsJAUgZcuZO6B9I2v4yK3wvPEOLSEI6JlAOa4txVjC2IoMU0\/s654\/WhatsApp%2520Image%25202025-07-31%2520at%252010.46.03.jpeg?ssl=1\"><img data-recalc-dims=\"1\" decoding=\"async\" src=\"https:\/\/i0.wp.com\/blogger.googleusercontent.com\/img\/b\/R29vZ2xl\/AVvXsEgT_xyb3oNQDwQYss6qTzKA5SU3XJCA40dmDZo7pS2jKWpy6KtKKhdO2l0k7jHaAGUpNNDCL0SMdVp6WOZNM_MDKd1QdyE4C_M0clqAYzNdLlLrhyphenhyphenMTo4NqXXvI2xTJuLl66Zb186hbi5xfsJAUgZcuZO6B9I2v4yK3wvPEOLSEI6JlAOa4txVjC2IoMU0\/s16000\/WhatsApp%2520Image%25202025-07-31%2520at%252010.46.03.jpeg?w=600&#038;ssl=1\" border=\"0\" data-original-height=\"450\" data-original-width=\"654\" \/><\/a><\/td>\n<\/tr>\n<tr>\n<td class=\"tr-caption\">Lula e Luis Arce posam para foto durante encontro bilateral em Santa Cruz de la Sierra, na Bol\u00edvia<\/td>\n<\/tr>\n<\/tbody>\n<\/table>\n<p>&nbsp;<\/p>\n<p>Essa obra n\u00e3o \u00e9 apenas engenharia civil. \u00c9 justi\u00e7a hist\u00f3rica. \u00c9 a for\u00e7a de um projeto de pa\u00eds que olha para todos os cantos do territ\u00f3rio nacional. A ponte internacional \u00e9 mais uma prova de que quando o Partido dos Trabalhadores governa, o Brasil avan\u00e7a, e o povo deixa de sonhar e come\u00e7a a realizar.<\/p>\n<p>A ponte binacional representa mais do que concreto e a\u00e7o: \u00e9 a materializa\u00e7\u00e3o de uma pol\u00edtica que aposta no futuro, na coopera\u00e7\u00e3o entre pa\u00edses vizinhos e na valoriza\u00e7\u00e3o da regi\u00e3o Norte do Brasil.<\/p>\n<p><iframe id=\"instagram-embed-0\" class=\"instagram-media instagram-media-rendered\" src=\"https:\/\/www.instagram.com\/reel\/DMxr8QRs0wE\/embed\/captioned\/?cr=1&amp;v=14&amp;wp=1614&amp;rd=https%3A%2F%2Fwww.deputadaclaudiadejesus.com.br&amp;rp=%2F2025%2F07%2Fe-com-lula-que-o-brasil-anda-pra-frente.html%3Fm%3D1#%7B%22ci%22%3A0%2C%22os%22%3A1335%2C%22ls%22%3A522%2C%22le%22%3A1213%7D\" height=\"925\" frameborder=\"0\" scrolling=\"no\" allowfullscreen=\"allowfullscreen\" data-instgrm-payload-id=\"instagram-media-payload-0\" data-mce-fragment=\"1\"><\/iframe><\/p>\n","protected":false},"excerpt":{"rendered":"<p>Deputada Cl\u00e1udia de Jesus destaca que s\u00f3 um governo do povo seria capaz de tirar essa obra hist\u00f3rica do papel.<\/p>\n","protected":false},"author":1,"featured_media":0,"comment_status":"closed","ping_status":"open","sticky":false,"template":"","format":"standard","meta":{"_exactmetrics_skip_tracking":false,"_exactmetrics_sitenote_active":false,"_exactmetrics_sitenote_note":"","_exactmetrics_sitenote_category":0,"jetpack_post_was_ever_published":false,"_jetpack_newsletter_access":"","_jetpack_dont_email_post_to_subs":false,"_jetpack_newsletter_tier_id":0,"_jetpack_memberships_contains_paywalled_content":false,"_jetpack_memberships_contains_paid_content":false,"footnotes":"","jetpack_publicize_message":"","jetpack_publicize_feature_enabled":true,"jetpack_social_post_already_shared":true,"jetpack_social_options":{"image_generator_settings":{"template":"highway","enabled":false},"version":2}},"categories":[1],"tags":[1429,78,1430],"class_list":["post-37168","post","type-post","status-publish","format-standard","hentry","category-notas","tag-deputada-claudia-de-jesus","tag-lula","tag-ponte-binacional"],"jetpack_publicize_connections":[],"jetpack_sharing_enabled":true,"jetpack_featured_media_url":"","jetpack_shortlink":"https:\/\/wp.me\/p7wKYW-9Fu","jetpack-related-posts":[],"_links":{"self":[{"href":"http:\/\/blogdalucianaoliveira.com.br\/blog\/wp-json\/wp\/v2\/posts\/37168","targetHints":{"allow":["GET"]}}],"collection":[{"href":"http:\/\/blogdalucianaoliveira.com.br\/blog\/wp-json\/wp\/v2\/posts"}],"about":[{"href":"http:\/\/blogdalucianaoliveira.com.br\/blog\/wp-json\/wp\/v2\/types\/post"}],"author":[{"embeddable":true,"href":"http:\/\/blogdalucianaoliveira.com.br\/blog\/wp-json\/wp\/v2\/users\/1"}],"replies":[{"embeddable":true,"href":"http:\/\/blogdalucianaoliveira.com.br\/blog\/wp-json\/wp\/v2\/comments?post=37168"}],"version-history":[{"count":1,"href":"http:\/\/blogdalucianaoliveira.com.br\/blog\/wp-json\/wp\/v2\/posts\/37168\/revisions"}],"predecessor-version":[{"id":37170,"href":"http:\/\/blogdalucianaoliveira.com.br\/blog\/wp-json\/wp\/v2\/posts\/37168\/revisions\/37170"}],"wp:attachment":[{"href":"http:\/\/blogdalucianaoliveira.com.br\/blog\/wp-json\/wp\/v2\/media?parent=37168"}],"wp:term":[{"taxonomy":"category","embeddable":true,"href":"http:\/\/blogdalucianaoliveira.com.br\/blog\/wp-json\/wp\/v2\/categories?post=37168"},{"taxonomy":"post_tag","embeddable":true,"href":"http:\/\/blogdalucianaoliveira.com.br\/blog\/wp-json\/wp\/v2\/tags?post=37168"}],"curies":[{"name":"wp","href":"https:\/\/api.w.org\/{rel}","templated":true}]}}