{"id":37171,"date":"2025-08-04T13:24:43","date_gmt":"2025-08-04T17:24:43","guid":{"rendered":"https:\/\/blogdalucianaoliveira.com.br\/blog\/?p=37171"},"modified":"2025-08-04T13:24:43","modified_gmt":"2025-08-04T17:24:43","slug":"61-nao-votariam-em-candidato-que-prometesse-anistia-a-bolsonaro-diz-datafolha","status":"publish","type":"post","link":"http:\/\/blogdalucianaoliveira.com.br\/blog\/2025\/08\/04\/61-nao-votariam-em-candidato-que-prometesse-anistia-a-bolsonaro-diz-datafolha\/","title":{"rendered":"61% n\u00e3o votariam em candidato que prometesse anistia a Bolsonaro, diz Datafolha"},"content":{"rendered":"<p><img data-recalc-dims=\"1\" loading=\"lazy\" decoding=\"async\" data-attachment-id=\"37172\" data-permalink=\"http:\/\/blogdalucianaoliveira.com.br\/blog\/2025\/08\/04\/61-nao-votariam-em-candidato-que-prometesse-anistia-a-bolsonaro-diz-datafolha\/img_5394\/\" data-orig-file=\"https:\/\/i0.wp.com\/blogdalucianaoliveira.com.br\/blog\/wp-content\/uploads\/2025\/08\/IMG_5394.webp?fit=2000%2C1414\" data-orig-size=\"2000,1414\" data-comments-opened=\"0\" data-image-meta=\"{&quot;aperture&quot;:&quot;0&quot;,&quot;credit&quot;:&quot;&quot;,&quot;camera&quot;:&quot;&quot;,&quot;caption&quot;:&quot;&quot;,&quot;created_timestamp&quot;:&quot;0&quot;,&quot;copyright&quot;:&quot;&quot;,&quot;focal_length&quot;:&quot;0&quot;,&quot;iso&quot;:&quot;0&quot;,&quot;shutter_speed&quot;:&quot;0&quot;,&quot;title&quot;:&quot;&quot;,&quot;orientation&quot;:&quot;0&quot;}\" data-image-title=\"IMG_5394\" data-image-description=\"\" data-image-caption=\"\" data-medium-file=\"https:\/\/i0.wp.com\/blogdalucianaoliveira.com.br\/blog\/wp-content\/uploads\/2025\/08\/IMG_5394.webp?fit=300%2C212\" data-large-file=\"https:\/\/i0.wp.com\/blogdalucianaoliveira.com.br\/blog\/wp-content\/uploads\/2025\/08\/IMG_5394.webp?fit=600%2C424\" class=\"alignnone size-medium wp-image-37172\" src=\"https:\/\/i0.wp.com\/blogdalucianaoliveira.com.br\/blog\/wp-content\/uploads\/2025\/08\/IMG_5394.webp?resize=300%2C212\" alt=\"\" width=\"300\" height=\"212\" srcset=\"https:\/\/i0.wp.com\/blogdalucianaoliveira.com.br\/blog\/wp-content\/uploads\/2025\/08\/IMG_5394.webp?resize=300%2C212 300w, https:\/\/i0.wp.com\/blogdalucianaoliveira.com.br\/blog\/wp-content\/uploads\/2025\/08\/IMG_5394.webp?resize=1024%2C724 1024w, https:\/\/i0.wp.com\/blogdalucianaoliveira.com.br\/blog\/wp-content\/uploads\/2025\/08\/IMG_5394.webp?resize=768%2C543 768w, https:\/\/i0.wp.com\/blogdalucianaoliveira.com.br\/blog\/wp-content\/uploads\/2025\/08\/IMG_5394.webp?resize=1536%2C1086 1536w, https:\/\/i0.wp.com\/blogdalucianaoliveira.com.br\/blog\/wp-content\/uploads\/2025\/08\/IMG_5394.webp?resize=424%2C300 424w, https:\/\/i0.wp.com\/blogdalucianaoliveira.com.br\/blog\/wp-content\/uploads\/2025\/08\/IMG_5394.webp?w=2000 2000w, https:\/\/i0.wp.com\/blogdalucianaoliveira.com.br\/blog\/wp-content\/uploads\/2025\/08\/IMG_5394.webp?w=1200 1200w, https:\/\/i0.wp.com\/blogdalucianaoliveira.com.br\/blog\/wp-content\/uploads\/2025\/08\/IMG_5394.webp?w=1800 1800w\" sizes=\"auto, (max-width: 300px) 100vw, 300px\" \/><\/p>\n<h2 class=\"jeg_post_subtitle\">Ex-presidente responde a acusa\u00e7\u00e3o crime de tentativa de golpe de Estado no STF<\/h2>\n<p><!--more--><\/p>\n<p>Brasil de Fato &#8211; Uma pesquisa do instituto Datafolha divulgada neste domingo (3), pelo jornal <em>Folha de S. Paulo, <\/em>aponta que 61% dos eleitores n\u00e3o votariam num candidato que prometesse <a href=\"https:\/\/www.brasildefato.com.br\/2025\/05\/07\/tres-dias-apos-alta-bolsonaro-participa-de-ato-esvaziado-em-brasilia-e-pede-anistia\/\" target=\"_blank\" rel=\"noopener noreferrer\">anistiar <\/a>o <a href=\"https:\/\/www.brasildefato.com.br\/2025\/05\/07\/tres-dias-apos-alta-bolsonaro-participa-de-ato-esvaziado-em-brasilia-e-pede-anistia\/\" target=\"_blank\" rel=\"noopener noreferrer\">ex-presidente Jair Bolsonaro<\/a> e outros acusados de tentar um golpe de Estado.<\/p>\n<p>O ex-presidente responde a acusa\u00e7\u00f5es de participar de uma tentativa de golpe em um processo que tramita no Supremo Tribunal Federal (STF). O STF tamb\u00e9m j\u00e1 condenou cidad\u00e3os que participaram dos atos golpistas de 8 de janeiro de 2023.<\/p>\n<div class=\"jeg_ad jeg_ad_article jnews_content_inline_ads  \">\n<div class=\"ads-wrapper align-center \">\n<div class=\"ads_shortcode\">\n<div class=\"ads-region-container\" data-slot=\"artigos-leaderboard-incontent-1-mobile\" data-region=\"br\" data-slot-name=\"artigos-leaderboard-incontent-1-mobile-br\">\n<div id=\"div-gpt-ad-artigos-mobile_rectangle_mobile_1\" class=\"ad-slot\"><\/div>\n<\/div>\n<\/div>\n<\/div>\n<\/div>\n<p>O Datafolha perguntou a 2.004 pessoas de 16 anos ou mais, em 130 munic\u00edpios, sobre uma eventual vota\u00e7\u00e3o em um candidato que apoia a anistia a Bolsonaro e aos condenados: 61% disseram que n\u00e3o votariam, 14% disseram que talvez votariam, 19% disseram que votariam e 6% n\u00e3o souberam responder.<\/p>\n<p>Os governadores Tarc\u00edsio de Freitas (Republicanos), de S\u00e3o Paulo, Romeu Zema (Novo), de Minas Gerais, Ronaldo Caiado (Uni\u00e3o), de Goi\u00e1s, e <a href=\"https:\/\/www.brasildefato.com.br\/2025\/05\/12\/apos-defender-anistia-a-golpistas-ratinho-junior-psd-propoe-modelo-separatista-na-seguranca-publica\/\" target=\"_blank\" rel=\"noopener noreferrer\">Ratinho J\u00fanior (PSD), do Paran\u00e1<\/a>, j\u00e1 declararam em algum momento ser favor\u00e1vel a anistia aos golpistas.<\/p>\n<div class=\"jeg_ad jeg_ad_article jnews_content_inline_2_ads  \">\n<div class=\"ads-wrapper align-center \">\n<div class=\"ads_shortcode\">\n<div class=\"ads-region-container\" data-slot=\"artigos-leaderboard-incontent-2-mobile\" data-region=\"br\" data-slot-name=\"artigos-leaderboard-incontent-2-mobile-br\">\n<div id=\"div-gpt-ad-artigos-mobile_rectangle_mobile_2\" class=\"ad-slot\"><\/div>\n<\/div>\n<\/div>\n<\/div>\n<\/div>\n<h4 class=\"wp-block-heading\">Julgamento<\/h4>\n<p>Come\u00e7ou na quarta-feira (30) o prazo para que a defesa de Bolsonaro e de outros seis r\u00e9us enviem ao STF suas alega\u00e7\u00f5es finais sobre a acusa\u00e7\u00e3o. Eles t\u00eam 15 dias para isso.<\/p>\n<p>A Procuradoria-Geral da Rep\u00fablica (PGR) j\u00e1 enviou suas alega\u00e7\u00f5es e defendeu a condena\u00e7\u00e3o de Bolsonaro, junto a seis r\u00e9us: Alexandre Ramagem, Almir Garnier, Anderson Torres, Augusto Heleno, Paulo S\u00e9rgio Nogueira e Walter Braga Netto.<\/p>\n<div class=\"jeg_ad jeg_ad_article jnews_content_inline_3_ads  \">\n<div class=\"ads-wrapper align-center \">\n<div class=\"ads_shortcode\">\n<div class=\"ads-region-container\" data-slot=\"artigos-leaderboard-incontent-3-mobile\" data-region=\"br\" data-slot-name=\"artigos-leaderboard-incontent-3-mobile-br\">\n<div id=\"div-gpt-ad-artigos-mobile_rectangle_mobile_3\" class=\"ad-slot\"><\/div>\n<\/div>\n<\/div>\n<\/div>\n<\/div>\n<p>Ap\u00f3s o prazo de alega\u00e7\u00f5es finais, o processo deve ser julgado pela 1\u00aa turma do STF.<\/p>\n<p>&nbsp;<\/p>\n<div class=\"jeg_meta_post_footer\">\n<div class=\"jeg_meta_editors\">Editado por: Rodrigo Gomes<\/div>\n<\/div>\n","protected":false},"excerpt":{"rendered":"<p>Ex-presidente responde a acusa\u00e7\u00e3o crime de tentativa de golpe de Estado no STF<\/p>\n","protected":false},"author":1,"featured_media":0,"comment_status":"closed","ping_status":"open","sticky":false,"template":"","format":"standard","meta":{"_exactmetrics_skip_tracking":false,"_exactmetrics_sitenote_active":false,"_exactmetrics_sitenote_note":"","_exactmetrics_sitenote_category":0,"jetpack_post_was_ever_published":false,"_jetpack_newsletter_access":"","_jetpack_dont_email_post_to_subs":false,"_jetpack_newsletter_tier_id":0,"_jetpack_memberships_contains_paywalled_content":false,"_jetpack_memberships_contains_paid_content":false,"footnotes":"","jetpack_publicize_message":"","jetpack_publicize_feature_enabled":true,"jetpack_social_post_already_shared":true,"jetpack_social_options":{"image_generator_settings":{"template":"highway","enabled":false},"version":2}},"categories":[1],"tags":[],"class_list":["post-37171","post","type-post","status-publish","format-standard","hentry","category-notas"],"jetpack_publicize_connections":[],"jetpack_sharing_enabled":true,"jetpack_featured_media_url":"","jetpack_shortlink":"https:\/\/wp.me\/p7wKYW-9Fx","jetpack-related-posts":[],"_links":{"self":[{"href":"http:\/\/blogdalucianaoliveira.com.br\/blog\/wp-json\/wp\/v2\/posts\/37171","targetHints":{"allow":["GET"]}}],"collection":[{"href":"http:\/\/blogdalucianaoliveira.com.br\/blog\/wp-json\/wp\/v2\/posts"}],"about":[{"href":"http:\/\/blogdalucianaoliveira.com.br\/blog\/wp-json\/wp\/v2\/types\/post"}],"author":[{"embeddable":true,"href":"http:\/\/blogdalucianaoliveira.com.br\/blog\/wp-json\/wp\/v2\/users\/1"}],"replies":[{"embeddable":true,"href":"http:\/\/blogdalucianaoliveira.com.br\/blog\/wp-json\/wp\/v2\/comments?post=37171"}],"version-history":[{"count":1,"href":"http:\/\/blogdalucianaoliveira.com.br\/blog\/wp-json\/wp\/v2\/posts\/37171\/revisions"}],"predecessor-version":[{"id":37173,"href":"http:\/\/blogdalucianaoliveira.com.br\/blog\/wp-json\/wp\/v2\/posts\/37171\/revisions\/37173"}],"wp:attachment":[{"href":"http:\/\/blogdalucianaoliveira.com.br\/blog\/wp-json\/wp\/v2\/media?parent=37171"}],"wp:term":[{"taxonomy":"category","embeddable":true,"href":"http:\/\/blogdalucianaoliveira.com.br\/blog\/wp-json\/wp\/v2\/categories?post=37171"},{"taxonomy":"post_tag","embeddable":true,"href":"http:\/\/blogdalucianaoliveira.com.br\/blog\/wp-json\/wp\/v2\/tags?post=37171"}],"curies":[{"name":"wp","href":"https:\/\/api.w.org\/{rel}","templated":true}]}}