{"id":37174,"date":"2025-08-04T13:45:58","date_gmt":"2025-08-04T17:45:58","guid":{"rendered":"https:\/\/blogdalucianaoliveira.com.br\/blog\/?p=37174"},"modified":"2025-08-04T13:49:15","modified_gmt":"2025-08-04T17:49:15","slug":"imprensa-alema-exalta-lula-o-homem-que-enfrenta-trump","status":"publish","type":"post","link":"http:\/\/blogdalucianaoliveira.com.br\/blog\/2025\/08\/04\/imprensa-alema-exalta-lula-o-homem-que-enfrenta-trump\/","title":{"rendered":"Imprensa alem\u00e3 exalta Lula: \u201co homem que enfrenta Trump\u201d"},"content":{"rendered":"<p><img data-recalc-dims=\"1\" loading=\"lazy\" decoding=\"async\" data-attachment-id=\"37177\" data-permalink=\"http:\/\/blogdalucianaoliveira.com.br\/blog\/2025\/08\/04\/imprensa-alema-exalta-lula-o-homem-que-enfrenta-trump\/img_5397-3\/\" data-orig-file=\"https:\/\/i0.wp.com\/blogdalucianaoliveira.com.br\/blog\/wp-content\/uploads\/2025\/08\/IMG_5397.webp?fit=500%2C240\" data-orig-size=\"500,240\" data-comments-opened=\"0\" data-image-meta=\"{&quot;aperture&quot;:&quot;0&quot;,&quot;credit&quot;:&quot;&quot;,&quot;camera&quot;:&quot;&quot;,&quot;caption&quot;:&quot;&quot;,&quot;created_timestamp&quot;:&quot;0&quot;,&quot;copyright&quot;:&quot;&quot;,&quot;focal_length&quot;:&quot;0&quot;,&quot;iso&quot;:&quot;0&quot;,&quot;shutter_speed&quot;:&quot;0&quot;,&quot;title&quot;:&quot;&quot;,&quot;orientation&quot;:&quot;0&quot;}\" data-image-title=\"IMG_5397\" data-image-description=\"\" data-image-caption=\"\" data-medium-file=\"https:\/\/i0.wp.com\/blogdalucianaoliveira.com.br\/blog\/wp-content\/uploads\/2025\/08\/IMG_5397.webp?fit=300%2C144\" data-large-file=\"https:\/\/i0.wp.com\/blogdalucianaoliveira.com.br\/blog\/wp-content\/uploads\/2025\/08\/IMG_5397.webp?fit=500%2C240\" class=\"alignnone size-medium wp-image-37177\" src=\"https:\/\/i0.wp.com\/blogdalucianaoliveira.com.br\/blog\/wp-content\/uploads\/2025\/08\/IMG_5397.webp?resize=300%2C144\" alt=\"\" width=\"300\" height=\"144\" srcset=\"https:\/\/i0.wp.com\/blogdalucianaoliveira.com.br\/blog\/wp-content\/uploads\/2025\/08\/IMG_5397.webp?resize=300%2C144 300w, https:\/\/i0.wp.com\/blogdalucianaoliveira.com.br\/blog\/wp-content\/uploads\/2025\/08\/IMG_5397.webp?w=500 500w\" sizes=\"auto, (max-width: 300px) 100vw, 300px\" \/><\/p>\n<h2 class=\"article__lead\">Para o S\u00fcddeutsche Zeitung, presidente brasileiro enfrenta press\u00e3o in\u00e9dita dos EUA em defesa da soberania nacional<\/h2>\n<p><!--more--><\/p>\n<p><b>247 &#8211;<\/b> Em uma extensa reportagem publicada nesta segunda-feira (4), o tradicional jornal alem\u00e3o <i>S\u00fcddeutsche Zeitung<\/i> analisou o atual cen\u00e1rio de tens\u00f5es entre Brasil e Estados Unidos e apontou o presidente Luiz In\u00e1cio Lula da Silva como o principal l\u00edder latino-americano a confrontar abertamente o governo de Donald Trump. A mat\u00e9ria, intitulada <i>\u201cO homem que enfrenta Trump\u201d<\/i>, descreve a postura do mandat\u00e1rio brasileiro como firme diante das recentes imposi\u00e7\u00f5es feitas pela Casa Branca.<\/p>\n<p>\u201cH\u00e1 muito tempo, os EUA n\u00e3o interferiam t\u00e3o descaradamente nos assuntos internos de um pa\u00eds latino-americano como agora no Brasil. Mas ningu\u00e9m est\u00e1 desafiando Trump t\u00e3o abertamente quanto o presidente Lula\u201d, destaca um dos trechos do texto do jornal alem\u00e3o, que circula em Munique e \u00e9 um dos mais influentes da Europa.<\/p>\n<p>O confronto ganhou for\u00e7a ap\u00f3s a imposi\u00e7\u00e3o de tarifas de at\u00e9 50% sobre produtos brasileiros exportados aos Estados Unidos. A medida, anunciada pelo governo Trump, foi interpretada em Bras\u00edlia como uma tentativa de coer\u00e7\u00e3o pol\u00edtica e econ\u00f4mica, e obrigou o Pal\u00e1cio do Planalto a montar uma resposta articulada para proteger setores estrat\u00e9gicos da economia.<\/p>\n<p>A reportagem do <i>S\u00fcddeutsche Zeitung<\/i> afirma que o embate vai al\u00e9m das tarifas e envolve press\u00f5es diretas de Washington sobre o governo Lula. Segundo o jornal, o ex-presidente norte-americano teria apresentado uma lista de exig\u00eancias ao Brasil: a flexibiliza\u00e7\u00e3o das pol\u00edticas sobre metais raros, o recuo no fortalecimento do bloco dos Brics, e at\u00e9 mesmo interfer\u00eancias diretas na pol\u00edtica interna \u2014 como a anistia ao ex-presidente Jair Bolsonaro e aos envolvidos nos ataques \u00e0s sedes dos Tr\u00eas Poderes em 8 de janeiro de 2023, al\u00e9m do impeachment do ministro Alexandre de Moraes, do Supremo Tribunal Federal (STF).<\/p>\n<p>Em meio a esse cen\u00e1rio, Lula tem adotado um discurso de defesa da soberania nacional, argumentando que o Brasil n\u00e3o aceitar\u00e1 inger\u00eancias externas. Nos bastidores do governo, a avalia\u00e7\u00e3o \u00e9 de que ceder \u00e0s press\u00f5es colocaria em risco a autonomia diplom\u00e1tica e enfraqueceria as institui\u00e7\u00f5es democr\u00e1ticas do pa\u00eds.A mat\u00e9ria alem\u00e3 ainda ressalta que Lula se tornou um dos \u00faltimos l\u00edderes do Sul Global com peso pol\u00edtico suficiente para confrontar a agenda de Trump, especialmente em tempos de reorganiza\u00e7\u00e3o geopol\u00edtica. O fortalecimento do Brics, a pol\u00edtica ambiental independente e a busca por parcerias fora do eixo tradicional Washington-Bruxelas s\u00e3o vistas como pontos centrais de atrito com a gest\u00e3o norte-americana.<\/p>\n<p>O texto do <i>S\u00fcddeutsche Zeitung<\/i> tamb\u00e9m reflete uma crescente preocupa\u00e7\u00e3o europeia com o rumo da pol\u00edtica externa dos Estados Unidos, e v\u00ea no Brasil um polo de resist\u00eancia relevante na Am\u00e9rica Latina. Com os olhos do mundo voltados para as elei\u00e7\u00f5es norte-americanas de 2026 e seus poss\u00edveis desdobramentos, a figura de Lula ganha novo destaque no cen\u00e1rio internacional.<\/p>\n<p><img data-recalc-dims=\"1\" loading=\"lazy\" decoding=\"async\" data-attachment-id=\"37175\" data-permalink=\"http:\/\/blogdalucianaoliveira.com.br\/blog\/2025\/08\/04\/imprensa-alema-exalta-lula-o-homem-que-enfrenta-trump\/img_5398\/\" data-orig-file=\"https:\/\/i0.wp.com\/blogdalucianaoliveira.com.br\/blog\/wp-content\/uploads\/2025\/08\/IMG_5398.jpeg?fit=1179%2C1641\" data-orig-size=\"1179,1641\" data-comments-opened=\"0\" data-image-meta=\"{&quot;aperture&quot;:&quot;0&quot;,&quot;credit&quot;:&quot;&quot;,&quot;camera&quot;:&quot;&quot;,&quot;caption&quot;:&quot;&quot;,&quot;created_timestamp&quot;:&quot;0&quot;,&quot;copyright&quot;:&quot;&quot;,&quot;focal_length&quot;:&quot;0&quot;,&quot;iso&quot;:&quot;0&quot;,&quot;shutter_speed&quot;:&quot;0&quot;,&quot;title&quot;:&quot;&quot;,&quot;orientation&quot;:&quot;1&quot;}\" data-image-title=\"IMG_5398\" data-image-description=\"\" data-image-caption=\"\" data-medium-file=\"https:\/\/i0.wp.com\/blogdalucianaoliveira.com.br\/blog\/wp-content\/uploads\/2025\/08\/IMG_5398.jpeg?fit=216%2C300\" data-large-file=\"https:\/\/i0.wp.com\/blogdalucianaoliveira.com.br\/blog\/wp-content\/uploads\/2025\/08\/IMG_5398.jpeg?fit=600%2C835\" class=\"alignnone size-medium wp-image-37175\" src=\"https:\/\/i0.wp.com\/blogdalucianaoliveira.com.br\/blog\/wp-content\/uploads\/2025\/08\/IMG_5398.jpeg?resize=216%2C300\" alt=\"\" width=\"216\" height=\"300\" srcset=\"https:\/\/i0.wp.com\/blogdalucianaoliveira.com.br\/blog\/wp-content\/uploads\/2025\/08\/IMG_5398.jpeg?resize=216%2C300 216w, https:\/\/i0.wp.com\/blogdalucianaoliveira.com.br\/blog\/wp-content\/uploads\/2025\/08\/IMG_5398.jpeg?resize=736%2C1024 736w, https:\/\/i0.wp.com\/blogdalucianaoliveira.com.br\/blog\/wp-content\/uploads\/2025\/08\/IMG_5398.jpeg?resize=768%2C1069 768w, https:\/\/i0.wp.com\/blogdalucianaoliveira.com.br\/blog\/wp-content\/uploads\/2025\/08\/IMG_5398.jpeg?resize=1104%2C1536 1104w, https:\/\/i0.wp.com\/blogdalucianaoliveira.com.br\/blog\/wp-content\/uploads\/2025\/08\/IMG_5398.jpeg?w=1179 1179w\" sizes=\"auto, (max-width: 216px) 100vw, 216px\" \/><\/p>\n","protected":false},"excerpt":{"rendered":"<p>Para o S\u00fcddeutsche Zeitung, presidente brasileiro enfrenta press\u00e3o in\u00e9dita dos EUA em defesa da soberania nacional<\/p>\n","protected":false},"author":1,"featured_media":0,"comment_status":"closed","ping_status":"open","sticky":false,"template":"","format":"standard","meta":{"_exactmetrics_skip_tracking":false,"_exactmetrics_sitenote_active":false,"_exactmetrics_sitenote_note":"","_exactmetrics_sitenote_category":0,"jetpack_post_was_ever_published":false,"_jetpack_newsletter_access":"","_jetpack_dont_email_post_to_subs":false,"_jetpack_newsletter_tier_id":0,"_jetpack_memberships_contains_paywalled_content":false,"_jetpack_memberships_contains_paid_content":false,"footnotes":"","jetpack_publicize_message":"","jetpack_publicize_feature_enabled":true,"jetpack_social_post_already_shared":true,"jetpack_social_options":{"image_generator_settings":{"template":"highway","enabled":false},"version":2}},"categories":[1],"tags":[],"class_list":["post-37174","post","type-post","status-publish","format-standard","hentry","category-notas"],"jetpack_publicize_connections":[],"jetpack_sharing_enabled":true,"jetpack_featured_media_url":"","jetpack_shortlink":"https:\/\/wp.me\/p7wKYW-9FA","jetpack-related-posts":[],"_links":{"self":[{"href":"http:\/\/blogdalucianaoliveira.com.br\/blog\/wp-json\/wp\/v2\/posts\/37174","targetHints":{"allow":["GET"]}}],"collection":[{"href":"http:\/\/blogdalucianaoliveira.com.br\/blog\/wp-json\/wp\/v2\/posts"}],"about":[{"href":"http:\/\/blogdalucianaoliveira.com.br\/blog\/wp-json\/wp\/v2\/types\/post"}],"author":[{"embeddable":true,"href":"http:\/\/blogdalucianaoliveira.com.br\/blog\/wp-json\/wp\/v2\/users\/1"}],"replies":[{"embeddable":true,"href":"http:\/\/blogdalucianaoliveira.com.br\/blog\/wp-json\/wp\/v2\/comments?post=37174"}],"version-history":[{"count":2,"href":"http:\/\/blogdalucianaoliveira.com.br\/blog\/wp-json\/wp\/v2\/posts\/37174\/revisions"}],"predecessor-version":[{"id":37178,"href":"http:\/\/blogdalucianaoliveira.com.br\/blog\/wp-json\/wp\/v2\/posts\/37174\/revisions\/37178"}],"wp:attachment":[{"href":"http:\/\/blogdalucianaoliveira.com.br\/blog\/wp-json\/wp\/v2\/media?parent=37174"}],"wp:term":[{"taxonomy":"category","embeddable":true,"href":"http:\/\/blogdalucianaoliveira.com.br\/blog\/wp-json\/wp\/v2\/categories?post=37174"},{"taxonomy":"post_tag","embeddable":true,"href":"http:\/\/blogdalucianaoliveira.com.br\/blog\/wp-json\/wp\/v2\/tags?post=37174"}],"curies":[{"name":"wp","href":"https:\/\/api.w.org\/{rel}","templated":true}]}}